{"id":10017,"date":"2025-01-30T10:31:00","date_gmt":"2025-01-30T16:31:00","guid":{"rendered":"https:\/\/sanluisinforma.com\/?p=10017"},"modified":"2025-01-30T10:31:03","modified_gmt":"2025-01-30T16:31:03","slug":"helicoptero-del-ejercito-de-estado-unidos-choca-y-derriba-un-avion-de-pasajeros-en-washington","status":"publish","type":"post","link":"https:\/\/sanluisinforma.com\/?p=10017","title":{"rendered":"En el choque del \u00a0avi\u00f3n y helic\u00f3ptero militar, Washignton en noche de ayer, no hay sobreviviemtes.  \u00a0"},"content":{"rendered":"\n<p>&nbsp;No hay sobrevivientes de la colisi\u00f3n en el aire entre un avi\u00f3n de American Airlines y un helic\u00f3ptero Black Hawk del Ej\u00e9rcito estadounidense anoche en el \u00e1rea de Washington, dijo el jefe de bomberos este jueves, publico CNN noticias.<\/p>\n\n\n\n<p> en el vuelo comercial, viajaban 64 personas y en el helic\u00f3ptero tres militares. No se sabe aun como es que chocaron las dos unidades.  <\/p>\n\n\n\n<p>Operaci\u00f3n de recuperaci\u00f3n: las autoridades de emergencia han pasado a la fase de \u201cesfuerzo de recuperaci\u00f3n\u201d despu\u00e9s de que hasta el momento se hayan encontrado 28 cuerpos, dijeron las autoridades. Tambi\u00e9n afirmaron que conf\u00edan en que recuperar\u00e1n los cuerpos de las personas fallecidas en la colisi\u00f3n. El avi\u00f3n, que volaba desde Wichita, Kansas, transportaba a 64 personas, mientras que tres soldados estaban a bordo del helic\u00f3ptero.<\/p>\n\n\n\n<p>Atletas a bordo: varios miembros de la comunidad de patinaje art\u00edstico estaban a bordo del avi\u00f3n, regresando de un campamento de desarrollo en Wichita, dijo US Figure Skating. El Skating Club de Boston nombr\u00f3 a seis v\u00edctimas, entre ellas Evgenia Shishkova y Vadim Naumov, campeones mundiales en parejas de 1994.<\/p>\n\n\n\n<p><\/p>\n\n\n\n<p><strong>Helic\u00f3ptero\u00a0 del Ej\u00e9rcito de Estado Unidos, choca y derriba un avi\u00f3n de pasajeros, en Washington; maniobras de desesperados  rescatistas para localizar alg\u00fan sobreviviente<\/strong>.Agencias. La noche de este mi\u00e9rcoles  un helic\u00f3ptero Blackhawk del Ej\u00e9rcito estadounidense choco contra \u00a0avi\u00f3n de pasajeros, cuando la aeronave se enfilaba para aterrizar en el aeropuerto Regan, en la ciudad de Washington, Estados Unidos<\/p>\n\n\n\n<p>Segun algunos reportes, las aeronaves, se encuentran en el fondo del rio. siguen desesperadas  maniobras de rescate; con posibilidades de que no haya sobrevientes.  <\/p>\n\n\n\n<p>&nbsp; En el avi\u00f3n, viajaban 60 personas y cuatro tripulantes, por su parte en el helic\u00f3ptero militar , al parecer se trasladaban tres soldados.<\/p>\n\n\n\n<p>A varios kil\u00f3metros de distancia, del aeropuerto, se vio una explosi\u00f3n de fuego, al momento de que el helic\u00f3ptero se impact\u00f3 a un &nbsp;costado del avi\u00f3n de pasajeros.<\/p>\n\n\n\n<p>El avi\u00f3n era el vuelo 5342 de American Airlines, que&nbsp; sali\u00f3 de Wichita, Kansas, seg\u00fan funcionarios de vuelo.<\/p>\n\n\n\n<p>El Servicio de Guardacostas de EE. UU. est\u00e1 desplegando &#8220;todos los recursos disponibles&#8221; para las labores de rescate, dice la secretaria de Seguridad Nacional<\/p>\n\n\n\n<p>De acuerdo con la informacion de Alejandra Jaramillo de CNN, la secretaria de Seguridad Nacional, Kristi Noem, afirm\u00f3 que el departamento est\u00e1 \u201cdesplegando todos los recursos disponibles del Servicio de Guardacostas de EE. UU. para los esfuerzos de b\u00fasqueda y rescate\u201d en respuesta a la colisi\u00f3n entre un avi\u00f3n de pasajeros y un helic\u00f3ptero Black Hawk del Ej\u00e9rcito cerca del Aeropuerto Nacional Reagan la noche de este mi\u00e9rcoles.<\/p>\n\n\n\n<p>&#8220;Estamos monitoreando activamente la situaci\u00f3n y listos para apoyar a los equipos de emergencia locales&#8221;, escribi\u00f3 en redes sociales.<\/p>\n\n\n\n<p>El gobernador de Virginia dice que los equipos de emergencia han llegado para ayudar en las labores de b\u00fasqueda y rescate<\/p>\n\n\n\n<p>Seg\u00fan Piper Hudspeth Blackburn de CNN, el gobernador republicano de Virginia, Glenn Youngkin, dijo este mi\u00e9rcoles que los equipos de emergencia de todo el norte de Virginia, la ciudad de Washington, y Maryland \u201cse movilizaron r\u00e1pidamente\u201d para asistir en las labores de b\u00fasqueda y rescate tras la colisi\u00f3n entre un avi\u00f3n y un helic\u00f3ptero en el r\u00edo Potomac.<\/p>\n","protected":false},"excerpt":{"rendered":"<p>&nbsp;No hay sobrevivientes de la colisi\u00f3n en el aire entre un avi\u00f3n de American Airlines y un helic\u00f3ptero Black Hawk<\/p>\n","protected":false},"author":2,"featured_media":10021,"comment_status":"closed","ping_status":"closed","sticky":false,"template":"","format":"standard","meta":{"footnotes":""},"categories":[28],"tags":[],"class_list":["post-10017","post","type-post","status-publish","format-standard","has-post-thumbnail","hentry","category-internacional"],"yoast_head":"<!-- This site is optimized with the Yoast SEO plugin v24.1 - https:\/\/yoast.com\/wordpress\/plugins\/seo\/ -->\n<title>En el choque del \u00a0avi\u00f3n y helic\u00f3ptero militar, Washignton en noche de ayer, no hay sobreviviemtes. \u00a0 - sanluisinforma.com<\/title>\n<meta name=\"robots\" content=\"index, follow, max-snippet:-1, max-image-preview:large, max-video-preview:-1\" \/>\n<link rel=\"canonical\" href=\"https:\/\/sanluisinforma.com\/?p=10017\" \/>\n<meta property=\"og:locale\" content=\"es_MX\" \/>\n<meta property=\"og:type\" content=\"article\" \/>\n<meta property=\"og:title\" content=\"En el choque del \u00a0avi\u00f3n y helic\u00f3ptero militar, Washignton en noche de ayer, no hay sobreviviemtes. \u00a0 - sanluisinforma.com\" \/>\n<meta property=\"og:description\" content=\"&nbsp;No hay sobrevivientes de la colisi\u00f3n en el aire entre un avi\u00f3n de American Airlines y un helic\u00f3ptero Black Hawk\" \/>\n<meta property=\"og:url\" content=\"https:\/\/sanluisinforma.com\/?p=10017\" \/>\n<meta property=\"og:site_name\" content=\"sanluisinforma.com\" \/>\n<meta property=\"article:published_time\" content=\"2025-01-30T16:31:00+00:00\" \/>\n<meta property=\"article:modified_time\" content=\"2025-01-30T16:31:03+00:00\" \/>\n<meta property=\"og:image\" content=\"https:\/\/sanluisinforma.com\/wp-content\/uploads\/2025\/01\/Choca-helicoptero-militar-contra-avion-de-pasajeros-en-Estados-Unidos.jpg\" \/>\n\t<meta property=\"og:image:width\" content=\"480\" \/>\n\t<meta property=\"og:image:height\" content=\"360\" \/>\n\t<meta property=\"og:image:type\" content=\"image\/jpeg\" \/>\n<meta name=\"author\" content=\"sanluisinforma.com\" \/>\n<meta name=\"twitter:card\" content=\"summary_large_image\" \/>\n<meta name=\"twitter:label1\" content=\"Escrito por\" \/>\n\t<meta name=\"twitter:data1\" content=\"sanluisinforma.com\" \/>\n\t<meta name=\"twitter:label2\" content=\"Tiempo de lectura\" \/>\n\t<meta name=\"twitter:data2\" content=\"3 minutos\" \/>\n<script type=\"application\/ld+json\" class=\"yoast-schema-graph\">{\"@context\":\"https:\/\/schema.org\",\"@graph\":[{\"@type\":\"Article\",\"@id\":\"https:\/\/sanluisinforma.com\/?p=10017#article\",\"isPartOf\":{\"@id\":\"https:\/\/sanluisinforma.com\/?p=10017\"},\"author\":{\"name\":\"sanluisinforma.com\",\"@id\":\"https:\/\/sanluisinforma.com\/#\/schema\/person\/c30648f71476be533b6f59d092905c8b\"},\"headline\":\"En el choque del \u00a0avi\u00f3n y helic\u00f3ptero militar, Washignton en noche de ayer, no hay sobreviviemtes. \u00a0\",\"datePublished\":\"2025-01-30T16:31:00+00:00\",\"dateModified\":\"2025-01-30T16:31:03+00:00\",\"mainEntityOfPage\":{\"@id\":\"https:\/\/sanluisinforma.com\/?p=10017\"},\"wordCount\":585,\"publisher\":{\"@id\":\"https:\/\/sanluisinforma.com\/#organization\"},\"image\":{\"@id\":\"https:\/\/sanluisinforma.com\/?p=10017#primaryimage\"},\"thumbnailUrl\":\"https:\/\/sanluisinforma.com\/wp-content\/uploads\/2025\/01\/Choca-helicoptero-militar-contra-avion-de-pasajeros-en-Estados-Unidos.jpg\",\"articleSection\":[\"Internacional\"],\"inLanguage\":\"es\"},{\"@type\":\"WebPage\",\"@id\":\"https:\/\/sanluisinforma.com\/?p=10017\",\"url\":\"https:\/\/sanluisinforma.com\/?p=10017\",\"name\":\"En el choque del \u00a0avi\u00f3n y helic\u00f3ptero militar, Washignton en noche de ayer, no hay sobreviviemtes. \u00a0 - sanluisinforma.com\",\"isPartOf\":{\"@id\":\"https:\/\/sanluisinforma.com\/#website\"},\"primaryImageOfPage\":{\"@id\":\"https:\/\/sanluisinforma.com\/?p=10017#primaryimage\"},\"image\":{\"@id\":\"https:\/\/sanluisinforma.com\/?p=10017#primaryimage\"},\"thumbnailUrl\":\"https:\/\/sanluisinforma.com\/wp-content\/uploads\/2025\/01\/Choca-helicoptero-militar-contra-avion-de-pasajeros-en-Estados-Unidos.jpg\",\"datePublished\":\"2025-01-30T16:31:00+00:00\",\"dateModified\":\"2025-01-30T16:31:03+00:00\",\"breadcrumb\":{\"@id\":\"https:\/\/sanluisinforma.com\/?p=10017#breadcrumb\"},\"inLanguage\":\"es\",\"potentialAction\":[{\"@type\":\"ReadAction\",\"target\":[\"https:\/\/sanluisinforma.com\/?p=10017\"]}]},{\"@type\":\"ImageObject\",\"inLanguage\":\"es\",\"@id\":\"https:\/\/sanluisinforma.com\/?p=10017#primaryimage\",\"url\":\"https:\/\/sanluisinforma.com\/wp-content\/uploads\/2025\/01\/Choca-helicoptero-militar-contra-avion-de-pasajeros-en-Estados-Unidos.jpg\",\"contentUrl\":\"https:\/\/sanluisinforma.com\/wp-content\/uploads\/2025\/01\/Choca-helicoptero-militar-contra-avion-de-pasajeros-en-Estados-Unidos.jpg\",\"width\":480,\"height\":360},{\"@type\":\"BreadcrumbList\",\"@id\":\"https:\/\/sanluisinforma.com\/?p=10017#breadcrumb\",\"itemListElement\":[{\"@type\":\"ListItem\",\"position\":1,\"name\":\"Inicio\",\"item\":\"https:\/\/sanluisinforma.com\/\"},{\"@type\":\"ListItem\",\"position\":2,\"name\":\"En el choque del \u00a0avi\u00f3n y helic\u00f3ptero militar, Washignton en noche de ayer, no hay sobreviviemtes. \u00a0\"}]},{\"@type\":\"WebSite\",\"@id\":\"https:\/\/sanluisinforma.com\/#website\",\"url\":\"https:\/\/sanluisinforma.com\/\",\"name\":\"sanluisinforma.com\",\"description\":\"Periodico San Luis Informa\",\"publisher\":{\"@id\":\"https:\/\/sanluisinforma.com\/#organization\"},\"potentialAction\":[{\"@type\":\"SearchAction\",\"target\":{\"@type\":\"EntryPoint\",\"urlTemplate\":\"https:\/\/sanluisinforma.com\/?s={search_term_string}\"},\"query-input\":{\"@type\":\"PropertyValueSpecification\",\"valueRequired\":true,\"valueName\":\"search_term_string\"}}],\"inLanguage\":\"es\"},{\"@type\":\"Organization\",\"@id\":\"https:\/\/sanluisinforma.com\/#organization\",\"name\":\"sanluisinforma.com\",\"url\":\"https:\/\/sanluisinforma.com\/\",\"logo\":{\"@type\":\"ImageObject\",\"inLanguage\":\"es\",\"@id\":\"https:\/\/sanluisinforma.com\/#\/schema\/logo\/image\/\",\"url\":\"https:\/\/sanluisinforma.com\/wp-content\/uploads\/2026\/03\/sanluisinforma-V.jpg\",\"contentUrl\":\"https:\/\/sanluisinforma.com\/wp-content\/uploads\/2026\/03\/sanluisinforma-V.jpg\",\"width\":500,\"height\":156,\"caption\":\"sanluisinforma.com\"},\"image\":{\"@id\":\"https:\/\/sanluisinforma.com\/#\/schema\/logo\/image\/\"}},{\"@type\":\"Person\",\"@id\":\"https:\/\/sanluisinforma.com\/#\/schema\/person\/c30648f71476be533b6f59d092905c8b\",\"name\":\"sanluisinforma.com\",\"image\":{\"@type\":\"ImageObject\",\"inLanguage\":\"es\",\"@id\":\"https:\/\/sanluisinforma.com\/#\/schema\/person\/image\/\",\"url\":\"https:\/\/secure.gravatar.com\/avatar\/86e3114e34a1eecefb963e0a02f0093f93b092dddb2fe1517596343751081a87?s=96&d=mm&r=g\",\"contentUrl\":\"https:\/\/secure.gravatar.com\/avatar\/86e3114e34a1eecefb963e0a02f0093f93b092dddb2fe1517596343751081a87?s=96&d=mm&r=g\",\"caption\":\"sanluisinforma.com\"},\"url\":\"https:\/\/sanluisinforma.com\/?author=2\"}]}<\/script>\n<!-- \/ Yoast SEO plugin. -->","yoast_head_json":{"title":"En el choque del \u00a0avi\u00f3n y helic\u00f3ptero militar, Washignton en noche de ayer, no hay sobreviviemtes. \u00a0 - sanluisinforma.com","robots":{"index":"index","follow":"follow","max-snippet":"max-snippet:-1","max-image-preview":"max-image-preview:large","max-video-preview":"max-video-preview:-1"},"canonical":"https:\/\/sanluisinforma.com\/?p=10017","og_locale":"es_MX","og_type":"article","og_title":"En el choque del \u00a0avi\u00f3n y helic\u00f3ptero militar, Washignton en noche de ayer, no hay sobreviviemtes. \u00a0 - sanluisinforma.com","og_description":"&nbsp;No hay sobrevivientes de la colisi\u00f3n en el aire entre un avi\u00f3n de American Airlines y un helic\u00f3ptero Black Hawk","og_url":"https:\/\/sanluisinforma.com\/?p=10017","og_site_name":"sanluisinforma.com","article_published_time":"2025-01-30T16:31:00+00:00","article_modified_time":"2025-01-30T16:31:03+00:00","og_image":[{"width":480,"height":360,"url":"https:\/\/sanluisinforma.com\/wp-content\/uploads\/2025\/01\/Choca-helicoptero-militar-contra-avion-de-pasajeros-en-Estados-Unidos.jpg","type":"image\/jpeg"}],"author":"sanluisinforma.com","twitter_card":"summary_large_image","twitter_misc":{"Escrito por":"sanluisinforma.com","Tiempo de lectura":"3 minutos"},"schema":{"@context":"https:\/\/schema.org","@graph":[{"@type":"Article","@id":"https:\/\/sanluisinforma.com\/?p=10017#article","isPartOf":{"@id":"https:\/\/sanluisinforma.com\/?p=10017"},"author":{"name":"sanluisinforma.com","@id":"https:\/\/sanluisinforma.com\/#\/schema\/person\/c30648f71476be533b6f59d092905c8b"},"headline":"En el choque del \u00a0avi\u00f3n y helic\u00f3ptero militar, Washignton en noche de ayer, no hay sobreviviemtes. \u00a0","datePublished":"2025-01-30T16:31:00+00:00","dateModified":"2025-01-30T16:31:03+00:00","mainEntityOfPage":{"@id":"https:\/\/sanluisinforma.com\/?p=10017"},"wordCount":585,"publisher":{"@id":"https:\/\/sanluisinforma.com\/#organization"},"image":{"@id":"https:\/\/sanluisinforma.com\/?p=10017#primaryimage"},"thumbnailUrl":"https:\/\/sanluisinforma.com\/wp-content\/uploads\/2025\/01\/Choca-helicoptero-militar-contra-avion-de-pasajeros-en-Estados-Unidos.jpg","articleSection":["Internacional"],"inLanguage":"es"},{"@type":"WebPage","@id":"https:\/\/sanluisinforma.com\/?p=10017","url":"https:\/\/sanluisinforma.com\/?p=10017","name":"En el choque del \u00a0avi\u00f3n y helic\u00f3ptero militar, Washignton en noche de ayer, no hay sobreviviemtes. \u00a0 - sanluisinforma.com","isPartOf":{"@id":"https:\/\/sanluisinforma.com\/#website"},"primaryImageOfPage":{"@id":"https:\/\/sanluisinforma.com\/?p=10017#primaryimage"},"image":{"@id":"https:\/\/sanluisinforma.com\/?p=10017#primaryimage"},"thumbnailUrl":"https:\/\/sanluisinforma.com\/wp-content\/uploads\/2025\/01\/Choca-helicoptero-militar-contra-avion-de-pasajeros-en-Estados-Unidos.jpg","datePublished":"2025-01-30T16:31:00+00:00","dateModified":"2025-01-30T16:31:03+00:00","breadcrumb":{"@id":"https:\/\/sanluisinforma.com\/?p=10017#breadcrumb"},"inLanguage":"es","potentialAction":[{"@type":"ReadAction","target":["https:\/\/sanluisinforma.com\/?p=10017"]}]},{"@type":"ImageObject","inLanguage":"es","@id":"https:\/\/sanluisinforma.com\/?p=10017#primaryimage","url":"https:\/\/sanluisinforma.com\/wp-content\/uploads\/2025\/01\/Choca-helicoptero-militar-contra-avion-de-pasajeros-en-Estados-Unidos.jpg","contentUrl":"https:\/\/sanluisinforma.com\/wp-content\/uploads\/2025\/01\/Choca-helicoptero-militar-contra-avion-de-pasajeros-en-Estados-Unidos.jpg","width":480,"height":360},{"@type":"BreadcrumbList","@id":"https:\/\/sanluisinforma.com\/?p=10017#breadcrumb","itemListElement":[{"@type":"ListItem","position":1,"name":"Inicio","item":"https:\/\/sanluisinforma.com\/"},{"@type":"ListItem","position":2,"name":"En el choque del \u00a0avi\u00f3n y helic\u00f3ptero militar, Washignton en noche de ayer, no hay sobreviviemtes. \u00a0"}]},{"@type":"WebSite","@id":"https:\/\/sanluisinforma.com\/#website","url":"https:\/\/sanluisinforma.com\/","name":"sanluisinforma.com","description":"Periodico San Luis Informa","publisher":{"@id":"https:\/\/sanluisinforma.com\/#organization"},"potentialAction":[{"@type":"SearchAction","target":{"@type":"EntryPoint","urlTemplate":"https:\/\/sanluisinforma.com\/?s={search_term_string}"},"query-input":{"@type":"PropertyValueSpecification","valueRequired":true,"valueName":"search_term_string"}}],"inLanguage":"es"},{"@type":"Organization","@id":"https:\/\/sanluisinforma.com\/#organization","name":"sanluisinforma.com","url":"https:\/\/sanluisinforma.com\/","logo":{"@type":"ImageObject","inLanguage":"es","@id":"https:\/\/sanluisinforma.com\/#\/schema\/logo\/image\/","url":"https:\/\/sanluisinforma.com\/wp-content\/uploads\/2026\/03\/sanluisinforma-V.jpg","contentUrl":"https:\/\/sanluisinforma.com\/wp-content\/uploads\/2026\/03\/sanluisinforma-V.jpg","width":500,"height":156,"caption":"sanluisinforma.com"},"image":{"@id":"https:\/\/sanluisinforma.com\/#\/schema\/logo\/image\/"}},{"@type":"Person","@id":"https:\/\/sanluisinforma.com\/#\/schema\/person\/c30648f71476be533b6f59d092905c8b","name":"sanluisinforma.com","image":{"@type":"ImageObject","inLanguage":"es","@id":"https:\/\/sanluisinforma.com\/#\/schema\/person\/image\/","url":"https:\/\/secure.gravatar.com\/avatar\/86e3114e34a1eecefb963e0a02f0093f93b092dddb2fe1517596343751081a87?s=96&d=mm&r=g","contentUrl":"https:\/\/secure.gravatar.com\/avatar\/86e3114e34a1eecefb963e0a02f0093f93b092dddb2fe1517596343751081a87?s=96&d=mm&r=g","caption":"sanluisinforma.com"},"url":"https:\/\/sanluisinforma.com\/?author=2"}]}},"_links":{"self":[{"href":"https:\/\/sanluisinforma.com\/index.php?rest_route=\/wp\/v2\/posts\/10017","targetHints":{"allow":["GET"]}}],"collection":[{"href":"https:\/\/sanluisinforma.com\/index.php?rest_route=\/wp\/v2\/posts"}],"about":[{"href":"https:\/\/sanluisinforma.com\/index.php?rest_route=\/wp\/v2\/types\/post"}],"author":[{"embeddable":true,"href":"https:\/\/sanluisinforma.com\/index.php?rest_route=\/wp\/v2\/users\/2"}],"replies":[{"embeddable":true,"href":"https:\/\/sanluisinforma.com\/index.php?rest_route=%2Fwp%2Fv2%2Fcomments&post=10017"}],"version-history":[{"count":5,"href":"https:\/\/sanluisinforma.com\/index.php?rest_route=\/wp\/v2\/posts\/10017\/revisions"}],"predecessor-version":[{"id":10031,"href":"https:\/\/sanluisinforma.com\/index.php?rest_route=\/wp\/v2\/posts\/10017\/revisions\/10031"}],"wp:featuredmedia":[{"embeddable":true,"href":"https:\/\/sanluisinforma.com\/index.php?rest_route=\/wp\/v2\/media\/10021"}],"wp:attachment":[{"href":"https:\/\/sanluisinforma.com\/index.php?rest_route=%2Fwp%2Fv2%2Fmedia&parent=10017"}],"wp:term":[{"taxonomy":"category","embeddable":true,"href":"https:\/\/sanluisinforma.com\/index.php?rest_route=%2Fwp%2Fv2%2Fcategories&post=10017"},{"taxonomy":"post_tag","embeddable":true,"href":"https:\/\/sanluisinforma.com\/index.php?rest_route=%2Fwp%2Fv2%2Ftags&post=10017"}],"curies":[{"name":"wp","href":"https:\/\/api.w.org\/{rel}","templated":true}]}}