{"id":10044,"date":"2025-01-31T00:45:00","date_gmt":"2025-01-31T06:45:00","guid":{"rendered":"https:\/\/sanluisinforma.com\/?p=10044"},"modified":"2025-01-30T21:53:48","modified_gmt":"2025-01-31T03:53:48","slug":"majestuoso-inicio-de-san-luis-amable-capital-americana-de-la-cultura-2025","status":"publish","type":"post","link":"https:\/\/sanluisinforma.com\/?p=10044","title":{"rendered":"Majestuoso inicio de San Luis Amable, Capital Americana de la Cultura 2025"},"content":{"rendered":"\n<p>En un magno evento en la Plaza de Fundadores, el Alcalde Enrique Galindo Ceballos dio inicio a las festividades con el espect\u00e1culo \u201cJarocho: Ritmo, Pasi\u00f3n y Magia\u201d; anunci\u00f3 que en febrero estar\u00e1 en nuestra ciudad el salsero internacional \u00d3scar D\u2019Le\u00f3n.<\/p>\n\n\n\n<p>Las actividades de todo el a\u00f1o est\u00e1n dedicadas a Daniel Garc\u00eda \u00c1lvarez de la Llera, \u201cEl Hombre Cultura de la Ciudad.<\/p>\n\n\n\n<p><\/p>\n\n\n\n<p>San Luis Amable inici\u00f3 con un magno evento en la Plaza de Fundadores las actividades culturales de gran impacto que se realizar\u00e1n durante todo el a\u00f1o como Capital Americana de la Cultura 2025, con un espect\u00e1culo de primer nivel. El Alcalde Enrique Galindo Ceballos destac\u00f3 que este reconocimiento es posible gracias a la ciudadan\u00eda potosina y subray\u00f3 que representa un compromiso para ofrecer eventos de alta calidad. \u201cLa cultura es el mejor veh\u00edculo para el crecimiento social de la comunidad\u201d, afirm\u00f3 ante una plaza abarrotada.<\/p>\n\n\n\n<p>El acto inaugural comenz\u00f3 con el \u201cDesfile de las Am\u00e9ricas\u201d, en el que participaron 500 artistas de diversas disciplinas, destacando la riqueza cultural del continente. Posteriormente, autoridades locales, representantes de la Organizaci\u00f3n de los Estados Americanos (OEA) y del Bur\u00f3 Internacional de Capitales Culturales encabezaron la ceremonia protocolaria. Xavier Tudela, director general del Bur\u00f3, resalt\u00f3 que esta distinci\u00f3n permitir\u00e1 proyectar a San Luis Potos\u00ed ante m\u00e1s de 100 millones de personas en el mundo.<\/p>\n\n\n\n<p>Uno de los momentos m\u00e1s emotivos de la noche fue la dedicatoria de este nombramiento a la memoria de Daniel Garc\u00eda \u00c1lvarez de la Llera, exdirector de Cultura del Municipio, reconociendo su legado y aportaciones al desarrollo art\u00edstico y cultural de la ciudad. Asimismo, se anunci\u00f3 que a lo largo del a\u00f1o se contar\u00e1 con la participaci\u00f3n de 12 pa\u00edses, y en febrero, Colombia y Venezuela tendr\u00e1n una destacada representaci\u00f3n, con el gran exponente de la salsa \u00d3scar D\u2019Le\u00f3n como invitado especial.<\/p>\n\n\n\n<p>Para cerrar con broche de oro, el p\u00fablico disfrut\u00f3 del espect\u00e1culo \u201cJarocho: Ritmo, Pasi\u00f3n y Magia\u201d, una vibrante puesta en escena que combin\u00f3 m\u00fasica en vivo y danza, resaltando la fusi\u00f3n entre la tradici\u00f3n y la modernidad. Con este evento, San Luis Potos\u00ed reafirma su papel como referente cultural a nivel internacional y da inicio a un a\u00f1o de actividades que posicionar\u00e1n a la ciudad en el mapa cultural internacional.<\/p>\n","protected":false},"excerpt":{"rendered":"<p>En un magno evento en la Plaza de Fundadores, el Alcalde Enrique Galindo Ceballos dio inicio a las festividades con<\/p>\n","protected":false},"author":2,"featured_media":10045,"comment_status":"closed","ping_status":"closed","sticky":false,"template":"","format":"standard","meta":{"footnotes":""},"categories":[25,30],"tags":[],"class_list":["post-10044","post","type-post","status-publish","format-standard","has-post-thumbnail","hentry","category-local","category-portada"],"yoast_head":"<!-- This site is optimized with the Yoast SEO plugin v24.1 - https:\/\/yoast.com\/wordpress\/plugins\/seo\/ -->\n<title>Majestuoso inicio de San Luis Amable, Capital Americana de la Cultura 2025 - sanluisinforma.com<\/title>\n<meta name=\"robots\" content=\"index, follow, max-snippet:-1, max-image-preview:large, max-video-preview:-1\" \/>\n<link rel=\"canonical\" href=\"https:\/\/sanluisinforma.com\/?p=10044\" \/>\n<meta property=\"og:locale\" content=\"es_MX\" \/>\n<meta property=\"og:type\" content=\"article\" \/>\n<meta property=\"og:title\" content=\"Majestuoso inicio de San Luis Amable, Capital Americana de la Cultura 2025 - sanluisinforma.com\" \/>\n<meta property=\"og:description\" content=\"En un magno evento en la Plaza de Fundadores, el Alcalde Enrique Galindo Ceballos dio inicio a las festividades con\" \/>\n<meta property=\"og:url\" content=\"https:\/\/sanluisinforma.com\/?p=10044\" \/>\n<meta property=\"og:site_name\" content=\"sanluisinforma.com\" \/>\n<meta property=\"article:published_time\" content=\"2025-01-31T06:45:00+00:00\" \/>\n<meta property=\"article:modified_time\" content=\"2025-01-31T03:53:48+00:00\" \/>\n<meta property=\"og:image\" content=\"https:\/\/sanluisinforma.com\/wp-content\/uploads\/2025\/01\/0f2c0ce0-da1a-40f3-9ed2-429e706021f2.jpg\" \/>\n\t<meta property=\"og:image:width\" content=\"480\" \/>\n\t<meta property=\"og:image:height\" content=\"320\" \/>\n\t<meta property=\"og:image:type\" content=\"image\/jpeg\" \/>\n<meta name=\"author\" content=\"sanluisinforma.com\" \/>\n<meta name=\"twitter:card\" content=\"summary_large_image\" \/>\n<meta name=\"twitter:label1\" content=\"Escrito por\" \/>\n\t<meta name=\"twitter:data1\" content=\"sanluisinforma.com\" \/>\n\t<meta name=\"twitter:label2\" content=\"Tiempo de lectura\" \/>\n\t<meta name=\"twitter:data2\" content=\"2 minutos\" \/>\n<script type=\"application\/ld+json\" class=\"yoast-schema-graph\">{\"@context\":\"https:\/\/schema.org\",\"@graph\":[{\"@type\":\"Article\",\"@id\":\"https:\/\/sanluisinforma.com\/?p=10044#article\",\"isPartOf\":{\"@id\":\"https:\/\/sanluisinforma.com\/?p=10044\"},\"author\":{\"name\":\"sanluisinforma.com\",\"@id\":\"https:\/\/sanluisinforma.com\/#\/schema\/person\/c30648f71476be533b6f59d092905c8b\"},\"headline\":\"Majestuoso inicio de San Luis Amable, Capital Americana de la Cultura 2025\",\"datePublished\":\"2025-01-31T06:45:00+00:00\",\"dateModified\":\"2025-01-31T03:53:48+00:00\",\"mainEntityOfPage\":{\"@id\":\"https:\/\/sanluisinforma.com\/?p=10044\"},\"wordCount\":413,\"publisher\":{\"@id\":\"https:\/\/sanluisinforma.com\/#organization\"},\"image\":{\"@id\":\"https:\/\/sanluisinforma.com\/?p=10044#primaryimage\"},\"thumbnailUrl\":\"https:\/\/sanluisinforma.com\/wp-content\/uploads\/2025\/01\/0f2c0ce0-da1a-40f3-9ed2-429e706021f2.jpg\",\"articleSection\":[\"Local\",\"Portada\"],\"inLanguage\":\"es\"},{\"@type\":\"WebPage\",\"@id\":\"https:\/\/sanluisinforma.com\/?p=10044\",\"url\":\"https:\/\/sanluisinforma.com\/?p=10044\",\"name\":\"Majestuoso inicio de San Luis Amable, Capital Americana de la Cultura 2025 - sanluisinforma.com\",\"isPartOf\":{\"@id\":\"https:\/\/sanluisinforma.com\/#website\"},\"primaryImageOfPage\":{\"@id\":\"https:\/\/sanluisinforma.com\/?p=10044#primaryimage\"},\"image\":{\"@id\":\"https:\/\/sanluisinforma.com\/?p=10044#primaryimage\"},\"thumbnailUrl\":\"https:\/\/sanluisinforma.com\/wp-content\/uploads\/2025\/01\/0f2c0ce0-da1a-40f3-9ed2-429e706021f2.jpg\",\"datePublished\":\"2025-01-31T06:45:00+00:00\",\"dateModified\":\"2025-01-31T03:53:48+00:00\",\"breadcrumb\":{\"@id\":\"https:\/\/sanluisinforma.com\/?p=10044#breadcrumb\"},\"inLanguage\":\"es\",\"potentialAction\":[{\"@type\":\"ReadAction\",\"target\":[\"https:\/\/sanluisinforma.com\/?p=10044\"]}]},{\"@type\":\"ImageObject\",\"inLanguage\":\"es\",\"@id\":\"https:\/\/sanluisinforma.com\/?p=10044#primaryimage\",\"url\":\"https:\/\/sanluisinforma.com\/wp-content\/uploads\/2025\/01\/0f2c0ce0-da1a-40f3-9ed2-429e706021f2.jpg\",\"contentUrl\":\"https:\/\/sanluisinforma.com\/wp-content\/uploads\/2025\/01\/0f2c0ce0-da1a-40f3-9ed2-429e706021f2.jpg\",\"width\":480,\"height\":320},{\"@type\":\"BreadcrumbList\",\"@id\":\"https:\/\/sanluisinforma.com\/?p=10044#breadcrumb\",\"itemListElement\":[{\"@type\":\"ListItem\",\"position\":1,\"name\":\"Inicio\",\"item\":\"https:\/\/sanluisinforma.com\/\"},{\"@type\":\"ListItem\",\"position\":2,\"name\":\"Majestuoso inicio de San Luis Amable, Capital Americana de la Cultura 2025\"}]},{\"@type\":\"WebSite\",\"@id\":\"https:\/\/sanluisinforma.com\/#website\",\"url\":\"https:\/\/sanluisinforma.com\/\",\"name\":\"sanluisinforma.com\",\"description\":\"Periodico San Luis Informa\",\"publisher\":{\"@id\":\"https:\/\/sanluisinforma.com\/#organization\"},\"potentialAction\":[{\"@type\":\"SearchAction\",\"target\":{\"@type\":\"EntryPoint\",\"urlTemplate\":\"https:\/\/sanluisinforma.com\/?s={search_term_string}\"},\"query-input\":{\"@type\":\"PropertyValueSpecification\",\"valueRequired\":true,\"valueName\":\"search_term_string\"}}],\"inLanguage\":\"es\"},{\"@type\":\"Organization\",\"@id\":\"https:\/\/sanluisinforma.com\/#organization\",\"name\":\"sanluisinforma.com\",\"url\":\"https:\/\/sanluisinforma.com\/\",\"logo\":{\"@type\":\"ImageObject\",\"inLanguage\":\"es\",\"@id\":\"https:\/\/sanluisinforma.com\/#\/schema\/logo\/image\/\",\"url\":\"https:\/\/sanluisinforma.com\/wp-content\/uploads\/2026\/03\/sanluisinforma-V.jpg\",\"contentUrl\":\"https:\/\/sanluisinforma.com\/wp-content\/uploads\/2026\/03\/sanluisinforma-V.jpg\",\"width\":500,\"height\":156,\"caption\":\"sanluisinforma.com\"},\"image\":{\"@id\":\"https:\/\/sanluisinforma.com\/#\/schema\/logo\/image\/\"}},{\"@type\":\"Person\",\"@id\":\"https:\/\/sanluisinforma.com\/#\/schema\/person\/c30648f71476be533b6f59d092905c8b\",\"name\":\"sanluisinforma.com\",\"image\":{\"@type\":\"ImageObject\",\"inLanguage\":\"es\",\"@id\":\"https:\/\/sanluisinforma.com\/#\/schema\/person\/image\/\",\"url\":\"https:\/\/secure.gravatar.com\/avatar\/86e3114e34a1eecefb963e0a02f0093f93b092dddb2fe1517596343751081a87?s=96&d=mm&r=g\",\"contentUrl\":\"https:\/\/secure.gravatar.com\/avatar\/86e3114e34a1eecefb963e0a02f0093f93b092dddb2fe1517596343751081a87?s=96&d=mm&r=g\",\"caption\":\"sanluisinforma.com\"},\"url\":\"https:\/\/sanluisinforma.com\/?author=2\"}]}<\/script>\n<!-- \/ Yoast SEO plugin. -->","yoast_head_json":{"title":"Majestuoso inicio de San Luis Amable, Capital Americana de la Cultura 2025 - sanluisinforma.com","robots":{"index":"index","follow":"follow","max-snippet":"max-snippet:-1","max-image-preview":"max-image-preview:large","max-video-preview":"max-video-preview:-1"},"canonical":"https:\/\/sanluisinforma.com\/?p=10044","og_locale":"es_MX","og_type":"article","og_title":"Majestuoso inicio de San Luis Amable, Capital Americana de la Cultura 2025 - sanluisinforma.com","og_description":"En un magno evento en la Plaza de Fundadores, el Alcalde Enrique Galindo Ceballos dio inicio a las festividades con","og_url":"https:\/\/sanluisinforma.com\/?p=10044","og_site_name":"sanluisinforma.com","article_published_time":"2025-01-31T06:45:00+00:00","article_modified_time":"2025-01-31T03:53:48+00:00","og_image":[{"width":480,"height":320,"url":"https:\/\/sanluisinforma.com\/wp-content\/uploads\/2025\/01\/0f2c0ce0-da1a-40f3-9ed2-429e706021f2.jpg","type":"image\/jpeg"}],"author":"sanluisinforma.com","twitter_card":"summary_large_image","twitter_misc":{"Escrito por":"sanluisinforma.com","Tiempo de lectura":"2 minutos"},"schema":{"@context":"https:\/\/schema.org","@graph":[{"@type":"Article","@id":"https:\/\/sanluisinforma.com\/?p=10044#article","isPartOf":{"@id":"https:\/\/sanluisinforma.com\/?p=10044"},"author":{"name":"sanluisinforma.com","@id":"https:\/\/sanluisinforma.com\/#\/schema\/person\/c30648f71476be533b6f59d092905c8b"},"headline":"Majestuoso inicio de San Luis Amable, Capital Americana de la Cultura 2025","datePublished":"2025-01-31T06:45:00+00:00","dateModified":"2025-01-31T03:53:48+00:00","mainEntityOfPage":{"@id":"https:\/\/sanluisinforma.com\/?p=10044"},"wordCount":413,"publisher":{"@id":"https:\/\/sanluisinforma.com\/#organization"},"image":{"@id":"https:\/\/sanluisinforma.com\/?p=10044#primaryimage"},"thumbnailUrl":"https:\/\/sanluisinforma.com\/wp-content\/uploads\/2025\/01\/0f2c0ce0-da1a-40f3-9ed2-429e706021f2.jpg","articleSection":["Local","Portada"],"inLanguage":"es"},{"@type":"WebPage","@id":"https:\/\/sanluisinforma.com\/?p=10044","url":"https:\/\/sanluisinforma.com\/?p=10044","name":"Majestuoso inicio de San Luis Amable, Capital Americana de la Cultura 2025 - sanluisinforma.com","isPartOf":{"@id":"https:\/\/sanluisinforma.com\/#website"},"primaryImageOfPage":{"@id":"https:\/\/sanluisinforma.com\/?p=10044#primaryimage"},"image":{"@id":"https:\/\/sanluisinforma.com\/?p=10044#primaryimage"},"thumbnailUrl":"https:\/\/sanluisinforma.com\/wp-content\/uploads\/2025\/01\/0f2c0ce0-da1a-40f3-9ed2-429e706021f2.jpg","datePublished":"2025-01-31T06:45:00+00:00","dateModified":"2025-01-31T03:53:48+00:00","breadcrumb":{"@id":"https:\/\/sanluisinforma.com\/?p=10044#breadcrumb"},"inLanguage":"es","potentialAction":[{"@type":"ReadAction","target":["https:\/\/sanluisinforma.com\/?p=10044"]}]},{"@type":"ImageObject","inLanguage":"es","@id":"https:\/\/sanluisinforma.com\/?p=10044#primaryimage","url":"https:\/\/sanluisinforma.com\/wp-content\/uploads\/2025\/01\/0f2c0ce0-da1a-40f3-9ed2-429e706021f2.jpg","contentUrl":"https:\/\/sanluisinforma.com\/wp-content\/uploads\/2025\/01\/0f2c0ce0-da1a-40f3-9ed2-429e706021f2.jpg","width":480,"height":320},{"@type":"BreadcrumbList","@id":"https:\/\/sanluisinforma.com\/?p=10044#breadcrumb","itemListElement":[{"@type":"ListItem","position":1,"name":"Inicio","item":"https:\/\/sanluisinforma.com\/"},{"@type":"ListItem","position":2,"name":"Majestuoso inicio de San Luis Amable, Capital Americana de la Cultura 2025"}]},{"@type":"WebSite","@id":"https:\/\/sanluisinforma.com\/#website","url":"https:\/\/sanluisinforma.com\/","name":"sanluisinforma.com","description":"Periodico San Luis Informa","publisher":{"@id":"https:\/\/sanluisinforma.com\/#organization"},"potentialAction":[{"@type":"SearchAction","target":{"@type":"EntryPoint","urlTemplate":"https:\/\/sanluisinforma.com\/?s={search_term_string}"},"query-input":{"@type":"PropertyValueSpecification","valueRequired":true,"valueName":"search_term_string"}}],"inLanguage":"es"},{"@type":"Organization","@id":"https:\/\/sanluisinforma.com\/#organization","name":"sanluisinforma.com","url":"https:\/\/sanluisinforma.com\/","logo":{"@type":"ImageObject","inLanguage":"es","@id":"https:\/\/sanluisinforma.com\/#\/schema\/logo\/image\/","url":"https:\/\/sanluisinforma.com\/wp-content\/uploads\/2026\/03\/sanluisinforma-V.jpg","contentUrl":"https:\/\/sanluisinforma.com\/wp-content\/uploads\/2026\/03\/sanluisinforma-V.jpg","width":500,"height":156,"caption":"sanluisinforma.com"},"image":{"@id":"https:\/\/sanluisinforma.com\/#\/schema\/logo\/image\/"}},{"@type":"Person","@id":"https:\/\/sanluisinforma.com\/#\/schema\/person\/c30648f71476be533b6f59d092905c8b","name":"sanluisinforma.com","image":{"@type":"ImageObject","inLanguage":"es","@id":"https:\/\/sanluisinforma.com\/#\/schema\/person\/image\/","url":"https:\/\/secure.gravatar.com\/avatar\/86e3114e34a1eecefb963e0a02f0093f93b092dddb2fe1517596343751081a87?s=96&d=mm&r=g","contentUrl":"https:\/\/secure.gravatar.com\/avatar\/86e3114e34a1eecefb963e0a02f0093f93b092dddb2fe1517596343751081a87?s=96&d=mm&r=g","caption":"sanluisinforma.com"},"url":"https:\/\/sanluisinforma.com\/?author=2"}]}},"_links":{"self":[{"href":"https:\/\/sanluisinforma.com\/index.php?rest_route=\/wp\/v2\/posts\/10044","targetHints":{"allow":["GET"]}}],"collection":[{"href":"https:\/\/sanluisinforma.com\/index.php?rest_route=\/wp\/v2\/posts"}],"about":[{"href":"https:\/\/sanluisinforma.com\/index.php?rest_route=\/wp\/v2\/types\/post"}],"author":[{"embeddable":true,"href":"https:\/\/sanluisinforma.com\/index.php?rest_route=\/wp\/v2\/users\/2"}],"replies":[{"embeddable":true,"href":"https:\/\/sanluisinforma.com\/index.php?rest_route=%2Fwp%2Fv2%2Fcomments&post=10044"}],"version-history":[{"count":1,"href":"https:\/\/sanluisinforma.com\/index.php?rest_route=\/wp\/v2\/posts\/10044\/revisions"}],"predecessor-version":[{"id":10046,"href":"https:\/\/sanluisinforma.com\/index.php?rest_route=\/wp\/v2\/posts\/10044\/revisions\/10046"}],"wp:featuredmedia":[{"embeddable":true,"href":"https:\/\/sanluisinforma.com\/index.php?rest_route=\/wp\/v2\/media\/10045"}],"wp:attachment":[{"href":"https:\/\/sanluisinforma.com\/index.php?rest_route=%2Fwp%2Fv2%2Fmedia&parent=10044"}],"wp:term":[{"taxonomy":"category","embeddable":true,"href":"https:\/\/sanluisinforma.com\/index.php?rest_route=%2Fwp%2Fv2%2Fcategories&post=10044"},{"taxonomy":"post_tag","embeddable":true,"href":"https:\/\/sanluisinforma.com\/index.php?rest_route=%2Fwp%2Fv2%2Ftags&post=10044"}],"curies":[{"name":"wp","href":"https:\/\/api.w.org\/{rel}","templated":true}]}}