{"id":10053,"date":"2025-02-01T00:58:00","date_gmt":"2025-02-01T06:58:00","guid":{"rendered":"https:\/\/sanluisinforma.com\/?p=10053"},"modified":"2025-01-31T22:02:21","modified_gmt":"2025-02-01T04:02:21","slug":"ricardo-gallardo-impulsa-dinamismo-economico-en-ciudad-valles","status":"publish","type":"post","link":"https:\/\/sanluisinforma.com\/?p=10053","title":{"rendered":"Ricardo Gallardo impulsa dinamismo econ\u00f3mico en Ciudad Valles"},"content":{"rendered":"\n<p>Consolidar\u00e1 Parque Industrial, con el arribo de m\u00e1s empresas y fortalecer\u00e1 la conectividad con el Puerto de Tampico<\/p>\n\n\n\n<p>Ciudad Valles y la Huasteca, lograr\u00e1n un crecimiento sin precedentes con el arribo de m\u00e1s empresas y franquicias que detonar\u00e1n el crecimiento y desarrollo econ\u00f3mico en la regi\u00f3n y brindar\u00e1n m\u00e1s apoyo a las y los habitantes, resalt\u00f3 el Gobernador del Estado, Ricardo Gallardo Cardona, tras la inauguraci\u00f3n de m\u00e1s obras de infraestructura.<\/p>\n\n\n\n<p>El Jefe del Ejecutivo Estatal, destac\u00f3 que, la Secretar\u00eda de Desarrollo Econ\u00f3mico (Sedeco), incentivar\u00e1 la participaci\u00f3n de empresarios para que desarrollen sus proyectos de negocio en Ciudad Valles y evitar que el capital se vaya a otras entidades como Quer\u00e9taro o Tamaulipas, y adelant\u00f3 que habr\u00e1 especial atenci\u00f3n en la consolidaci\u00f3n de un Parque Industrial que permita la instalaci\u00f3n de varias empresas.<\/p>\n\n\n\n<p>Gallardo Cardona anunci\u00f3 que actualmente hay un trabajo en temas de paqueter\u00eda, \u201cqueremos que vengan a instalarse, porque ahora con la inversi\u00f3n que vamos a tener de la supercarretera Valles-Tampico, vamos a poder tener una conectividad muy cercana al puerto para mercanc\u00edas, adem\u00e1s en temas de autopartes para poder exportar por el Puerto de Altamira y vamos a seguir impulsando acciones para tener un terreno de hasta 300 hect\u00e1reas para un parque industrial\u201d.<\/p>\n\n\n\n<p>Finalmente, el Mandatario Estatal indic\u00f3 que el Gobierno del Estado est\u00e1 acompa\u00f1ando esta estrategia de crecimiento para Ciudad Valles, con la ampliaci\u00f3n de m\u00e1s infraestructura, pavimentaciones, la construcci\u00f3n del tramo carretero hacia Tampico, as\u00ed como proyectos de movilidad como la ampliaci\u00f3n del aeropuerto y la puesta en operaci\u00f3n del servicio gratuito de MetroRed, con el fin de que el traslado de mercanc\u00edas afiance el dinamismo de la regi\u00f3n y la generaci\u00f3n de m\u00e1s empleos mejor pagados.<\/p>\n","protected":false},"excerpt":{"rendered":"<p>Consolidar\u00e1 Parque Industrial, con el arribo de m\u00e1s empresas y fortalecer\u00e1 la conectividad con el Puerto de Tampico Ciudad Valles<\/p>\n","protected":false},"author":2,"featured_media":10054,"comment_status":"closed","ping_status":"closed","sticky":false,"template":"","format":"standard","meta":{"footnotes":""},"categories":[25,30],"tags":[],"class_list":["post-10053","post","type-post","status-publish","format-standard","has-post-thumbnail","hentry","category-local","category-portada"],"yoast_head":"<!-- This site is optimized with the Yoast SEO plugin v24.1 - https:\/\/yoast.com\/wordpress\/plugins\/seo\/ -->\n<title>Ricardo Gallardo impulsa dinamismo econ\u00f3mico en Ciudad Valles - sanluisinforma.com<\/title>\n<meta name=\"robots\" content=\"index, follow, max-snippet:-1, max-image-preview:large, max-video-preview:-1\" \/>\n<link rel=\"canonical\" href=\"https:\/\/sanluisinforma.com\/?p=10053\" \/>\n<meta property=\"og:locale\" content=\"es_MX\" \/>\n<meta property=\"og:type\" content=\"article\" \/>\n<meta property=\"og:title\" content=\"Ricardo Gallardo impulsa dinamismo econ\u00f3mico en Ciudad Valles - sanluisinforma.com\" \/>\n<meta property=\"og:description\" content=\"Consolidar\u00e1 Parque Industrial, con el arribo de m\u00e1s empresas y fortalecer\u00e1 la conectividad con el Puerto de Tampico Ciudad Valles\" \/>\n<meta property=\"og:url\" content=\"https:\/\/sanluisinforma.com\/?p=10053\" \/>\n<meta property=\"og:site_name\" content=\"sanluisinforma.com\" \/>\n<meta property=\"article:published_time\" content=\"2025-02-01T06:58:00+00:00\" \/>\n<meta property=\"article:modified_time\" content=\"2025-02-01T04:02:21+00:00\" \/>\n<meta property=\"og:image\" content=\"https:\/\/sanluisinforma.com\/wp-content\/uploads\/2025\/01\/6d62f487-042c-483b-b11b-83a5cc1d2862.jpg\" \/>\n\t<meta property=\"og:image:width\" content=\"480\" \/>\n\t<meta property=\"og:image:height\" content=\"320\" \/>\n\t<meta property=\"og:image:type\" content=\"image\/jpeg\" \/>\n<meta name=\"author\" content=\"sanluisinforma.com\" \/>\n<meta name=\"twitter:card\" content=\"summary_large_image\" \/>\n<meta name=\"twitter:label1\" content=\"Escrito por\" \/>\n\t<meta name=\"twitter:data1\" content=\"sanluisinforma.com\" \/>\n\t<meta name=\"twitter:label2\" content=\"Tiempo de lectura\" \/>\n\t<meta name=\"twitter:data2\" content=\"2 minutos\" \/>\n<script type=\"application\/ld+json\" class=\"yoast-schema-graph\">{\"@context\":\"https:\/\/schema.org\",\"@graph\":[{\"@type\":\"Article\",\"@id\":\"https:\/\/sanluisinforma.com\/?p=10053#article\",\"isPartOf\":{\"@id\":\"https:\/\/sanluisinforma.com\/?p=10053\"},\"author\":{\"name\":\"sanluisinforma.com\",\"@id\":\"https:\/\/sanluisinforma.com\/#\/schema\/person\/c30648f71476be533b6f59d092905c8b\"},\"headline\":\"Ricardo Gallardo impulsa dinamismo econ\u00f3mico en Ciudad Valles\",\"datePublished\":\"2025-02-01T06:58:00+00:00\",\"dateModified\":\"2025-02-01T04:02:21+00:00\",\"mainEntityOfPage\":{\"@id\":\"https:\/\/sanluisinforma.com\/?p=10053\"},\"wordCount\":322,\"publisher\":{\"@id\":\"https:\/\/sanluisinforma.com\/#organization\"},\"image\":{\"@id\":\"https:\/\/sanluisinforma.com\/?p=10053#primaryimage\"},\"thumbnailUrl\":\"https:\/\/sanluisinforma.com\/wp-content\/uploads\/2025\/01\/6d62f487-042c-483b-b11b-83a5cc1d2862.jpg\",\"articleSection\":[\"Local\",\"Portada\"],\"inLanguage\":\"es\"},{\"@type\":\"WebPage\",\"@id\":\"https:\/\/sanluisinforma.com\/?p=10053\",\"url\":\"https:\/\/sanluisinforma.com\/?p=10053\",\"name\":\"Ricardo Gallardo impulsa dinamismo econ\u00f3mico en Ciudad Valles - sanluisinforma.com\",\"isPartOf\":{\"@id\":\"https:\/\/sanluisinforma.com\/#website\"},\"primaryImageOfPage\":{\"@id\":\"https:\/\/sanluisinforma.com\/?p=10053#primaryimage\"},\"image\":{\"@id\":\"https:\/\/sanluisinforma.com\/?p=10053#primaryimage\"},\"thumbnailUrl\":\"https:\/\/sanluisinforma.com\/wp-content\/uploads\/2025\/01\/6d62f487-042c-483b-b11b-83a5cc1d2862.jpg\",\"datePublished\":\"2025-02-01T06:58:00+00:00\",\"dateModified\":\"2025-02-01T04:02:21+00:00\",\"breadcrumb\":{\"@id\":\"https:\/\/sanluisinforma.com\/?p=10053#breadcrumb\"},\"inLanguage\":\"es\",\"potentialAction\":[{\"@type\":\"ReadAction\",\"target\":[\"https:\/\/sanluisinforma.com\/?p=10053\"]}]},{\"@type\":\"ImageObject\",\"inLanguage\":\"es\",\"@id\":\"https:\/\/sanluisinforma.com\/?p=10053#primaryimage\",\"url\":\"https:\/\/sanluisinforma.com\/wp-content\/uploads\/2025\/01\/6d62f487-042c-483b-b11b-83a5cc1d2862.jpg\",\"contentUrl\":\"https:\/\/sanluisinforma.com\/wp-content\/uploads\/2025\/01\/6d62f487-042c-483b-b11b-83a5cc1d2862.jpg\",\"width\":480,\"height\":320},{\"@type\":\"BreadcrumbList\",\"@id\":\"https:\/\/sanluisinforma.com\/?p=10053#breadcrumb\",\"itemListElement\":[{\"@type\":\"ListItem\",\"position\":1,\"name\":\"Inicio\",\"item\":\"https:\/\/sanluisinforma.com\/\"},{\"@type\":\"ListItem\",\"position\":2,\"name\":\"Ricardo Gallardo impulsa dinamismo econ\u00f3mico en Ciudad Valles\"}]},{\"@type\":\"WebSite\",\"@id\":\"https:\/\/sanluisinforma.com\/#website\",\"url\":\"https:\/\/sanluisinforma.com\/\",\"name\":\"sanluisinforma.com\",\"description\":\"Periodico San Luis Informa\",\"publisher\":{\"@id\":\"https:\/\/sanluisinforma.com\/#organization\"},\"potentialAction\":[{\"@type\":\"SearchAction\",\"target\":{\"@type\":\"EntryPoint\",\"urlTemplate\":\"https:\/\/sanluisinforma.com\/?s={search_term_string}\"},\"query-input\":{\"@type\":\"PropertyValueSpecification\",\"valueRequired\":true,\"valueName\":\"search_term_string\"}}],\"inLanguage\":\"es\"},{\"@type\":\"Organization\",\"@id\":\"https:\/\/sanluisinforma.com\/#organization\",\"name\":\"sanluisinforma.com\",\"url\":\"https:\/\/sanluisinforma.com\/\",\"logo\":{\"@type\":\"ImageObject\",\"inLanguage\":\"es\",\"@id\":\"https:\/\/sanluisinforma.com\/#\/schema\/logo\/image\/\",\"url\":\"https:\/\/sanluisinforma.com\/wp-content\/uploads\/2026\/03\/sanluisinforma-V.jpg\",\"contentUrl\":\"https:\/\/sanluisinforma.com\/wp-content\/uploads\/2026\/03\/sanluisinforma-V.jpg\",\"width\":500,\"height\":156,\"caption\":\"sanluisinforma.com\"},\"image\":{\"@id\":\"https:\/\/sanluisinforma.com\/#\/schema\/logo\/image\/\"}},{\"@type\":\"Person\",\"@id\":\"https:\/\/sanluisinforma.com\/#\/schema\/person\/c30648f71476be533b6f59d092905c8b\",\"name\":\"sanluisinforma.com\",\"image\":{\"@type\":\"ImageObject\",\"inLanguage\":\"es\",\"@id\":\"https:\/\/sanluisinforma.com\/#\/schema\/person\/image\/\",\"url\":\"https:\/\/secure.gravatar.com\/avatar\/86e3114e34a1eecefb963e0a02f0093f93b092dddb2fe1517596343751081a87?s=96&d=mm&r=g\",\"contentUrl\":\"https:\/\/secure.gravatar.com\/avatar\/86e3114e34a1eecefb963e0a02f0093f93b092dddb2fe1517596343751081a87?s=96&d=mm&r=g\",\"caption\":\"sanluisinforma.com\"},\"url\":\"https:\/\/sanluisinforma.com\/?author=2\"}]}<\/script>\n<!-- \/ Yoast SEO plugin. -->","yoast_head_json":{"title":"Ricardo Gallardo impulsa dinamismo econ\u00f3mico en Ciudad Valles - sanluisinforma.com","robots":{"index":"index","follow":"follow","max-snippet":"max-snippet:-1","max-image-preview":"max-image-preview:large","max-video-preview":"max-video-preview:-1"},"canonical":"https:\/\/sanluisinforma.com\/?p=10053","og_locale":"es_MX","og_type":"article","og_title":"Ricardo Gallardo impulsa dinamismo econ\u00f3mico en Ciudad Valles - sanluisinforma.com","og_description":"Consolidar\u00e1 Parque Industrial, con el arribo de m\u00e1s empresas y fortalecer\u00e1 la conectividad con el Puerto de Tampico Ciudad Valles","og_url":"https:\/\/sanluisinforma.com\/?p=10053","og_site_name":"sanluisinforma.com","article_published_time":"2025-02-01T06:58:00+00:00","article_modified_time":"2025-02-01T04:02:21+00:00","og_image":[{"width":480,"height":320,"url":"https:\/\/sanluisinforma.com\/wp-content\/uploads\/2025\/01\/6d62f487-042c-483b-b11b-83a5cc1d2862.jpg","type":"image\/jpeg"}],"author":"sanluisinforma.com","twitter_card":"summary_large_image","twitter_misc":{"Escrito por":"sanluisinforma.com","Tiempo de lectura":"2 minutos"},"schema":{"@context":"https:\/\/schema.org","@graph":[{"@type":"Article","@id":"https:\/\/sanluisinforma.com\/?p=10053#article","isPartOf":{"@id":"https:\/\/sanluisinforma.com\/?p=10053"},"author":{"name":"sanluisinforma.com","@id":"https:\/\/sanluisinforma.com\/#\/schema\/person\/c30648f71476be533b6f59d092905c8b"},"headline":"Ricardo Gallardo impulsa dinamismo econ\u00f3mico en Ciudad Valles","datePublished":"2025-02-01T06:58:00+00:00","dateModified":"2025-02-01T04:02:21+00:00","mainEntityOfPage":{"@id":"https:\/\/sanluisinforma.com\/?p=10053"},"wordCount":322,"publisher":{"@id":"https:\/\/sanluisinforma.com\/#organization"},"image":{"@id":"https:\/\/sanluisinforma.com\/?p=10053#primaryimage"},"thumbnailUrl":"https:\/\/sanluisinforma.com\/wp-content\/uploads\/2025\/01\/6d62f487-042c-483b-b11b-83a5cc1d2862.jpg","articleSection":["Local","Portada"],"inLanguage":"es"},{"@type":"WebPage","@id":"https:\/\/sanluisinforma.com\/?p=10053","url":"https:\/\/sanluisinforma.com\/?p=10053","name":"Ricardo Gallardo impulsa dinamismo econ\u00f3mico en Ciudad Valles - sanluisinforma.com","isPartOf":{"@id":"https:\/\/sanluisinforma.com\/#website"},"primaryImageOfPage":{"@id":"https:\/\/sanluisinforma.com\/?p=10053#primaryimage"},"image":{"@id":"https:\/\/sanluisinforma.com\/?p=10053#primaryimage"},"thumbnailUrl":"https:\/\/sanluisinforma.com\/wp-content\/uploads\/2025\/01\/6d62f487-042c-483b-b11b-83a5cc1d2862.jpg","datePublished":"2025-02-01T06:58:00+00:00","dateModified":"2025-02-01T04:02:21+00:00","breadcrumb":{"@id":"https:\/\/sanluisinforma.com\/?p=10053#breadcrumb"},"inLanguage":"es","potentialAction":[{"@type":"ReadAction","target":["https:\/\/sanluisinforma.com\/?p=10053"]}]},{"@type":"ImageObject","inLanguage":"es","@id":"https:\/\/sanluisinforma.com\/?p=10053#primaryimage","url":"https:\/\/sanluisinforma.com\/wp-content\/uploads\/2025\/01\/6d62f487-042c-483b-b11b-83a5cc1d2862.jpg","contentUrl":"https:\/\/sanluisinforma.com\/wp-content\/uploads\/2025\/01\/6d62f487-042c-483b-b11b-83a5cc1d2862.jpg","width":480,"height":320},{"@type":"BreadcrumbList","@id":"https:\/\/sanluisinforma.com\/?p=10053#breadcrumb","itemListElement":[{"@type":"ListItem","position":1,"name":"Inicio","item":"https:\/\/sanluisinforma.com\/"},{"@type":"ListItem","position":2,"name":"Ricardo Gallardo impulsa dinamismo econ\u00f3mico en Ciudad Valles"}]},{"@type":"WebSite","@id":"https:\/\/sanluisinforma.com\/#website","url":"https:\/\/sanluisinforma.com\/","name":"sanluisinforma.com","description":"Periodico San Luis Informa","publisher":{"@id":"https:\/\/sanluisinforma.com\/#organization"},"potentialAction":[{"@type":"SearchAction","target":{"@type":"EntryPoint","urlTemplate":"https:\/\/sanluisinforma.com\/?s={search_term_string}"},"query-input":{"@type":"PropertyValueSpecification","valueRequired":true,"valueName":"search_term_string"}}],"inLanguage":"es"},{"@type":"Organization","@id":"https:\/\/sanluisinforma.com\/#organization","name":"sanluisinforma.com","url":"https:\/\/sanluisinforma.com\/","logo":{"@type":"ImageObject","inLanguage":"es","@id":"https:\/\/sanluisinforma.com\/#\/schema\/logo\/image\/","url":"https:\/\/sanluisinforma.com\/wp-content\/uploads\/2026\/03\/sanluisinforma-V.jpg","contentUrl":"https:\/\/sanluisinforma.com\/wp-content\/uploads\/2026\/03\/sanluisinforma-V.jpg","width":500,"height":156,"caption":"sanluisinforma.com"},"image":{"@id":"https:\/\/sanluisinforma.com\/#\/schema\/logo\/image\/"}},{"@type":"Person","@id":"https:\/\/sanluisinforma.com\/#\/schema\/person\/c30648f71476be533b6f59d092905c8b","name":"sanluisinforma.com","image":{"@type":"ImageObject","inLanguage":"es","@id":"https:\/\/sanluisinforma.com\/#\/schema\/person\/image\/","url":"https:\/\/secure.gravatar.com\/avatar\/86e3114e34a1eecefb963e0a02f0093f93b092dddb2fe1517596343751081a87?s=96&d=mm&r=g","contentUrl":"https:\/\/secure.gravatar.com\/avatar\/86e3114e34a1eecefb963e0a02f0093f93b092dddb2fe1517596343751081a87?s=96&d=mm&r=g","caption":"sanluisinforma.com"},"url":"https:\/\/sanluisinforma.com\/?author=2"}]}},"_links":{"self":[{"href":"https:\/\/sanluisinforma.com\/index.php?rest_route=\/wp\/v2\/posts\/10053","targetHints":{"allow":["GET"]}}],"collection":[{"href":"https:\/\/sanluisinforma.com\/index.php?rest_route=\/wp\/v2\/posts"}],"about":[{"href":"https:\/\/sanluisinforma.com\/index.php?rest_route=\/wp\/v2\/types\/post"}],"author":[{"embeddable":true,"href":"https:\/\/sanluisinforma.com\/index.php?rest_route=\/wp\/v2\/users\/2"}],"replies":[{"embeddable":true,"href":"https:\/\/sanluisinforma.com\/index.php?rest_route=%2Fwp%2Fv2%2Fcomments&post=10053"}],"version-history":[{"count":1,"href":"https:\/\/sanluisinforma.com\/index.php?rest_route=\/wp\/v2\/posts\/10053\/revisions"}],"predecessor-version":[{"id":10055,"href":"https:\/\/sanluisinforma.com\/index.php?rest_route=\/wp\/v2\/posts\/10053\/revisions\/10055"}],"wp:featuredmedia":[{"embeddable":true,"href":"https:\/\/sanluisinforma.com\/index.php?rest_route=\/wp\/v2\/media\/10054"}],"wp:attachment":[{"href":"https:\/\/sanluisinforma.com\/index.php?rest_route=%2Fwp%2Fv2%2Fmedia&parent=10053"}],"wp:term":[{"taxonomy":"category","embeddable":true,"href":"https:\/\/sanluisinforma.com\/index.php?rest_route=%2Fwp%2Fv2%2Fcategories&post=10053"},{"taxonomy":"post_tag","embeddable":true,"href":"https:\/\/sanluisinforma.com\/index.php?rest_route=%2Fwp%2Fv2%2Ftags&post=10053"}],"curies":[{"name":"wp","href":"https:\/\/api.w.org\/{rel}","templated":true}]}}