{"id":10071,"date":"2025-02-02T00:58:00","date_gmt":"2025-02-02T06:58:00","guid":{"rendered":"https:\/\/sanluisinforma.com\/?p=10071"},"modified":"2025-02-01T22:56:12","modified_gmt":"2025-02-02T04:56:12","slug":"en-breve-iniciara-metrored-en-la-huasteca","status":"publish","type":"post","link":"https:\/\/sanluisinforma.com\/?p=10071","title":{"rendered":"En Breve iniciara Metrored en la Huasteca"},"content":{"rendered":"\n<p><\/p>\n\n\n\n<p>&nbsp;Nueva imagen a Ciudad Valles y municipios de la regi\u00f3n<\/p>\n\n\n\n<p>Al t\u00e9rmino del primer trimestre de este a\u00f1o, en abril, arrancar\u00eda ya la RedMetro en la Huasteca anunci\u00f3 el Gobernador Ricardo Gallardo Cardona, para lo cual se emprender\u00e1 a la brevedad la construcci\u00f3n de los paradores; mientras llegan a la entidad un total de 120 unidades m\u00e1s.&nbsp;&nbsp;<\/p>\n\n\n\n<p>Durante una gira de trabajo por esa regi\u00f3n, el Mandatario Estatal asent\u00f3 que adem\u00e1s de las paradas en Ciudad Valles se establecer\u00e1 una red o circuito hacia Tamazunchale y Matlapa, Axtla, Xilitla y Aquism\u00f3n, y que permitir\u00eda entre numerosas cuestiones, que mucha gente que tiene que ir al hospital de zona cuente con un medio de transporte, seguro, digno y gratuito.<\/p>\n\n\n\n<p>\u201cHay que apostarle a la movilidad para el despegue de la regi\u00f3n y la entidad\u201d, puntualiz\u00f3 el Jefe del Ejecutivo Estatal al tiempo de se\u00f1alar que son 560 millones de pesos la inversi\u00f3n.<\/p>\n\n\n\n<p>Puntualiz\u00f3 que, la RedMetro constituir\u00e1 un cambio de imagen, que eso lo que ocupa tambi\u00e9n la gente que visita Ciudad Valles. Asimismo, especific\u00f3 que se busca que en municipios como Tamazunchale se cuente tambi\u00e9n con su respectiva red de paradas para que brinde servicio a toda esa demarcaci\u00f3n.<\/p>\n","protected":false},"excerpt":{"rendered":"<p>&nbsp;Nueva imagen a Ciudad Valles y municipios de la regi\u00f3n Al t\u00e9rmino del primer trimestre de este a\u00f1o, en abril,<\/p>\n","protected":false},"author":2,"featured_media":10072,"comment_status":"closed","ping_status":"closed","sticky":false,"template":"","format":"standard","meta":{"footnotes":""},"categories":[25,30],"tags":[],"class_list":["post-10071","post","type-post","status-publish","format-standard","has-post-thumbnail","hentry","category-local","category-portada"],"yoast_head":"<!-- This site is optimized with the Yoast SEO plugin v24.1 - https:\/\/yoast.com\/wordpress\/plugins\/seo\/ -->\n<title>En Breve iniciara Metrored en la Huasteca - sanluisinforma.com<\/title>\n<meta name=\"robots\" content=\"index, follow, max-snippet:-1, max-image-preview:large, max-video-preview:-1\" \/>\n<link rel=\"canonical\" href=\"https:\/\/sanluisinforma.com\/?p=10071\" \/>\n<meta property=\"og:locale\" content=\"es_MX\" \/>\n<meta property=\"og:type\" content=\"article\" \/>\n<meta property=\"og:title\" content=\"En Breve iniciara Metrored en la Huasteca - sanluisinforma.com\" \/>\n<meta property=\"og:description\" content=\"&nbsp;Nueva imagen a Ciudad Valles y municipios de la regi\u00f3n Al t\u00e9rmino del primer trimestre de este a\u00f1o, en abril,\" \/>\n<meta property=\"og:url\" content=\"https:\/\/sanluisinforma.com\/?p=10071\" \/>\n<meta property=\"og:site_name\" content=\"sanluisinforma.com\" \/>\n<meta property=\"article:published_time\" content=\"2025-02-02T06:58:00+00:00\" \/>\n<meta property=\"article:modified_time\" content=\"2025-02-02T04:56:12+00:00\" \/>\n<meta property=\"og:image\" content=\"https:\/\/sanluisinforma.com\/wp-content\/uploads\/2025\/02\/cc90178a-9481-493d-bb38-cd7082790c69.jpg\" \/>\n\t<meta property=\"og:image:width\" content=\"480\" \/>\n\t<meta property=\"og:image:height\" content=\"319\" \/>\n\t<meta property=\"og:image:type\" content=\"image\/jpeg\" \/>\n<meta name=\"author\" content=\"sanluisinforma.com\" \/>\n<meta name=\"twitter:card\" content=\"summary_large_image\" \/>\n<meta name=\"twitter:label1\" content=\"Escrito por\" \/>\n\t<meta name=\"twitter:data1\" content=\"sanluisinforma.com\" \/>\n\t<meta name=\"twitter:label2\" content=\"Tiempo de lectura\" \/>\n\t<meta name=\"twitter:data2\" content=\"2 minutos\" \/>\n<script type=\"application\/ld+json\" class=\"yoast-schema-graph\">{\"@context\":\"https:\/\/schema.org\",\"@graph\":[{\"@type\":\"Article\",\"@id\":\"https:\/\/sanluisinforma.com\/?p=10071#article\",\"isPartOf\":{\"@id\":\"https:\/\/sanluisinforma.com\/?p=10071\"},\"author\":{\"name\":\"sanluisinforma.com\",\"@id\":\"https:\/\/sanluisinforma.com\/#\/schema\/person\/c30648f71476be533b6f59d092905c8b\"},\"headline\":\"En Breve iniciara Metrored en la Huasteca\",\"datePublished\":\"2025-02-02T06:58:00+00:00\",\"dateModified\":\"2025-02-02T04:56:12+00:00\",\"mainEntityOfPage\":{\"@id\":\"https:\/\/sanluisinforma.com\/?p=10071\"},\"wordCount\":223,\"publisher\":{\"@id\":\"https:\/\/sanluisinforma.com\/#organization\"},\"image\":{\"@id\":\"https:\/\/sanluisinforma.com\/?p=10071#primaryimage\"},\"thumbnailUrl\":\"https:\/\/sanluisinforma.com\/wp-content\/uploads\/2025\/02\/cc90178a-9481-493d-bb38-cd7082790c69.jpg\",\"articleSection\":[\"Local\",\"Portada\"],\"inLanguage\":\"es\"},{\"@type\":\"WebPage\",\"@id\":\"https:\/\/sanluisinforma.com\/?p=10071\",\"url\":\"https:\/\/sanluisinforma.com\/?p=10071\",\"name\":\"En Breve iniciara Metrored en la Huasteca - sanluisinforma.com\",\"isPartOf\":{\"@id\":\"https:\/\/sanluisinforma.com\/#website\"},\"primaryImageOfPage\":{\"@id\":\"https:\/\/sanluisinforma.com\/?p=10071#primaryimage\"},\"image\":{\"@id\":\"https:\/\/sanluisinforma.com\/?p=10071#primaryimage\"},\"thumbnailUrl\":\"https:\/\/sanluisinforma.com\/wp-content\/uploads\/2025\/02\/cc90178a-9481-493d-bb38-cd7082790c69.jpg\",\"datePublished\":\"2025-02-02T06:58:00+00:00\",\"dateModified\":\"2025-02-02T04:56:12+00:00\",\"breadcrumb\":{\"@id\":\"https:\/\/sanluisinforma.com\/?p=10071#breadcrumb\"},\"inLanguage\":\"es\",\"potentialAction\":[{\"@type\":\"ReadAction\",\"target\":[\"https:\/\/sanluisinforma.com\/?p=10071\"]}]},{\"@type\":\"ImageObject\",\"inLanguage\":\"es\",\"@id\":\"https:\/\/sanluisinforma.com\/?p=10071#primaryimage\",\"url\":\"https:\/\/sanluisinforma.com\/wp-content\/uploads\/2025\/02\/cc90178a-9481-493d-bb38-cd7082790c69.jpg\",\"contentUrl\":\"https:\/\/sanluisinforma.com\/wp-content\/uploads\/2025\/02\/cc90178a-9481-493d-bb38-cd7082790c69.jpg\",\"width\":480,\"height\":319},{\"@type\":\"BreadcrumbList\",\"@id\":\"https:\/\/sanluisinforma.com\/?p=10071#breadcrumb\",\"itemListElement\":[{\"@type\":\"ListItem\",\"position\":1,\"name\":\"Inicio\",\"item\":\"https:\/\/sanluisinforma.com\/\"},{\"@type\":\"ListItem\",\"position\":2,\"name\":\"En Breve iniciara Metrored en la Huasteca\"}]},{\"@type\":\"WebSite\",\"@id\":\"https:\/\/sanluisinforma.com\/#website\",\"url\":\"https:\/\/sanluisinforma.com\/\",\"name\":\"sanluisinforma.com\",\"description\":\"Periodico San Luis Informa\",\"publisher\":{\"@id\":\"https:\/\/sanluisinforma.com\/#organization\"},\"potentialAction\":[{\"@type\":\"SearchAction\",\"target\":{\"@type\":\"EntryPoint\",\"urlTemplate\":\"https:\/\/sanluisinforma.com\/?s={search_term_string}\"},\"query-input\":{\"@type\":\"PropertyValueSpecification\",\"valueRequired\":true,\"valueName\":\"search_term_string\"}}],\"inLanguage\":\"es\"},{\"@type\":\"Organization\",\"@id\":\"https:\/\/sanluisinforma.com\/#organization\",\"name\":\"sanluisinforma.com\",\"url\":\"https:\/\/sanluisinforma.com\/\",\"logo\":{\"@type\":\"ImageObject\",\"inLanguage\":\"es\",\"@id\":\"https:\/\/sanluisinforma.com\/#\/schema\/logo\/image\/\",\"url\":\"https:\/\/sanluisinforma.com\/wp-content\/uploads\/2026\/03\/sanluisinforma-V.jpg\",\"contentUrl\":\"https:\/\/sanluisinforma.com\/wp-content\/uploads\/2026\/03\/sanluisinforma-V.jpg\",\"width\":500,\"height\":156,\"caption\":\"sanluisinforma.com\"},\"image\":{\"@id\":\"https:\/\/sanluisinforma.com\/#\/schema\/logo\/image\/\"}},{\"@type\":\"Person\",\"@id\":\"https:\/\/sanluisinforma.com\/#\/schema\/person\/c30648f71476be533b6f59d092905c8b\",\"name\":\"sanluisinforma.com\",\"image\":{\"@type\":\"ImageObject\",\"inLanguage\":\"es\",\"@id\":\"https:\/\/sanluisinforma.com\/#\/schema\/person\/image\/\",\"url\":\"https:\/\/secure.gravatar.com\/avatar\/86e3114e34a1eecefb963e0a02f0093f93b092dddb2fe1517596343751081a87?s=96&d=mm&r=g\",\"contentUrl\":\"https:\/\/secure.gravatar.com\/avatar\/86e3114e34a1eecefb963e0a02f0093f93b092dddb2fe1517596343751081a87?s=96&d=mm&r=g\",\"caption\":\"sanluisinforma.com\"},\"url\":\"https:\/\/sanluisinforma.com\/?author=2\"}]}<\/script>\n<!-- \/ Yoast SEO plugin. -->","yoast_head_json":{"title":"En Breve iniciara Metrored en la Huasteca - sanluisinforma.com","robots":{"index":"index","follow":"follow","max-snippet":"max-snippet:-1","max-image-preview":"max-image-preview:large","max-video-preview":"max-video-preview:-1"},"canonical":"https:\/\/sanluisinforma.com\/?p=10071","og_locale":"es_MX","og_type":"article","og_title":"En Breve iniciara Metrored en la Huasteca - sanluisinforma.com","og_description":"&nbsp;Nueva imagen a Ciudad Valles y municipios de la regi\u00f3n Al t\u00e9rmino del primer trimestre de este a\u00f1o, en abril,","og_url":"https:\/\/sanluisinforma.com\/?p=10071","og_site_name":"sanluisinforma.com","article_published_time":"2025-02-02T06:58:00+00:00","article_modified_time":"2025-02-02T04:56:12+00:00","og_image":[{"width":480,"height":319,"url":"https:\/\/sanluisinforma.com\/wp-content\/uploads\/2025\/02\/cc90178a-9481-493d-bb38-cd7082790c69.jpg","type":"image\/jpeg"}],"author":"sanluisinforma.com","twitter_card":"summary_large_image","twitter_misc":{"Escrito por":"sanluisinforma.com","Tiempo de lectura":"2 minutos"},"schema":{"@context":"https:\/\/schema.org","@graph":[{"@type":"Article","@id":"https:\/\/sanluisinforma.com\/?p=10071#article","isPartOf":{"@id":"https:\/\/sanluisinforma.com\/?p=10071"},"author":{"name":"sanluisinforma.com","@id":"https:\/\/sanluisinforma.com\/#\/schema\/person\/c30648f71476be533b6f59d092905c8b"},"headline":"En Breve iniciara Metrored en la Huasteca","datePublished":"2025-02-02T06:58:00+00:00","dateModified":"2025-02-02T04:56:12+00:00","mainEntityOfPage":{"@id":"https:\/\/sanluisinforma.com\/?p=10071"},"wordCount":223,"publisher":{"@id":"https:\/\/sanluisinforma.com\/#organization"},"image":{"@id":"https:\/\/sanluisinforma.com\/?p=10071#primaryimage"},"thumbnailUrl":"https:\/\/sanluisinforma.com\/wp-content\/uploads\/2025\/02\/cc90178a-9481-493d-bb38-cd7082790c69.jpg","articleSection":["Local","Portada"],"inLanguage":"es"},{"@type":"WebPage","@id":"https:\/\/sanluisinforma.com\/?p=10071","url":"https:\/\/sanluisinforma.com\/?p=10071","name":"En Breve iniciara Metrored en la Huasteca - sanluisinforma.com","isPartOf":{"@id":"https:\/\/sanluisinforma.com\/#website"},"primaryImageOfPage":{"@id":"https:\/\/sanluisinforma.com\/?p=10071#primaryimage"},"image":{"@id":"https:\/\/sanluisinforma.com\/?p=10071#primaryimage"},"thumbnailUrl":"https:\/\/sanluisinforma.com\/wp-content\/uploads\/2025\/02\/cc90178a-9481-493d-bb38-cd7082790c69.jpg","datePublished":"2025-02-02T06:58:00+00:00","dateModified":"2025-02-02T04:56:12+00:00","breadcrumb":{"@id":"https:\/\/sanluisinforma.com\/?p=10071#breadcrumb"},"inLanguage":"es","potentialAction":[{"@type":"ReadAction","target":["https:\/\/sanluisinforma.com\/?p=10071"]}]},{"@type":"ImageObject","inLanguage":"es","@id":"https:\/\/sanluisinforma.com\/?p=10071#primaryimage","url":"https:\/\/sanluisinforma.com\/wp-content\/uploads\/2025\/02\/cc90178a-9481-493d-bb38-cd7082790c69.jpg","contentUrl":"https:\/\/sanluisinforma.com\/wp-content\/uploads\/2025\/02\/cc90178a-9481-493d-bb38-cd7082790c69.jpg","width":480,"height":319},{"@type":"BreadcrumbList","@id":"https:\/\/sanluisinforma.com\/?p=10071#breadcrumb","itemListElement":[{"@type":"ListItem","position":1,"name":"Inicio","item":"https:\/\/sanluisinforma.com\/"},{"@type":"ListItem","position":2,"name":"En Breve iniciara Metrored en la Huasteca"}]},{"@type":"WebSite","@id":"https:\/\/sanluisinforma.com\/#website","url":"https:\/\/sanluisinforma.com\/","name":"sanluisinforma.com","description":"Periodico San Luis Informa","publisher":{"@id":"https:\/\/sanluisinforma.com\/#organization"},"potentialAction":[{"@type":"SearchAction","target":{"@type":"EntryPoint","urlTemplate":"https:\/\/sanluisinforma.com\/?s={search_term_string}"},"query-input":{"@type":"PropertyValueSpecification","valueRequired":true,"valueName":"search_term_string"}}],"inLanguage":"es"},{"@type":"Organization","@id":"https:\/\/sanluisinforma.com\/#organization","name":"sanluisinforma.com","url":"https:\/\/sanluisinforma.com\/","logo":{"@type":"ImageObject","inLanguage":"es","@id":"https:\/\/sanluisinforma.com\/#\/schema\/logo\/image\/","url":"https:\/\/sanluisinforma.com\/wp-content\/uploads\/2026\/03\/sanluisinforma-V.jpg","contentUrl":"https:\/\/sanluisinforma.com\/wp-content\/uploads\/2026\/03\/sanluisinforma-V.jpg","width":500,"height":156,"caption":"sanluisinforma.com"},"image":{"@id":"https:\/\/sanluisinforma.com\/#\/schema\/logo\/image\/"}},{"@type":"Person","@id":"https:\/\/sanluisinforma.com\/#\/schema\/person\/c30648f71476be533b6f59d092905c8b","name":"sanluisinforma.com","image":{"@type":"ImageObject","inLanguage":"es","@id":"https:\/\/sanluisinforma.com\/#\/schema\/person\/image\/","url":"https:\/\/secure.gravatar.com\/avatar\/86e3114e34a1eecefb963e0a02f0093f93b092dddb2fe1517596343751081a87?s=96&d=mm&r=g","contentUrl":"https:\/\/secure.gravatar.com\/avatar\/86e3114e34a1eecefb963e0a02f0093f93b092dddb2fe1517596343751081a87?s=96&d=mm&r=g","caption":"sanluisinforma.com"},"url":"https:\/\/sanluisinforma.com\/?author=2"}]}},"_links":{"self":[{"href":"https:\/\/sanluisinforma.com\/index.php?rest_route=\/wp\/v2\/posts\/10071","targetHints":{"allow":["GET"]}}],"collection":[{"href":"https:\/\/sanluisinforma.com\/index.php?rest_route=\/wp\/v2\/posts"}],"about":[{"href":"https:\/\/sanluisinforma.com\/index.php?rest_route=\/wp\/v2\/types\/post"}],"author":[{"embeddable":true,"href":"https:\/\/sanluisinforma.com\/index.php?rest_route=\/wp\/v2\/users\/2"}],"replies":[{"embeddable":true,"href":"https:\/\/sanluisinforma.com\/index.php?rest_route=%2Fwp%2Fv2%2Fcomments&post=10071"}],"version-history":[{"count":1,"href":"https:\/\/sanluisinforma.com\/index.php?rest_route=\/wp\/v2\/posts\/10071\/revisions"}],"predecessor-version":[{"id":10073,"href":"https:\/\/sanluisinforma.com\/index.php?rest_route=\/wp\/v2\/posts\/10071\/revisions\/10073"}],"wp:featuredmedia":[{"embeddable":true,"href":"https:\/\/sanluisinforma.com\/index.php?rest_route=\/wp\/v2\/media\/10072"}],"wp:attachment":[{"href":"https:\/\/sanluisinforma.com\/index.php?rest_route=%2Fwp%2Fv2%2Fmedia&parent=10071"}],"wp:term":[{"taxonomy":"category","embeddable":true,"href":"https:\/\/sanluisinforma.com\/index.php?rest_route=%2Fwp%2Fv2%2Fcategories&post=10071"},{"taxonomy":"post_tag","embeddable":true,"href":"https:\/\/sanluisinforma.com\/index.php?rest_route=%2Fwp%2Fv2%2Ftags&post=10071"}],"curies":[{"name":"wp","href":"https:\/\/api.w.org\/{rel}","templated":true}]}}