{"id":10083,"date":"2025-02-02T00:45:00","date_gmt":"2025-02-02T06:45:00","guid":{"rendered":"https:\/\/sanluisinforma.com\/?p=10083"},"modified":"2025-02-02T19:26:16","modified_gmt":"2025-02-03T01:26:16","slug":"el-portavoz-del-departamento-de-defensa-john-ullyot-proporciono-la-siguiente-informacion","status":"publish","type":"post","link":"https:\/\/sanluisinforma.com\/?p=10083","title":{"rendered":"El portavoz del Departamento de Defensa, John Ullyot, proporcion\u00f3 la siguiente informaci\u00f3n:"},"content":{"rendered":"\n<p>El 31 de enero, el Secretario de Defensa Pete Hegseth tuvo conversaciones introductorias constructivas con el Secretario de Defensa Nacional de M\u00e9xico, General Ricardo Trevilla Trejo, y el Secretario de Marina, Almirante Raymundo Morales \u00c1ngeles, para hablar sobre los intereses de seguridad nacional de Estados Unidos y la cooperaci\u00f3n de defensa de nuestros pa\u00edses.<\/p>\n\n\n\n<p><\/p>\n\n\n\n<p> El Secretario Hegseth subray\u00f3 que su m\u00e1xima prioridad es salvaguardar a Estados Unidos y a sus ciudadanos, lo que incluye asegurar la frontera sur. El Secretario destac\u00f3 la importancia de que las fuerzas armadas de M\u00e9xico sigan desbaratando las actividades de los c\u00e1rteles que amenazan a Estados Unidos, y de que M\u00e9xico siga tomando medidas para frenar la migraci\u00f3n ilegal hacia Estados Unidos. <\/p>\n\n\n\n<p><\/p>\n\n\n\n<p>En ambas llamadas, el Secretario y sus hom\u00f3logos mexicanos reafirmaron su compromiso de profundizar la cooperaci\u00f3n bilateral entre nuestros ej\u00e9rcitos. Tambi\u00e9n acordaron que ellos y sus equipos mantendr\u00e1n una estrecha comunicaci\u00f3n y coordinaci\u00f3n entre s\u00ed para proteger a los ciudadanos y territorios de ambas naciones.<\/p>\n\n\n\n<p><\/p>\n","protected":false},"excerpt":{"rendered":"<p>El 31 de enero, el Secretario de Defensa Pete Hegseth tuvo conversaciones introductorias constructivas con el Secretario de Defensa Nacional<\/p>\n","protected":false},"author":2,"featured_media":10084,"comment_status":"closed","ping_status":"closed","sticky":false,"template":"","format":"standard","meta":{"footnotes":""},"categories":[25,26],"tags":[],"class_list":["post-10083","post","type-post","status-publish","format-standard","has-post-thumbnail","hentry","category-local","category-nacional"],"yoast_head":"<!-- This site is optimized with the Yoast SEO plugin v24.1 - https:\/\/yoast.com\/wordpress\/plugins\/seo\/ -->\n<title>El portavoz del Departamento de Defensa, John Ullyot, proporcion\u00f3 la siguiente informaci\u00f3n: - sanluisinforma.com<\/title>\n<meta name=\"robots\" content=\"index, follow, max-snippet:-1, max-image-preview:large, max-video-preview:-1\" \/>\n<link rel=\"canonical\" href=\"https:\/\/sanluisinforma.com\/?p=10083\" \/>\n<meta property=\"og:locale\" content=\"es_MX\" \/>\n<meta property=\"og:type\" content=\"article\" \/>\n<meta property=\"og:title\" content=\"El portavoz del Departamento de Defensa, John Ullyot, proporcion\u00f3 la siguiente informaci\u00f3n: - sanluisinforma.com\" \/>\n<meta property=\"og:description\" content=\"El 31 de enero, el Secretario de Defensa Pete Hegseth tuvo conversaciones introductorias constructivas con el Secretario de Defensa Nacional\" \/>\n<meta property=\"og:url\" content=\"https:\/\/sanluisinforma.com\/?p=10083\" \/>\n<meta property=\"og:site_name\" content=\"sanluisinforma.com\" \/>\n<meta property=\"article:published_time\" content=\"2025-02-02T06:45:00+00:00\" \/>\n<meta property=\"article:modified_time\" content=\"2025-02-03T01:26:16+00:00\" \/>\n<meta property=\"og:image\" content=\"https:\/\/sanluisinforma.com\/wp-content\/uploads\/2025\/02\/descarga.jpg\" \/>\n\t<meta property=\"og:image:width\" content=\"480\" \/>\n\t<meta property=\"og:image:height\" content=\"270\" \/>\n\t<meta property=\"og:image:type\" content=\"image\/jpeg\" \/>\n<meta name=\"author\" content=\"sanluisinforma.com\" \/>\n<meta name=\"twitter:card\" content=\"summary_large_image\" \/>\n<meta name=\"twitter:label1\" content=\"Escrito por\" \/>\n\t<meta name=\"twitter:data1\" content=\"sanluisinforma.com\" \/>\n\t<meta name=\"twitter:label2\" content=\"Tiempo de lectura\" \/>\n\t<meta name=\"twitter:data2\" content=\"1 minuto\" \/>\n<script type=\"application\/ld+json\" class=\"yoast-schema-graph\">{\"@context\":\"https:\/\/schema.org\",\"@graph\":[{\"@type\":\"Article\",\"@id\":\"https:\/\/sanluisinforma.com\/?p=10083#article\",\"isPartOf\":{\"@id\":\"https:\/\/sanluisinforma.com\/?p=10083\"},\"author\":{\"name\":\"sanluisinforma.com\",\"@id\":\"https:\/\/sanluisinforma.com\/#\/schema\/person\/c30648f71476be533b6f59d092905c8b\"},\"headline\":\"El portavoz del Departamento de Defensa, John Ullyot, proporcion\u00f3 la siguiente informaci\u00f3n:\",\"datePublished\":\"2025-02-02T06:45:00+00:00\",\"dateModified\":\"2025-02-03T01:26:16+00:00\",\"mainEntityOfPage\":{\"@id\":\"https:\/\/sanluisinforma.com\/?p=10083\"},\"wordCount\":189,\"publisher\":{\"@id\":\"https:\/\/sanluisinforma.com\/#organization\"},\"image\":{\"@id\":\"https:\/\/sanluisinforma.com\/?p=10083#primaryimage\"},\"thumbnailUrl\":\"https:\/\/sanluisinforma.com\/wp-content\/uploads\/2025\/02\/descarga.jpg\",\"articleSection\":[\"Local\",\"Nacional\"],\"inLanguage\":\"es\"},{\"@type\":\"WebPage\",\"@id\":\"https:\/\/sanluisinforma.com\/?p=10083\",\"url\":\"https:\/\/sanluisinforma.com\/?p=10083\",\"name\":\"El portavoz del Departamento de Defensa, John Ullyot, proporcion\u00f3 la siguiente informaci\u00f3n: - sanluisinforma.com\",\"isPartOf\":{\"@id\":\"https:\/\/sanluisinforma.com\/#website\"},\"primaryImageOfPage\":{\"@id\":\"https:\/\/sanluisinforma.com\/?p=10083#primaryimage\"},\"image\":{\"@id\":\"https:\/\/sanluisinforma.com\/?p=10083#primaryimage\"},\"thumbnailUrl\":\"https:\/\/sanluisinforma.com\/wp-content\/uploads\/2025\/02\/descarga.jpg\",\"datePublished\":\"2025-02-02T06:45:00+00:00\",\"dateModified\":\"2025-02-03T01:26:16+00:00\",\"breadcrumb\":{\"@id\":\"https:\/\/sanluisinforma.com\/?p=10083#breadcrumb\"},\"inLanguage\":\"es\",\"potentialAction\":[{\"@type\":\"ReadAction\",\"target\":[\"https:\/\/sanluisinforma.com\/?p=10083\"]}]},{\"@type\":\"ImageObject\",\"inLanguage\":\"es\",\"@id\":\"https:\/\/sanluisinforma.com\/?p=10083#primaryimage\",\"url\":\"https:\/\/sanluisinforma.com\/wp-content\/uploads\/2025\/02\/descarga.jpg\",\"contentUrl\":\"https:\/\/sanluisinforma.com\/wp-content\/uploads\/2025\/02\/descarga.jpg\",\"width\":480,\"height\":270},{\"@type\":\"BreadcrumbList\",\"@id\":\"https:\/\/sanluisinforma.com\/?p=10083#breadcrumb\",\"itemListElement\":[{\"@type\":\"ListItem\",\"position\":1,\"name\":\"Inicio\",\"item\":\"https:\/\/sanluisinforma.com\/\"},{\"@type\":\"ListItem\",\"position\":2,\"name\":\"El portavoz del Departamento de Defensa, John Ullyot, proporcion\u00f3 la siguiente informaci\u00f3n:\"}]},{\"@type\":\"WebSite\",\"@id\":\"https:\/\/sanluisinforma.com\/#website\",\"url\":\"https:\/\/sanluisinforma.com\/\",\"name\":\"sanluisinforma.com\",\"description\":\"Periodico San Luis Informa\",\"publisher\":{\"@id\":\"https:\/\/sanluisinforma.com\/#organization\"},\"potentialAction\":[{\"@type\":\"SearchAction\",\"target\":{\"@type\":\"EntryPoint\",\"urlTemplate\":\"https:\/\/sanluisinforma.com\/?s={search_term_string}\"},\"query-input\":{\"@type\":\"PropertyValueSpecification\",\"valueRequired\":true,\"valueName\":\"search_term_string\"}}],\"inLanguage\":\"es\"},{\"@type\":\"Organization\",\"@id\":\"https:\/\/sanluisinforma.com\/#organization\",\"name\":\"sanluisinforma.com\",\"url\":\"https:\/\/sanluisinforma.com\/\",\"logo\":{\"@type\":\"ImageObject\",\"inLanguage\":\"es\",\"@id\":\"https:\/\/sanluisinforma.com\/#\/schema\/logo\/image\/\",\"url\":\"https:\/\/sanluisinforma.com\/wp-content\/uploads\/2026\/03\/sanluisinforma-V.jpg\",\"contentUrl\":\"https:\/\/sanluisinforma.com\/wp-content\/uploads\/2026\/03\/sanluisinforma-V.jpg\",\"width\":500,\"height\":156,\"caption\":\"sanluisinforma.com\"},\"image\":{\"@id\":\"https:\/\/sanluisinforma.com\/#\/schema\/logo\/image\/\"}},{\"@type\":\"Person\",\"@id\":\"https:\/\/sanluisinforma.com\/#\/schema\/person\/c30648f71476be533b6f59d092905c8b\",\"name\":\"sanluisinforma.com\",\"image\":{\"@type\":\"ImageObject\",\"inLanguage\":\"es\",\"@id\":\"https:\/\/sanluisinforma.com\/#\/schema\/person\/image\/\",\"url\":\"https:\/\/secure.gravatar.com\/avatar\/86e3114e34a1eecefb963e0a02f0093f93b092dddb2fe1517596343751081a87?s=96&d=mm&r=g\",\"contentUrl\":\"https:\/\/secure.gravatar.com\/avatar\/86e3114e34a1eecefb963e0a02f0093f93b092dddb2fe1517596343751081a87?s=96&d=mm&r=g\",\"caption\":\"sanluisinforma.com\"},\"url\":\"https:\/\/sanluisinforma.com\/?author=2\"}]}<\/script>\n<!-- \/ Yoast SEO plugin. -->","yoast_head_json":{"title":"El portavoz del Departamento de Defensa, John Ullyot, proporcion\u00f3 la siguiente informaci\u00f3n: - sanluisinforma.com","robots":{"index":"index","follow":"follow","max-snippet":"max-snippet:-1","max-image-preview":"max-image-preview:large","max-video-preview":"max-video-preview:-1"},"canonical":"https:\/\/sanluisinforma.com\/?p=10083","og_locale":"es_MX","og_type":"article","og_title":"El portavoz del Departamento de Defensa, John Ullyot, proporcion\u00f3 la siguiente informaci\u00f3n: - sanluisinforma.com","og_description":"El 31 de enero, el Secretario de Defensa Pete Hegseth tuvo conversaciones introductorias constructivas con el Secretario de Defensa Nacional","og_url":"https:\/\/sanluisinforma.com\/?p=10083","og_site_name":"sanluisinforma.com","article_published_time":"2025-02-02T06:45:00+00:00","article_modified_time":"2025-02-03T01:26:16+00:00","og_image":[{"width":480,"height":270,"url":"https:\/\/sanluisinforma.com\/wp-content\/uploads\/2025\/02\/descarga.jpg","type":"image\/jpeg"}],"author":"sanluisinforma.com","twitter_card":"summary_large_image","twitter_misc":{"Escrito por":"sanluisinforma.com","Tiempo de lectura":"1 minuto"},"schema":{"@context":"https:\/\/schema.org","@graph":[{"@type":"Article","@id":"https:\/\/sanluisinforma.com\/?p=10083#article","isPartOf":{"@id":"https:\/\/sanluisinforma.com\/?p=10083"},"author":{"name":"sanluisinforma.com","@id":"https:\/\/sanluisinforma.com\/#\/schema\/person\/c30648f71476be533b6f59d092905c8b"},"headline":"El portavoz del Departamento de Defensa, John Ullyot, proporcion\u00f3 la siguiente informaci\u00f3n:","datePublished":"2025-02-02T06:45:00+00:00","dateModified":"2025-02-03T01:26:16+00:00","mainEntityOfPage":{"@id":"https:\/\/sanluisinforma.com\/?p=10083"},"wordCount":189,"publisher":{"@id":"https:\/\/sanluisinforma.com\/#organization"},"image":{"@id":"https:\/\/sanluisinforma.com\/?p=10083#primaryimage"},"thumbnailUrl":"https:\/\/sanluisinforma.com\/wp-content\/uploads\/2025\/02\/descarga.jpg","articleSection":["Local","Nacional"],"inLanguage":"es"},{"@type":"WebPage","@id":"https:\/\/sanluisinforma.com\/?p=10083","url":"https:\/\/sanluisinforma.com\/?p=10083","name":"El portavoz del Departamento de Defensa, John Ullyot, proporcion\u00f3 la siguiente informaci\u00f3n: - sanluisinforma.com","isPartOf":{"@id":"https:\/\/sanluisinforma.com\/#website"},"primaryImageOfPage":{"@id":"https:\/\/sanluisinforma.com\/?p=10083#primaryimage"},"image":{"@id":"https:\/\/sanluisinforma.com\/?p=10083#primaryimage"},"thumbnailUrl":"https:\/\/sanluisinforma.com\/wp-content\/uploads\/2025\/02\/descarga.jpg","datePublished":"2025-02-02T06:45:00+00:00","dateModified":"2025-02-03T01:26:16+00:00","breadcrumb":{"@id":"https:\/\/sanluisinforma.com\/?p=10083#breadcrumb"},"inLanguage":"es","potentialAction":[{"@type":"ReadAction","target":["https:\/\/sanluisinforma.com\/?p=10083"]}]},{"@type":"ImageObject","inLanguage":"es","@id":"https:\/\/sanluisinforma.com\/?p=10083#primaryimage","url":"https:\/\/sanluisinforma.com\/wp-content\/uploads\/2025\/02\/descarga.jpg","contentUrl":"https:\/\/sanluisinforma.com\/wp-content\/uploads\/2025\/02\/descarga.jpg","width":480,"height":270},{"@type":"BreadcrumbList","@id":"https:\/\/sanluisinforma.com\/?p=10083#breadcrumb","itemListElement":[{"@type":"ListItem","position":1,"name":"Inicio","item":"https:\/\/sanluisinforma.com\/"},{"@type":"ListItem","position":2,"name":"El portavoz del Departamento de Defensa, John Ullyot, proporcion\u00f3 la siguiente informaci\u00f3n:"}]},{"@type":"WebSite","@id":"https:\/\/sanluisinforma.com\/#website","url":"https:\/\/sanluisinforma.com\/","name":"sanluisinforma.com","description":"Periodico San Luis Informa","publisher":{"@id":"https:\/\/sanluisinforma.com\/#organization"},"potentialAction":[{"@type":"SearchAction","target":{"@type":"EntryPoint","urlTemplate":"https:\/\/sanluisinforma.com\/?s={search_term_string}"},"query-input":{"@type":"PropertyValueSpecification","valueRequired":true,"valueName":"search_term_string"}}],"inLanguage":"es"},{"@type":"Organization","@id":"https:\/\/sanluisinforma.com\/#organization","name":"sanluisinforma.com","url":"https:\/\/sanluisinforma.com\/","logo":{"@type":"ImageObject","inLanguage":"es","@id":"https:\/\/sanluisinforma.com\/#\/schema\/logo\/image\/","url":"https:\/\/sanluisinforma.com\/wp-content\/uploads\/2026\/03\/sanluisinforma-V.jpg","contentUrl":"https:\/\/sanluisinforma.com\/wp-content\/uploads\/2026\/03\/sanluisinforma-V.jpg","width":500,"height":156,"caption":"sanluisinforma.com"},"image":{"@id":"https:\/\/sanluisinforma.com\/#\/schema\/logo\/image\/"}},{"@type":"Person","@id":"https:\/\/sanluisinforma.com\/#\/schema\/person\/c30648f71476be533b6f59d092905c8b","name":"sanluisinforma.com","image":{"@type":"ImageObject","inLanguage":"es","@id":"https:\/\/sanluisinforma.com\/#\/schema\/person\/image\/","url":"https:\/\/secure.gravatar.com\/avatar\/86e3114e34a1eecefb963e0a02f0093f93b092dddb2fe1517596343751081a87?s=96&d=mm&r=g","contentUrl":"https:\/\/secure.gravatar.com\/avatar\/86e3114e34a1eecefb963e0a02f0093f93b092dddb2fe1517596343751081a87?s=96&d=mm&r=g","caption":"sanluisinforma.com"},"url":"https:\/\/sanluisinforma.com\/?author=2"}]}},"_links":{"self":[{"href":"https:\/\/sanluisinforma.com\/index.php?rest_route=\/wp\/v2\/posts\/10083","targetHints":{"allow":["GET"]}}],"collection":[{"href":"https:\/\/sanluisinforma.com\/index.php?rest_route=\/wp\/v2\/posts"}],"about":[{"href":"https:\/\/sanluisinforma.com\/index.php?rest_route=\/wp\/v2\/types\/post"}],"author":[{"embeddable":true,"href":"https:\/\/sanluisinforma.com\/index.php?rest_route=\/wp\/v2\/users\/2"}],"replies":[{"embeddable":true,"href":"https:\/\/sanluisinforma.com\/index.php?rest_route=%2Fwp%2Fv2%2Fcomments&post=10083"}],"version-history":[{"count":1,"href":"https:\/\/sanluisinforma.com\/index.php?rest_route=\/wp\/v2\/posts\/10083\/revisions"}],"predecessor-version":[{"id":10085,"href":"https:\/\/sanluisinforma.com\/index.php?rest_route=\/wp\/v2\/posts\/10083\/revisions\/10085"}],"wp:featuredmedia":[{"embeddable":true,"href":"https:\/\/sanluisinforma.com\/index.php?rest_route=\/wp\/v2\/media\/10084"}],"wp:attachment":[{"href":"https:\/\/sanluisinforma.com\/index.php?rest_route=%2Fwp%2Fv2%2Fmedia&parent=10083"}],"wp:term":[{"taxonomy":"category","embeddable":true,"href":"https:\/\/sanluisinforma.com\/index.php?rest_route=%2Fwp%2Fv2%2Fcategories&post=10083"},{"taxonomy":"post_tag","embeddable":true,"href":"https:\/\/sanluisinforma.com\/index.php?rest_route=%2Fwp%2Fv2%2Ftags&post=10083"}],"curies":[{"name":"wp","href":"https:\/\/api.w.org\/{rel}","templated":true}]}}