{"id":10095,"date":"2025-02-03T00:50:00","date_gmt":"2025-02-03T06:50:00","guid":{"rendered":"https:\/\/sanluisinforma.com\/?p=10095"},"modified":"2025-02-02T18:12:12","modified_gmt":"2025-02-03T00:12:12","slug":"seguridad-a-espacios-publicos-en-la-juan-sarabia-anuncia-alcalde-galindo","status":"publish","type":"post","link":"https:\/\/sanluisinforma.com\/?p=10095","title":{"rendered":"Seguridad a espacios p\u00fablicos en la Juan Sarabia, anuncia Alcalde Galindo"},"content":{"rendered":"\n<ul class=\"wp-block-list\">\n<li><strong>En el Domingo de Pilas, como parte del programa Capital al 100, el Presidente Municipal Enrique Galindo instruy\u00f3 mejorar la iluminaci\u00f3n en la zona, para fortalecer la seguridad en los espacios sociales y seguir construyendo un San Luis Amable.<\/strong><\/li>\n<\/ul>\n\n\n\n<p><\/p>\n\n\n\n<p>El Alcalde Enrique Galindo Ceballos encabez\u00f3 el Domingo de Pilas en la colonia Juan Sarabia, donde reconoci\u00f3 la organizaci\u00f3n de los vecinos para mantener en buen estado su parque y reafirm\u00f3 el apoyo del Gobierno de la Capital para fortalecer la seguridad con nueva iluminaci\u00f3n. \u201cAqu\u00ed van a notar muy bien la diferencia con los reflectores, eso habla de seguridad. Vamos a hacer de esta zona una de las m\u00e1s seguras\u201d, asegur\u00f3.<\/p>\n\n\n\n<p>El Presidente Municipal Enrique Galindo encomend\u00f3 al Secretario de Seguridad y Protecci\u00f3n Ciudadana, Juan Antonio Villa, reforzar la vigilancia en la colonia y encarg\u00f3 a la Direcci\u00f3n de Servicios Municipales dejar el parque en \u00f3ptimas condiciones. \u201cNos comprometemos a dejarlo al 100, como dice nuestro lema, por un San Luis Amable\u201d, enfatiz\u00f3. Adem\u00e1s, para reconocer la participaci\u00f3n ciudadana, entreg\u00f3 boletos para el partido entre Atl\u00e9tico de San Luis y Pumas a ni\u00f1os y mujeres de la comunidad.<\/p>\n\n\n\n<p>El Alcalde destac\u00f3 la importancia del trabajo conjunto entre ciudadan\u00eda y Gobierno de la Capital para mejorar el entorno urbano y garantizar espacios seguros. Subray\u00f3 que continuar\u00e1 con acciones de rehabilitaci\u00f3n en canchas, rejas y alumbrado p\u00fablico, reafirmando su compromiso de hacer de cada colonia un espacio digno y seguro.<\/p>\n","protected":false},"excerpt":{"rendered":"<p>El Alcalde Enrique Galindo Ceballos encabez\u00f3 el Domingo de Pilas en la colonia Juan Sarabia, donde reconoci\u00f3 la organizaci\u00f3n de<\/p>\n","protected":false},"author":2,"featured_media":10096,"comment_status":"closed","ping_status":"closed","sticky":false,"template":"","format":"standard","meta":{"footnotes":""},"categories":[25,30],"tags":[],"class_list":["post-10095","post","type-post","status-publish","format-standard","has-post-thumbnail","hentry","category-local","category-portada"],"yoast_head":"<!-- This site is optimized with the Yoast SEO plugin v24.1 - https:\/\/yoast.com\/wordpress\/plugins\/seo\/ -->\n<title>Seguridad a espacios p\u00fablicos en la Juan Sarabia, anuncia Alcalde Galindo - sanluisinforma.com<\/title>\n<meta name=\"robots\" content=\"index, follow, max-snippet:-1, max-image-preview:large, max-video-preview:-1\" \/>\n<link rel=\"canonical\" href=\"https:\/\/sanluisinforma.com\/?p=10095\" \/>\n<meta property=\"og:locale\" content=\"es_MX\" \/>\n<meta property=\"og:type\" content=\"article\" \/>\n<meta property=\"og:title\" content=\"Seguridad a espacios p\u00fablicos en la Juan Sarabia, anuncia Alcalde Galindo - sanluisinforma.com\" \/>\n<meta property=\"og:description\" content=\"El Alcalde Enrique Galindo Ceballos encabez\u00f3 el Domingo de Pilas en la colonia Juan Sarabia, donde reconoci\u00f3 la organizaci\u00f3n de\" \/>\n<meta property=\"og:url\" content=\"https:\/\/sanluisinforma.com\/?p=10095\" \/>\n<meta property=\"og:site_name\" content=\"sanluisinforma.com\" \/>\n<meta property=\"article:published_time\" content=\"2025-02-03T06:50:00+00:00\" \/>\n<meta property=\"article:modified_time\" content=\"2025-02-03T00:12:12+00:00\" \/>\n<meta property=\"og:image\" content=\"https:\/\/sanluisinforma.com\/wp-content\/uploads\/2025\/02\/8416f44e-8279-47a8-8d42-7ec6bf22d685.jpg\" \/>\n\t<meta property=\"og:image:width\" content=\"480\" \/>\n\t<meta property=\"og:image:height\" content=\"319\" \/>\n\t<meta property=\"og:image:type\" content=\"image\/jpeg\" \/>\n<meta name=\"author\" content=\"sanluisinforma.com\" \/>\n<meta name=\"twitter:card\" content=\"summary_large_image\" \/>\n<meta name=\"twitter:label1\" content=\"Escrito por\" \/>\n\t<meta name=\"twitter:data1\" content=\"sanluisinforma.com\" \/>\n\t<meta name=\"twitter:label2\" content=\"Tiempo de lectura\" \/>\n\t<meta name=\"twitter:data2\" content=\"2 minutos\" \/>\n<script type=\"application\/ld+json\" class=\"yoast-schema-graph\">{\"@context\":\"https:\/\/schema.org\",\"@graph\":[{\"@type\":\"Article\",\"@id\":\"https:\/\/sanluisinforma.com\/?p=10095#article\",\"isPartOf\":{\"@id\":\"https:\/\/sanluisinforma.com\/?p=10095\"},\"author\":{\"name\":\"sanluisinforma.com\",\"@id\":\"https:\/\/sanluisinforma.com\/#\/schema\/person\/c30648f71476be533b6f59d092905c8b\"},\"headline\":\"Seguridad a espacios p\u00fablicos en la Juan Sarabia, anuncia Alcalde Galindo\",\"datePublished\":\"2025-02-03T06:50:00+00:00\",\"dateModified\":\"2025-02-03T00:12:12+00:00\",\"mainEntityOfPage\":{\"@id\":\"https:\/\/sanluisinforma.com\/?p=10095\"},\"wordCount\":261,\"publisher\":{\"@id\":\"https:\/\/sanluisinforma.com\/#organization\"},\"image\":{\"@id\":\"https:\/\/sanluisinforma.com\/?p=10095#primaryimage\"},\"thumbnailUrl\":\"https:\/\/sanluisinforma.com\/wp-content\/uploads\/2025\/02\/8416f44e-8279-47a8-8d42-7ec6bf22d685.jpg\",\"articleSection\":[\"Local\",\"Portada\"],\"inLanguage\":\"es\"},{\"@type\":\"WebPage\",\"@id\":\"https:\/\/sanluisinforma.com\/?p=10095\",\"url\":\"https:\/\/sanluisinforma.com\/?p=10095\",\"name\":\"Seguridad a espacios p\u00fablicos en la Juan Sarabia, anuncia Alcalde Galindo - sanluisinforma.com\",\"isPartOf\":{\"@id\":\"https:\/\/sanluisinforma.com\/#website\"},\"primaryImageOfPage\":{\"@id\":\"https:\/\/sanluisinforma.com\/?p=10095#primaryimage\"},\"image\":{\"@id\":\"https:\/\/sanluisinforma.com\/?p=10095#primaryimage\"},\"thumbnailUrl\":\"https:\/\/sanluisinforma.com\/wp-content\/uploads\/2025\/02\/8416f44e-8279-47a8-8d42-7ec6bf22d685.jpg\",\"datePublished\":\"2025-02-03T06:50:00+00:00\",\"dateModified\":\"2025-02-03T00:12:12+00:00\",\"breadcrumb\":{\"@id\":\"https:\/\/sanluisinforma.com\/?p=10095#breadcrumb\"},\"inLanguage\":\"es\",\"potentialAction\":[{\"@type\":\"ReadAction\",\"target\":[\"https:\/\/sanluisinforma.com\/?p=10095\"]}]},{\"@type\":\"ImageObject\",\"inLanguage\":\"es\",\"@id\":\"https:\/\/sanluisinforma.com\/?p=10095#primaryimage\",\"url\":\"https:\/\/sanluisinforma.com\/wp-content\/uploads\/2025\/02\/8416f44e-8279-47a8-8d42-7ec6bf22d685.jpg\",\"contentUrl\":\"https:\/\/sanluisinforma.com\/wp-content\/uploads\/2025\/02\/8416f44e-8279-47a8-8d42-7ec6bf22d685.jpg\",\"width\":480,\"height\":319},{\"@type\":\"BreadcrumbList\",\"@id\":\"https:\/\/sanluisinforma.com\/?p=10095#breadcrumb\",\"itemListElement\":[{\"@type\":\"ListItem\",\"position\":1,\"name\":\"Inicio\",\"item\":\"https:\/\/sanluisinforma.com\/\"},{\"@type\":\"ListItem\",\"position\":2,\"name\":\"Seguridad a espacios p\u00fablicos en la Juan Sarabia, anuncia Alcalde Galindo\"}]},{\"@type\":\"WebSite\",\"@id\":\"https:\/\/sanluisinforma.com\/#website\",\"url\":\"https:\/\/sanluisinforma.com\/\",\"name\":\"sanluisinforma.com\",\"description\":\"Periodico San Luis Informa\",\"publisher\":{\"@id\":\"https:\/\/sanluisinforma.com\/#organization\"},\"potentialAction\":[{\"@type\":\"SearchAction\",\"target\":{\"@type\":\"EntryPoint\",\"urlTemplate\":\"https:\/\/sanluisinforma.com\/?s={search_term_string}\"},\"query-input\":{\"@type\":\"PropertyValueSpecification\",\"valueRequired\":true,\"valueName\":\"search_term_string\"}}],\"inLanguage\":\"es\"},{\"@type\":\"Organization\",\"@id\":\"https:\/\/sanluisinforma.com\/#organization\",\"name\":\"sanluisinforma.com\",\"url\":\"https:\/\/sanluisinforma.com\/\",\"logo\":{\"@type\":\"ImageObject\",\"inLanguage\":\"es\",\"@id\":\"https:\/\/sanluisinforma.com\/#\/schema\/logo\/image\/\",\"url\":\"https:\/\/sanluisinforma.com\/wp-content\/uploads\/2026\/03\/sanluisinforma-V.jpg\",\"contentUrl\":\"https:\/\/sanluisinforma.com\/wp-content\/uploads\/2026\/03\/sanluisinforma-V.jpg\",\"width\":500,\"height\":156,\"caption\":\"sanluisinforma.com\"},\"image\":{\"@id\":\"https:\/\/sanluisinforma.com\/#\/schema\/logo\/image\/\"}},{\"@type\":\"Person\",\"@id\":\"https:\/\/sanluisinforma.com\/#\/schema\/person\/c30648f71476be533b6f59d092905c8b\",\"name\":\"sanluisinforma.com\",\"image\":{\"@type\":\"ImageObject\",\"inLanguage\":\"es\",\"@id\":\"https:\/\/sanluisinforma.com\/#\/schema\/person\/image\/\",\"url\":\"https:\/\/secure.gravatar.com\/avatar\/86e3114e34a1eecefb963e0a02f0093f93b092dddb2fe1517596343751081a87?s=96&d=mm&r=g\",\"contentUrl\":\"https:\/\/secure.gravatar.com\/avatar\/86e3114e34a1eecefb963e0a02f0093f93b092dddb2fe1517596343751081a87?s=96&d=mm&r=g\",\"caption\":\"sanluisinforma.com\"},\"url\":\"https:\/\/sanluisinforma.com\/?author=2\"}]}<\/script>\n<!-- \/ Yoast SEO plugin. -->","yoast_head_json":{"title":"Seguridad a espacios p\u00fablicos en la Juan Sarabia, anuncia Alcalde Galindo - sanluisinforma.com","robots":{"index":"index","follow":"follow","max-snippet":"max-snippet:-1","max-image-preview":"max-image-preview:large","max-video-preview":"max-video-preview:-1"},"canonical":"https:\/\/sanluisinforma.com\/?p=10095","og_locale":"es_MX","og_type":"article","og_title":"Seguridad a espacios p\u00fablicos en la Juan Sarabia, anuncia Alcalde Galindo - sanluisinforma.com","og_description":"El Alcalde Enrique Galindo Ceballos encabez\u00f3 el Domingo de Pilas en la colonia Juan Sarabia, donde reconoci\u00f3 la organizaci\u00f3n de","og_url":"https:\/\/sanluisinforma.com\/?p=10095","og_site_name":"sanluisinforma.com","article_published_time":"2025-02-03T06:50:00+00:00","article_modified_time":"2025-02-03T00:12:12+00:00","og_image":[{"width":480,"height":319,"url":"https:\/\/sanluisinforma.com\/wp-content\/uploads\/2025\/02\/8416f44e-8279-47a8-8d42-7ec6bf22d685.jpg","type":"image\/jpeg"}],"author":"sanluisinforma.com","twitter_card":"summary_large_image","twitter_misc":{"Escrito por":"sanluisinforma.com","Tiempo de lectura":"2 minutos"},"schema":{"@context":"https:\/\/schema.org","@graph":[{"@type":"Article","@id":"https:\/\/sanluisinforma.com\/?p=10095#article","isPartOf":{"@id":"https:\/\/sanluisinforma.com\/?p=10095"},"author":{"name":"sanluisinforma.com","@id":"https:\/\/sanluisinforma.com\/#\/schema\/person\/c30648f71476be533b6f59d092905c8b"},"headline":"Seguridad a espacios p\u00fablicos en la Juan Sarabia, anuncia Alcalde Galindo","datePublished":"2025-02-03T06:50:00+00:00","dateModified":"2025-02-03T00:12:12+00:00","mainEntityOfPage":{"@id":"https:\/\/sanluisinforma.com\/?p=10095"},"wordCount":261,"publisher":{"@id":"https:\/\/sanluisinforma.com\/#organization"},"image":{"@id":"https:\/\/sanluisinforma.com\/?p=10095#primaryimage"},"thumbnailUrl":"https:\/\/sanluisinforma.com\/wp-content\/uploads\/2025\/02\/8416f44e-8279-47a8-8d42-7ec6bf22d685.jpg","articleSection":["Local","Portada"],"inLanguage":"es"},{"@type":"WebPage","@id":"https:\/\/sanluisinforma.com\/?p=10095","url":"https:\/\/sanluisinforma.com\/?p=10095","name":"Seguridad a espacios p\u00fablicos en la Juan Sarabia, anuncia Alcalde Galindo - sanluisinforma.com","isPartOf":{"@id":"https:\/\/sanluisinforma.com\/#website"},"primaryImageOfPage":{"@id":"https:\/\/sanluisinforma.com\/?p=10095#primaryimage"},"image":{"@id":"https:\/\/sanluisinforma.com\/?p=10095#primaryimage"},"thumbnailUrl":"https:\/\/sanluisinforma.com\/wp-content\/uploads\/2025\/02\/8416f44e-8279-47a8-8d42-7ec6bf22d685.jpg","datePublished":"2025-02-03T06:50:00+00:00","dateModified":"2025-02-03T00:12:12+00:00","breadcrumb":{"@id":"https:\/\/sanluisinforma.com\/?p=10095#breadcrumb"},"inLanguage":"es","potentialAction":[{"@type":"ReadAction","target":["https:\/\/sanluisinforma.com\/?p=10095"]}]},{"@type":"ImageObject","inLanguage":"es","@id":"https:\/\/sanluisinforma.com\/?p=10095#primaryimage","url":"https:\/\/sanluisinforma.com\/wp-content\/uploads\/2025\/02\/8416f44e-8279-47a8-8d42-7ec6bf22d685.jpg","contentUrl":"https:\/\/sanluisinforma.com\/wp-content\/uploads\/2025\/02\/8416f44e-8279-47a8-8d42-7ec6bf22d685.jpg","width":480,"height":319},{"@type":"BreadcrumbList","@id":"https:\/\/sanluisinforma.com\/?p=10095#breadcrumb","itemListElement":[{"@type":"ListItem","position":1,"name":"Inicio","item":"https:\/\/sanluisinforma.com\/"},{"@type":"ListItem","position":2,"name":"Seguridad a espacios p\u00fablicos en la Juan Sarabia, anuncia Alcalde Galindo"}]},{"@type":"WebSite","@id":"https:\/\/sanluisinforma.com\/#website","url":"https:\/\/sanluisinforma.com\/","name":"sanluisinforma.com","description":"Periodico San Luis Informa","publisher":{"@id":"https:\/\/sanluisinforma.com\/#organization"},"potentialAction":[{"@type":"SearchAction","target":{"@type":"EntryPoint","urlTemplate":"https:\/\/sanluisinforma.com\/?s={search_term_string}"},"query-input":{"@type":"PropertyValueSpecification","valueRequired":true,"valueName":"search_term_string"}}],"inLanguage":"es"},{"@type":"Organization","@id":"https:\/\/sanluisinforma.com\/#organization","name":"sanluisinforma.com","url":"https:\/\/sanluisinforma.com\/","logo":{"@type":"ImageObject","inLanguage":"es","@id":"https:\/\/sanluisinforma.com\/#\/schema\/logo\/image\/","url":"https:\/\/sanluisinforma.com\/wp-content\/uploads\/2026\/03\/sanluisinforma-V.jpg","contentUrl":"https:\/\/sanluisinforma.com\/wp-content\/uploads\/2026\/03\/sanluisinforma-V.jpg","width":500,"height":156,"caption":"sanluisinforma.com"},"image":{"@id":"https:\/\/sanluisinforma.com\/#\/schema\/logo\/image\/"}},{"@type":"Person","@id":"https:\/\/sanluisinforma.com\/#\/schema\/person\/c30648f71476be533b6f59d092905c8b","name":"sanluisinforma.com","image":{"@type":"ImageObject","inLanguage":"es","@id":"https:\/\/sanluisinforma.com\/#\/schema\/person\/image\/","url":"https:\/\/secure.gravatar.com\/avatar\/86e3114e34a1eecefb963e0a02f0093f93b092dddb2fe1517596343751081a87?s=96&d=mm&r=g","contentUrl":"https:\/\/secure.gravatar.com\/avatar\/86e3114e34a1eecefb963e0a02f0093f93b092dddb2fe1517596343751081a87?s=96&d=mm&r=g","caption":"sanluisinforma.com"},"url":"https:\/\/sanluisinforma.com\/?author=2"}]}},"_links":{"self":[{"href":"https:\/\/sanluisinforma.com\/index.php?rest_route=\/wp\/v2\/posts\/10095","targetHints":{"allow":["GET"]}}],"collection":[{"href":"https:\/\/sanluisinforma.com\/index.php?rest_route=\/wp\/v2\/posts"}],"about":[{"href":"https:\/\/sanluisinforma.com\/index.php?rest_route=\/wp\/v2\/types\/post"}],"author":[{"embeddable":true,"href":"https:\/\/sanluisinforma.com\/index.php?rest_route=\/wp\/v2\/users\/2"}],"replies":[{"embeddable":true,"href":"https:\/\/sanluisinforma.com\/index.php?rest_route=%2Fwp%2Fv2%2Fcomments&post=10095"}],"version-history":[{"count":1,"href":"https:\/\/sanluisinforma.com\/index.php?rest_route=\/wp\/v2\/posts\/10095\/revisions"}],"predecessor-version":[{"id":10097,"href":"https:\/\/sanluisinforma.com\/index.php?rest_route=\/wp\/v2\/posts\/10095\/revisions\/10097"}],"wp:featuredmedia":[{"embeddable":true,"href":"https:\/\/sanluisinforma.com\/index.php?rest_route=\/wp\/v2\/media\/10096"}],"wp:attachment":[{"href":"https:\/\/sanluisinforma.com\/index.php?rest_route=%2Fwp%2Fv2%2Fmedia&parent=10095"}],"wp:term":[{"taxonomy":"category","embeddable":true,"href":"https:\/\/sanluisinforma.com\/index.php?rest_route=%2Fwp%2Fv2%2Fcategories&post=10095"},{"taxonomy":"post_tag","embeddable":true,"href":"https:\/\/sanluisinforma.com\/index.php?rest_route=%2Fwp%2Fv2%2Ftags&post=10095"}],"curies":[{"name":"wp","href":"https:\/\/api.w.org\/{rel}","templated":true}]}}