{"id":10117,"date":"2025-02-04T00:58:00","date_gmt":"2025-02-04T06:58:00","guid":{"rendered":"https:\/\/sanluisinforma.com\/?p=10117"},"modified":"2025-02-03T20:39:05","modified_gmt":"2025-02-04T02:39:05","slug":"ricardo-gallardo-respalda-decisiones-de-claudia-sheinbaum-ante-medidas-de-estados-unidos","status":"publish","type":"post","link":"https:\/\/sanluisinforma.com\/?p=10117","title":{"rendered":"Ricardo Gallardo respalda decisiones de Claudia Sheinbaum ante medidas de Estados Unidos"},"content":{"rendered":"\n<p><\/p>\n\n\n\n<p>El Gobernador de San Luis Potos\u00ed, Ricardo Gallardo Cardona reconoci\u00f3 y agradeci\u00f3 a la presidenta de M\u00e9xico Claudia Sehinbaum Pardo por lograr la suspensi\u00f3n provisional de los aranceles, que brinda tranquilidad y certeza a exportadores potosinos<\/p>\n\n\n\n<p>El Gobernador de San Luis Potos\u00ed, Ricardo Gallardo Cardona reconoci\u00f3 la entereza y la capacidad de di\u00e1logo de la presidenta de M\u00e9xico, Claudia Sheinbaum para defender la soberan\u00eda nacional y lograr acuerdos con el presidente de Estados Unidos, Donald Trump para evitar los aranceles a las exportaciones potosinas y mexicanas.<\/p>\n\n\n\n<p>Luego de que ambos mandatarios conversaran y lograran cuatro puntos de acuerdo para reforzar la frontera norte con 10 mil elementos de la Guardia Nacional y frenar el paso de drogas a Estados Unidos, quien a su vez se compromete a evitar el tr\u00e1fico de armas a nuestro pa\u00eds; reforzar los acuerdos bilaterales en seguridad y comercio, as\u00ed como pausar la implementaci\u00f3n de aranceles a productos mexicanos por un mes, el Ejecutivo Estatal manifest\u00f3 su total respaldo y el de su administraci\u00f3n a la presidenta.<\/p>\n\n\n\n<p>\u201cEn San Luis Potos\u00ed estamos combatiendo sin tregua el tr\u00e1fico de drogas y somos uno de los cinco estados con m\u00e1s investigaciones y detenciones por este delito, apoyando a la Federaci\u00f3n en su misi\u00f3n de que las drogas no lleguen a Estados Unidos\u201d, expres\u00f3 Gallardo Cardona.<\/p>\n\n\n\n<p>Reiter\u00f3 tambi\u00e9n su agradecimiento a la presidenta Sheinbaum Pardo por la defensa de los acuerdos comerciales previos a la llegada del presidente Trump, pues brinda certeza a empresas norteamericanas asentadas en nuestra Entidad como General Motors y m\u00e1s de 200 empresas de proveedur\u00eda que impulsan la econom\u00eda estatal.<\/p>\n\n\n\n<p>\u201cEstoy seguro que, con el apoyo de todas y todos los mexicanos al Gobierno del M\u00e9xico, daremos certeza a los cl\u00fasteres automotrices en territorio nacional, salvaguardando los empleos y las oportunidades de negocios de miles de mexicanos\u201d, precis\u00f3.<\/p>\n\n\n\n<p>Cabe destacar, que San Luis Potos\u00ed se encuentra entre los nueve estados de la Rep\u00fablica Mexicana con mayores exportaciones a Estados Unidos.<\/p>\n","protected":false},"excerpt":{"rendered":"<p>El Gobernador de San Luis Potos\u00ed, Ricardo Gallardo Cardona reconoci\u00f3 y agradeci\u00f3 a la presidenta de M\u00e9xico Claudia Sehinbaum Pardo<\/p>\n","protected":false},"author":2,"featured_media":10118,"comment_status":"closed","ping_status":"closed","sticky":false,"template":"","format":"standard","meta":{"footnotes":""},"categories":[25,30],"tags":[],"class_list":["post-10117","post","type-post","status-publish","format-standard","has-post-thumbnail","hentry","category-local","category-portada"],"yoast_head":"<!-- This site is optimized with the Yoast SEO plugin v24.1 - https:\/\/yoast.com\/wordpress\/plugins\/seo\/ -->\n<title>Ricardo Gallardo respalda decisiones de Claudia Sheinbaum ante medidas de Estados Unidos - sanluisinforma.com<\/title>\n<meta name=\"robots\" content=\"index, follow, max-snippet:-1, max-image-preview:large, max-video-preview:-1\" \/>\n<link rel=\"canonical\" href=\"https:\/\/sanluisinforma.com\/?p=10117\" \/>\n<meta property=\"og:locale\" content=\"es_MX\" \/>\n<meta property=\"og:type\" content=\"article\" \/>\n<meta property=\"og:title\" content=\"Ricardo Gallardo respalda decisiones de Claudia Sheinbaum ante medidas de Estados Unidos - sanluisinforma.com\" \/>\n<meta property=\"og:description\" content=\"El Gobernador de San Luis Potos\u00ed, Ricardo Gallardo Cardona reconoci\u00f3 y agradeci\u00f3 a la presidenta de M\u00e9xico Claudia Sehinbaum Pardo\" \/>\n<meta property=\"og:url\" content=\"https:\/\/sanluisinforma.com\/?p=10117\" \/>\n<meta property=\"og:site_name\" content=\"sanluisinforma.com\" \/>\n<meta property=\"article:published_time\" content=\"2025-02-04T06:58:00+00:00\" \/>\n<meta property=\"article:modified_time\" content=\"2025-02-04T02:39:05+00:00\" \/>\n<meta property=\"og:image\" content=\"https:\/\/sanluisinforma.com\/wp-content\/uploads\/2025\/02\/a1eefc8e-43c3-4289-9729-fce51ca1e176.jpg\" \/>\n\t<meta property=\"og:image:width\" content=\"336\" \/>\n\t<meta property=\"og:image:height\" content=\"387\" \/>\n\t<meta property=\"og:image:type\" content=\"image\/jpeg\" \/>\n<meta name=\"author\" content=\"sanluisinforma.com\" \/>\n<meta name=\"twitter:card\" content=\"summary_large_image\" \/>\n<meta name=\"twitter:label1\" content=\"Escrito por\" \/>\n\t<meta name=\"twitter:data1\" content=\"sanluisinforma.com\" \/>\n\t<meta name=\"twitter:label2\" content=\"Tiempo de lectura\" \/>\n\t<meta name=\"twitter:data2\" content=\"2 minutos\" \/>\n<script type=\"application\/ld+json\" class=\"yoast-schema-graph\">{\"@context\":\"https:\/\/schema.org\",\"@graph\":[{\"@type\":\"Article\",\"@id\":\"https:\/\/sanluisinforma.com\/?p=10117#article\",\"isPartOf\":{\"@id\":\"https:\/\/sanluisinforma.com\/?p=10117\"},\"author\":{\"name\":\"sanluisinforma.com\",\"@id\":\"https:\/\/sanluisinforma.com\/#\/schema\/person\/c30648f71476be533b6f59d092905c8b\"},\"headline\":\"Ricardo Gallardo respalda decisiones de Claudia Sheinbaum ante medidas de Estados Unidos\",\"datePublished\":\"2025-02-04T06:58:00+00:00\",\"dateModified\":\"2025-02-04T02:39:05+00:00\",\"mainEntityOfPage\":{\"@id\":\"https:\/\/sanluisinforma.com\/?p=10117\"},\"wordCount\":355,\"publisher\":{\"@id\":\"https:\/\/sanluisinforma.com\/#organization\"},\"image\":{\"@id\":\"https:\/\/sanluisinforma.com\/?p=10117#primaryimage\"},\"thumbnailUrl\":\"https:\/\/sanluisinforma.com\/wp-content\/uploads\/2025\/02\/a1eefc8e-43c3-4289-9729-fce51ca1e176.jpg\",\"articleSection\":[\"Local\",\"Portada\"],\"inLanguage\":\"es\"},{\"@type\":\"WebPage\",\"@id\":\"https:\/\/sanluisinforma.com\/?p=10117\",\"url\":\"https:\/\/sanluisinforma.com\/?p=10117\",\"name\":\"Ricardo Gallardo respalda decisiones de Claudia Sheinbaum ante medidas de Estados Unidos - sanluisinforma.com\",\"isPartOf\":{\"@id\":\"https:\/\/sanluisinforma.com\/#website\"},\"primaryImageOfPage\":{\"@id\":\"https:\/\/sanluisinforma.com\/?p=10117#primaryimage\"},\"image\":{\"@id\":\"https:\/\/sanluisinforma.com\/?p=10117#primaryimage\"},\"thumbnailUrl\":\"https:\/\/sanluisinforma.com\/wp-content\/uploads\/2025\/02\/a1eefc8e-43c3-4289-9729-fce51ca1e176.jpg\",\"datePublished\":\"2025-02-04T06:58:00+00:00\",\"dateModified\":\"2025-02-04T02:39:05+00:00\",\"breadcrumb\":{\"@id\":\"https:\/\/sanluisinforma.com\/?p=10117#breadcrumb\"},\"inLanguage\":\"es\",\"potentialAction\":[{\"@type\":\"ReadAction\",\"target\":[\"https:\/\/sanluisinforma.com\/?p=10117\"]}]},{\"@type\":\"ImageObject\",\"inLanguage\":\"es\",\"@id\":\"https:\/\/sanluisinforma.com\/?p=10117#primaryimage\",\"url\":\"https:\/\/sanluisinforma.com\/wp-content\/uploads\/2025\/02\/a1eefc8e-43c3-4289-9729-fce51ca1e176.jpg\",\"contentUrl\":\"https:\/\/sanluisinforma.com\/wp-content\/uploads\/2025\/02\/a1eefc8e-43c3-4289-9729-fce51ca1e176.jpg\",\"width\":336,\"height\":387},{\"@type\":\"BreadcrumbList\",\"@id\":\"https:\/\/sanluisinforma.com\/?p=10117#breadcrumb\",\"itemListElement\":[{\"@type\":\"ListItem\",\"position\":1,\"name\":\"Inicio\",\"item\":\"https:\/\/sanluisinforma.com\/\"},{\"@type\":\"ListItem\",\"position\":2,\"name\":\"Ricardo Gallardo respalda decisiones de Claudia Sheinbaum ante medidas de Estados Unidos\"}]},{\"@type\":\"WebSite\",\"@id\":\"https:\/\/sanluisinforma.com\/#website\",\"url\":\"https:\/\/sanluisinforma.com\/\",\"name\":\"sanluisinforma.com\",\"description\":\"Periodico San Luis Informa\",\"publisher\":{\"@id\":\"https:\/\/sanluisinforma.com\/#organization\"},\"potentialAction\":[{\"@type\":\"SearchAction\",\"target\":{\"@type\":\"EntryPoint\",\"urlTemplate\":\"https:\/\/sanluisinforma.com\/?s={search_term_string}\"},\"query-input\":{\"@type\":\"PropertyValueSpecification\",\"valueRequired\":true,\"valueName\":\"search_term_string\"}}],\"inLanguage\":\"es\"},{\"@type\":\"Organization\",\"@id\":\"https:\/\/sanluisinforma.com\/#organization\",\"name\":\"sanluisinforma.com\",\"url\":\"https:\/\/sanluisinforma.com\/\",\"logo\":{\"@type\":\"ImageObject\",\"inLanguage\":\"es\",\"@id\":\"https:\/\/sanluisinforma.com\/#\/schema\/logo\/image\/\",\"url\":\"https:\/\/sanluisinforma.com\/wp-content\/uploads\/2026\/03\/sanluisinforma-V.jpg\",\"contentUrl\":\"https:\/\/sanluisinforma.com\/wp-content\/uploads\/2026\/03\/sanluisinforma-V.jpg\",\"width\":500,\"height\":156,\"caption\":\"sanluisinforma.com\"},\"image\":{\"@id\":\"https:\/\/sanluisinforma.com\/#\/schema\/logo\/image\/\"}},{\"@type\":\"Person\",\"@id\":\"https:\/\/sanluisinforma.com\/#\/schema\/person\/c30648f71476be533b6f59d092905c8b\",\"name\":\"sanluisinforma.com\",\"image\":{\"@type\":\"ImageObject\",\"inLanguage\":\"es\",\"@id\":\"https:\/\/sanluisinforma.com\/#\/schema\/person\/image\/\",\"url\":\"https:\/\/secure.gravatar.com\/avatar\/86e3114e34a1eecefb963e0a02f0093f93b092dddb2fe1517596343751081a87?s=96&d=mm&r=g\",\"contentUrl\":\"https:\/\/secure.gravatar.com\/avatar\/86e3114e34a1eecefb963e0a02f0093f93b092dddb2fe1517596343751081a87?s=96&d=mm&r=g\",\"caption\":\"sanluisinforma.com\"},\"url\":\"https:\/\/sanluisinforma.com\/?author=2\"}]}<\/script>\n<!-- \/ Yoast SEO plugin. -->","yoast_head_json":{"title":"Ricardo Gallardo respalda decisiones de Claudia Sheinbaum ante medidas de Estados Unidos - sanluisinforma.com","robots":{"index":"index","follow":"follow","max-snippet":"max-snippet:-1","max-image-preview":"max-image-preview:large","max-video-preview":"max-video-preview:-1"},"canonical":"https:\/\/sanluisinforma.com\/?p=10117","og_locale":"es_MX","og_type":"article","og_title":"Ricardo Gallardo respalda decisiones de Claudia Sheinbaum ante medidas de Estados Unidos - sanluisinforma.com","og_description":"El Gobernador de San Luis Potos\u00ed, Ricardo Gallardo Cardona reconoci\u00f3 y agradeci\u00f3 a la presidenta de M\u00e9xico Claudia Sehinbaum Pardo","og_url":"https:\/\/sanluisinforma.com\/?p=10117","og_site_name":"sanluisinforma.com","article_published_time":"2025-02-04T06:58:00+00:00","article_modified_time":"2025-02-04T02:39:05+00:00","og_image":[{"width":336,"height":387,"url":"https:\/\/sanluisinforma.com\/wp-content\/uploads\/2025\/02\/a1eefc8e-43c3-4289-9729-fce51ca1e176.jpg","type":"image\/jpeg"}],"author":"sanluisinforma.com","twitter_card":"summary_large_image","twitter_misc":{"Escrito por":"sanluisinforma.com","Tiempo de lectura":"2 minutos"},"schema":{"@context":"https:\/\/schema.org","@graph":[{"@type":"Article","@id":"https:\/\/sanluisinforma.com\/?p=10117#article","isPartOf":{"@id":"https:\/\/sanluisinforma.com\/?p=10117"},"author":{"name":"sanluisinforma.com","@id":"https:\/\/sanluisinforma.com\/#\/schema\/person\/c30648f71476be533b6f59d092905c8b"},"headline":"Ricardo Gallardo respalda decisiones de Claudia Sheinbaum ante medidas de Estados Unidos","datePublished":"2025-02-04T06:58:00+00:00","dateModified":"2025-02-04T02:39:05+00:00","mainEntityOfPage":{"@id":"https:\/\/sanluisinforma.com\/?p=10117"},"wordCount":355,"publisher":{"@id":"https:\/\/sanluisinforma.com\/#organization"},"image":{"@id":"https:\/\/sanluisinforma.com\/?p=10117#primaryimage"},"thumbnailUrl":"https:\/\/sanluisinforma.com\/wp-content\/uploads\/2025\/02\/a1eefc8e-43c3-4289-9729-fce51ca1e176.jpg","articleSection":["Local","Portada"],"inLanguage":"es"},{"@type":"WebPage","@id":"https:\/\/sanluisinforma.com\/?p=10117","url":"https:\/\/sanluisinforma.com\/?p=10117","name":"Ricardo Gallardo respalda decisiones de Claudia Sheinbaum ante medidas de Estados Unidos - sanluisinforma.com","isPartOf":{"@id":"https:\/\/sanluisinforma.com\/#website"},"primaryImageOfPage":{"@id":"https:\/\/sanluisinforma.com\/?p=10117#primaryimage"},"image":{"@id":"https:\/\/sanluisinforma.com\/?p=10117#primaryimage"},"thumbnailUrl":"https:\/\/sanluisinforma.com\/wp-content\/uploads\/2025\/02\/a1eefc8e-43c3-4289-9729-fce51ca1e176.jpg","datePublished":"2025-02-04T06:58:00+00:00","dateModified":"2025-02-04T02:39:05+00:00","breadcrumb":{"@id":"https:\/\/sanluisinforma.com\/?p=10117#breadcrumb"},"inLanguage":"es","potentialAction":[{"@type":"ReadAction","target":["https:\/\/sanluisinforma.com\/?p=10117"]}]},{"@type":"ImageObject","inLanguage":"es","@id":"https:\/\/sanluisinforma.com\/?p=10117#primaryimage","url":"https:\/\/sanluisinforma.com\/wp-content\/uploads\/2025\/02\/a1eefc8e-43c3-4289-9729-fce51ca1e176.jpg","contentUrl":"https:\/\/sanluisinforma.com\/wp-content\/uploads\/2025\/02\/a1eefc8e-43c3-4289-9729-fce51ca1e176.jpg","width":336,"height":387},{"@type":"BreadcrumbList","@id":"https:\/\/sanluisinforma.com\/?p=10117#breadcrumb","itemListElement":[{"@type":"ListItem","position":1,"name":"Inicio","item":"https:\/\/sanluisinforma.com\/"},{"@type":"ListItem","position":2,"name":"Ricardo Gallardo respalda decisiones de Claudia Sheinbaum ante medidas de Estados Unidos"}]},{"@type":"WebSite","@id":"https:\/\/sanluisinforma.com\/#website","url":"https:\/\/sanluisinforma.com\/","name":"sanluisinforma.com","description":"Periodico San Luis Informa","publisher":{"@id":"https:\/\/sanluisinforma.com\/#organization"},"potentialAction":[{"@type":"SearchAction","target":{"@type":"EntryPoint","urlTemplate":"https:\/\/sanluisinforma.com\/?s={search_term_string}"},"query-input":{"@type":"PropertyValueSpecification","valueRequired":true,"valueName":"search_term_string"}}],"inLanguage":"es"},{"@type":"Organization","@id":"https:\/\/sanluisinforma.com\/#organization","name":"sanluisinforma.com","url":"https:\/\/sanluisinforma.com\/","logo":{"@type":"ImageObject","inLanguage":"es","@id":"https:\/\/sanluisinforma.com\/#\/schema\/logo\/image\/","url":"https:\/\/sanluisinforma.com\/wp-content\/uploads\/2026\/03\/sanluisinforma-V.jpg","contentUrl":"https:\/\/sanluisinforma.com\/wp-content\/uploads\/2026\/03\/sanluisinforma-V.jpg","width":500,"height":156,"caption":"sanluisinforma.com"},"image":{"@id":"https:\/\/sanluisinforma.com\/#\/schema\/logo\/image\/"}},{"@type":"Person","@id":"https:\/\/sanluisinforma.com\/#\/schema\/person\/c30648f71476be533b6f59d092905c8b","name":"sanluisinforma.com","image":{"@type":"ImageObject","inLanguage":"es","@id":"https:\/\/sanluisinforma.com\/#\/schema\/person\/image\/","url":"https:\/\/secure.gravatar.com\/avatar\/86e3114e34a1eecefb963e0a02f0093f93b092dddb2fe1517596343751081a87?s=96&d=mm&r=g","contentUrl":"https:\/\/secure.gravatar.com\/avatar\/86e3114e34a1eecefb963e0a02f0093f93b092dddb2fe1517596343751081a87?s=96&d=mm&r=g","caption":"sanluisinforma.com"},"url":"https:\/\/sanluisinforma.com\/?author=2"}]}},"_links":{"self":[{"href":"https:\/\/sanluisinforma.com\/index.php?rest_route=\/wp\/v2\/posts\/10117","targetHints":{"allow":["GET"]}}],"collection":[{"href":"https:\/\/sanluisinforma.com\/index.php?rest_route=\/wp\/v2\/posts"}],"about":[{"href":"https:\/\/sanluisinforma.com\/index.php?rest_route=\/wp\/v2\/types\/post"}],"author":[{"embeddable":true,"href":"https:\/\/sanluisinforma.com\/index.php?rest_route=\/wp\/v2\/users\/2"}],"replies":[{"embeddable":true,"href":"https:\/\/sanluisinforma.com\/index.php?rest_route=%2Fwp%2Fv2%2Fcomments&post=10117"}],"version-history":[{"count":1,"href":"https:\/\/sanluisinforma.com\/index.php?rest_route=\/wp\/v2\/posts\/10117\/revisions"}],"predecessor-version":[{"id":10119,"href":"https:\/\/sanluisinforma.com\/index.php?rest_route=\/wp\/v2\/posts\/10117\/revisions\/10119"}],"wp:featuredmedia":[{"embeddable":true,"href":"https:\/\/sanluisinforma.com\/index.php?rest_route=\/wp\/v2\/media\/10118"}],"wp:attachment":[{"href":"https:\/\/sanluisinforma.com\/index.php?rest_route=%2Fwp%2Fv2%2Fmedia&parent=10117"}],"wp:term":[{"taxonomy":"category","embeddable":true,"href":"https:\/\/sanluisinforma.com\/index.php?rest_route=%2Fwp%2Fv2%2Fcategories&post=10117"},{"taxonomy":"post_tag","embeddable":true,"href":"https:\/\/sanluisinforma.com\/index.php?rest_route=%2Fwp%2Fv2%2Ftags&post=10117"}],"curies":[{"name":"wp","href":"https:\/\/api.w.org\/{rel}","templated":true}]}}