{"id":10129,"date":"2025-02-04T00:45:00","date_gmt":"2025-02-04T06:45:00","guid":{"rendered":"https:\/\/sanluisinforma.com\/?p=10129"},"modified":"2025-02-03T21:17:51","modified_gmt":"2025-02-04T03:17:51","slug":"hoy-pasamos-del-rechazo-a-la-dignificacion-de-las-y-los-jovenes-presidenta-claudia-sheinbaum","status":"publish","type":"post","link":"https:\/\/sanluisinforma.com\/?p=10129","title":{"rendered":"\u00a0Hoy pasamos del rechazo a la dignificaci\u00f3n de las y los j\u00f3venes: Presidenta Claudia Sheinbaum"},"content":{"rendered":"\n<p>* Derivado de la eliminaci\u00f3n del examen COMIPEMS, la convocatoria para que las y los estudiantes de tercero de secundaria ingresen a alguna de las instituciones de educaci\u00f3n media superior se abrir\u00e1 el pr\u00f3ximo 14 de febrero<\/p>\n\n\n\n<p>* Como se establece en sus reglamentos internos la UNAM y el IPN realizar\u00e1 un examen de ingreso a sus planteles de bachillerato, ser\u00e1 en l\u00ednea y se utilizar\u00e1 IA<\/p>\n\n\n\n<p>* \u201cReiteramos nuestro apoyo a la Presidenta de la Rep\u00fablica en la defensa de la soberan\u00eda del pa\u00eds, destac\u00f3 el rector de la UNAM<\/p>\n\n\n\n<p>Durante la conformaci\u00f3n del Consejo Acad\u00e9mico para la Transformaci\u00f3n de la Educaci\u00f3n Tecnol\u00f3gica Media Superior, la Presidenta de M\u00e9xico, Claudia Sheinbaum Pardo destac\u00f3 que con la eliminaci\u00f3n del examen de la Comisi\u00f3n Metropolitana de Instituciones P\u00fablicas de Educaci\u00f3n Media Superior (COMIPEMS), as\u00ed como la conformaci\u00f3n de una sola plataforma para la asignaci\u00f3n de los lugares en la preparatorias de la Zona Metropolitana del Valle de M\u00e9xico, se dignifica a las y los j\u00f3venes quienes a partir de ahora tendr\u00e1n un espacio para estudiar el bachillerato.<\/p>\n\n\n\n<p>\u201cDe aquella \u00e9poca en la que luch\u00e1bamos en contra de la exclusi\u00f3n, en contra de que se viera a la educaci\u00f3n como un privilegio, pues el d\u00eda de hoy pasamos del rechazo a la inclusi\u00f3n; del abandono a la significaci\u00f3n de las y los j\u00f3venes; y del privilegio al derecho a la educaci\u00f3n\u201d, destac\u00f3 durante el evento \u201cBachillerato Nacional para todas y todos, \u00a1Mi derecho, mi lugar!\u201d.<\/p>\n\n\n\n<p>El Consejo Acad\u00e9mico para la Transformaci\u00f3n de la Educaci\u00f3n Tecnol\u00f3gica Media Superior, cuenta con la adhesi\u00f3n de instituciones ac\u00e1demicas como: la&nbsp; Universidad Nacional Aut\u00f3noma de M\u00e9xico (UNAM), el Instituto Polit\u00e9cnico Nacional (IPN), la Universidad Aut\u00f3noma Metropolitana (UAM); la Universidad Aut\u00f3noma del Estado de M\u00e9xico (UAEM\u00e9x) y la Asociaci\u00f3n Nacional de Universidades e Instituciones de Educaci\u00f3n Superior (ANUIES), con el objetivo de hacer el acceso a la educaci\u00f3n media superior a\u00fan m\u00e1s incluyente.<\/p>\n\n\n\n<p>\u201cEl d\u00eda de hoy estamos en este gran acuerdo, me da much\u00edsimo gusto, no solo es el acuerdo, sino que tenemos que seguir trabajando para este proceso de inclusi\u00f3n y finalmente de la construcci\u00f3n del derecho a la educaci\u00f3n\u201d, destac\u00f3.<\/p>\n\n\n\n<p>La subsecretaria de Educaci\u00f3n Superior, Tania Rodr\u00edguez Mora, inform\u00f3 que a partir del pr\u00f3ximo 14 de febrero se publicar\u00e1 una convocatoria para las y los estudiantes de tercero de secundaria, con el objetivo de que puedan acceder a alguno de los planteles de educaci\u00f3n media superior, mientras que por sus reglamentos internos, el IPN y la UNAM continuar\u00e1n realizando un examen de admisi\u00f3n, que se realizar\u00e1 de manera conjunta; en l\u00ednea y con uso de la inteligencia artificial.<\/p>\n\n\n\n<p>Por su parte, el rector de la UNAM, Leonardo Lomel\u00ed Vanegas, reiter\u00f3 su solidaridad y respaldo a la Presidenta en las decisiones que tome en el di\u00e1logo con Estados Unidos y la defensa de las y los migrantes mexicanos que viven all\u00e1.<\/p>\n\n\n\n<p>\u201cReiteramos nuestro apoyo a la Presidenta de la Rep\u00fablica en la defensa de la soberan\u00eda del pa\u00eds, de los derechos y la dignidad de las y los migrantes mexicanos y de los intereses nacionales. La Universidad Nacional apoyar\u00e1 todas las iniciativas del Gobierno de la Rep\u00fablica y de la sociedad mexicana que permitan superar estos desaf\u00edos de los que, estoy plenamente convencido, que saldremos fortalecidos\u201d, expres\u00f3.<\/p>\n","protected":false},"excerpt":{"rendered":"<p>* Derivado de la eliminaci\u00f3n del examen COMIPEMS, la convocatoria para que las y los estudiantes de tercero de secundaria<\/p>\n","protected":false},"author":2,"featured_media":10130,"comment_status":"closed","ping_status":"closed","sticky":false,"template":"","format":"standard","meta":{"footnotes":""},"categories":[25,26],"tags":[],"class_list":["post-10129","post","type-post","status-publish","format-standard","has-post-thumbnail","hentry","category-local","category-nacional"],"yoast_head":"<!-- This site is optimized with the Yoast SEO plugin v24.1 - https:\/\/yoast.com\/wordpress\/plugins\/seo\/ -->\n<title>\u00a0Hoy pasamos del rechazo a la dignificaci\u00f3n de las y los j\u00f3venes: Presidenta Claudia Sheinbaum - sanluisinforma.com<\/title>\n<meta name=\"robots\" content=\"index, follow, max-snippet:-1, max-image-preview:large, max-video-preview:-1\" \/>\n<link rel=\"canonical\" href=\"https:\/\/sanluisinforma.com\/?p=10129\" \/>\n<meta property=\"og:locale\" content=\"es_MX\" \/>\n<meta property=\"og:type\" content=\"article\" \/>\n<meta property=\"og:title\" content=\"\u00a0Hoy pasamos del rechazo a la dignificaci\u00f3n de las y los j\u00f3venes: Presidenta Claudia Sheinbaum - sanluisinforma.com\" \/>\n<meta property=\"og:description\" content=\"* Derivado de la eliminaci\u00f3n del examen COMIPEMS, la convocatoria para que las y los estudiantes de tercero de secundaria\" \/>\n<meta property=\"og:url\" content=\"https:\/\/sanluisinforma.com\/?p=10129\" \/>\n<meta property=\"og:site_name\" content=\"sanluisinforma.com\" \/>\n<meta property=\"article:published_time\" content=\"2025-02-04T06:45:00+00:00\" \/>\n<meta property=\"article:modified_time\" content=\"2025-02-04T03:17:51+00:00\" \/>\n<meta property=\"og:image\" content=\"https:\/\/sanluisinforma.com\/wp-content\/uploads\/2025\/02\/6eb910b6-89fd-4ea1-b426-315c6f199e8b.jpg\" \/>\n\t<meta property=\"og:image:width\" content=\"480\" \/>\n\t<meta property=\"og:image:height\" content=\"319\" \/>\n\t<meta property=\"og:image:type\" content=\"image\/jpeg\" \/>\n<meta name=\"author\" content=\"sanluisinforma.com\" \/>\n<meta name=\"twitter:card\" content=\"summary_large_image\" \/>\n<meta name=\"twitter:label1\" content=\"Escrito por\" \/>\n\t<meta name=\"twitter:data1\" content=\"sanluisinforma.com\" \/>\n\t<meta name=\"twitter:label2\" content=\"Tiempo de lectura\" \/>\n\t<meta name=\"twitter:data2\" content=\"3 minutos\" \/>\n<script type=\"application\/ld+json\" class=\"yoast-schema-graph\">{\"@context\":\"https:\/\/schema.org\",\"@graph\":[{\"@type\":\"Article\",\"@id\":\"https:\/\/sanluisinforma.com\/?p=10129#article\",\"isPartOf\":{\"@id\":\"https:\/\/sanluisinforma.com\/?p=10129\"},\"author\":{\"name\":\"sanluisinforma.com\",\"@id\":\"https:\/\/sanluisinforma.com\/#\/schema\/person\/c30648f71476be533b6f59d092905c8b\"},\"headline\":\"\u00a0Hoy pasamos del rechazo a la dignificaci\u00f3n de las y los j\u00f3venes: Presidenta Claudia Sheinbaum\",\"datePublished\":\"2025-02-04T06:45:00+00:00\",\"dateModified\":\"2025-02-04T03:17:51+00:00\",\"mainEntityOfPage\":{\"@id\":\"https:\/\/sanluisinforma.com\/?p=10129\"},\"wordCount\":620,\"publisher\":{\"@id\":\"https:\/\/sanluisinforma.com\/#organization\"},\"image\":{\"@id\":\"https:\/\/sanluisinforma.com\/?p=10129#primaryimage\"},\"thumbnailUrl\":\"https:\/\/sanluisinforma.com\/wp-content\/uploads\/2025\/02\/6eb910b6-89fd-4ea1-b426-315c6f199e8b.jpg\",\"articleSection\":[\"Local\",\"Nacional\"],\"inLanguage\":\"es\"},{\"@type\":\"WebPage\",\"@id\":\"https:\/\/sanluisinforma.com\/?p=10129\",\"url\":\"https:\/\/sanluisinforma.com\/?p=10129\",\"name\":\"\u00a0Hoy pasamos del rechazo a la dignificaci\u00f3n de las y los j\u00f3venes: Presidenta Claudia Sheinbaum - sanluisinforma.com\",\"isPartOf\":{\"@id\":\"https:\/\/sanluisinforma.com\/#website\"},\"primaryImageOfPage\":{\"@id\":\"https:\/\/sanluisinforma.com\/?p=10129#primaryimage\"},\"image\":{\"@id\":\"https:\/\/sanluisinforma.com\/?p=10129#primaryimage\"},\"thumbnailUrl\":\"https:\/\/sanluisinforma.com\/wp-content\/uploads\/2025\/02\/6eb910b6-89fd-4ea1-b426-315c6f199e8b.jpg\",\"datePublished\":\"2025-02-04T06:45:00+00:00\",\"dateModified\":\"2025-02-04T03:17:51+00:00\",\"breadcrumb\":{\"@id\":\"https:\/\/sanluisinforma.com\/?p=10129#breadcrumb\"},\"inLanguage\":\"es\",\"potentialAction\":[{\"@type\":\"ReadAction\",\"target\":[\"https:\/\/sanluisinforma.com\/?p=10129\"]}]},{\"@type\":\"ImageObject\",\"inLanguage\":\"es\",\"@id\":\"https:\/\/sanluisinforma.com\/?p=10129#primaryimage\",\"url\":\"https:\/\/sanluisinforma.com\/wp-content\/uploads\/2025\/02\/6eb910b6-89fd-4ea1-b426-315c6f199e8b.jpg\",\"contentUrl\":\"https:\/\/sanluisinforma.com\/wp-content\/uploads\/2025\/02\/6eb910b6-89fd-4ea1-b426-315c6f199e8b.jpg\",\"width\":480,\"height\":319},{\"@type\":\"BreadcrumbList\",\"@id\":\"https:\/\/sanluisinforma.com\/?p=10129#breadcrumb\",\"itemListElement\":[{\"@type\":\"ListItem\",\"position\":1,\"name\":\"Inicio\",\"item\":\"https:\/\/sanluisinforma.com\/\"},{\"@type\":\"ListItem\",\"position\":2,\"name\":\"\u00a0Hoy pasamos del rechazo a la dignificaci\u00f3n de las y los j\u00f3venes: Presidenta Claudia Sheinbaum\"}]},{\"@type\":\"WebSite\",\"@id\":\"https:\/\/sanluisinforma.com\/#website\",\"url\":\"https:\/\/sanluisinforma.com\/\",\"name\":\"sanluisinforma.com\",\"description\":\"Periodico San Luis Informa\",\"publisher\":{\"@id\":\"https:\/\/sanluisinforma.com\/#organization\"},\"potentialAction\":[{\"@type\":\"SearchAction\",\"target\":{\"@type\":\"EntryPoint\",\"urlTemplate\":\"https:\/\/sanluisinforma.com\/?s={search_term_string}\"},\"query-input\":{\"@type\":\"PropertyValueSpecification\",\"valueRequired\":true,\"valueName\":\"search_term_string\"}}],\"inLanguage\":\"es\"},{\"@type\":\"Organization\",\"@id\":\"https:\/\/sanluisinforma.com\/#organization\",\"name\":\"sanluisinforma.com\",\"url\":\"https:\/\/sanluisinforma.com\/\",\"logo\":{\"@type\":\"ImageObject\",\"inLanguage\":\"es\",\"@id\":\"https:\/\/sanluisinforma.com\/#\/schema\/logo\/image\/\",\"url\":\"https:\/\/sanluisinforma.com\/wp-content\/uploads\/2026\/03\/sanluisinforma-V.jpg\",\"contentUrl\":\"https:\/\/sanluisinforma.com\/wp-content\/uploads\/2026\/03\/sanluisinforma-V.jpg\",\"width\":500,\"height\":156,\"caption\":\"sanluisinforma.com\"},\"image\":{\"@id\":\"https:\/\/sanluisinforma.com\/#\/schema\/logo\/image\/\"}},{\"@type\":\"Person\",\"@id\":\"https:\/\/sanluisinforma.com\/#\/schema\/person\/c30648f71476be533b6f59d092905c8b\",\"name\":\"sanluisinforma.com\",\"image\":{\"@type\":\"ImageObject\",\"inLanguage\":\"es\",\"@id\":\"https:\/\/sanluisinforma.com\/#\/schema\/person\/image\/\",\"url\":\"https:\/\/secure.gravatar.com\/avatar\/86e3114e34a1eecefb963e0a02f0093f93b092dddb2fe1517596343751081a87?s=96&d=mm&r=g\",\"contentUrl\":\"https:\/\/secure.gravatar.com\/avatar\/86e3114e34a1eecefb963e0a02f0093f93b092dddb2fe1517596343751081a87?s=96&d=mm&r=g\",\"caption\":\"sanluisinforma.com\"},\"url\":\"https:\/\/sanluisinforma.com\/?author=2\"}]}<\/script>\n<!-- \/ Yoast SEO plugin. -->","yoast_head_json":{"title":"\u00a0Hoy pasamos del rechazo a la dignificaci\u00f3n de las y los j\u00f3venes: Presidenta Claudia Sheinbaum - sanluisinforma.com","robots":{"index":"index","follow":"follow","max-snippet":"max-snippet:-1","max-image-preview":"max-image-preview:large","max-video-preview":"max-video-preview:-1"},"canonical":"https:\/\/sanluisinforma.com\/?p=10129","og_locale":"es_MX","og_type":"article","og_title":"\u00a0Hoy pasamos del rechazo a la dignificaci\u00f3n de las y los j\u00f3venes: Presidenta Claudia Sheinbaum - sanluisinforma.com","og_description":"* Derivado de la eliminaci\u00f3n del examen COMIPEMS, la convocatoria para que las y los estudiantes de tercero de secundaria","og_url":"https:\/\/sanluisinforma.com\/?p=10129","og_site_name":"sanluisinforma.com","article_published_time":"2025-02-04T06:45:00+00:00","article_modified_time":"2025-02-04T03:17:51+00:00","og_image":[{"width":480,"height":319,"url":"https:\/\/sanluisinforma.com\/wp-content\/uploads\/2025\/02\/6eb910b6-89fd-4ea1-b426-315c6f199e8b.jpg","type":"image\/jpeg"}],"author":"sanluisinforma.com","twitter_card":"summary_large_image","twitter_misc":{"Escrito por":"sanluisinforma.com","Tiempo de lectura":"3 minutos"},"schema":{"@context":"https:\/\/schema.org","@graph":[{"@type":"Article","@id":"https:\/\/sanluisinforma.com\/?p=10129#article","isPartOf":{"@id":"https:\/\/sanluisinforma.com\/?p=10129"},"author":{"name":"sanluisinforma.com","@id":"https:\/\/sanluisinforma.com\/#\/schema\/person\/c30648f71476be533b6f59d092905c8b"},"headline":"\u00a0Hoy pasamos del rechazo a la dignificaci\u00f3n de las y los j\u00f3venes: Presidenta Claudia Sheinbaum","datePublished":"2025-02-04T06:45:00+00:00","dateModified":"2025-02-04T03:17:51+00:00","mainEntityOfPage":{"@id":"https:\/\/sanluisinforma.com\/?p=10129"},"wordCount":620,"publisher":{"@id":"https:\/\/sanluisinforma.com\/#organization"},"image":{"@id":"https:\/\/sanluisinforma.com\/?p=10129#primaryimage"},"thumbnailUrl":"https:\/\/sanluisinforma.com\/wp-content\/uploads\/2025\/02\/6eb910b6-89fd-4ea1-b426-315c6f199e8b.jpg","articleSection":["Local","Nacional"],"inLanguage":"es"},{"@type":"WebPage","@id":"https:\/\/sanluisinforma.com\/?p=10129","url":"https:\/\/sanluisinforma.com\/?p=10129","name":"\u00a0Hoy pasamos del rechazo a la dignificaci\u00f3n de las y los j\u00f3venes: Presidenta Claudia Sheinbaum - sanluisinforma.com","isPartOf":{"@id":"https:\/\/sanluisinforma.com\/#website"},"primaryImageOfPage":{"@id":"https:\/\/sanluisinforma.com\/?p=10129#primaryimage"},"image":{"@id":"https:\/\/sanluisinforma.com\/?p=10129#primaryimage"},"thumbnailUrl":"https:\/\/sanluisinforma.com\/wp-content\/uploads\/2025\/02\/6eb910b6-89fd-4ea1-b426-315c6f199e8b.jpg","datePublished":"2025-02-04T06:45:00+00:00","dateModified":"2025-02-04T03:17:51+00:00","breadcrumb":{"@id":"https:\/\/sanluisinforma.com\/?p=10129#breadcrumb"},"inLanguage":"es","potentialAction":[{"@type":"ReadAction","target":["https:\/\/sanluisinforma.com\/?p=10129"]}]},{"@type":"ImageObject","inLanguage":"es","@id":"https:\/\/sanluisinforma.com\/?p=10129#primaryimage","url":"https:\/\/sanluisinforma.com\/wp-content\/uploads\/2025\/02\/6eb910b6-89fd-4ea1-b426-315c6f199e8b.jpg","contentUrl":"https:\/\/sanluisinforma.com\/wp-content\/uploads\/2025\/02\/6eb910b6-89fd-4ea1-b426-315c6f199e8b.jpg","width":480,"height":319},{"@type":"BreadcrumbList","@id":"https:\/\/sanluisinforma.com\/?p=10129#breadcrumb","itemListElement":[{"@type":"ListItem","position":1,"name":"Inicio","item":"https:\/\/sanluisinforma.com\/"},{"@type":"ListItem","position":2,"name":"\u00a0Hoy pasamos del rechazo a la dignificaci\u00f3n de las y los j\u00f3venes: Presidenta Claudia Sheinbaum"}]},{"@type":"WebSite","@id":"https:\/\/sanluisinforma.com\/#website","url":"https:\/\/sanluisinforma.com\/","name":"sanluisinforma.com","description":"Periodico San Luis Informa","publisher":{"@id":"https:\/\/sanluisinforma.com\/#organization"},"potentialAction":[{"@type":"SearchAction","target":{"@type":"EntryPoint","urlTemplate":"https:\/\/sanluisinforma.com\/?s={search_term_string}"},"query-input":{"@type":"PropertyValueSpecification","valueRequired":true,"valueName":"search_term_string"}}],"inLanguage":"es"},{"@type":"Organization","@id":"https:\/\/sanluisinforma.com\/#organization","name":"sanluisinforma.com","url":"https:\/\/sanluisinforma.com\/","logo":{"@type":"ImageObject","inLanguage":"es","@id":"https:\/\/sanluisinforma.com\/#\/schema\/logo\/image\/","url":"https:\/\/sanluisinforma.com\/wp-content\/uploads\/2026\/03\/sanluisinforma-V.jpg","contentUrl":"https:\/\/sanluisinforma.com\/wp-content\/uploads\/2026\/03\/sanluisinforma-V.jpg","width":500,"height":156,"caption":"sanluisinforma.com"},"image":{"@id":"https:\/\/sanluisinforma.com\/#\/schema\/logo\/image\/"}},{"@type":"Person","@id":"https:\/\/sanluisinforma.com\/#\/schema\/person\/c30648f71476be533b6f59d092905c8b","name":"sanluisinforma.com","image":{"@type":"ImageObject","inLanguage":"es","@id":"https:\/\/sanluisinforma.com\/#\/schema\/person\/image\/","url":"https:\/\/secure.gravatar.com\/avatar\/86e3114e34a1eecefb963e0a02f0093f93b092dddb2fe1517596343751081a87?s=96&d=mm&r=g","contentUrl":"https:\/\/secure.gravatar.com\/avatar\/86e3114e34a1eecefb963e0a02f0093f93b092dddb2fe1517596343751081a87?s=96&d=mm&r=g","caption":"sanluisinforma.com"},"url":"https:\/\/sanluisinforma.com\/?author=2"}]}},"_links":{"self":[{"href":"https:\/\/sanluisinforma.com\/index.php?rest_route=\/wp\/v2\/posts\/10129","targetHints":{"allow":["GET"]}}],"collection":[{"href":"https:\/\/sanluisinforma.com\/index.php?rest_route=\/wp\/v2\/posts"}],"about":[{"href":"https:\/\/sanluisinforma.com\/index.php?rest_route=\/wp\/v2\/types\/post"}],"author":[{"embeddable":true,"href":"https:\/\/sanluisinforma.com\/index.php?rest_route=\/wp\/v2\/users\/2"}],"replies":[{"embeddable":true,"href":"https:\/\/sanluisinforma.com\/index.php?rest_route=%2Fwp%2Fv2%2Fcomments&post=10129"}],"version-history":[{"count":1,"href":"https:\/\/sanluisinforma.com\/index.php?rest_route=\/wp\/v2\/posts\/10129\/revisions"}],"predecessor-version":[{"id":10131,"href":"https:\/\/sanluisinforma.com\/index.php?rest_route=\/wp\/v2\/posts\/10129\/revisions\/10131"}],"wp:featuredmedia":[{"embeddable":true,"href":"https:\/\/sanluisinforma.com\/index.php?rest_route=\/wp\/v2\/media\/10130"}],"wp:attachment":[{"href":"https:\/\/sanluisinforma.com\/index.php?rest_route=%2Fwp%2Fv2%2Fmedia&parent=10129"}],"wp:term":[{"taxonomy":"category","embeddable":true,"href":"https:\/\/sanluisinforma.com\/index.php?rest_route=%2Fwp%2Fv2%2Fcategories&post=10129"},{"taxonomy":"post_tag","embeddable":true,"href":"https:\/\/sanluisinforma.com\/index.php?rest_route=%2Fwp%2Fv2%2Ftags&post=10129"}],"curies":[{"name":"wp","href":"https:\/\/api.w.org\/{rel}","templated":true}]}}