{"id":10141,"date":"2025-02-05T00:45:00","date_gmt":"2025-02-05T06:45:00","guid":{"rendered":"https:\/\/sanluisinforma.com\/?p=10141"},"modified":"2025-02-04T23:29:05","modified_gmt":"2025-02-05T05:29:05","slug":"el-gobierno-de-la-capital-ejercio-el-gasto-publico-de-manera-legal-y-transparente","status":"publish","type":"post","link":"https:\/\/sanluisinforma.com\/?p=10141","title":{"rendered":"El Gobierno de la Capital ejerci\u00f3 el gasto p\u00fablico de manera legal y transparente"},"content":{"rendered":"\n<ul class=\"wp-block-list\">\n<li>El Ayuntamiento de San Luis Potos\u00ed solvent\u00f3 en tiempo y forma el 100 por ciento de las observaciones del IFSE; denuncia que se ha vulnerado el debido proceso y otros principios procesales.<\/li>\n<\/ul>\n\n\n\n<p><\/p>\n\n\n\n<p>El Gobierno Municipal de San Luis Potos\u00ed se\u00f1ala que, desde la administraci\u00f3n anterior y durante el trienio actual, su actuaci\u00f3n en el ejercicio del gasto p\u00fablico se ha realizado con total apego a la legalidad, la transparencia y con absoluto respeto a la Ley de Fiscalizaci\u00f3n y Rendici\u00f3n de Cuentas.<\/p>\n\n\n\n<p>La administraci\u00f3n municipal lamenta que, tanto el titular del IFSE como el Diputado Presidente de la Comisi\u00f3n de Vigilancia hayan realizado declaraciones de manera parcial, tendenciosa y con un claro y total inter\u00e9s pol\u00edtico. Estas expresiones vulneran el debido proceso, tergiversan, confunden y violentan la revisi\u00f3n de las cuentas p\u00fablicas, cuya responsabilidad institucional de salvaguardar este procedimiento es del propio IFSE.<\/p>\n\n\n\n<p>El Ayuntamiento de San Luis Potos\u00ed recibi\u00f3 el pasado 3 de diciembre del Instituto de Fiscalizaci\u00f3n Superior del Estado (IFSE) el informe de auditor\u00eda, cuyas observaciones fueron debidamente solventadas dentro del plazo legal de 30 d\u00edas h\u00e1biles, concluyendo este proceso el pasado jueves 30 de enero de 2025. En este periodo, el Ayuntamiento atendi\u00f3 el 100% de las observaciones presentadas.<\/p>\n\n\n\n<p>A partir del 31 de enero, el IFSE cuenta con un plazo de hasta 60 d\u00edas h\u00e1biles para emitir un informe final, una vez que haya analizado el desahogo de las solventaciones presentadas por el Gobierno de la Capital. Este procedimiento deber\u00e1 ser notificado al Ayuntamiento de San Luis Potos\u00ed de acuerdo a la Ley de Fiscalizaci\u00f3n y Rendici\u00f3n de Cuentas.<\/p>\n\n\n\n<p>Ante ello, el Ayuntamiento reitera que actuar\u00e1 con total apego a la ley y seguir\u00e1 cumpliendo con cada etapa del procedimiento conforme a los tiempos establecidos.<\/p>\n\n\n\n<p>El Gobierno de la Capital se\u00f1ala que el principio m\u00e1s vulnerado durante las \u00faltimas semanas es el de institucionalidad, pues las declaraciones recientes ponen en riesgo la buena relaci\u00f3n entre el Congreso del Estado, el IFSE y los 59 Ayuntamientos del estado.<\/p>\n","protected":false},"excerpt":{"rendered":"<p>El Gobierno Municipal de San Luis Potos\u00ed se\u00f1ala que, desde la administraci\u00f3n anterior y durante el trienio actual, su actuaci\u00f3n<\/p>\n","protected":false},"author":2,"featured_media":10142,"comment_status":"closed","ping_status":"closed","sticky":false,"template":"","format":"standard","meta":{"footnotes":""},"categories":[30],"tags":[],"class_list":["post-10141","post","type-post","status-publish","format-standard","has-post-thumbnail","hentry","category-portada"],"yoast_head":"<!-- This site is optimized with the Yoast SEO plugin v24.1 - https:\/\/yoast.com\/wordpress\/plugins\/seo\/ -->\n<title>El Gobierno de la Capital ejerci\u00f3 el gasto p\u00fablico de manera legal y transparente - sanluisinforma.com<\/title>\n<meta name=\"robots\" content=\"index, follow, max-snippet:-1, max-image-preview:large, max-video-preview:-1\" \/>\n<link rel=\"canonical\" href=\"https:\/\/sanluisinforma.com\/?p=10141\" \/>\n<meta property=\"og:locale\" content=\"es_MX\" \/>\n<meta property=\"og:type\" content=\"article\" \/>\n<meta property=\"og:title\" content=\"El Gobierno de la Capital ejerci\u00f3 el gasto p\u00fablico de manera legal y transparente - sanluisinforma.com\" \/>\n<meta property=\"og:description\" content=\"El Gobierno Municipal de San Luis Potos\u00ed se\u00f1ala que, desde la administraci\u00f3n anterior y durante el trienio actual, su actuaci\u00f3n\" \/>\n<meta property=\"og:url\" content=\"https:\/\/sanluisinforma.com\/?p=10141\" \/>\n<meta property=\"og:site_name\" content=\"sanluisinforma.com\" \/>\n<meta property=\"article:published_time\" content=\"2025-02-05T06:45:00+00:00\" \/>\n<meta property=\"article:modified_time\" content=\"2025-02-05T05:29:05+00:00\" \/>\n<meta property=\"og:image\" content=\"https:\/\/sanluisinforma.com\/wp-content\/uploads\/2025\/02\/ca25e5f2-5c8d-419a-aff3-9b0d8dd6e836.jpg\" \/>\n\t<meta property=\"og:image:width\" content=\"480\" \/>\n\t<meta property=\"og:image:height\" content=\"359\" \/>\n\t<meta property=\"og:image:type\" content=\"image\/jpeg\" \/>\n<meta name=\"author\" content=\"sanluisinforma.com\" \/>\n<meta name=\"twitter:card\" content=\"summary_large_image\" \/>\n<meta name=\"twitter:label1\" content=\"Escrito por\" \/>\n\t<meta name=\"twitter:data1\" content=\"sanluisinforma.com\" \/>\n\t<meta name=\"twitter:label2\" content=\"Tiempo de lectura\" \/>\n\t<meta name=\"twitter:data2\" content=\"2 minutos\" \/>\n<script type=\"application\/ld+json\" class=\"yoast-schema-graph\">{\"@context\":\"https:\/\/schema.org\",\"@graph\":[{\"@type\":\"Article\",\"@id\":\"https:\/\/sanluisinforma.com\/?p=10141#article\",\"isPartOf\":{\"@id\":\"https:\/\/sanluisinforma.com\/?p=10141\"},\"author\":{\"name\":\"sanluisinforma.com\",\"@id\":\"https:\/\/sanluisinforma.com\/#\/schema\/person\/c30648f71476be533b6f59d092905c8b\"},\"headline\":\"El Gobierno de la Capital ejerci\u00f3 el gasto p\u00fablico de manera legal y transparente\",\"datePublished\":\"2025-02-05T06:45:00+00:00\",\"dateModified\":\"2025-02-05T05:29:05+00:00\",\"mainEntityOfPage\":{\"@id\":\"https:\/\/sanluisinforma.com\/?p=10141\"},\"wordCount\":361,\"publisher\":{\"@id\":\"https:\/\/sanluisinforma.com\/#organization\"},\"image\":{\"@id\":\"https:\/\/sanluisinforma.com\/?p=10141#primaryimage\"},\"thumbnailUrl\":\"https:\/\/sanluisinforma.com\/wp-content\/uploads\/2025\/02\/ca25e5f2-5c8d-419a-aff3-9b0d8dd6e836.jpg\",\"articleSection\":[\"Portada\"],\"inLanguage\":\"es\"},{\"@type\":\"WebPage\",\"@id\":\"https:\/\/sanluisinforma.com\/?p=10141\",\"url\":\"https:\/\/sanluisinforma.com\/?p=10141\",\"name\":\"El Gobierno de la Capital ejerci\u00f3 el gasto p\u00fablico de manera legal y transparente - sanluisinforma.com\",\"isPartOf\":{\"@id\":\"https:\/\/sanluisinforma.com\/#website\"},\"primaryImageOfPage\":{\"@id\":\"https:\/\/sanluisinforma.com\/?p=10141#primaryimage\"},\"image\":{\"@id\":\"https:\/\/sanluisinforma.com\/?p=10141#primaryimage\"},\"thumbnailUrl\":\"https:\/\/sanluisinforma.com\/wp-content\/uploads\/2025\/02\/ca25e5f2-5c8d-419a-aff3-9b0d8dd6e836.jpg\",\"datePublished\":\"2025-02-05T06:45:00+00:00\",\"dateModified\":\"2025-02-05T05:29:05+00:00\",\"breadcrumb\":{\"@id\":\"https:\/\/sanluisinforma.com\/?p=10141#breadcrumb\"},\"inLanguage\":\"es\",\"potentialAction\":[{\"@type\":\"ReadAction\",\"target\":[\"https:\/\/sanluisinforma.com\/?p=10141\"]}]},{\"@type\":\"ImageObject\",\"inLanguage\":\"es\",\"@id\":\"https:\/\/sanluisinforma.com\/?p=10141#primaryimage\",\"url\":\"https:\/\/sanluisinforma.com\/wp-content\/uploads\/2025\/02\/ca25e5f2-5c8d-419a-aff3-9b0d8dd6e836.jpg\",\"contentUrl\":\"https:\/\/sanluisinforma.com\/wp-content\/uploads\/2025\/02\/ca25e5f2-5c8d-419a-aff3-9b0d8dd6e836.jpg\",\"width\":480,\"height\":359},{\"@type\":\"BreadcrumbList\",\"@id\":\"https:\/\/sanluisinforma.com\/?p=10141#breadcrumb\",\"itemListElement\":[{\"@type\":\"ListItem\",\"position\":1,\"name\":\"Inicio\",\"item\":\"https:\/\/sanluisinforma.com\/\"},{\"@type\":\"ListItem\",\"position\":2,\"name\":\"El Gobierno de la Capital ejerci\u00f3 el gasto p\u00fablico de manera legal y transparente\"}]},{\"@type\":\"WebSite\",\"@id\":\"https:\/\/sanluisinforma.com\/#website\",\"url\":\"https:\/\/sanluisinforma.com\/\",\"name\":\"sanluisinforma.com\",\"description\":\"Periodico San Luis Informa\",\"publisher\":{\"@id\":\"https:\/\/sanluisinforma.com\/#organization\"},\"potentialAction\":[{\"@type\":\"SearchAction\",\"target\":{\"@type\":\"EntryPoint\",\"urlTemplate\":\"https:\/\/sanluisinforma.com\/?s={search_term_string}\"},\"query-input\":{\"@type\":\"PropertyValueSpecification\",\"valueRequired\":true,\"valueName\":\"search_term_string\"}}],\"inLanguage\":\"es\"},{\"@type\":\"Organization\",\"@id\":\"https:\/\/sanluisinforma.com\/#organization\",\"name\":\"sanluisinforma.com\",\"url\":\"https:\/\/sanluisinforma.com\/\",\"logo\":{\"@type\":\"ImageObject\",\"inLanguage\":\"es\",\"@id\":\"https:\/\/sanluisinforma.com\/#\/schema\/logo\/image\/\",\"url\":\"https:\/\/sanluisinforma.com\/wp-content\/uploads\/2026\/03\/sanluisinforma-V.jpg\",\"contentUrl\":\"https:\/\/sanluisinforma.com\/wp-content\/uploads\/2026\/03\/sanluisinforma-V.jpg\",\"width\":500,\"height\":156,\"caption\":\"sanluisinforma.com\"},\"image\":{\"@id\":\"https:\/\/sanluisinforma.com\/#\/schema\/logo\/image\/\"}},{\"@type\":\"Person\",\"@id\":\"https:\/\/sanluisinforma.com\/#\/schema\/person\/c30648f71476be533b6f59d092905c8b\",\"name\":\"sanluisinforma.com\",\"image\":{\"@type\":\"ImageObject\",\"inLanguage\":\"es\",\"@id\":\"https:\/\/sanluisinforma.com\/#\/schema\/person\/image\/\",\"url\":\"https:\/\/secure.gravatar.com\/avatar\/86e3114e34a1eecefb963e0a02f0093f93b092dddb2fe1517596343751081a87?s=96&d=mm&r=g\",\"contentUrl\":\"https:\/\/secure.gravatar.com\/avatar\/86e3114e34a1eecefb963e0a02f0093f93b092dddb2fe1517596343751081a87?s=96&d=mm&r=g\",\"caption\":\"sanluisinforma.com\"},\"url\":\"https:\/\/sanluisinforma.com\/?author=2\"}]}<\/script>\n<!-- \/ Yoast SEO plugin. -->","yoast_head_json":{"title":"El Gobierno de la Capital ejerci\u00f3 el gasto p\u00fablico de manera legal y transparente - sanluisinforma.com","robots":{"index":"index","follow":"follow","max-snippet":"max-snippet:-1","max-image-preview":"max-image-preview:large","max-video-preview":"max-video-preview:-1"},"canonical":"https:\/\/sanluisinforma.com\/?p=10141","og_locale":"es_MX","og_type":"article","og_title":"El Gobierno de la Capital ejerci\u00f3 el gasto p\u00fablico de manera legal y transparente - sanluisinforma.com","og_description":"El Gobierno Municipal de San Luis Potos\u00ed se\u00f1ala que, desde la administraci\u00f3n anterior y durante el trienio actual, su actuaci\u00f3n","og_url":"https:\/\/sanluisinforma.com\/?p=10141","og_site_name":"sanluisinforma.com","article_published_time":"2025-02-05T06:45:00+00:00","article_modified_time":"2025-02-05T05:29:05+00:00","og_image":[{"width":480,"height":359,"url":"https:\/\/sanluisinforma.com\/wp-content\/uploads\/2025\/02\/ca25e5f2-5c8d-419a-aff3-9b0d8dd6e836.jpg","type":"image\/jpeg"}],"author":"sanluisinforma.com","twitter_card":"summary_large_image","twitter_misc":{"Escrito por":"sanluisinforma.com","Tiempo de lectura":"2 minutos"},"schema":{"@context":"https:\/\/schema.org","@graph":[{"@type":"Article","@id":"https:\/\/sanluisinforma.com\/?p=10141#article","isPartOf":{"@id":"https:\/\/sanluisinforma.com\/?p=10141"},"author":{"name":"sanluisinforma.com","@id":"https:\/\/sanluisinforma.com\/#\/schema\/person\/c30648f71476be533b6f59d092905c8b"},"headline":"El Gobierno de la Capital ejerci\u00f3 el gasto p\u00fablico de manera legal y transparente","datePublished":"2025-02-05T06:45:00+00:00","dateModified":"2025-02-05T05:29:05+00:00","mainEntityOfPage":{"@id":"https:\/\/sanluisinforma.com\/?p=10141"},"wordCount":361,"publisher":{"@id":"https:\/\/sanluisinforma.com\/#organization"},"image":{"@id":"https:\/\/sanluisinforma.com\/?p=10141#primaryimage"},"thumbnailUrl":"https:\/\/sanluisinforma.com\/wp-content\/uploads\/2025\/02\/ca25e5f2-5c8d-419a-aff3-9b0d8dd6e836.jpg","articleSection":["Portada"],"inLanguage":"es"},{"@type":"WebPage","@id":"https:\/\/sanluisinforma.com\/?p=10141","url":"https:\/\/sanluisinforma.com\/?p=10141","name":"El Gobierno de la Capital ejerci\u00f3 el gasto p\u00fablico de manera legal y transparente - sanluisinforma.com","isPartOf":{"@id":"https:\/\/sanluisinforma.com\/#website"},"primaryImageOfPage":{"@id":"https:\/\/sanluisinforma.com\/?p=10141#primaryimage"},"image":{"@id":"https:\/\/sanluisinforma.com\/?p=10141#primaryimage"},"thumbnailUrl":"https:\/\/sanluisinforma.com\/wp-content\/uploads\/2025\/02\/ca25e5f2-5c8d-419a-aff3-9b0d8dd6e836.jpg","datePublished":"2025-02-05T06:45:00+00:00","dateModified":"2025-02-05T05:29:05+00:00","breadcrumb":{"@id":"https:\/\/sanluisinforma.com\/?p=10141#breadcrumb"},"inLanguage":"es","potentialAction":[{"@type":"ReadAction","target":["https:\/\/sanluisinforma.com\/?p=10141"]}]},{"@type":"ImageObject","inLanguage":"es","@id":"https:\/\/sanluisinforma.com\/?p=10141#primaryimage","url":"https:\/\/sanluisinforma.com\/wp-content\/uploads\/2025\/02\/ca25e5f2-5c8d-419a-aff3-9b0d8dd6e836.jpg","contentUrl":"https:\/\/sanluisinforma.com\/wp-content\/uploads\/2025\/02\/ca25e5f2-5c8d-419a-aff3-9b0d8dd6e836.jpg","width":480,"height":359},{"@type":"BreadcrumbList","@id":"https:\/\/sanluisinforma.com\/?p=10141#breadcrumb","itemListElement":[{"@type":"ListItem","position":1,"name":"Inicio","item":"https:\/\/sanluisinforma.com\/"},{"@type":"ListItem","position":2,"name":"El Gobierno de la Capital ejerci\u00f3 el gasto p\u00fablico de manera legal y transparente"}]},{"@type":"WebSite","@id":"https:\/\/sanluisinforma.com\/#website","url":"https:\/\/sanluisinforma.com\/","name":"sanluisinforma.com","description":"Periodico San Luis Informa","publisher":{"@id":"https:\/\/sanluisinforma.com\/#organization"},"potentialAction":[{"@type":"SearchAction","target":{"@type":"EntryPoint","urlTemplate":"https:\/\/sanluisinforma.com\/?s={search_term_string}"},"query-input":{"@type":"PropertyValueSpecification","valueRequired":true,"valueName":"search_term_string"}}],"inLanguage":"es"},{"@type":"Organization","@id":"https:\/\/sanluisinforma.com\/#organization","name":"sanluisinforma.com","url":"https:\/\/sanluisinforma.com\/","logo":{"@type":"ImageObject","inLanguage":"es","@id":"https:\/\/sanluisinforma.com\/#\/schema\/logo\/image\/","url":"https:\/\/sanluisinforma.com\/wp-content\/uploads\/2026\/03\/sanluisinforma-V.jpg","contentUrl":"https:\/\/sanluisinforma.com\/wp-content\/uploads\/2026\/03\/sanluisinforma-V.jpg","width":500,"height":156,"caption":"sanluisinforma.com"},"image":{"@id":"https:\/\/sanluisinforma.com\/#\/schema\/logo\/image\/"}},{"@type":"Person","@id":"https:\/\/sanluisinforma.com\/#\/schema\/person\/c30648f71476be533b6f59d092905c8b","name":"sanluisinforma.com","image":{"@type":"ImageObject","inLanguage":"es","@id":"https:\/\/sanluisinforma.com\/#\/schema\/person\/image\/","url":"https:\/\/secure.gravatar.com\/avatar\/86e3114e34a1eecefb963e0a02f0093f93b092dddb2fe1517596343751081a87?s=96&d=mm&r=g","contentUrl":"https:\/\/secure.gravatar.com\/avatar\/86e3114e34a1eecefb963e0a02f0093f93b092dddb2fe1517596343751081a87?s=96&d=mm&r=g","caption":"sanluisinforma.com"},"url":"https:\/\/sanluisinforma.com\/?author=2"}]}},"_links":{"self":[{"href":"https:\/\/sanluisinforma.com\/index.php?rest_route=\/wp\/v2\/posts\/10141","targetHints":{"allow":["GET"]}}],"collection":[{"href":"https:\/\/sanluisinforma.com\/index.php?rest_route=\/wp\/v2\/posts"}],"about":[{"href":"https:\/\/sanluisinforma.com\/index.php?rest_route=\/wp\/v2\/types\/post"}],"author":[{"embeddable":true,"href":"https:\/\/sanluisinforma.com\/index.php?rest_route=\/wp\/v2\/users\/2"}],"replies":[{"embeddable":true,"href":"https:\/\/sanluisinforma.com\/index.php?rest_route=%2Fwp%2Fv2%2Fcomments&post=10141"}],"version-history":[{"count":1,"href":"https:\/\/sanluisinforma.com\/index.php?rest_route=\/wp\/v2\/posts\/10141\/revisions"}],"predecessor-version":[{"id":10143,"href":"https:\/\/sanluisinforma.com\/index.php?rest_route=\/wp\/v2\/posts\/10141\/revisions\/10143"}],"wp:featuredmedia":[{"embeddable":true,"href":"https:\/\/sanluisinforma.com\/index.php?rest_route=\/wp\/v2\/media\/10142"}],"wp:attachment":[{"href":"https:\/\/sanluisinforma.com\/index.php?rest_route=%2Fwp%2Fv2%2Fmedia&parent=10141"}],"wp:term":[{"taxonomy":"category","embeddable":true,"href":"https:\/\/sanluisinforma.com\/index.php?rest_route=%2Fwp%2Fv2%2Fcategories&post=10141"},{"taxonomy":"post_tag","embeddable":true,"href":"https:\/\/sanluisinforma.com\/index.php?rest_route=%2Fwp%2Fv2%2Ftags&post=10141"}],"curies":[{"name":"wp","href":"https:\/\/api.w.org\/{rel}","templated":true}]}}