{"id":10144,"date":"2025-02-05T00:45:00","date_gmt":"2025-02-05T06:45:00","guid":{"rendered":"https:\/\/sanluisinforma.com\/?p=10144"},"modified":"2025-02-04T23:30:19","modified_gmt":"2025-02-05T05:30:19","slug":"presidenta-claudia-sheinbaum-destaca-inauguracion-en-2025-de-nuevos-hospitales-y-clinicas-del-imss-bienestar-e-issste","status":"publish","type":"post","link":"https:\/\/sanluisinforma.com\/?p=10144","title":{"rendered":"\u00a0Presidenta Claudia Sheinbaum Destaca Inauguraci\u00f3n\u00a0 en 2025 de Nuevos Hospitales y Cl\u00ednicas del IMSS-Bienestar e ISSSTE"},"content":{"rendered":"\n<ul class=\"wp-block-list\">\n<li>Ser\u00e1n inaugurados nueve hospitales del IMSS; 19 del IMSS-Bienestar; cinco del ISSSTE<\/li>\n\n\n\n<li>Entrar\u00e1 en operaci\u00f3n seis Unidades de Medicina Familiar del IMSS y ocho cl\u00ednicas del IMSS-Bienestar<\/li>\n\n\n\n<li>Como parte de la Compra Consolidada de Medicamentos e Insumos M\u00e9dicos 2025-2026 se adjudic\u00f3 con \u00e9xito el 95.7 por ciento de los 4 mil 982 millones de piezas necesarias; en marzo comienza el abasto en hospitales y cl\u00ednicas<\/li>\n\n\n\n<li>El sector salud trabaja en la creaci\u00f3n de seis Protocolos Nacional de Atenci\u00f3n M\u00e9dica para la prevenci\u00f3n y tratamiento de enfermedades cr\u00f3nicas<\/li>\n<\/ul>\n\n\n\n<p><\/p>\n\n\n\n<p>Ciudad de M\u00e9xico a 04 de febrero de 2025.- La Presidenta de M\u00e9xico, Claudia Sheinbaum Pardo anunci\u00f3 la inauguraci\u00f3n en 2025 de nuevos hospitales: nueve del Instituto Mexicano del Seguro Social (IMSS), 19 del IMSS-Bienestar y cinco del Instituto de Seguridad y Servicios Sociales de los Trabajadores del Estado (ISSSTE), as\u00ed como seis Unidades de Medicina Familiar (UMF) del IMSS y ocho cl\u00ednicas del IMSS-Bienestar.<\/p>\n\n\n\n<p>\u201cEs un esfuerzo muy importante, va a dar una capacidad muy importante en todo el pa\u00eds, para que todas y todos lo sepan, estamos trabajando muy fuerte para poder avanzar todav\u00eda m\u00e1s en el sistema de salud\u201d, inform\u00f3.<\/p>\n\n\n\n<p>Precis\u00f3 que los hospitales y las cl\u00ednicas que ser\u00e1n inauguradas en los pr\u00f3ximos meses se iniciaron en la administraci\u00f3n del expresidente Andr\u00e9s Manuel L\u00f3pez Obrador que entrar\u00e1n en operaci\u00f3n este a\u00f1o.<\/p>\n\n\n\n<p>El director general del IMSS, Zo\u00e9 Robledo Aburto detall\u00f3 que los nueve hospitales y las seis UMF que ser\u00e1n inaugurados son:<\/p>\n\n\n\n<ul class=\"wp-block-list\">\n<li>Hospital General Regional de Ensenada, Baja California, el cual se apertura en marzo.<\/li>\n\n\n\n<li>Hospital General de Zona No.13 en Tuxtla Guti\u00e9rrez, Chiapas, cuya puesta en marcha total ser\u00e1 en el mes de junio.<\/li>\n\n\n\n<li>Hospital General de Zona de San Alejandro, Puebla, del cual se proyecta que su operaci\u00f3n comenzar\u00e1 en julio.<\/li>\n\n\n\n<li>Hospital General de Zona No. 25 en Zaragoza, Ciudad de M\u00e9xico, cuya construcci\u00f3n comenz\u00f3 en diciembre de 2022 y se estima que sea inaugurado en agosto 2025.<\/li>\n\n\n\n<li>Hospital General de Zona de Ticul, Yucat\u00e1n, el cual tras su conclusi\u00f3n en agosto estar\u00e1 enfocado a traumatolog\u00eda y ortopedia, adem\u00e1s de que fortalecer\u00e1 los servicios de rehabilitaci\u00f3n de la zona.<\/li>\n\n\n\n<li>Hospital General de Zona de Guanajuato, cuyas obras comenzaron diciembre 2023 y se concluir\u00e1n en septiembre.<\/li>\n\n\n\n<li>Hospital Materno Infantil de Ciudad del Carmen, Campeche, el cual tras nueve a\u00f1os de abandono arrancaron sus obras de intervenci\u00f3n en junio 2024 y entrar\u00e1 en operaci\u00f3n en octubre.<\/li>\n\n\n\n<li>Hospital General de Zona de Navojoa, Sonora que ser\u00e1 inaugurado en septiembre.<\/li>\n\n\n\n<li>Hospital General de Zona de Tula, Hidalgo comienza su operaci\u00f3n a finales de este a\u00f1o durante el mes de noviembre.<\/li>\n<\/ul>\n\n\n\n<p>Las UMF que est\u00e1n por entrar en operaci\u00f3n son: La UMF No.51 en Pitiquito Puerto Libertad, Sonora en febrero; la UMF No.93 en Ecatepec, Estado de M\u00e9xico en marzo; en Francisco de Montejo en M\u00e9rida, Yucat\u00e1n en junio; en Santa B\u00e1rbara, Coahuila en septiembre y en Ju\u00e1rez, Nuevo Le\u00f3n en diciembre. Adem\u00e1s de que la UMF de Torre\u00f3n-La Joya, Coahuila ya entr\u00f3 en operaciones en enero.<\/p>\n\n\n\n<p>Destac\u00f3 que en marzo se presenta el proceso de contrataci\u00f3n de 7 mil 500 nuevos m\u00e9dicos y m\u00e9dicas que ocupar\u00e1n, en su mayor\u00eda, las plazas que se ofertar\u00e1n en estos nuevos hospitales.<\/p>\n\n\n\n<p>Puntualiz\u00f3 que por instrucciones de la Presidenta de M\u00e9xico se fortalece el primer nivel de atenci\u00f3n, por lo cual ahora las UMF tendr\u00e1n admisi\u00f3n m\u00e9dica continua es decir, contar\u00e1n con salas de urgencias que estar\u00e1n abiertas las 24 horas del d\u00edas los siete d\u00edas de la semana.<\/p>\n\n\n\n<p>El director general del ISSSTE, Mart\u00ed Batres Guadarrama, anunci\u00f3 que en el primer semestre de 2025 se inaugurar\u00e1n: la Cl\u00ednica de Medicina Familiar de Especialidades en Pachuca, Hidalgo y el Hospital Regional de Torre\u00f3n, Coahuila. Mientras que en el segundo semestre se abrir\u00e1n las puertas del Hospital Regional de Acapulco, Guerrero; el Hospital General de Tampico y el Hospital Regional de Tlajomulco en Jalisco.<\/p>\n\n\n\n<p>Puntualiz\u00f3 que, adem\u00e1s, estas inauguraciones se realizar\u00e1n de manera simult\u00e1nea a la implementaci\u00f3n del programa La Cl\u00ednica es Nuestra, cuyas asambleas con derechohabientes se realizar\u00e1n los pr\u00f3ximos 15 y 16 de febrero.<\/p>\n\n\n\n<p>De parte del IMSS-Bienestar en 2025 se inaugurar\u00e1n 19 hospitales: En marzo, el Hospital B\u00e1sico Comunitario San Felipe Jalapa de D\u00edaz y el Hospital B\u00e1sico Comunitario Ixtl\u00e1n de Ju\u00e1rez en Oaxaca; el Materno Infantil de Coatzacoalcos en Veracruz; el Hospital B\u00e1sico Comunitario San Felipe en Baja California; la Unidad de Quemados del Hospital General de Chilpancingo en Guerrero.<\/p>\n\n\n\n<p>En abril: El CESSA San Pablo Villa de Mitla y el CESSA San Pablo Yaganiza en Oaxaca; el Hospital General de Atenco en el Estado de M\u00e9xico; el Hospital General Tlapa en Guerrero; el Hospital General Actopan en Hidalgo. En mayo: El Centro de Salud de Jerez de Garc\u00eda Salinas en Zacatecas, as\u00ed como el Hospital de la Mujer y el Ni\u00f1o Oaxaque\u00f1o en Oaxaca.<\/p>\n\n\n\n<p>En junio el Hospital General Jiutepec en Morelos; el Hospital General de Maruata y el Hospital General de Arantepacua en Michoac\u00e1n y el Hospital General O\u00b4Hor\u00e1n en Yucat\u00e1n. En julio, el Hospital General de Cd. Madero en Tamaulipas, mientras que en septiembre la Torre 3 del Instituto Estatal de Cancerolog\u00eda (IECAN) en Guerrero y la Unidad de Braquiterapia UNEME Oncolog\u00eda de Guadalupe en Zacatecas.<\/p>\n\n\n\n<p>Compra Consolidada de Medicamentos e Insumos M\u00e9dicos 2025-2026<\/p>\n\n\n\n<p>La Presidenta de M\u00e9xico destac\u00f3 que como parte de la Compra Consolidada de Medicamentos e Insumos M\u00e9dicos 2025-2026 ya se tienen adjudicadas de manera exitosa el 95.7 por ciento de las 4 mil 982 millones de piezas que se requieren, por lo que en marzo comienza el abasto en hospitales y cl\u00ednicas.<\/p>\n\n\n\n<p>\u201cYa est\u00e1n pr\u00e1cticamente asignadas todas las claves de tal manera que en el mes de marzo pensamos que va a haber un abasto de medicamentos muy importante\u201d.<\/p>\n\n\n\n<p>El subsecretario de Integraci\u00f3n y Desarrollo del Sector Salud, Eduardo Clark Garc\u00eda Dobarganes, record\u00f3 que la Compra Consolidada de Medicamentos e Insumos M\u00e9dicos 2025-2026 contempla la compra de 4 mil 982 millones de medicamentos e insumos m\u00e9dicos, de las cuales en una primera fase se adjudicaron 3 mil 649 piezas, es decir el 73.2 por ciento, mientras que, a partir del 5 de febrero, comienza la adjudicaci\u00f3n de mil 121 piezas que representan 22.5 por ciento de la compra consolidada, con lo que se adjudica de manera exitosa el 95.7 por ciento, por lo que las cl\u00ednicas y hospitales de las 26 instituciones que participan en este proceso de contrataci\u00f3n podr\u00e1n comenzar a solicitar los medicamentos e insumos que necesiten a partir del 1 de marzo.<\/p>\n\n\n\n<p>Inform\u00f3 que habr\u00e1 un segundo proceso de licitaci\u00f3n para aquellos pedidos de medicamentos e insumos m\u00e9dicos de bajo volumen, que representan 212 millones de piezas, es decir el 4.2 por ciento. Sobre la compra complementaria, anunci\u00f3 que ya se han distribuido 42 millones de piezas, adem\u00e1s de que, a mediados de febrero se comenzar\u00e1n a recibir aproximadamente 300 tipos de medicamentos<\/p>\n\n\n\n<p>Nuevos Protocolos Nacionales de Atenci\u00f3n M\u00e9dica (PRONAM)<\/p>\n\n\n\n<p>El secretario de Salud, David Kershenobich Stalnikowitz, expuso que, a partir de marzo, se tendr\u00e1n seis Protocolos Nacionales de Atenci\u00f3n M\u00e9dica (PRONAM) en enfermedades como la Diabetes Mellitus tipo 2 y S\u00edndrome Metab\u00f3lico; Hipertensi\u00f3n Arterial Sist\u00e9mica y Enfermedad Renal Cr\u00f3nica; Vacunaci\u00f3n; Obesidad y Sobrepeso; y Atenci\u00f3n en los Primeros Mil D\u00edas de Vida, con el objetivo de tener procesos de atenci\u00f3n y prevenci\u00f3n de este tipo de padecimientos, as\u00ed como mejorar la calidad de vida de quienes las padecen.<\/p>\n\n\n\n<p>Los protocolos estar\u00e1n alineados con los medicamentos adquiridos en la compra p\u00fablica, adem\u00e1s de que estar\u00e1n resumidos en una infograf\u00eda que incluir\u00e1 QR\u2019s, con ello los m\u00e9dicos podr\u00e1n acceder a tecnolog\u00edas de evaluaci\u00f3n de riesgo, diagn\u00f3stico y tratamiento. Adem\u00e1s, los PRONAM tendr\u00e1n una versi\u00f3n extendida de entre 12 y 15 hojas.<br>\ud83d\udc4d<\/p>\n","protected":false},"excerpt":{"rendered":"<p>Ciudad de M\u00e9xico a 04 de febrero de 2025.- La Presidenta de M\u00e9xico, Claudia Sheinbaum Pardo anunci\u00f3 la inauguraci\u00f3n en<\/p>\n","protected":false},"author":2,"featured_media":10147,"comment_status":"closed","ping_status":"closed","sticky":false,"template":"","format":"standard","meta":{"footnotes":""},"categories":[25,26],"tags":[],"class_list":["post-10144","post","type-post","status-publish","format-standard","has-post-thumbnail","hentry","category-local","category-nacional"],"yoast_head":"<!-- This site is optimized with the Yoast SEO plugin v24.1 - https:\/\/yoast.com\/wordpress\/plugins\/seo\/ -->\n<title>\u00a0Presidenta Claudia Sheinbaum Destaca Inauguraci\u00f3n\u00a0 en 2025 de Nuevos Hospitales y Cl\u00ednicas del IMSS-Bienestar e ISSSTE - sanluisinforma.com<\/title>\n<meta name=\"robots\" content=\"index, follow, max-snippet:-1, max-image-preview:large, max-video-preview:-1\" \/>\n<link rel=\"canonical\" href=\"https:\/\/sanluisinforma.com\/?p=10144\" \/>\n<meta property=\"og:locale\" content=\"es_MX\" \/>\n<meta property=\"og:type\" content=\"article\" \/>\n<meta property=\"og:title\" content=\"\u00a0Presidenta Claudia Sheinbaum Destaca Inauguraci\u00f3n\u00a0 en 2025 de Nuevos Hospitales y Cl\u00ednicas del IMSS-Bienestar e ISSSTE - sanluisinforma.com\" \/>\n<meta property=\"og:description\" content=\"Ciudad de M\u00e9xico a 04 de febrero de 2025.- La Presidenta de M\u00e9xico, Claudia Sheinbaum Pardo anunci\u00f3 la inauguraci\u00f3n en\" \/>\n<meta property=\"og:url\" content=\"https:\/\/sanluisinforma.com\/?p=10144\" \/>\n<meta property=\"og:site_name\" content=\"sanluisinforma.com\" \/>\n<meta property=\"article:published_time\" content=\"2025-02-05T06:45:00+00:00\" \/>\n<meta property=\"article:modified_time\" content=\"2025-02-05T05:30:19+00:00\" \/>\n<meta property=\"og:image\" content=\"https:\/\/sanluisinforma.com\/wp-content\/uploads\/2025\/02\/57b40f29-27bf-4d60-a774-ee5d55a7be4d.jpg\" \/>\n\t<meta property=\"og:image:width\" content=\"480\" \/>\n\t<meta property=\"og:image:height\" content=\"319\" \/>\n\t<meta property=\"og:image:type\" content=\"image\/jpeg\" \/>\n<meta name=\"author\" content=\"sanluisinforma.com\" \/>\n<meta name=\"twitter:card\" content=\"summary_large_image\" \/>\n<meta name=\"twitter:label1\" content=\"Escrito por\" \/>\n\t<meta name=\"twitter:data1\" content=\"sanluisinforma.com\" \/>\n\t<meta name=\"twitter:label2\" content=\"Tiempo de lectura\" \/>\n\t<meta name=\"twitter:data2\" content=\"7 minutos\" \/>\n<script type=\"application\/ld+json\" class=\"yoast-schema-graph\">{\"@context\":\"https:\/\/schema.org\",\"@graph\":[{\"@type\":\"Article\",\"@id\":\"https:\/\/sanluisinforma.com\/?p=10144#article\",\"isPartOf\":{\"@id\":\"https:\/\/sanluisinforma.com\/?p=10144\"},\"author\":{\"name\":\"sanluisinforma.com\",\"@id\":\"https:\/\/sanluisinforma.com\/#\/schema\/person\/c30648f71476be533b6f59d092905c8b\"},\"headline\":\"\u00a0Presidenta Claudia Sheinbaum Destaca Inauguraci\u00f3n\u00a0 en 2025 de Nuevos Hospitales y Cl\u00ednicas del IMSS-Bienestar e ISSSTE\",\"datePublished\":\"2025-02-05T06:45:00+00:00\",\"dateModified\":\"2025-02-05T05:30:19+00:00\",\"mainEntityOfPage\":{\"@id\":\"https:\/\/sanluisinforma.com\/?p=10144\"},\"wordCount\":1384,\"publisher\":{\"@id\":\"https:\/\/sanluisinforma.com\/#organization\"},\"image\":{\"@id\":\"https:\/\/sanluisinforma.com\/?p=10144#primaryimage\"},\"thumbnailUrl\":\"https:\/\/sanluisinforma.com\/wp-content\/uploads\/2025\/02\/57b40f29-27bf-4d60-a774-ee5d55a7be4d.jpg\",\"articleSection\":[\"Local\",\"Nacional\"],\"inLanguage\":\"es\"},{\"@type\":\"WebPage\",\"@id\":\"https:\/\/sanluisinforma.com\/?p=10144\",\"url\":\"https:\/\/sanluisinforma.com\/?p=10144\",\"name\":\"\u00a0Presidenta Claudia Sheinbaum Destaca Inauguraci\u00f3n\u00a0 en 2025 de Nuevos Hospitales y Cl\u00ednicas del IMSS-Bienestar e ISSSTE - sanluisinforma.com\",\"isPartOf\":{\"@id\":\"https:\/\/sanluisinforma.com\/#website\"},\"primaryImageOfPage\":{\"@id\":\"https:\/\/sanluisinforma.com\/?p=10144#primaryimage\"},\"image\":{\"@id\":\"https:\/\/sanluisinforma.com\/?p=10144#primaryimage\"},\"thumbnailUrl\":\"https:\/\/sanluisinforma.com\/wp-content\/uploads\/2025\/02\/57b40f29-27bf-4d60-a774-ee5d55a7be4d.jpg\",\"datePublished\":\"2025-02-05T06:45:00+00:00\",\"dateModified\":\"2025-02-05T05:30:19+00:00\",\"breadcrumb\":{\"@id\":\"https:\/\/sanluisinforma.com\/?p=10144#breadcrumb\"},\"inLanguage\":\"es\",\"potentialAction\":[{\"@type\":\"ReadAction\",\"target\":[\"https:\/\/sanluisinforma.com\/?p=10144\"]}]},{\"@type\":\"ImageObject\",\"inLanguage\":\"es\",\"@id\":\"https:\/\/sanluisinforma.com\/?p=10144#primaryimage\",\"url\":\"https:\/\/sanluisinforma.com\/wp-content\/uploads\/2025\/02\/57b40f29-27bf-4d60-a774-ee5d55a7be4d.jpg\",\"contentUrl\":\"https:\/\/sanluisinforma.com\/wp-content\/uploads\/2025\/02\/57b40f29-27bf-4d60-a774-ee5d55a7be4d.jpg\",\"width\":480,\"height\":319},{\"@type\":\"BreadcrumbList\",\"@id\":\"https:\/\/sanluisinforma.com\/?p=10144#breadcrumb\",\"itemListElement\":[{\"@type\":\"ListItem\",\"position\":1,\"name\":\"Inicio\",\"item\":\"https:\/\/sanluisinforma.com\/\"},{\"@type\":\"ListItem\",\"position\":2,\"name\":\"\u00a0Presidenta Claudia Sheinbaum Destaca Inauguraci\u00f3n\u00a0 en 2025 de Nuevos Hospitales y Cl\u00ednicas del IMSS-Bienestar e ISSSTE\"}]},{\"@type\":\"WebSite\",\"@id\":\"https:\/\/sanluisinforma.com\/#website\",\"url\":\"https:\/\/sanluisinforma.com\/\",\"name\":\"sanluisinforma.com\",\"description\":\"Periodico San Luis Informa\",\"publisher\":{\"@id\":\"https:\/\/sanluisinforma.com\/#organization\"},\"potentialAction\":[{\"@type\":\"SearchAction\",\"target\":{\"@type\":\"EntryPoint\",\"urlTemplate\":\"https:\/\/sanluisinforma.com\/?s={search_term_string}\"},\"query-input\":{\"@type\":\"PropertyValueSpecification\",\"valueRequired\":true,\"valueName\":\"search_term_string\"}}],\"inLanguage\":\"es\"},{\"@type\":\"Organization\",\"@id\":\"https:\/\/sanluisinforma.com\/#organization\",\"name\":\"sanluisinforma.com\",\"url\":\"https:\/\/sanluisinforma.com\/\",\"logo\":{\"@type\":\"ImageObject\",\"inLanguage\":\"es\",\"@id\":\"https:\/\/sanluisinforma.com\/#\/schema\/logo\/image\/\",\"url\":\"https:\/\/sanluisinforma.com\/wp-content\/uploads\/2026\/03\/sanluisinforma-V.jpg\",\"contentUrl\":\"https:\/\/sanluisinforma.com\/wp-content\/uploads\/2026\/03\/sanluisinforma-V.jpg\",\"width\":500,\"height\":156,\"caption\":\"sanluisinforma.com\"},\"image\":{\"@id\":\"https:\/\/sanluisinforma.com\/#\/schema\/logo\/image\/\"}},{\"@type\":\"Person\",\"@id\":\"https:\/\/sanluisinforma.com\/#\/schema\/person\/c30648f71476be533b6f59d092905c8b\",\"name\":\"sanluisinforma.com\",\"image\":{\"@type\":\"ImageObject\",\"inLanguage\":\"es\",\"@id\":\"https:\/\/sanluisinforma.com\/#\/schema\/person\/image\/\",\"url\":\"https:\/\/secure.gravatar.com\/avatar\/86e3114e34a1eecefb963e0a02f0093f93b092dddb2fe1517596343751081a87?s=96&d=mm&r=g\",\"contentUrl\":\"https:\/\/secure.gravatar.com\/avatar\/86e3114e34a1eecefb963e0a02f0093f93b092dddb2fe1517596343751081a87?s=96&d=mm&r=g\",\"caption\":\"sanluisinforma.com\"},\"url\":\"https:\/\/sanluisinforma.com\/?author=2\"}]}<\/script>\n<!-- \/ Yoast SEO plugin. -->","yoast_head_json":{"title":"\u00a0Presidenta Claudia Sheinbaum Destaca Inauguraci\u00f3n\u00a0 en 2025 de Nuevos Hospitales y Cl\u00ednicas del IMSS-Bienestar e ISSSTE - sanluisinforma.com","robots":{"index":"index","follow":"follow","max-snippet":"max-snippet:-1","max-image-preview":"max-image-preview:large","max-video-preview":"max-video-preview:-1"},"canonical":"https:\/\/sanluisinforma.com\/?p=10144","og_locale":"es_MX","og_type":"article","og_title":"\u00a0Presidenta Claudia Sheinbaum Destaca Inauguraci\u00f3n\u00a0 en 2025 de Nuevos Hospitales y Cl\u00ednicas del IMSS-Bienestar e ISSSTE - sanluisinforma.com","og_description":"Ciudad de M\u00e9xico a 04 de febrero de 2025.- La Presidenta de M\u00e9xico, Claudia Sheinbaum Pardo anunci\u00f3 la inauguraci\u00f3n en","og_url":"https:\/\/sanluisinforma.com\/?p=10144","og_site_name":"sanluisinforma.com","article_published_time":"2025-02-05T06:45:00+00:00","article_modified_time":"2025-02-05T05:30:19+00:00","og_image":[{"width":480,"height":319,"url":"https:\/\/sanluisinforma.com\/wp-content\/uploads\/2025\/02\/57b40f29-27bf-4d60-a774-ee5d55a7be4d.jpg","type":"image\/jpeg"}],"author":"sanluisinforma.com","twitter_card":"summary_large_image","twitter_misc":{"Escrito por":"sanluisinforma.com","Tiempo de lectura":"7 minutos"},"schema":{"@context":"https:\/\/schema.org","@graph":[{"@type":"Article","@id":"https:\/\/sanluisinforma.com\/?p=10144#article","isPartOf":{"@id":"https:\/\/sanluisinforma.com\/?p=10144"},"author":{"name":"sanluisinforma.com","@id":"https:\/\/sanluisinforma.com\/#\/schema\/person\/c30648f71476be533b6f59d092905c8b"},"headline":"\u00a0Presidenta Claudia Sheinbaum Destaca Inauguraci\u00f3n\u00a0 en 2025 de Nuevos Hospitales y Cl\u00ednicas del IMSS-Bienestar e ISSSTE","datePublished":"2025-02-05T06:45:00+00:00","dateModified":"2025-02-05T05:30:19+00:00","mainEntityOfPage":{"@id":"https:\/\/sanluisinforma.com\/?p=10144"},"wordCount":1384,"publisher":{"@id":"https:\/\/sanluisinforma.com\/#organization"},"image":{"@id":"https:\/\/sanluisinforma.com\/?p=10144#primaryimage"},"thumbnailUrl":"https:\/\/sanluisinforma.com\/wp-content\/uploads\/2025\/02\/57b40f29-27bf-4d60-a774-ee5d55a7be4d.jpg","articleSection":["Local","Nacional"],"inLanguage":"es"},{"@type":"WebPage","@id":"https:\/\/sanluisinforma.com\/?p=10144","url":"https:\/\/sanluisinforma.com\/?p=10144","name":"\u00a0Presidenta Claudia Sheinbaum Destaca Inauguraci\u00f3n\u00a0 en 2025 de Nuevos Hospitales y Cl\u00ednicas del IMSS-Bienestar e ISSSTE - sanluisinforma.com","isPartOf":{"@id":"https:\/\/sanluisinforma.com\/#website"},"primaryImageOfPage":{"@id":"https:\/\/sanluisinforma.com\/?p=10144#primaryimage"},"image":{"@id":"https:\/\/sanluisinforma.com\/?p=10144#primaryimage"},"thumbnailUrl":"https:\/\/sanluisinforma.com\/wp-content\/uploads\/2025\/02\/57b40f29-27bf-4d60-a774-ee5d55a7be4d.jpg","datePublished":"2025-02-05T06:45:00+00:00","dateModified":"2025-02-05T05:30:19+00:00","breadcrumb":{"@id":"https:\/\/sanluisinforma.com\/?p=10144#breadcrumb"},"inLanguage":"es","potentialAction":[{"@type":"ReadAction","target":["https:\/\/sanluisinforma.com\/?p=10144"]}]},{"@type":"ImageObject","inLanguage":"es","@id":"https:\/\/sanluisinforma.com\/?p=10144#primaryimage","url":"https:\/\/sanluisinforma.com\/wp-content\/uploads\/2025\/02\/57b40f29-27bf-4d60-a774-ee5d55a7be4d.jpg","contentUrl":"https:\/\/sanluisinforma.com\/wp-content\/uploads\/2025\/02\/57b40f29-27bf-4d60-a774-ee5d55a7be4d.jpg","width":480,"height":319},{"@type":"BreadcrumbList","@id":"https:\/\/sanluisinforma.com\/?p=10144#breadcrumb","itemListElement":[{"@type":"ListItem","position":1,"name":"Inicio","item":"https:\/\/sanluisinforma.com\/"},{"@type":"ListItem","position":2,"name":"\u00a0Presidenta Claudia Sheinbaum Destaca Inauguraci\u00f3n\u00a0 en 2025 de Nuevos Hospitales y Cl\u00ednicas del IMSS-Bienestar e ISSSTE"}]},{"@type":"WebSite","@id":"https:\/\/sanluisinforma.com\/#website","url":"https:\/\/sanluisinforma.com\/","name":"sanluisinforma.com","description":"Periodico San Luis Informa","publisher":{"@id":"https:\/\/sanluisinforma.com\/#organization"},"potentialAction":[{"@type":"SearchAction","target":{"@type":"EntryPoint","urlTemplate":"https:\/\/sanluisinforma.com\/?s={search_term_string}"},"query-input":{"@type":"PropertyValueSpecification","valueRequired":true,"valueName":"search_term_string"}}],"inLanguage":"es"},{"@type":"Organization","@id":"https:\/\/sanluisinforma.com\/#organization","name":"sanluisinforma.com","url":"https:\/\/sanluisinforma.com\/","logo":{"@type":"ImageObject","inLanguage":"es","@id":"https:\/\/sanluisinforma.com\/#\/schema\/logo\/image\/","url":"https:\/\/sanluisinforma.com\/wp-content\/uploads\/2026\/03\/sanluisinforma-V.jpg","contentUrl":"https:\/\/sanluisinforma.com\/wp-content\/uploads\/2026\/03\/sanluisinforma-V.jpg","width":500,"height":156,"caption":"sanluisinforma.com"},"image":{"@id":"https:\/\/sanluisinforma.com\/#\/schema\/logo\/image\/"}},{"@type":"Person","@id":"https:\/\/sanluisinforma.com\/#\/schema\/person\/c30648f71476be533b6f59d092905c8b","name":"sanluisinforma.com","image":{"@type":"ImageObject","inLanguage":"es","@id":"https:\/\/sanluisinforma.com\/#\/schema\/person\/image\/","url":"https:\/\/secure.gravatar.com\/avatar\/86e3114e34a1eecefb963e0a02f0093f93b092dddb2fe1517596343751081a87?s=96&d=mm&r=g","contentUrl":"https:\/\/secure.gravatar.com\/avatar\/86e3114e34a1eecefb963e0a02f0093f93b092dddb2fe1517596343751081a87?s=96&d=mm&r=g","caption":"sanluisinforma.com"},"url":"https:\/\/sanluisinforma.com\/?author=2"}]}},"_links":{"self":[{"href":"https:\/\/sanluisinforma.com\/index.php?rest_route=\/wp\/v2\/posts\/10144","targetHints":{"allow":["GET"]}}],"collection":[{"href":"https:\/\/sanluisinforma.com\/index.php?rest_route=\/wp\/v2\/posts"}],"about":[{"href":"https:\/\/sanluisinforma.com\/index.php?rest_route=\/wp\/v2\/types\/post"}],"author":[{"embeddable":true,"href":"https:\/\/sanluisinforma.com\/index.php?rest_route=\/wp\/v2\/users\/2"}],"replies":[{"embeddable":true,"href":"https:\/\/sanluisinforma.com\/index.php?rest_route=%2Fwp%2Fv2%2Fcomments&post=10144"}],"version-history":[{"count":1,"href":"https:\/\/sanluisinforma.com\/index.php?rest_route=\/wp\/v2\/posts\/10144\/revisions"}],"predecessor-version":[{"id":10148,"href":"https:\/\/sanluisinforma.com\/index.php?rest_route=\/wp\/v2\/posts\/10144\/revisions\/10148"}],"wp:featuredmedia":[{"embeddable":true,"href":"https:\/\/sanluisinforma.com\/index.php?rest_route=\/wp\/v2\/media\/10147"}],"wp:attachment":[{"href":"https:\/\/sanluisinforma.com\/index.php?rest_route=%2Fwp%2Fv2%2Fmedia&parent=10144"}],"wp:term":[{"taxonomy":"category","embeddable":true,"href":"https:\/\/sanluisinforma.com\/index.php?rest_route=%2Fwp%2Fv2%2Fcategories&post=10144"},{"taxonomy":"post_tag","embeddable":true,"href":"https:\/\/sanluisinforma.com\/index.php?rest_route=%2Fwp%2Fv2%2Ftags&post=10144"}],"curies":[{"name":"wp","href":"https:\/\/api.w.org\/{rel}","templated":true}]}}