{"id":10162,"date":"2025-02-06T00:58:54","date_gmt":"2025-02-06T06:58:54","guid":{"rendered":"https:\/\/sanluisinforma.com\/?p=10162"},"modified":"2025-02-05T19:06:50","modified_gmt":"2025-02-06T01:06:50","slug":"ricardo-gallardo-asiste-a-conmemoracion-del-108-aniversario-de-1917","status":"publish","type":"post","link":"https:\/\/sanluisinforma.com\/?p=10162","title":{"rendered":"Ricardo Gallardo\u00a0 asiste a Conmemoraci\u00f3n del 108 Aniversario de 1917"},"content":{"rendered":"\n<p><\/p>\n\n\n\n<p>El Gobernador del Estado reafirma su compromiso con la construcci\u00f3n de un M\u00e9xico m\u00e1s justo y avanzar en la transformaci\u00f3n de San Luis Potos\u00ed<\/p>\n\n\n\n<p>Tras asistir al evento de conmemoraci\u00f3n del 108 aniversario de la Constituci\u00f3n de 1917, que encabez\u00f3 la Presidenta de M\u00e9xico, Claudia Sheinbaum Pardo en el Teatro de la Rep\u00fablica de Quer\u00e9taro, el Gobernador de San Luis Potos\u00ed, Ricardo Gallardo Cardona, reafirm\u00f3 el compromiso con la construcci\u00f3n de un M\u00e9xico m\u00e1s justo y soberano, fomentando mejores condiciones para garantizar que las y los potosinos cuenten con m\u00e1s oportunidades y libertades.<\/p>\n\n\n\n<p>Tras la ceremonia a la que acudieron las y los gobernadores de los 32 estados, el Mandatario Estatal dijo que San Luis Potos\u00ed contin\u00faa en el camino de la transformaci\u00f3n, acercando m\u00e1s apoyo a las y los potosinos, luego de reconocer a la presidenta Claudia Sheinbaum, quien en su discurso resalt\u00f3 la historia y la grandeza de M\u00e9xico y advirti\u00f3 que jam\u00e1s permitir\u00e1 que se vulnere la soberan\u00eda y la dignidad de la naci\u00f3n.<\/p>\n\n\n\n<p>Asimismo, Gallardo Cardona destac\u00f3 el compromiso de las y los gobernadores a defender los derechos de las y los mexicanos, sin olvidar la grandeza de M\u00e9xico, que es libre, democr\u00e1tico e independiente, estipulado en la Carta Magna, as\u00ed como el respaldo para la defensa de la soberan\u00eda del pa\u00eds a la Presidenta de M\u00e9xico.<\/p>\n","protected":false},"excerpt":{"rendered":"<p>El Gobernador del Estado reafirma su compromiso con la construcci\u00f3n de un M\u00e9xico m\u00e1s justo y avanzar en la transformaci\u00f3n<\/p>\n","protected":false},"author":2,"featured_media":10163,"comment_status":"closed","ping_status":"closed","sticky":false,"template":"","format":"standard","meta":{"footnotes":""},"categories":[25,30],"tags":[],"class_list":["post-10162","post","type-post","status-publish","format-standard","has-post-thumbnail","hentry","category-local","category-portada"],"yoast_head":"<!-- This site is optimized with the Yoast SEO plugin v24.1 - https:\/\/yoast.com\/wordpress\/plugins\/seo\/ -->\n<title>Ricardo Gallardo\u00a0 asiste a Conmemoraci\u00f3n del 108 Aniversario de 1917 - sanluisinforma.com<\/title>\n<meta name=\"robots\" content=\"index, follow, max-snippet:-1, max-image-preview:large, max-video-preview:-1\" \/>\n<link rel=\"canonical\" href=\"https:\/\/sanluisinforma.com\/?p=10162\" \/>\n<meta property=\"og:locale\" content=\"es_MX\" \/>\n<meta property=\"og:type\" content=\"article\" \/>\n<meta property=\"og:title\" content=\"Ricardo Gallardo\u00a0 asiste a Conmemoraci\u00f3n del 108 Aniversario de 1917 - sanluisinforma.com\" \/>\n<meta property=\"og:description\" content=\"El Gobernador del Estado reafirma su compromiso con la construcci\u00f3n de un M\u00e9xico m\u00e1s justo y avanzar en la transformaci\u00f3n\" \/>\n<meta property=\"og:url\" content=\"https:\/\/sanluisinforma.com\/?p=10162\" \/>\n<meta property=\"og:site_name\" content=\"sanluisinforma.com\" \/>\n<meta property=\"article:published_time\" content=\"2025-02-06T06:58:54+00:00\" \/>\n<meta property=\"article:modified_time\" content=\"2025-02-06T01:06:50+00:00\" \/>\n<meta property=\"og:image\" content=\"https:\/\/sanluisinforma.com\/wp-content\/uploads\/2025\/02\/b83a7ab5-5eb4-447e-801d-cfada80f30c9.jpg\" \/>\n\t<meta property=\"og:image:width\" content=\"480\" \/>\n\t<meta property=\"og:image:height\" content=\"319\" \/>\n\t<meta property=\"og:image:type\" content=\"image\/jpeg\" \/>\n<meta name=\"author\" content=\"sanluisinforma.com\" \/>\n<meta name=\"twitter:card\" content=\"summary_large_image\" \/>\n<meta name=\"twitter:label1\" content=\"Escrito por\" \/>\n\t<meta name=\"twitter:data1\" content=\"sanluisinforma.com\" \/>\n\t<meta name=\"twitter:label2\" content=\"Tiempo de lectura\" \/>\n\t<meta name=\"twitter:data2\" content=\"2 minutos\" \/>\n<script type=\"application\/ld+json\" class=\"yoast-schema-graph\">{\"@context\":\"https:\/\/schema.org\",\"@graph\":[{\"@type\":\"Article\",\"@id\":\"https:\/\/sanluisinforma.com\/?p=10162#article\",\"isPartOf\":{\"@id\":\"https:\/\/sanluisinforma.com\/?p=10162\"},\"author\":{\"name\":\"sanluisinforma.com\",\"@id\":\"https:\/\/sanluisinforma.com\/#\/schema\/person\/c30648f71476be533b6f59d092905c8b\"},\"headline\":\"Ricardo Gallardo\u00a0 asiste a Conmemoraci\u00f3n del 108 Aniversario de 1917\",\"datePublished\":\"2025-02-06T06:58:54+00:00\",\"dateModified\":\"2025-02-06T01:06:50+00:00\",\"mainEntityOfPage\":{\"@id\":\"https:\/\/sanluisinforma.com\/?p=10162\"},\"wordCount\":252,\"publisher\":{\"@id\":\"https:\/\/sanluisinforma.com\/#organization\"},\"image\":{\"@id\":\"https:\/\/sanluisinforma.com\/?p=10162#primaryimage\"},\"thumbnailUrl\":\"https:\/\/sanluisinforma.com\/wp-content\/uploads\/2025\/02\/b83a7ab5-5eb4-447e-801d-cfada80f30c9.jpg\",\"articleSection\":[\"Local\",\"Portada\"],\"inLanguage\":\"es\"},{\"@type\":\"WebPage\",\"@id\":\"https:\/\/sanluisinforma.com\/?p=10162\",\"url\":\"https:\/\/sanluisinforma.com\/?p=10162\",\"name\":\"Ricardo Gallardo\u00a0 asiste a Conmemoraci\u00f3n del 108 Aniversario de 1917 - sanluisinforma.com\",\"isPartOf\":{\"@id\":\"https:\/\/sanluisinforma.com\/#website\"},\"primaryImageOfPage\":{\"@id\":\"https:\/\/sanluisinforma.com\/?p=10162#primaryimage\"},\"image\":{\"@id\":\"https:\/\/sanluisinforma.com\/?p=10162#primaryimage\"},\"thumbnailUrl\":\"https:\/\/sanluisinforma.com\/wp-content\/uploads\/2025\/02\/b83a7ab5-5eb4-447e-801d-cfada80f30c9.jpg\",\"datePublished\":\"2025-02-06T06:58:54+00:00\",\"dateModified\":\"2025-02-06T01:06:50+00:00\",\"breadcrumb\":{\"@id\":\"https:\/\/sanluisinforma.com\/?p=10162#breadcrumb\"},\"inLanguage\":\"es\",\"potentialAction\":[{\"@type\":\"ReadAction\",\"target\":[\"https:\/\/sanluisinforma.com\/?p=10162\"]}]},{\"@type\":\"ImageObject\",\"inLanguage\":\"es\",\"@id\":\"https:\/\/sanluisinforma.com\/?p=10162#primaryimage\",\"url\":\"https:\/\/sanluisinforma.com\/wp-content\/uploads\/2025\/02\/b83a7ab5-5eb4-447e-801d-cfada80f30c9.jpg\",\"contentUrl\":\"https:\/\/sanluisinforma.com\/wp-content\/uploads\/2025\/02\/b83a7ab5-5eb4-447e-801d-cfada80f30c9.jpg\",\"width\":480,\"height\":319},{\"@type\":\"BreadcrumbList\",\"@id\":\"https:\/\/sanluisinforma.com\/?p=10162#breadcrumb\",\"itemListElement\":[{\"@type\":\"ListItem\",\"position\":1,\"name\":\"Inicio\",\"item\":\"https:\/\/sanluisinforma.com\/\"},{\"@type\":\"ListItem\",\"position\":2,\"name\":\"Ricardo Gallardo\u00a0 asiste a Conmemoraci\u00f3n del 108 Aniversario de 1917\"}]},{\"@type\":\"WebSite\",\"@id\":\"https:\/\/sanluisinforma.com\/#website\",\"url\":\"https:\/\/sanluisinforma.com\/\",\"name\":\"sanluisinforma.com\",\"description\":\"Periodico San Luis Informa\",\"publisher\":{\"@id\":\"https:\/\/sanluisinforma.com\/#organization\"},\"potentialAction\":[{\"@type\":\"SearchAction\",\"target\":{\"@type\":\"EntryPoint\",\"urlTemplate\":\"https:\/\/sanluisinforma.com\/?s={search_term_string}\"},\"query-input\":{\"@type\":\"PropertyValueSpecification\",\"valueRequired\":true,\"valueName\":\"search_term_string\"}}],\"inLanguage\":\"es\"},{\"@type\":\"Organization\",\"@id\":\"https:\/\/sanluisinforma.com\/#organization\",\"name\":\"sanluisinforma.com\",\"url\":\"https:\/\/sanluisinforma.com\/\",\"logo\":{\"@type\":\"ImageObject\",\"inLanguage\":\"es\",\"@id\":\"https:\/\/sanluisinforma.com\/#\/schema\/logo\/image\/\",\"url\":\"https:\/\/sanluisinforma.com\/wp-content\/uploads\/2026\/03\/sanluisinforma-V.jpg\",\"contentUrl\":\"https:\/\/sanluisinforma.com\/wp-content\/uploads\/2026\/03\/sanluisinforma-V.jpg\",\"width\":500,\"height\":156,\"caption\":\"sanluisinforma.com\"},\"image\":{\"@id\":\"https:\/\/sanluisinforma.com\/#\/schema\/logo\/image\/\"}},{\"@type\":\"Person\",\"@id\":\"https:\/\/sanluisinforma.com\/#\/schema\/person\/c30648f71476be533b6f59d092905c8b\",\"name\":\"sanluisinforma.com\",\"image\":{\"@type\":\"ImageObject\",\"inLanguage\":\"es\",\"@id\":\"https:\/\/sanluisinforma.com\/#\/schema\/person\/image\/\",\"url\":\"https:\/\/secure.gravatar.com\/avatar\/86e3114e34a1eecefb963e0a02f0093f93b092dddb2fe1517596343751081a87?s=96&d=mm&r=g\",\"contentUrl\":\"https:\/\/secure.gravatar.com\/avatar\/86e3114e34a1eecefb963e0a02f0093f93b092dddb2fe1517596343751081a87?s=96&d=mm&r=g\",\"caption\":\"sanluisinforma.com\"},\"url\":\"https:\/\/sanluisinforma.com\/?author=2\"}]}<\/script>\n<!-- \/ Yoast SEO plugin. -->","yoast_head_json":{"title":"Ricardo Gallardo\u00a0 asiste a Conmemoraci\u00f3n del 108 Aniversario de 1917 - sanluisinforma.com","robots":{"index":"index","follow":"follow","max-snippet":"max-snippet:-1","max-image-preview":"max-image-preview:large","max-video-preview":"max-video-preview:-1"},"canonical":"https:\/\/sanluisinforma.com\/?p=10162","og_locale":"es_MX","og_type":"article","og_title":"Ricardo Gallardo\u00a0 asiste a Conmemoraci\u00f3n del 108 Aniversario de 1917 - sanluisinforma.com","og_description":"El Gobernador del Estado reafirma su compromiso con la construcci\u00f3n de un M\u00e9xico m\u00e1s justo y avanzar en la transformaci\u00f3n","og_url":"https:\/\/sanluisinforma.com\/?p=10162","og_site_name":"sanluisinforma.com","article_published_time":"2025-02-06T06:58:54+00:00","article_modified_time":"2025-02-06T01:06:50+00:00","og_image":[{"width":480,"height":319,"url":"https:\/\/sanluisinforma.com\/wp-content\/uploads\/2025\/02\/b83a7ab5-5eb4-447e-801d-cfada80f30c9.jpg","type":"image\/jpeg"}],"author":"sanluisinforma.com","twitter_card":"summary_large_image","twitter_misc":{"Escrito por":"sanluisinforma.com","Tiempo de lectura":"2 minutos"},"schema":{"@context":"https:\/\/schema.org","@graph":[{"@type":"Article","@id":"https:\/\/sanluisinforma.com\/?p=10162#article","isPartOf":{"@id":"https:\/\/sanluisinforma.com\/?p=10162"},"author":{"name":"sanluisinforma.com","@id":"https:\/\/sanluisinforma.com\/#\/schema\/person\/c30648f71476be533b6f59d092905c8b"},"headline":"Ricardo Gallardo\u00a0 asiste a Conmemoraci\u00f3n del 108 Aniversario de 1917","datePublished":"2025-02-06T06:58:54+00:00","dateModified":"2025-02-06T01:06:50+00:00","mainEntityOfPage":{"@id":"https:\/\/sanluisinforma.com\/?p=10162"},"wordCount":252,"publisher":{"@id":"https:\/\/sanluisinforma.com\/#organization"},"image":{"@id":"https:\/\/sanluisinforma.com\/?p=10162#primaryimage"},"thumbnailUrl":"https:\/\/sanluisinforma.com\/wp-content\/uploads\/2025\/02\/b83a7ab5-5eb4-447e-801d-cfada80f30c9.jpg","articleSection":["Local","Portada"],"inLanguage":"es"},{"@type":"WebPage","@id":"https:\/\/sanluisinforma.com\/?p=10162","url":"https:\/\/sanluisinforma.com\/?p=10162","name":"Ricardo Gallardo\u00a0 asiste a Conmemoraci\u00f3n del 108 Aniversario de 1917 - sanluisinforma.com","isPartOf":{"@id":"https:\/\/sanluisinforma.com\/#website"},"primaryImageOfPage":{"@id":"https:\/\/sanluisinforma.com\/?p=10162#primaryimage"},"image":{"@id":"https:\/\/sanluisinforma.com\/?p=10162#primaryimage"},"thumbnailUrl":"https:\/\/sanluisinforma.com\/wp-content\/uploads\/2025\/02\/b83a7ab5-5eb4-447e-801d-cfada80f30c9.jpg","datePublished":"2025-02-06T06:58:54+00:00","dateModified":"2025-02-06T01:06:50+00:00","breadcrumb":{"@id":"https:\/\/sanluisinforma.com\/?p=10162#breadcrumb"},"inLanguage":"es","potentialAction":[{"@type":"ReadAction","target":["https:\/\/sanluisinforma.com\/?p=10162"]}]},{"@type":"ImageObject","inLanguage":"es","@id":"https:\/\/sanluisinforma.com\/?p=10162#primaryimage","url":"https:\/\/sanluisinforma.com\/wp-content\/uploads\/2025\/02\/b83a7ab5-5eb4-447e-801d-cfada80f30c9.jpg","contentUrl":"https:\/\/sanluisinforma.com\/wp-content\/uploads\/2025\/02\/b83a7ab5-5eb4-447e-801d-cfada80f30c9.jpg","width":480,"height":319},{"@type":"BreadcrumbList","@id":"https:\/\/sanluisinforma.com\/?p=10162#breadcrumb","itemListElement":[{"@type":"ListItem","position":1,"name":"Inicio","item":"https:\/\/sanluisinforma.com\/"},{"@type":"ListItem","position":2,"name":"Ricardo Gallardo\u00a0 asiste a Conmemoraci\u00f3n del 108 Aniversario de 1917"}]},{"@type":"WebSite","@id":"https:\/\/sanluisinforma.com\/#website","url":"https:\/\/sanluisinforma.com\/","name":"sanluisinforma.com","description":"Periodico San Luis Informa","publisher":{"@id":"https:\/\/sanluisinforma.com\/#organization"},"potentialAction":[{"@type":"SearchAction","target":{"@type":"EntryPoint","urlTemplate":"https:\/\/sanluisinforma.com\/?s={search_term_string}"},"query-input":{"@type":"PropertyValueSpecification","valueRequired":true,"valueName":"search_term_string"}}],"inLanguage":"es"},{"@type":"Organization","@id":"https:\/\/sanluisinforma.com\/#organization","name":"sanluisinforma.com","url":"https:\/\/sanluisinforma.com\/","logo":{"@type":"ImageObject","inLanguage":"es","@id":"https:\/\/sanluisinforma.com\/#\/schema\/logo\/image\/","url":"https:\/\/sanluisinforma.com\/wp-content\/uploads\/2026\/03\/sanluisinforma-V.jpg","contentUrl":"https:\/\/sanluisinforma.com\/wp-content\/uploads\/2026\/03\/sanluisinforma-V.jpg","width":500,"height":156,"caption":"sanluisinforma.com"},"image":{"@id":"https:\/\/sanluisinforma.com\/#\/schema\/logo\/image\/"}},{"@type":"Person","@id":"https:\/\/sanluisinforma.com\/#\/schema\/person\/c30648f71476be533b6f59d092905c8b","name":"sanluisinforma.com","image":{"@type":"ImageObject","inLanguage":"es","@id":"https:\/\/sanluisinforma.com\/#\/schema\/person\/image\/","url":"https:\/\/secure.gravatar.com\/avatar\/86e3114e34a1eecefb963e0a02f0093f93b092dddb2fe1517596343751081a87?s=96&d=mm&r=g","contentUrl":"https:\/\/secure.gravatar.com\/avatar\/86e3114e34a1eecefb963e0a02f0093f93b092dddb2fe1517596343751081a87?s=96&d=mm&r=g","caption":"sanluisinforma.com"},"url":"https:\/\/sanluisinforma.com\/?author=2"}]}},"_links":{"self":[{"href":"https:\/\/sanluisinforma.com\/index.php?rest_route=\/wp\/v2\/posts\/10162","targetHints":{"allow":["GET"]}}],"collection":[{"href":"https:\/\/sanluisinforma.com\/index.php?rest_route=\/wp\/v2\/posts"}],"about":[{"href":"https:\/\/sanluisinforma.com\/index.php?rest_route=\/wp\/v2\/types\/post"}],"author":[{"embeddable":true,"href":"https:\/\/sanluisinforma.com\/index.php?rest_route=\/wp\/v2\/users\/2"}],"replies":[{"embeddable":true,"href":"https:\/\/sanluisinforma.com\/index.php?rest_route=%2Fwp%2Fv2%2Fcomments&post=10162"}],"version-history":[{"count":1,"href":"https:\/\/sanluisinforma.com\/index.php?rest_route=\/wp\/v2\/posts\/10162\/revisions"}],"predecessor-version":[{"id":10164,"href":"https:\/\/sanluisinforma.com\/index.php?rest_route=\/wp\/v2\/posts\/10162\/revisions\/10164"}],"wp:featuredmedia":[{"embeddable":true,"href":"https:\/\/sanluisinforma.com\/index.php?rest_route=\/wp\/v2\/media\/10163"}],"wp:attachment":[{"href":"https:\/\/sanluisinforma.com\/index.php?rest_route=%2Fwp%2Fv2%2Fmedia&parent=10162"}],"wp:term":[{"taxonomy":"category","embeddable":true,"href":"https:\/\/sanluisinforma.com\/index.php?rest_route=%2Fwp%2Fv2%2Fcategories&post=10162"},{"taxonomy":"post_tag","embeddable":true,"href":"https:\/\/sanluisinforma.com\/index.php?rest_route=%2Fwp%2Fv2%2Ftags&post=10162"}],"curies":[{"name":"wp","href":"https:\/\/api.w.org\/{rel}","templated":true}]}}