{"id":10171,"date":"2025-02-07T00:50:00","date_gmt":"2025-02-07T06:50:00","guid":{"rendered":"https:\/\/sanluisinforma.com\/?p=10171"},"modified":"2025-02-06T18:13:13","modified_gmt":"2025-02-07T00:13:13","slug":"nuevo-rostro-a-la-calle-avanzada-alcalde-galindo-anuncia-segunda-etapa","status":"publish","type":"post","link":"https:\/\/sanluisinforma.com\/?p=10171","title":{"rendered":"Nuevo rostro a la calle Avanzada; Alcalde Galindo anuncia segunda etapa"},"content":{"rendered":"\n<ul class=\"wp-block-list\">\n<li>En el San Luis Amable, el Ayuntamiento refuerza su compromiso con los vecinos y la seguridad vial, al mejorar las condiciones de las calles de la Capital.<\/li>\n<\/ul>\n\n\n\n<p><\/p>\n\n\n\n<p>El Alcalde Enrique Galindo Ceballos, entreg\u00f3 la rehabilitaci\u00f3n integral de la calle Avanzada en el tramo de avenida Venustiano Carranza a la calle Cuauht\u00e9moc y anunci\u00f3 que la obra continuar\u00e1 hasta la avenida Nicol\u00e1s Zapata. Destac\u00f3 la importancia de esta vialidad, que conecta hasta Santos Degollado, y subray\u00f3 el compromiso de su administraci\u00f3n con los vecinos de la zona, quienes han sido muy participativos en el proceso.<\/p>\n\n\n\n<p>La calle Avanzada hoy luce nuevas banquetas, rampas para personas con discapacidad, pintura de guarniciones, pasos peatonales, se\u00f1al\u00e9tica y boyas para el paso seguro de las y los peatones, entre los que se encuentran estudiantes de diversas escuelas del sector.<\/p>\n\n\n\n<p>El Director de Obras P\u00fablicas, Eustorgio Ch\u00e1vez Garza, inform\u00f3 que la rehabilitaci\u00f3n incluy\u00f3 la instalaci\u00f3n de 300 metros lineales de drenaje sanitario con 50 descargas, as\u00ed como 300 metros lineales de red de agua potable con 60 tomas domiciliarias, infraestructura que no hab\u00eda sido intervenida en tres d\u00e9cadas.<\/p>\n\n\n\n<p>Por su parte, el Director de Servicios Municipales, Christian Azuara Azuara, se\u00f1al\u00f3 que el \u00e1rea de Alumbrado P\u00fablico est\u00e1 revisando el funcionamiento de luminarias en toda la calle Avanzada hasta Agust\u00edn Vera y continuar\u00e1 en las calles An\u00e1huac, Mariano Otero y Mariano \u00c1vila. Asimismo, destac\u00f3 que se est\u00e1n realizando trabajos de limpieza y mantenimiento en el jard\u00edn de Tequis, reforzando la imagen urbana de la zona.<\/p>\n","protected":false},"excerpt":{"rendered":"<p>El Alcalde Enrique Galindo Ceballos, entreg\u00f3 la rehabilitaci\u00f3n integral de la calle Avanzada en el tramo de avenida Venustiano Carranza<\/p>\n","protected":false},"author":2,"featured_media":10172,"comment_status":"closed","ping_status":"closed","sticky":false,"template":"","format":"standard","meta":{"footnotes":""},"categories":[25,30],"tags":[],"class_list":["post-10171","post","type-post","status-publish","format-standard","has-post-thumbnail","hentry","category-local","category-portada"],"yoast_head":"<!-- This site is optimized with the Yoast SEO plugin v24.1 - https:\/\/yoast.com\/wordpress\/plugins\/seo\/ -->\n<title>Nuevo rostro a la calle Avanzada; Alcalde Galindo anuncia segunda etapa - sanluisinforma.com<\/title>\n<meta name=\"robots\" content=\"index, follow, max-snippet:-1, max-image-preview:large, max-video-preview:-1\" \/>\n<link rel=\"canonical\" href=\"https:\/\/sanluisinforma.com\/?p=10171\" \/>\n<meta property=\"og:locale\" content=\"es_MX\" \/>\n<meta property=\"og:type\" content=\"article\" \/>\n<meta property=\"og:title\" content=\"Nuevo rostro a la calle Avanzada; Alcalde Galindo anuncia segunda etapa - sanluisinforma.com\" \/>\n<meta property=\"og:description\" content=\"El Alcalde Enrique Galindo Ceballos, entreg\u00f3 la rehabilitaci\u00f3n integral de la calle Avanzada en el tramo de avenida Venustiano Carranza\" \/>\n<meta property=\"og:url\" content=\"https:\/\/sanluisinforma.com\/?p=10171\" \/>\n<meta property=\"og:site_name\" content=\"sanluisinforma.com\" \/>\n<meta property=\"article:published_time\" content=\"2025-02-07T06:50:00+00:00\" \/>\n<meta property=\"article:modified_time\" content=\"2025-02-07T00:13:13+00:00\" \/>\n<meta property=\"og:image\" content=\"https:\/\/sanluisinforma.com\/wp-content\/uploads\/2025\/02\/262e2887-400f-4e52-a564-7acbb532e26a.jpg\" \/>\n\t<meta property=\"og:image:width\" content=\"480\" \/>\n\t<meta property=\"og:image:height\" content=\"319\" \/>\n\t<meta property=\"og:image:type\" content=\"image\/jpeg\" \/>\n<meta name=\"author\" content=\"sanluisinforma.com\" \/>\n<meta name=\"twitter:card\" content=\"summary_large_image\" \/>\n<meta name=\"twitter:label1\" content=\"Escrito por\" \/>\n\t<meta name=\"twitter:data1\" content=\"sanluisinforma.com\" \/>\n\t<meta name=\"twitter:label2\" content=\"Tiempo de lectura\" \/>\n\t<meta name=\"twitter:data2\" content=\"2 minutos\" \/>\n<script type=\"application\/ld+json\" class=\"yoast-schema-graph\">{\"@context\":\"https:\/\/schema.org\",\"@graph\":[{\"@type\":\"Article\",\"@id\":\"https:\/\/sanluisinforma.com\/?p=10171#article\",\"isPartOf\":{\"@id\":\"https:\/\/sanluisinforma.com\/?p=10171\"},\"author\":{\"name\":\"sanluisinforma.com\",\"@id\":\"https:\/\/sanluisinforma.com\/#\/schema\/person\/c30648f71476be533b6f59d092905c8b\"},\"headline\":\"Nuevo rostro a la calle Avanzada; Alcalde Galindo anuncia segunda etapa\",\"datePublished\":\"2025-02-07T06:50:00+00:00\",\"dateModified\":\"2025-02-07T00:13:13+00:00\",\"mainEntityOfPage\":{\"@id\":\"https:\/\/sanluisinforma.com\/?p=10171\"},\"wordCount\":273,\"publisher\":{\"@id\":\"https:\/\/sanluisinforma.com\/#organization\"},\"image\":{\"@id\":\"https:\/\/sanluisinforma.com\/?p=10171#primaryimage\"},\"thumbnailUrl\":\"https:\/\/sanluisinforma.com\/wp-content\/uploads\/2025\/02\/262e2887-400f-4e52-a564-7acbb532e26a.jpg\",\"articleSection\":[\"Local\",\"Portada\"],\"inLanguage\":\"es\"},{\"@type\":\"WebPage\",\"@id\":\"https:\/\/sanluisinforma.com\/?p=10171\",\"url\":\"https:\/\/sanluisinforma.com\/?p=10171\",\"name\":\"Nuevo rostro a la calle Avanzada; Alcalde Galindo anuncia segunda etapa - sanluisinforma.com\",\"isPartOf\":{\"@id\":\"https:\/\/sanluisinforma.com\/#website\"},\"primaryImageOfPage\":{\"@id\":\"https:\/\/sanluisinforma.com\/?p=10171#primaryimage\"},\"image\":{\"@id\":\"https:\/\/sanluisinforma.com\/?p=10171#primaryimage\"},\"thumbnailUrl\":\"https:\/\/sanluisinforma.com\/wp-content\/uploads\/2025\/02\/262e2887-400f-4e52-a564-7acbb532e26a.jpg\",\"datePublished\":\"2025-02-07T06:50:00+00:00\",\"dateModified\":\"2025-02-07T00:13:13+00:00\",\"breadcrumb\":{\"@id\":\"https:\/\/sanluisinforma.com\/?p=10171#breadcrumb\"},\"inLanguage\":\"es\",\"potentialAction\":[{\"@type\":\"ReadAction\",\"target\":[\"https:\/\/sanluisinforma.com\/?p=10171\"]}]},{\"@type\":\"ImageObject\",\"inLanguage\":\"es\",\"@id\":\"https:\/\/sanluisinforma.com\/?p=10171#primaryimage\",\"url\":\"https:\/\/sanluisinforma.com\/wp-content\/uploads\/2025\/02\/262e2887-400f-4e52-a564-7acbb532e26a.jpg\",\"contentUrl\":\"https:\/\/sanluisinforma.com\/wp-content\/uploads\/2025\/02\/262e2887-400f-4e52-a564-7acbb532e26a.jpg\",\"width\":480,\"height\":319},{\"@type\":\"BreadcrumbList\",\"@id\":\"https:\/\/sanluisinforma.com\/?p=10171#breadcrumb\",\"itemListElement\":[{\"@type\":\"ListItem\",\"position\":1,\"name\":\"Inicio\",\"item\":\"https:\/\/sanluisinforma.com\/\"},{\"@type\":\"ListItem\",\"position\":2,\"name\":\"Nuevo rostro a la calle Avanzada; Alcalde Galindo anuncia segunda etapa\"}]},{\"@type\":\"WebSite\",\"@id\":\"https:\/\/sanluisinforma.com\/#website\",\"url\":\"https:\/\/sanluisinforma.com\/\",\"name\":\"sanluisinforma.com\",\"description\":\"Periodico San Luis Informa\",\"publisher\":{\"@id\":\"https:\/\/sanluisinforma.com\/#organization\"},\"potentialAction\":[{\"@type\":\"SearchAction\",\"target\":{\"@type\":\"EntryPoint\",\"urlTemplate\":\"https:\/\/sanluisinforma.com\/?s={search_term_string}\"},\"query-input\":{\"@type\":\"PropertyValueSpecification\",\"valueRequired\":true,\"valueName\":\"search_term_string\"}}],\"inLanguage\":\"es\"},{\"@type\":\"Organization\",\"@id\":\"https:\/\/sanluisinforma.com\/#organization\",\"name\":\"sanluisinforma.com\",\"url\":\"https:\/\/sanluisinforma.com\/\",\"logo\":{\"@type\":\"ImageObject\",\"inLanguage\":\"es\",\"@id\":\"https:\/\/sanluisinforma.com\/#\/schema\/logo\/image\/\",\"url\":\"https:\/\/sanluisinforma.com\/wp-content\/uploads\/2026\/03\/sanluisinforma-V.jpg\",\"contentUrl\":\"https:\/\/sanluisinforma.com\/wp-content\/uploads\/2026\/03\/sanluisinforma-V.jpg\",\"width\":500,\"height\":156,\"caption\":\"sanluisinforma.com\"},\"image\":{\"@id\":\"https:\/\/sanluisinforma.com\/#\/schema\/logo\/image\/\"}},{\"@type\":\"Person\",\"@id\":\"https:\/\/sanluisinforma.com\/#\/schema\/person\/c30648f71476be533b6f59d092905c8b\",\"name\":\"sanluisinforma.com\",\"image\":{\"@type\":\"ImageObject\",\"inLanguage\":\"es\",\"@id\":\"https:\/\/sanluisinforma.com\/#\/schema\/person\/image\/\",\"url\":\"https:\/\/secure.gravatar.com\/avatar\/86e3114e34a1eecefb963e0a02f0093f93b092dddb2fe1517596343751081a87?s=96&d=mm&r=g\",\"contentUrl\":\"https:\/\/secure.gravatar.com\/avatar\/86e3114e34a1eecefb963e0a02f0093f93b092dddb2fe1517596343751081a87?s=96&d=mm&r=g\",\"caption\":\"sanluisinforma.com\"},\"url\":\"https:\/\/sanluisinforma.com\/?author=2\"}]}<\/script>\n<!-- \/ Yoast SEO plugin. -->","yoast_head_json":{"title":"Nuevo rostro a la calle Avanzada; Alcalde Galindo anuncia segunda etapa - sanluisinforma.com","robots":{"index":"index","follow":"follow","max-snippet":"max-snippet:-1","max-image-preview":"max-image-preview:large","max-video-preview":"max-video-preview:-1"},"canonical":"https:\/\/sanluisinforma.com\/?p=10171","og_locale":"es_MX","og_type":"article","og_title":"Nuevo rostro a la calle Avanzada; Alcalde Galindo anuncia segunda etapa - sanluisinforma.com","og_description":"El Alcalde Enrique Galindo Ceballos, entreg\u00f3 la rehabilitaci\u00f3n integral de la calle Avanzada en el tramo de avenida Venustiano Carranza","og_url":"https:\/\/sanluisinforma.com\/?p=10171","og_site_name":"sanluisinforma.com","article_published_time":"2025-02-07T06:50:00+00:00","article_modified_time":"2025-02-07T00:13:13+00:00","og_image":[{"width":480,"height":319,"url":"https:\/\/sanluisinforma.com\/wp-content\/uploads\/2025\/02\/262e2887-400f-4e52-a564-7acbb532e26a.jpg","type":"image\/jpeg"}],"author":"sanluisinforma.com","twitter_card":"summary_large_image","twitter_misc":{"Escrito por":"sanluisinforma.com","Tiempo de lectura":"2 minutos"},"schema":{"@context":"https:\/\/schema.org","@graph":[{"@type":"Article","@id":"https:\/\/sanluisinforma.com\/?p=10171#article","isPartOf":{"@id":"https:\/\/sanluisinforma.com\/?p=10171"},"author":{"name":"sanluisinforma.com","@id":"https:\/\/sanluisinforma.com\/#\/schema\/person\/c30648f71476be533b6f59d092905c8b"},"headline":"Nuevo rostro a la calle Avanzada; Alcalde Galindo anuncia segunda etapa","datePublished":"2025-02-07T06:50:00+00:00","dateModified":"2025-02-07T00:13:13+00:00","mainEntityOfPage":{"@id":"https:\/\/sanluisinforma.com\/?p=10171"},"wordCount":273,"publisher":{"@id":"https:\/\/sanluisinforma.com\/#organization"},"image":{"@id":"https:\/\/sanluisinforma.com\/?p=10171#primaryimage"},"thumbnailUrl":"https:\/\/sanluisinforma.com\/wp-content\/uploads\/2025\/02\/262e2887-400f-4e52-a564-7acbb532e26a.jpg","articleSection":["Local","Portada"],"inLanguage":"es"},{"@type":"WebPage","@id":"https:\/\/sanluisinforma.com\/?p=10171","url":"https:\/\/sanluisinforma.com\/?p=10171","name":"Nuevo rostro a la calle Avanzada; Alcalde Galindo anuncia segunda etapa - sanluisinforma.com","isPartOf":{"@id":"https:\/\/sanluisinforma.com\/#website"},"primaryImageOfPage":{"@id":"https:\/\/sanluisinforma.com\/?p=10171#primaryimage"},"image":{"@id":"https:\/\/sanluisinforma.com\/?p=10171#primaryimage"},"thumbnailUrl":"https:\/\/sanluisinforma.com\/wp-content\/uploads\/2025\/02\/262e2887-400f-4e52-a564-7acbb532e26a.jpg","datePublished":"2025-02-07T06:50:00+00:00","dateModified":"2025-02-07T00:13:13+00:00","breadcrumb":{"@id":"https:\/\/sanluisinforma.com\/?p=10171#breadcrumb"},"inLanguage":"es","potentialAction":[{"@type":"ReadAction","target":["https:\/\/sanluisinforma.com\/?p=10171"]}]},{"@type":"ImageObject","inLanguage":"es","@id":"https:\/\/sanluisinforma.com\/?p=10171#primaryimage","url":"https:\/\/sanluisinforma.com\/wp-content\/uploads\/2025\/02\/262e2887-400f-4e52-a564-7acbb532e26a.jpg","contentUrl":"https:\/\/sanluisinforma.com\/wp-content\/uploads\/2025\/02\/262e2887-400f-4e52-a564-7acbb532e26a.jpg","width":480,"height":319},{"@type":"BreadcrumbList","@id":"https:\/\/sanluisinforma.com\/?p=10171#breadcrumb","itemListElement":[{"@type":"ListItem","position":1,"name":"Inicio","item":"https:\/\/sanluisinforma.com\/"},{"@type":"ListItem","position":2,"name":"Nuevo rostro a la calle Avanzada; Alcalde Galindo anuncia segunda etapa"}]},{"@type":"WebSite","@id":"https:\/\/sanluisinforma.com\/#website","url":"https:\/\/sanluisinforma.com\/","name":"sanluisinforma.com","description":"Periodico San Luis Informa","publisher":{"@id":"https:\/\/sanluisinforma.com\/#organization"},"potentialAction":[{"@type":"SearchAction","target":{"@type":"EntryPoint","urlTemplate":"https:\/\/sanluisinforma.com\/?s={search_term_string}"},"query-input":{"@type":"PropertyValueSpecification","valueRequired":true,"valueName":"search_term_string"}}],"inLanguage":"es"},{"@type":"Organization","@id":"https:\/\/sanluisinforma.com\/#organization","name":"sanluisinforma.com","url":"https:\/\/sanluisinforma.com\/","logo":{"@type":"ImageObject","inLanguage":"es","@id":"https:\/\/sanluisinforma.com\/#\/schema\/logo\/image\/","url":"https:\/\/sanluisinforma.com\/wp-content\/uploads\/2026\/03\/sanluisinforma-V.jpg","contentUrl":"https:\/\/sanluisinforma.com\/wp-content\/uploads\/2026\/03\/sanluisinforma-V.jpg","width":500,"height":156,"caption":"sanluisinforma.com"},"image":{"@id":"https:\/\/sanluisinforma.com\/#\/schema\/logo\/image\/"}},{"@type":"Person","@id":"https:\/\/sanluisinforma.com\/#\/schema\/person\/c30648f71476be533b6f59d092905c8b","name":"sanluisinforma.com","image":{"@type":"ImageObject","inLanguage":"es","@id":"https:\/\/sanluisinforma.com\/#\/schema\/person\/image\/","url":"https:\/\/secure.gravatar.com\/avatar\/86e3114e34a1eecefb963e0a02f0093f93b092dddb2fe1517596343751081a87?s=96&d=mm&r=g","contentUrl":"https:\/\/secure.gravatar.com\/avatar\/86e3114e34a1eecefb963e0a02f0093f93b092dddb2fe1517596343751081a87?s=96&d=mm&r=g","caption":"sanluisinforma.com"},"url":"https:\/\/sanluisinforma.com\/?author=2"}]}},"_links":{"self":[{"href":"https:\/\/sanluisinforma.com\/index.php?rest_route=\/wp\/v2\/posts\/10171","targetHints":{"allow":["GET"]}}],"collection":[{"href":"https:\/\/sanluisinforma.com\/index.php?rest_route=\/wp\/v2\/posts"}],"about":[{"href":"https:\/\/sanluisinforma.com\/index.php?rest_route=\/wp\/v2\/types\/post"}],"author":[{"embeddable":true,"href":"https:\/\/sanluisinforma.com\/index.php?rest_route=\/wp\/v2\/users\/2"}],"replies":[{"embeddable":true,"href":"https:\/\/sanluisinforma.com\/index.php?rest_route=%2Fwp%2Fv2%2Fcomments&post=10171"}],"version-history":[{"count":1,"href":"https:\/\/sanluisinforma.com\/index.php?rest_route=\/wp\/v2\/posts\/10171\/revisions"}],"predecessor-version":[{"id":10173,"href":"https:\/\/sanluisinforma.com\/index.php?rest_route=\/wp\/v2\/posts\/10171\/revisions\/10173"}],"wp:featuredmedia":[{"embeddable":true,"href":"https:\/\/sanluisinforma.com\/index.php?rest_route=\/wp\/v2\/media\/10172"}],"wp:attachment":[{"href":"https:\/\/sanluisinforma.com\/index.php?rest_route=%2Fwp%2Fv2%2Fmedia&parent=10171"}],"wp:term":[{"taxonomy":"category","embeddable":true,"href":"https:\/\/sanluisinforma.com\/index.php?rest_route=%2Fwp%2Fv2%2Fcategories&post=10171"},{"taxonomy":"post_tag","embeddable":true,"href":"https:\/\/sanluisinforma.com\/index.php?rest_route=%2Fwp%2Fv2%2Ftags&post=10171"}],"curies":[{"name":"wp","href":"https:\/\/api.w.org\/{rel}","templated":true}]}}