{"id":10192,"date":"2025-02-08T00:50:00","date_gmt":"2025-02-08T06:50:00","guid":{"rendered":"https:\/\/sanluisinforma.com\/?p=10192"},"modified":"2025-02-07T22:57:23","modified_gmt":"2025-02-08T04:57:23","slug":"ciudades-patrimonio-ratifica-a-enrique-galindo-como-presidente-nacional","status":"publish","type":"post","link":"https:\/\/sanluisinforma.com\/?p=10192","title":{"rendered":"Ciudades Patrimonio ratifica a Enrique Galindo como Presidente Nacional"},"content":{"rendered":"\n<p>Andr\u00e9s Morales, a nombre de la Unesco, tom\u00f3 protesta al Alcalde de San Luis Capital para encabezar la Asociaci\u00f3n de Ciudades Patrimonio Mundial; reconoci\u00f3 los logros en impulso de la cultura y la historia; as\u00ed como la promoci\u00f3n tur\u00edstica internacional de las ciudades mexicanas._<\/p>\n\n\n\n<p><\/p>\n\n\n\n<p>El Alcalde de San Luis Potos\u00ed, Enrique Galindo Ceballos, fue ratificado como Presidente de la Asociaci\u00f3n Nacional de Ciudades Mexicanas del Patrimonio Mundial. El representante de la Unesco en M\u00e9xico, Andr\u00e9s Morales, tom\u00f3 protesta para el periodo 2025 al Primer Edil Potosino y a la Alcaldesa de Guanajuato, Samantha Smith, como Vicepresidenta de la Asociaci\u00f3n; reconoci\u00f3 el liderazgo del Presidente Municipal Enrique Galindo Ceballos durante su primer per\u00edodo. Destac\u00f3 los avances en materia de conservaci\u00f3n, accesibilidad y promoci\u00f3n tur\u00edstica que han beneficiado a las urbes integrantes de la Asociaci\u00f3n Nacional de Ciudades Mexicanas del Patrimonio Mundial.<\/p>\n\n\n\n<p>Durante la cuarta Asamblea General Ordinaria de la Asociaci\u00f3n, celebrada en la Alcald\u00eda de Xochimilco, Ciudad de M\u00e9xico, el Alcalde Enrique Galindo se comprometi\u00f3 a fortalecer el trabajo conjunto entre las Ciudades Patrimonio, para promoverlas como sitios hist\u00f3ricos y tur\u00edsticos, por lo que se impulsar\u00e1 el intercambio de ideas, proyectos y buenas pr\u00e1cticas que promuevan tanto el desarrollo econ\u00f3mico como la preservaci\u00f3n cultural. Galindo destac\u00f3 la importancia de consolidar una red de colaboraci\u00f3n entre municipios para enfrentar los retos del presente y del futuro.<\/p>\n\n\n\n<p>La Asamble General de la Asociaci\u00f3n de Ciudades Mexicanas Patrimonio Mundial cont\u00f3 con la presencia de Andrea Ch\u00e1zaro, representante de ONU Mujeres; Marcela Camacho, Directora de Innovaci\u00f3n del Producto Tur\u00edstico de la Secretar\u00eda de Turismo Federal; Arturo Balandrano, Director General de Sitios y Monumentos de la Secretar\u00eda de Cultura; Francisco Vidargas, Director del Patrimonio Mundial del INAH; Valeria Valero Coordinadora de Monumentos Hist\u00f3ricos del INAH; Circe Camacho Bastida, Alcaldesa de Xochimilco; Rodrigo Urue\u00f1o Ba\u00f1uelos, Alcalde de Jerez; Zacatecas; y el diputado federal Ulises Mej\u00eda Haro.<\/p>\n\n\n\n<p>El Alcalde Enrique Galindo expres\u00f3 su agradecimiento por la confianza depositada por los municipios integrantes de la Asociaci\u00f3n y destac\u00f3 la importancia de este espacio para alcanzar acuerdos y metas concretas en favor de la preservaci\u00f3n del patrimonio cultural de M\u00e9xico. Se\u00f1al\u00f3 que su ratificaci\u00f3n representa un paso firme hacia la consolidaci\u00f3n de alianzas estrat\u00e9gicas con el Gobierno Federal y otras instituciones.<\/p>\n","protected":false},"excerpt":{"rendered":"<p>Andr\u00e9s Morales, a nombre de la Unesco, tom\u00f3 protesta al Alcalde de San Luis Capital para encabezar la Asociaci\u00f3n de<\/p>\n","protected":false},"author":2,"featured_media":10193,"comment_status":"closed","ping_status":"closed","sticky":false,"template":"","format":"standard","meta":{"footnotes":""},"categories":[25,30],"tags":[],"class_list":["post-10192","post","type-post","status-publish","format-standard","has-post-thumbnail","hentry","category-local","category-portada"],"yoast_head":"<!-- This site is optimized with the Yoast SEO plugin v24.1 - https:\/\/yoast.com\/wordpress\/plugins\/seo\/ -->\n<title>Ciudades Patrimonio ratifica a Enrique Galindo como Presidente Nacional - sanluisinforma.com<\/title>\n<meta name=\"robots\" content=\"index, follow, max-snippet:-1, max-image-preview:large, max-video-preview:-1\" \/>\n<link rel=\"canonical\" href=\"https:\/\/sanluisinforma.com\/?p=10192\" \/>\n<meta property=\"og:locale\" content=\"es_MX\" \/>\n<meta property=\"og:type\" content=\"article\" \/>\n<meta property=\"og:title\" content=\"Ciudades Patrimonio ratifica a Enrique Galindo como Presidente Nacional - sanluisinforma.com\" \/>\n<meta property=\"og:description\" content=\"Andr\u00e9s Morales, a nombre de la Unesco, tom\u00f3 protesta al Alcalde de San Luis Capital para encabezar la Asociaci\u00f3n de\" \/>\n<meta property=\"og:url\" content=\"https:\/\/sanluisinforma.com\/?p=10192\" \/>\n<meta property=\"og:site_name\" content=\"sanluisinforma.com\" \/>\n<meta property=\"article:published_time\" content=\"2025-02-08T06:50:00+00:00\" \/>\n<meta property=\"article:modified_time\" content=\"2025-02-08T04:57:23+00:00\" \/>\n<meta property=\"og:image\" content=\"https:\/\/sanluisinforma.com\/wp-content\/uploads\/2025\/02\/acf40066-4477-435b-852f-9562be3f4963.jpg\" \/>\n\t<meta property=\"og:image:width\" content=\"480\" \/>\n\t<meta property=\"og:image:height\" content=\"319\" \/>\n\t<meta property=\"og:image:type\" content=\"image\/jpeg\" \/>\n<meta name=\"author\" content=\"sanluisinforma.com\" \/>\n<meta name=\"twitter:card\" content=\"summary_large_image\" \/>\n<meta name=\"twitter:label1\" content=\"Escrito por\" \/>\n\t<meta name=\"twitter:data1\" content=\"sanluisinforma.com\" \/>\n\t<meta name=\"twitter:label2\" content=\"Tiempo de lectura\" \/>\n\t<meta name=\"twitter:data2\" content=\"2 minutos\" \/>\n<script type=\"application\/ld+json\" class=\"yoast-schema-graph\">{\"@context\":\"https:\/\/schema.org\",\"@graph\":[{\"@type\":\"Article\",\"@id\":\"https:\/\/sanluisinforma.com\/?p=10192#article\",\"isPartOf\":{\"@id\":\"https:\/\/sanluisinforma.com\/?p=10192\"},\"author\":{\"name\":\"sanluisinforma.com\",\"@id\":\"https:\/\/sanluisinforma.com\/#\/schema\/person\/c30648f71476be533b6f59d092905c8b\"},\"headline\":\"Ciudades Patrimonio ratifica a Enrique Galindo como Presidente Nacional\",\"datePublished\":\"2025-02-08T06:50:00+00:00\",\"dateModified\":\"2025-02-08T04:57:23+00:00\",\"mainEntityOfPage\":{\"@id\":\"https:\/\/sanluisinforma.com\/?p=10192\"},\"wordCount\":418,\"publisher\":{\"@id\":\"https:\/\/sanluisinforma.com\/#organization\"},\"image\":{\"@id\":\"https:\/\/sanluisinforma.com\/?p=10192#primaryimage\"},\"thumbnailUrl\":\"https:\/\/sanluisinforma.com\/wp-content\/uploads\/2025\/02\/acf40066-4477-435b-852f-9562be3f4963.jpg\",\"articleSection\":[\"Local\",\"Portada\"],\"inLanguage\":\"es\"},{\"@type\":\"WebPage\",\"@id\":\"https:\/\/sanluisinforma.com\/?p=10192\",\"url\":\"https:\/\/sanluisinforma.com\/?p=10192\",\"name\":\"Ciudades Patrimonio ratifica a Enrique Galindo como Presidente Nacional - sanluisinforma.com\",\"isPartOf\":{\"@id\":\"https:\/\/sanluisinforma.com\/#website\"},\"primaryImageOfPage\":{\"@id\":\"https:\/\/sanluisinforma.com\/?p=10192#primaryimage\"},\"image\":{\"@id\":\"https:\/\/sanluisinforma.com\/?p=10192#primaryimage\"},\"thumbnailUrl\":\"https:\/\/sanluisinforma.com\/wp-content\/uploads\/2025\/02\/acf40066-4477-435b-852f-9562be3f4963.jpg\",\"datePublished\":\"2025-02-08T06:50:00+00:00\",\"dateModified\":\"2025-02-08T04:57:23+00:00\",\"breadcrumb\":{\"@id\":\"https:\/\/sanluisinforma.com\/?p=10192#breadcrumb\"},\"inLanguage\":\"es\",\"potentialAction\":[{\"@type\":\"ReadAction\",\"target\":[\"https:\/\/sanluisinforma.com\/?p=10192\"]}]},{\"@type\":\"ImageObject\",\"inLanguage\":\"es\",\"@id\":\"https:\/\/sanluisinforma.com\/?p=10192#primaryimage\",\"url\":\"https:\/\/sanluisinforma.com\/wp-content\/uploads\/2025\/02\/acf40066-4477-435b-852f-9562be3f4963.jpg\",\"contentUrl\":\"https:\/\/sanluisinforma.com\/wp-content\/uploads\/2025\/02\/acf40066-4477-435b-852f-9562be3f4963.jpg\",\"width\":480,\"height\":319},{\"@type\":\"BreadcrumbList\",\"@id\":\"https:\/\/sanluisinforma.com\/?p=10192#breadcrumb\",\"itemListElement\":[{\"@type\":\"ListItem\",\"position\":1,\"name\":\"Inicio\",\"item\":\"https:\/\/sanluisinforma.com\/\"},{\"@type\":\"ListItem\",\"position\":2,\"name\":\"Ciudades Patrimonio ratifica a Enrique Galindo como Presidente Nacional\"}]},{\"@type\":\"WebSite\",\"@id\":\"https:\/\/sanluisinforma.com\/#website\",\"url\":\"https:\/\/sanluisinforma.com\/\",\"name\":\"sanluisinforma.com\",\"description\":\"Periodico San Luis Informa\",\"publisher\":{\"@id\":\"https:\/\/sanluisinforma.com\/#organization\"},\"potentialAction\":[{\"@type\":\"SearchAction\",\"target\":{\"@type\":\"EntryPoint\",\"urlTemplate\":\"https:\/\/sanluisinforma.com\/?s={search_term_string}\"},\"query-input\":{\"@type\":\"PropertyValueSpecification\",\"valueRequired\":true,\"valueName\":\"search_term_string\"}}],\"inLanguage\":\"es\"},{\"@type\":\"Organization\",\"@id\":\"https:\/\/sanluisinforma.com\/#organization\",\"name\":\"sanluisinforma.com\",\"url\":\"https:\/\/sanluisinforma.com\/\",\"logo\":{\"@type\":\"ImageObject\",\"inLanguage\":\"es\",\"@id\":\"https:\/\/sanluisinforma.com\/#\/schema\/logo\/image\/\",\"url\":\"https:\/\/sanluisinforma.com\/wp-content\/uploads\/2026\/03\/sanluisinforma-V.jpg\",\"contentUrl\":\"https:\/\/sanluisinforma.com\/wp-content\/uploads\/2026\/03\/sanluisinforma-V.jpg\",\"width\":500,\"height\":156,\"caption\":\"sanluisinforma.com\"},\"image\":{\"@id\":\"https:\/\/sanluisinforma.com\/#\/schema\/logo\/image\/\"}},{\"@type\":\"Person\",\"@id\":\"https:\/\/sanluisinforma.com\/#\/schema\/person\/c30648f71476be533b6f59d092905c8b\",\"name\":\"sanluisinforma.com\",\"image\":{\"@type\":\"ImageObject\",\"inLanguage\":\"es\",\"@id\":\"https:\/\/sanluisinforma.com\/#\/schema\/person\/image\/\",\"url\":\"https:\/\/secure.gravatar.com\/avatar\/86e3114e34a1eecefb963e0a02f0093f93b092dddb2fe1517596343751081a87?s=96&d=mm&r=g\",\"contentUrl\":\"https:\/\/secure.gravatar.com\/avatar\/86e3114e34a1eecefb963e0a02f0093f93b092dddb2fe1517596343751081a87?s=96&d=mm&r=g\",\"caption\":\"sanluisinforma.com\"},\"url\":\"https:\/\/sanluisinforma.com\/?author=2\"}]}<\/script>\n<!-- \/ Yoast SEO plugin. -->","yoast_head_json":{"title":"Ciudades Patrimonio ratifica a Enrique Galindo como Presidente Nacional - sanluisinforma.com","robots":{"index":"index","follow":"follow","max-snippet":"max-snippet:-1","max-image-preview":"max-image-preview:large","max-video-preview":"max-video-preview:-1"},"canonical":"https:\/\/sanluisinforma.com\/?p=10192","og_locale":"es_MX","og_type":"article","og_title":"Ciudades Patrimonio ratifica a Enrique Galindo como Presidente Nacional - sanluisinforma.com","og_description":"Andr\u00e9s Morales, a nombre de la Unesco, tom\u00f3 protesta al Alcalde de San Luis Capital para encabezar la Asociaci\u00f3n de","og_url":"https:\/\/sanluisinforma.com\/?p=10192","og_site_name":"sanluisinforma.com","article_published_time":"2025-02-08T06:50:00+00:00","article_modified_time":"2025-02-08T04:57:23+00:00","og_image":[{"width":480,"height":319,"url":"https:\/\/sanluisinforma.com\/wp-content\/uploads\/2025\/02\/acf40066-4477-435b-852f-9562be3f4963.jpg","type":"image\/jpeg"}],"author":"sanluisinforma.com","twitter_card":"summary_large_image","twitter_misc":{"Escrito por":"sanluisinforma.com","Tiempo de lectura":"2 minutos"},"schema":{"@context":"https:\/\/schema.org","@graph":[{"@type":"Article","@id":"https:\/\/sanluisinforma.com\/?p=10192#article","isPartOf":{"@id":"https:\/\/sanluisinforma.com\/?p=10192"},"author":{"name":"sanluisinforma.com","@id":"https:\/\/sanluisinforma.com\/#\/schema\/person\/c30648f71476be533b6f59d092905c8b"},"headline":"Ciudades Patrimonio ratifica a Enrique Galindo como Presidente Nacional","datePublished":"2025-02-08T06:50:00+00:00","dateModified":"2025-02-08T04:57:23+00:00","mainEntityOfPage":{"@id":"https:\/\/sanluisinforma.com\/?p=10192"},"wordCount":418,"publisher":{"@id":"https:\/\/sanluisinforma.com\/#organization"},"image":{"@id":"https:\/\/sanluisinforma.com\/?p=10192#primaryimage"},"thumbnailUrl":"https:\/\/sanluisinforma.com\/wp-content\/uploads\/2025\/02\/acf40066-4477-435b-852f-9562be3f4963.jpg","articleSection":["Local","Portada"],"inLanguage":"es"},{"@type":"WebPage","@id":"https:\/\/sanluisinforma.com\/?p=10192","url":"https:\/\/sanluisinforma.com\/?p=10192","name":"Ciudades Patrimonio ratifica a Enrique Galindo como Presidente Nacional - sanluisinforma.com","isPartOf":{"@id":"https:\/\/sanluisinforma.com\/#website"},"primaryImageOfPage":{"@id":"https:\/\/sanluisinforma.com\/?p=10192#primaryimage"},"image":{"@id":"https:\/\/sanluisinforma.com\/?p=10192#primaryimage"},"thumbnailUrl":"https:\/\/sanluisinforma.com\/wp-content\/uploads\/2025\/02\/acf40066-4477-435b-852f-9562be3f4963.jpg","datePublished":"2025-02-08T06:50:00+00:00","dateModified":"2025-02-08T04:57:23+00:00","breadcrumb":{"@id":"https:\/\/sanluisinforma.com\/?p=10192#breadcrumb"},"inLanguage":"es","potentialAction":[{"@type":"ReadAction","target":["https:\/\/sanluisinforma.com\/?p=10192"]}]},{"@type":"ImageObject","inLanguage":"es","@id":"https:\/\/sanluisinforma.com\/?p=10192#primaryimage","url":"https:\/\/sanluisinforma.com\/wp-content\/uploads\/2025\/02\/acf40066-4477-435b-852f-9562be3f4963.jpg","contentUrl":"https:\/\/sanluisinforma.com\/wp-content\/uploads\/2025\/02\/acf40066-4477-435b-852f-9562be3f4963.jpg","width":480,"height":319},{"@type":"BreadcrumbList","@id":"https:\/\/sanluisinforma.com\/?p=10192#breadcrumb","itemListElement":[{"@type":"ListItem","position":1,"name":"Inicio","item":"https:\/\/sanluisinforma.com\/"},{"@type":"ListItem","position":2,"name":"Ciudades Patrimonio ratifica a Enrique Galindo como Presidente Nacional"}]},{"@type":"WebSite","@id":"https:\/\/sanluisinforma.com\/#website","url":"https:\/\/sanluisinforma.com\/","name":"sanluisinforma.com","description":"Periodico San Luis Informa","publisher":{"@id":"https:\/\/sanluisinforma.com\/#organization"},"potentialAction":[{"@type":"SearchAction","target":{"@type":"EntryPoint","urlTemplate":"https:\/\/sanluisinforma.com\/?s={search_term_string}"},"query-input":{"@type":"PropertyValueSpecification","valueRequired":true,"valueName":"search_term_string"}}],"inLanguage":"es"},{"@type":"Organization","@id":"https:\/\/sanluisinforma.com\/#organization","name":"sanluisinforma.com","url":"https:\/\/sanluisinforma.com\/","logo":{"@type":"ImageObject","inLanguage":"es","@id":"https:\/\/sanluisinforma.com\/#\/schema\/logo\/image\/","url":"https:\/\/sanluisinforma.com\/wp-content\/uploads\/2026\/03\/sanluisinforma-V.jpg","contentUrl":"https:\/\/sanluisinforma.com\/wp-content\/uploads\/2026\/03\/sanluisinforma-V.jpg","width":500,"height":156,"caption":"sanluisinforma.com"},"image":{"@id":"https:\/\/sanluisinforma.com\/#\/schema\/logo\/image\/"}},{"@type":"Person","@id":"https:\/\/sanluisinforma.com\/#\/schema\/person\/c30648f71476be533b6f59d092905c8b","name":"sanluisinforma.com","image":{"@type":"ImageObject","inLanguage":"es","@id":"https:\/\/sanluisinforma.com\/#\/schema\/person\/image\/","url":"https:\/\/secure.gravatar.com\/avatar\/86e3114e34a1eecefb963e0a02f0093f93b092dddb2fe1517596343751081a87?s=96&d=mm&r=g","contentUrl":"https:\/\/secure.gravatar.com\/avatar\/86e3114e34a1eecefb963e0a02f0093f93b092dddb2fe1517596343751081a87?s=96&d=mm&r=g","caption":"sanluisinforma.com"},"url":"https:\/\/sanluisinforma.com\/?author=2"}]}},"_links":{"self":[{"href":"https:\/\/sanluisinforma.com\/index.php?rest_route=\/wp\/v2\/posts\/10192","targetHints":{"allow":["GET"]}}],"collection":[{"href":"https:\/\/sanluisinforma.com\/index.php?rest_route=\/wp\/v2\/posts"}],"about":[{"href":"https:\/\/sanluisinforma.com\/index.php?rest_route=\/wp\/v2\/types\/post"}],"author":[{"embeddable":true,"href":"https:\/\/sanluisinforma.com\/index.php?rest_route=\/wp\/v2\/users\/2"}],"replies":[{"embeddable":true,"href":"https:\/\/sanluisinforma.com\/index.php?rest_route=%2Fwp%2Fv2%2Fcomments&post=10192"}],"version-history":[{"count":1,"href":"https:\/\/sanluisinforma.com\/index.php?rest_route=\/wp\/v2\/posts\/10192\/revisions"}],"predecessor-version":[{"id":10194,"href":"https:\/\/sanluisinforma.com\/index.php?rest_route=\/wp\/v2\/posts\/10192\/revisions\/10194"}],"wp:featuredmedia":[{"embeddable":true,"href":"https:\/\/sanluisinforma.com\/index.php?rest_route=\/wp\/v2\/media\/10193"}],"wp:attachment":[{"href":"https:\/\/sanluisinforma.com\/index.php?rest_route=%2Fwp%2Fv2%2Fmedia&parent=10192"}],"wp:term":[{"taxonomy":"category","embeddable":true,"href":"https:\/\/sanluisinforma.com\/index.php?rest_route=%2Fwp%2Fv2%2Fcategories&post=10192"},{"taxonomy":"post_tag","embeddable":true,"href":"https:\/\/sanluisinforma.com\/index.php?rest_route=%2Fwp%2Fv2%2Ftags&post=10192"}],"curies":[{"name":"wp","href":"https:\/\/api.w.org\/{rel}","templated":true}]}}