{"id":10195,"date":"2025-02-08T00:45:00","date_gmt":"2025-02-08T06:45:00","guid":{"rendered":"https:\/\/sanluisinforma.com\/?p=10195"},"modified":"2025-02-07T23:00:29","modified_gmt":"2025-02-08T05:00:29","slug":"se-agotaron-en-tiempo-record-los-registros-de-la-carrera-yo-amo-correr-juntos-a-cargo-del-gobierno-de-la-capital","status":"publish","type":"post","link":"https:\/\/sanluisinforma.com\/?p=10195","title":{"rendered":"Se agotaron en tiempo r\u00e9cord los registros de la carrera \u201cYo Amo Correr Juntos\u201d a cargo del Gobierno de la Capital"},"content":{"rendered":"\n<ul class=\"wp-block-list\">\n<li>Poco m\u00e1s de un d\u00eda duraron los registros gratuitos para los participantes, quienes har\u00e1n de la justa toda una fiesta atl\u00e9tica.<\/li>\n<\/ul>\n\n\n\n<p><\/p>\n\n\n\n<p>San Luis Potos\u00ed. \u2013El Gobierno de la Capital a trav\u00e9s de la Direcci\u00f3n de Deporte Municipal agradecen la gran respuesta de la comunidad atl\u00e9tica en San Luis Potos\u00ed y la ciudadan\u00eda en general, quienes agotaron los registros de la lid \u201cYo Amo Correr Juntos\u201d 2025 en el marco del d\u00eda del Amor y la Amistad.<\/p>\n\n\n\n<p>La carrera atl\u00e9tica se desarrollar\u00e1 el domingo 16 de febrero y tendr\u00e1 un recorrido de 8 kil\u00f3metros en la prueba estelar y una lid de convivencia de 5 kil\u00f3metros para participantes en general y atletas con discapacidad.<\/p>\n\n\n\n<p>En los diversos puntos de registro se tuvo una notable afluencia desde las primeras horas del pasado mi\u00e9rcoles 5 de febrero por lo que pr\u00e1cticamente en un d\u00eda se completaron las inscripciones disponibles.<\/p>\n\n\n\n<p>Cabe se\u00f1alar que la justa tendr\u00e1 para la distancia de 8 kil\u00f3metros la categor\u00eda \u00danica Mixta (Hombre &#8211; Mujer), \u00danica Varonil (Hombre-Hombre) y \u00danica Femenil (Mujer-Mujer). En la distancia de 5 kil\u00f3metros la categor\u00eda ser\u00eda \u00danica Libre y Discapacidad. En ambas distancias se logr\u00f3 concentrar un buen n\u00famero de asistentes quienes ya se alistan para el gran evento.<\/p>\n\n\n\n<p>Recordar que la entrega de kit\u00b4s para los atletas debidamente inscritos ser\u00e1 el d\u00eda s\u00e1bado 15 de febrero de 8:00 a 17:00hrs., en el Auditorio Socorro Blanc en La Unidad Administrativa Municipal. Blvd. Salvador Nava Mart\u00ednez #1580, Col. Santuario, CP. 78380, San Luis Potos\u00ed, S.L.P.<\/p>\n\n\n\n<p>Para poder recoger el kit se requiere presentar la ficha de inscripci\u00f3n y presentar identificaci\u00f3n oficial (f\u00edsica o en foto solo para corroborar)<\/p>\n\n\n\n<p>No habr\u00e1 entrega de kits el d\u00eda del evento. El competidor que no recoja kit en la fecha y horario establecidos, perder\u00e1 todo derecho derivado de su inscripci\u00f3n y no podr\u00e1 participar en el evento.<\/p>\n\n\n\n<p>Las rutas se dar\u00e1n a conocer la semana entrante en la p\u00e1gina oficial de la Direcci\u00f3n de Deporte Municipal. La premiaci\u00f3n del evento ser\u00e1 a las 9:00 horas del d\u00eda domingo 16 de febrero y es obligatorio presentar identificaci\u00f3n oficial de ambos participantes.<\/p>\n\n\n\n<p>Para ser acreedores al premio, las parejas deber\u00e1n completar la distancia en la que se inscribieron y cruzar la meta simult\u00e1neamente.<\/p>\n\n\n\n<p>Se premiar\u00e1 en especie a los ganadores de las distancias de 8k y 5k de cada rama.<\/p>\n\n\n\n<p>Por lo anterior, queda todo listo para el gran evento atl\u00e9tico, en una semana llena de deporte en el San Luis Amable.<\/p>\n","protected":false},"excerpt":{"rendered":"<p>San Luis Potos\u00ed. \u2013El Gobierno de la Capital a trav\u00e9s de la Direcci\u00f3n de Deporte Municipal agradecen la gran respuesta<\/p>\n","protected":false},"author":2,"featured_media":10196,"comment_status":"closed","ping_status":"closed","sticky":false,"template":"","format":"standard","meta":{"footnotes":""},"categories":[30],"tags":[],"class_list":["post-10195","post","type-post","status-publish","format-standard","has-post-thumbnail","hentry","category-portada"],"yoast_head":"<!-- This site is optimized with the Yoast SEO plugin v24.1 - https:\/\/yoast.com\/wordpress\/plugins\/seo\/ -->\n<title>Se agotaron en tiempo r\u00e9cord los registros de la carrera \u201cYo Amo Correr Juntos\u201d a cargo del Gobierno de la Capital - sanluisinforma.com<\/title>\n<meta name=\"robots\" content=\"index, follow, max-snippet:-1, max-image-preview:large, max-video-preview:-1\" \/>\n<link rel=\"canonical\" href=\"https:\/\/sanluisinforma.com\/?p=10195\" \/>\n<meta property=\"og:locale\" content=\"es_MX\" \/>\n<meta property=\"og:type\" content=\"article\" \/>\n<meta property=\"og:title\" content=\"Se agotaron en tiempo r\u00e9cord los registros de la carrera \u201cYo Amo Correr Juntos\u201d a cargo del Gobierno de la Capital - sanluisinforma.com\" \/>\n<meta property=\"og:description\" content=\"San Luis Potos\u00ed. \u2013El Gobierno de la Capital a trav\u00e9s de la Direcci\u00f3n de Deporte Municipal agradecen la gran respuesta\" \/>\n<meta property=\"og:url\" content=\"https:\/\/sanluisinforma.com\/?p=10195\" \/>\n<meta property=\"og:site_name\" content=\"sanluisinforma.com\" \/>\n<meta property=\"article:published_time\" content=\"2025-02-08T06:45:00+00:00\" \/>\n<meta property=\"article:modified_time\" content=\"2025-02-08T05:00:29+00:00\" \/>\n<meta property=\"og:image\" content=\"https:\/\/sanluisinforma.com\/wp-content\/uploads\/2025\/02\/7e96ed35-90e3-42e0-9b4b-53f1977ea09d.jpg\" \/>\n\t<meta property=\"og:image:width\" content=\"480\" \/>\n\t<meta property=\"og:image:height\" content=\"319\" \/>\n\t<meta property=\"og:image:type\" content=\"image\/jpeg\" \/>\n<meta name=\"author\" content=\"sanluisinforma.com\" \/>\n<meta name=\"twitter:card\" content=\"summary_large_image\" \/>\n<meta name=\"twitter:label1\" content=\"Escrito por\" \/>\n\t<meta name=\"twitter:data1\" content=\"sanluisinforma.com\" \/>\n\t<meta name=\"twitter:label2\" content=\"Tiempo de lectura\" \/>\n\t<meta name=\"twitter:data2\" content=\"3 minutos\" \/>\n<script type=\"application\/ld+json\" class=\"yoast-schema-graph\">{\"@context\":\"https:\/\/schema.org\",\"@graph\":[{\"@type\":\"Article\",\"@id\":\"https:\/\/sanluisinforma.com\/?p=10195#article\",\"isPartOf\":{\"@id\":\"https:\/\/sanluisinforma.com\/?p=10195\"},\"author\":{\"name\":\"sanluisinforma.com\",\"@id\":\"https:\/\/sanluisinforma.com\/#\/schema\/person\/c30648f71476be533b6f59d092905c8b\"},\"headline\":\"Se agotaron en tiempo r\u00e9cord los registros de la carrera \u201cYo Amo Correr Juntos\u201d a cargo del Gobierno de la Capital\",\"datePublished\":\"2025-02-08T06:45:00+00:00\",\"dateModified\":\"2025-02-08T05:00:29+00:00\",\"mainEntityOfPage\":{\"@id\":\"https:\/\/sanluisinforma.com\/?p=10195\"},\"wordCount\":461,\"publisher\":{\"@id\":\"https:\/\/sanluisinforma.com\/#organization\"},\"image\":{\"@id\":\"https:\/\/sanluisinforma.com\/?p=10195#primaryimage\"},\"thumbnailUrl\":\"https:\/\/sanluisinforma.com\/wp-content\/uploads\/2025\/02\/7e96ed35-90e3-42e0-9b4b-53f1977ea09d.jpg\",\"articleSection\":[\"Portada\"],\"inLanguage\":\"es\"},{\"@type\":\"WebPage\",\"@id\":\"https:\/\/sanluisinforma.com\/?p=10195\",\"url\":\"https:\/\/sanluisinforma.com\/?p=10195\",\"name\":\"Se agotaron en tiempo r\u00e9cord los registros de la carrera \u201cYo Amo Correr Juntos\u201d a cargo del Gobierno de la Capital - sanluisinforma.com\",\"isPartOf\":{\"@id\":\"https:\/\/sanluisinforma.com\/#website\"},\"primaryImageOfPage\":{\"@id\":\"https:\/\/sanluisinforma.com\/?p=10195#primaryimage\"},\"image\":{\"@id\":\"https:\/\/sanluisinforma.com\/?p=10195#primaryimage\"},\"thumbnailUrl\":\"https:\/\/sanluisinforma.com\/wp-content\/uploads\/2025\/02\/7e96ed35-90e3-42e0-9b4b-53f1977ea09d.jpg\",\"datePublished\":\"2025-02-08T06:45:00+00:00\",\"dateModified\":\"2025-02-08T05:00:29+00:00\",\"breadcrumb\":{\"@id\":\"https:\/\/sanluisinforma.com\/?p=10195#breadcrumb\"},\"inLanguage\":\"es\",\"potentialAction\":[{\"@type\":\"ReadAction\",\"target\":[\"https:\/\/sanluisinforma.com\/?p=10195\"]}]},{\"@type\":\"ImageObject\",\"inLanguage\":\"es\",\"@id\":\"https:\/\/sanluisinforma.com\/?p=10195#primaryimage\",\"url\":\"https:\/\/sanluisinforma.com\/wp-content\/uploads\/2025\/02\/7e96ed35-90e3-42e0-9b4b-53f1977ea09d.jpg\",\"contentUrl\":\"https:\/\/sanluisinforma.com\/wp-content\/uploads\/2025\/02\/7e96ed35-90e3-42e0-9b4b-53f1977ea09d.jpg\",\"width\":480,\"height\":319},{\"@type\":\"BreadcrumbList\",\"@id\":\"https:\/\/sanluisinforma.com\/?p=10195#breadcrumb\",\"itemListElement\":[{\"@type\":\"ListItem\",\"position\":1,\"name\":\"Inicio\",\"item\":\"https:\/\/sanluisinforma.com\/\"},{\"@type\":\"ListItem\",\"position\":2,\"name\":\"Se agotaron en tiempo r\u00e9cord los registros de la carrera \u201cYo Amo Correr Juntos\u201d a cargo del Gobierno de la Capital\"}]},{\"@type\":\"WebSite\",\"@id\":\"https:\/\/sanluisinforma.com\/#website\",\"url\":\"https:\/\/sanluisinforma.com\/\",\"name\":\"sanluisinforma.com\",\"description\":\"Periodico San Luis Informa\",\"publisher\":{\"@id\":\"https:\/\/sanluisinforma.com\/#organization\"},\"potentialAction\":[{\"@type\":\"SearchAction\",\"target\":{\"@type\":\"EntryPoint\",\"urlTemplate\":\"https:\/\/sanluisinforma.com\/?s={search_term_string}\"},\"query-input\":{\"@type\":\"PropertyValueSpecification\",\"valueRequired\":true,\"valueName\":\"search_term_string\"}}],\"inLanguage\":\"es\"},{\"@type\":\"Organization\",\"@id\":\"https:\/\/sanluisinforma.com\/#organization\",\"name\":\"sanluisinforma.com\",\"url\":\"https:\/\/sanluisinforma.com\/\",\"logo\":{\"@type\":\"ImageObject\",\"inLanguage\":\"es\",\"@id\":\"https:\/\/sanluisinforma.com\/#\/schema\/logo\/image\/\",\"url\":\"https:\/\/sanluisinforma.com\/wp-content\/uploads\/2026\/03\/sanluisinforma-V.jpg\",\"contentUrl\":\"https:\/\/sanluisinforma.com\/wp-content\/uploads\/2026\/03\/sanluisinforma-V.jpg\",\"width\":500,\"height\":156,\"caption\":\"sanluisinforma.com\"},\"image\":{\"@id\":\"https:\/\/sanluisinforma.com\/#\/schema\/logo\/image\/\"}},{\"@type\":\"Person\",\"@id\":\"https:\/\/sanluisinforma.com\/#\/schema\/person\/c30648f71476be533b6f59d092905c8b\",\"name\":\"sanluisinforma.com\",\"image\":{\"@type\":\"ImageObject\",\"inLanguage\":\"es\",\"@id\":\"https:\/\/sanluisinforma.com\/#\/schema\/person\/image\/\",\"url\":\"https:\/\/secure.gravatar.com\/avatar\/86e3114e34a1eecefb963e0a02f0093f93b092dddb2fe1517596343751081a87?s=96&d=mm&r=g\",\"contentUrl\":\"https:\/\/secure.gravatar.com\/avatar\/86e3114e34a1eecefb963e0a02f0093f93b092dddb2fe1517596343751081a87?s=96&d=mm&r=g\",\"caption\":\"sanluisinforma.com\"},\"url\":\"https:\/\/sanluisinforma.com\/?author=2\"}]}<\/script>\n<!-- \/ Yoast SEO plugin. -->","yoast_head_json":{"title":"Se agotaron en tiempo r\u00e9cord los registros de la carrera \u201cYo Amo Correr Juntos\u201d a cargo del Gobierno de la Capital - sanluisinforma.com","robots":{"index":"index","follow":"follow","max-snippet":"max-snippet:-1","max-image-preview":"max-image-preview:large","max-video-preview":"max-video-preview:-1"},"canonical":"https:\/\/sanluisinforma.com\/?p=10195","og_locale":"es_MX","og_type":"article","og_title":"Se agotaron en tiempo r\u00e9cord los registros de la carrera \u201cYo Amo Correr Juntos\u201d a cargo del Gobierno de la Capital - sanluisinforma.com","og_description":"San Luis Potos\u00ed. \u2013El Gobierno de la Capital a trav\u00e9s de la Direcci\u00f3n de Deporte Municipal agradecen la gran respuesta","og_url":"https:\/\/sanluisinforma.com\/?p=10195","og_site_name":"sanluisinforma.com","article_published_time":"2025-02-08T06:45:00+00:00","article_modified_time":"2025-02-08T05:00:29+00:00","og_image":[{"width":480,"height":319,"url":"https:\/\/sanluisinforma.com\/wp-content\/uploads\/2025\/02\/7e96ed35-90e3-42e0-9b4b-53f1977ea09d.jpg","type":"image\/jpeg"}],"author":"sanluisinforma.com","twitter_card":"summary_large_image","twitter_misc":{"Escrito por":"sanluisinforma.com","Tiempo de lectura":"3 minutos"},"schema":{"@context":"https:\/\/schema.org","@graph":[{"@type":"Article","@id":"https:\/\/sanluisinforma.com\/?p=10195#article","isPartOf":{"@id":"https:\/\/sanluisinforma.com\/?p=10195"},"author":{"name":"sanluisinforma.com","@id":"https:\/\/sanluisinforma.com\/#\/schema\/person\/c30648f71476be533b6f59d092905c8b"},"headline":"Se agotaron en tiempo r\u00e9cord los registros de la carrera \u201cYo Amo Correr Juntos\u201d a cargo del Gobierno de la Capital","datePublished":"2025-02-08T06:45:00+00:00","dateModified":"2025-02-08T05:00:29+00:00","mainEntityOfPage":{"@id":"https:\/\/sanluisinforma.com\/?p=10195"},"wordCount":461,"publisher":{"@id":"https:\/\/sanluisinforma.com\/#organization"},"image":{"@id":"https:\/\/sanluisinforma.com\/?p=10195#primaryimage"},"thumbnailUrl":"https:\/\/sanluisinforma.com\/wp-content\/uploads\/2025\/02\/7e96ed35-90e3-42e0-9b4b-53f1977ea09d.jpg","articleSection":["Portada"],"inLanguage":"es"},{"@type":"WebPage","@id":"https:\/\/sanluisinforma.com\/?p=10195","url":"https:\/\/sanluisinforma.com\/?p=10195","name":"Se agotaron en tiempo r\u00e9cord los registros de la carrera \u201cYo Amo Correr Juntos\u201d a cargo del Gobierno de la Capital - sanluisinforma.com","isPartOf":{"@id":"https:\/\/sanluisinforma.com\/#website"},"primaryImageOfPage":{"@id":"https:\/\/sanluisinforma.com\/?p=10195#primaryimage"},"image":{"@id":"https:\/\/sanluisinforma.com\/?p=10195#primaryimage"},"thumbnailUrl":"https:\/\/sanluisinforma.com\/wp-content\/uploads\/2025\/02\/7e96ed35-90e3-42e0-9b4b-53f1977ea09d.jpg","datePublished":"2025-02-08T06:45:00+00:00","dateModified":"2025-02-08T05:00:29+00:00","breadcrumb":{"@id":"https:\/\/sanluisinforma.com\/?p=10195#breadcrumb"},"inLanguage":"es","potentialAction":[{"@type":"ReadAction","target":["https:\/\/sanluisinforma.com\/?p=10195"]}]},{"@type":"ImageObject","inLanguage":"es","@id":"https:\/\/sanluisinforma.com\/?p=10195#primaryimage","url":"https:\/\/sanluisinforma.com\/wp-content\/uploads\/2025\/02\/7e96ed35-90e3-42e0-9b4b-53f1977ea09d.jpg","contentUrl":"https:\/\/sanluisinforma.com\/wp-content\/uploads\/2025\/02\/7e96ed35-90e3-42e0-9b4b-53f1977ea09d.jpg","width":480,"height":319},{"@type":"BreadcrumbList","@id":"https:\/\/sanluisinforma.com\/?p=10195#breadcrumb","itemListElement":[{"@type":"ListItem","position":1,"name":"Inicio","item":"https:\/\/sanluisinforma.com\/"},{"@type":"ListItem","position":2,"name":"Se agotaron en tiempo r\u00e9cord los registros de la carrera \u201cYo Amo Correr Juntos\u201d a cargo del Gobierno de la Capital"}]},{"@type":"WebSite","@id":"https:\/\/sanluisinforma.com\/#website","url":"https:\/\/sanluisinforma.com\/","name":"sanluisinforma.com","description":"Periodico San Luis Informa","publisher":{"@id":"https:\/\/sanluisinforma.com\/#organization"},"potentialAction":[{"@type":"SearchAction","target":{"@type":"EntryPoint","urlTemplate":"https:\/\/sanluisinforma.com\/?s={search_term_string}"},"query-input":{"@type":"PropertyValueSpecification","valueRequired":true,"valueName":"search_term_string"}}],"inLanguage":"es"},{"@type":"Organization","@id":"https:\/\/sanluisinforma.com\/#organization","name":"sanluisinforma.com","url":"https:\/\/sanluisinforma.com\/","logo":{"@type":"ImageObject","inLanguage":"es","@id":"https:\/\/sanluisinforma.com\/#\/schema\/logo\/image\/","url":"https:\/\/sanluisinforma.com\/wp-content\/uploads\/2026\/03\/sanluisinforma-V.jpg","contentUrl":"https:\/\/sanluisinforma.com\/wp-content\/uploads\/2026\/03\/sanluisinforma-V.jpg","width":500,"height":156,"caption":"sanluisinforma.com"},"image":{"@id":"https:\/\/sanluisinforma.com\/#\/schema\/logo\/image\/"}},{"@type":"Person","@id":"https:\/\/sanluisinforma.com\/#\/schema\/person\/c30648f71476be533b6f59d092905c8b","name":"sanluisinforma.com","image":{"@type":"ImageObject","inLanguage":"es","@id":"https:\/\/sanluisinforma.com\/#\/schema\/person\/image\/","url":"https:\/\/secure.gravatar.com\/avatar\/86e3114e34a1eecefb963e0a02f0093f93b092dddb2fe1517596343751081a87?s=96&d=mm&r=g","contentUrl":"https:\/\/secure.gravatar.com\/avatar\/86e3114e34a1eecefb963e0a02f0093f93b092dddb2fe1517596343751081a87?s=96&d=mm&r=g","caption":"sanluisinforma.com"},"url":"https:\/\/sanluisinforma.com\/?author=2"}]}},"_links":{"self":[{"href":"https:\/\/sanluisinforma.com\/index.php?rest_route=\/wp\/v2\/posts\/10195","targetHints":{"allow":["GET"]}}],"collection":[{"href":"https:\/\/sanluisinforma.com\/index.php?rest_route=\/wp\/v2\/posts"}],"about":[{"href":"https:\/\/sanluisinforma.com\/index.php?rest_route=\/wp\/v2\/types\/post"}],"author":[{"embeddable":true,"href":"https:\/\/sanluisinforma.com\/index.php?rest_route=\/wp\/v2\/users\/2"}],"replies":[{"embeddable":true,"href":"https:\/\/sanluisinforma.com\/index.php?rest_route=%2Fwp%2Fv2%2Fcomments&post=10195"}],"version-history":[{"count":1,"href":"https:\/\/sanluisinforma.com\/index.php?rest_route=\/wp\/v2\/posts\/10195\/revisions"}],"predecessor-version":[{"id":10197,"href":"https:\/\/sanluisinforma.com\/index.php?rest_route=\/wp\/v2\/posts\/10195\/revisions\/10197"}],"wp:featuredmedia":[{"embeddable":true,"href":"https:\/\/sanluisinforma.com\/index.php?rest_route=\/wp\/v2\/media\/10196"}],"wp:attachment":[{"href":"https:\/\/sanluisinforma.com\/index.php?rest_route=%2Fwp%2Fv2%2Fmedia&parent=10195"}],"wp:term":[{"taxonomy":"category","embeddable":true,"href":"https:\/\/sanluisinforma.com\/index.php?rest_route=%2Fwp%2Fv2%2Fcategories&post=10195"},{"taxonomy":"post_tag","embeddable":true,"href":"https:\/\/sanluisinforma.com\/index.php?rest_route=%2Fwp%2Fv2%2Ftags&post=10195"}],"curies":[{"name":"wp","href":"https:\/\/api.w.org\/{rel}","templated":true}]}}