{"id":10213,"date":"2025-02-09T00:55:00","date_gmt":"2025-02-09T06:55:00","guid":{"rendered":"https:\/\/sanluisinforma.com\/?p=10213"},"modified":"2025-02-08T21:52:49","modified_gmt":"2025-02-09T03:52:49","slug":"mas-de-diez-mil-jovenes-asistieron-a-la-feria-de-universidades","status":"publish","type":"post","link":"https:\/\/sanluisinforma.com\/?p=10213","title":{"rendered":"M\u00e1s de diez mil j\u00f3venes asistieron a la Feria de Universidades"},"content":{"rendered":"\n<p><\/p>\n\n\n\n<p>Con gran \u00e9xito concluy\u00f3, este s\u00e1bado, la Feria de Universidades Interactiva 2025<\/p>\n\n\n\n<p>M\u00e1s de 10 mil j\u00f3venes recibieron m\u00e1s apoyo del Gobierno del Estado que encabeza Ricardo Gallardo Cardona, mediante la Feria de Universidades Interactiva (Funi), realizada el viernes 7 y s\u00e1bado 8 de febrero, donde accedieron a informaci\u00f3n sobre diferentes carreras, escuelas de nivel superior publicas y privadas y becas, para que puedan continuar con sus estudios.&nbsp;<\/p>\n\n\n\n<p>La Funi se ha convertido a\u00f1o tras a\u00f1o en un evento que supera las expectativas, aumentando las cifras de instituciones p\u00fablicas y privadas, al acercar informaci\u00f3n en los 110 m\u00f3dulos de 334 licenciaturas, 185 posgrados entre ellos 40 especialidades, 106 maestr\u00edas y 39 doctorados, mostrando una gran diversidad de oportunidades para que nadie se quede sin acceso a la educaci\u00f3n.&nbsp;<\/p>\n\n\n\n<p>Al respecto el titular de la Secretar\u00eda de educaci\u00f3n de Gobierno del Estado (SEGE), Juan Carlos Torres Cedillo, dijo que con el desarrollo de esta edici\u00f3n m\u00e1s de 28 mil estudiantes han logrado encontrar una oportunidad que se adapta a sus necesidades, convirti\u00e9ndose en la feria m\u00e1s grande del centro del pa\u00eds, al contar con escuelas de otros estados e incluso del extranjero.&nbsp;<\/p>\n\n\n\n<p>Finalmente, los j\u00f3venes y las familias que asistieron a este \u00faltimo d\u00eda, agradecieron la organizaci\u00f3n de este evento, al mencionar que es un gran espacio para poder comparar las ofertas educativas, costos, modalidades y fechas de inscripci\u00f3n.<\/p>\n","protected":false},"excerpt":{"rendered":"<p>Con gran \u00e9xito concluy\u00f3, este s\u00e1bado, la Feria de Universidades Interactiva 2025 M\u00e1s de 10 mil j\u00f3venes recibieron m\u00e1s apoyo<\/p>\n","protected":false},"author":2,"featured_media":10214,"comment_status":"closed","ping_status":"closed","sticky":false,"template":"","format":"standard","meta":{"footnotes":""},"categories":[25,30],"tags":[],"class_list":["post-10213","post","type-post","status-publish","format-standard","has-post-thumbnail","hentry","category-local","category-portada"],"yoast_head":"<!-- This site is optimized with the Yoast SEO plugin v24.1 - https:\/\/yoast.com\/wordpress\/plugins\/seo\/ -->\n<title>M\u00e1s de diez mil j\u00f3venes asistieron a la Feria de Universidades - sanluisinforma.com<\/title>\n<meta name=\"robots\" content=\"index, follow, max-snippet:-1, max-image-preview:large, max-video-preview:-1\" \/>\n<link rel=\"canonical\" href=\"https:\/\/sanluisinforma.com\/?p=10213\" \/>\n<meta property=\"og:locale\" content=\"es_MX\" \/>\n<meta property=\"og:type\" content=\"article\" \/>\n<meta property=\"og:title\" content=\"M\u00e1s de diez mil j\u00f3venes asistieron a la Feria de Universidades - sanluisinforma.com\" \/>\n<meta property=\"og:description\" content=\"Con gran \u00e9xito concluy\u00f3, este s\u00e1bado, la Feria de Universidades Interactiva 2025 M\u00e1s de 10 mil j\u00f3venes recibieron m\u00e1s apoyo\" \/>\n<meta property=\"og:url\" content=\"https:\/\/sanluisinforma.com\/?p=10213\" \/>\n<meta property=\"og:site_name\" content=\"sanluisinforma.com\" \/>\n<meta property=\"article:published_time\" content=\"2025-02-09T06:55:00+00:00\" \/>\n<meta property=\"article:modified_time\" content=\"2025-02-09T03:52:49+00:00\" \/>\n<meta property=\"og:image\" content=\"https:\/\/sanluisinforma.com\/wp-content\/uploads\/2025\/02\/923b7fff-4377-490b-8cd9-0431b3697ecd.jpg\" \/>\n\t<meta property=\"og:image:width\" content=\"480\" \/>\n\t<meta property=\"og:image:height\" content=\"319\" \/>\n\t<meta property=\"og:image:type\" content=\"image\/jpeg\" \/>\n<meta name=\"author\" content=\"sanluisinforma.com\" \/>\n<meta name=\"twitter:card\" content=\"summary_large_image\" \/>\n<meta name=\"twitter:label1\" content=\"Escrito por\" \/>\n\t<meta name=\"twitter:data1\" content=\"sanluisinforma.com\" \/>\n\t<meta name=\"twitter:label2\" content=\"Tiempo de lectura\" \/>\n\t<meta name=\"twitter:data2\" content=\"2 minutos\" \/>\n<script type=\"application\/ld+json\" class=\"yoast-schema-graph\">{\"@context\":\"https:\/\/schema.org\",\"@graph\":[{\"@type\":\"Article\",\"@id\":\"https:\/\/sanluisinforma.com\/?p=10213#article\",\"isPartOf\":{\"@id\":\"https:\/\/sanluisinforma.com\/?p=10213\"},\"author\":{\"name\":\"sanluisinforma.com\",\"@id\":\"https:\/\/sanluisinforma.com\/#\/schema\/person\/c30648f71476be533b6f59d092905c8b\"},\"headline\":\"M\u00e1s de diez mil j\u00f3venes asistieron a la Feria de Universidades\",\"datePublished\":\"2025-02-09T06:55:00+00:00\",\"dateModified\":\"2025-02-09T03:52:49+00:00\",\"mainEntityOfPage\":{\"@id\":\"https:\/\/sanluisinforma.com\/?p=10213\"},\"wordCount\":257,\"publisher\":{\"@id\":\"https:\/\/sanluisinforma.com\/#organization\"},\"image\":{\"@id\":\"https:\/\/sanluisinforma.com\/?p=10213#primaryimage\"},\"thumbnailUrl\":\"https:\/\/sanluisinforma.com\/wp-content\/uploads\/2025\/02\/923b7fff-4377-490b-8cd9-0431b3697ecd.jpg\",\"articleSection\":[\"Local\",\"Portada\"],\"inLanguage\":\"es\"},{\"@type\":\"WebPage\",\"@id\":\"https:\/\/sanluisinforma.com\/?p=10213\",\"url\":\"https:\/\/sanluisinforma.com\/?p=10213\",\"name\":\"M\u00e1s de diez mil j\u00f3venes asistieron a la Feria de Universidades - sanluisinforma.com\",\"isPartOf\":{\"@id\":\"https:\/\/sanluisinforma.com\/#website\"},\"primaryImageOfPage\":{\"@id\":\"https:\/\/sanluisinforma.com\/?p=10213#primaryimage\"},\"image\":{\"@id\":\"https:\/\/sanluisinforma.com\/?p=10213#primaryimage\"},\"thumbnailUrl\":\"https:\/\/sanluisinforma.com\/wp-content\/uploads\/2025\/02\/923b7fff-4377-490b-8cd9-0431b3697ecd.jpg\",\"datePublished\":\"2025-02-09T06:55:00+00:00\",\"dateModified\":\"2025-02-09T03:52:49+00:00\",\"breadcrumb\":{\"@id\":\"https:\/\/sanluisinforma.com\/?p=10213#breadcrumb\"},\"inLanguage\":\"es\",\"potentialAction\":[{\"@type\":\"ReadAction\",\"target\":[\"https:\/\/sanluisinforma.com\/?p=10213\"]}]},{\"@type\":\"ImageObject\",\"inLanguage\":\"es\",\"@id\":\"https:\/\/sanluisinforma.com\/?p=10213#primaryimage\",\"url\":\"https:\/\/sanluisinforma.com\/wp-content\/uploads\/2025\/02\/923b7fff-4377-490b-8cd9-0431b3697ecd.jpg\",\"contentUrl\":\"https:\/\/sanluisinforma.com\/wp-content\/uploads\/2025\/02\/923b7fff-4377-490b-8cd9-0431b3697ecd.jpg\",\"width\":480,\"height\":319},{\"@type\":\"BreadcrumbList\",\"@id\":\"https:\/\/sanluisinforma.com\/?p=10213#breadcrumb\",\"itemListElement\":[{\"@type\":\"ListItem\",\"position\":1,\"name\":\"Inicio\",\"item\":\"https:\/\/sanluisinforma.com\/\"},{\"@type\":\"ListItem\",\"position\":2,\"name\":\"M\u00e1s de diez mil j\u00f3venes asistieron a la Feria de Universidades\"}]},{\"@type\":\"WebSite\",\"@id\":\"https:\/\/sanluisinforma.com\/#website\",\"url\":\"https:\/\/sanluisinforma.com\/\",\"name\":\"sanluisinforma.com\",\"description\":\"Periodico San Luis Informa\",\"publisher\":{\"@id\":\"https:\/\/sanluisinforma.com\/#organization\"},\"potentialAction\":[{\"@type\":\"SearchAction\",\"target\":{\"@type\":\"EntryPoint\",\"urlTemplate\":\"https:\/\/sanluisinforma.com\/?s={search_term_string}\"},\"query-input\":{\"@type\":\"PropertyValueSpecification\",\"valueRequired\":true,\"valueName\":\"search_term_string\"}}],\"inLanguage\":\"es\"},{\"@type\":\"Organization\",\"@id\":\"https:\/\/sanluisinforma.com\/#organization\",\"name\":\"sanluisinforma.com\",\"url\":\"https:\/\/sanluisinforma.com\/\",\"logo\":{\"@type\":\"ImageObject\",\"inLanguage\":\"es\",\"@id\":\"https:\/\/sanluisinforma.com\/#\/schema\/logo\/image\/\",\"url\":\"https:\/\/sanluisinforma.com\/wp-content\/uploads\/2026\/03\/sanluisinforma-V.jpg\",\"contentUrl\":\"https:\/\/sanluisinforma.com\/wp-content\/uploads\/2026\/03\/sanluisinforma-V.jpg\",\"width\":500,\"height\":156,\"caption\":\"sanluisinforma.com\"},\"image\":{\"@id\":\"https:\/\/sanluisinforma.com\/#\/schema\/logo\/image\/\"}},{\"@type\":\"Person\",\"@id\":\"https:\/\/sanluisinforma.com\/#\/schema\/person\/c30648f71476be533b6f59d092905c8b\",\"name\":\"sanluisinforma.com\",\"image\":{\"@type\":\"ImageObject\",\"inLanguage\":\"es\",\"@id\":\"https:\/\/sanluisinforma.com\/#\/schema\/person\/image\/\",\"url\":\"https:\/\/secure.gravatar.com\/avatar\/86e3114e34a1eecefb963e0a02f0093f93b092dddb2fe1517596343751081a87?s=96&d=mm&r=g\",\"contentUrl\":\"https:\/\/secure.gravatar.com\/avatar\/86e3114e34a1eecefb963e0a02f0093f93b092dddb2fe1517596343751081a87?s=96&d=mm&r=g\",\"caption\":\"sanluisinforma.com\"},\"url\":\"https:\/\/sanluisinforma.com\/?author=2\"}]}<\/script>\n<!-- \/ Yoast SEO plugin. -->","yoast_head_json":{"title":"M\u00e1s de diez mil j\u00f3venes asistieron a la Feria de Universidades - sanluisinforma.com","robots":{"index":"index","follow":"follow","max-snippet":"max-snippet:-1","max-image-preview":"max-image-preview:large","max-video-preview":"max-video-preview:-1"},"canonical":"https:\/\/sanluisinforma.com\/?p=10213","og_locale":"es_MX","og_type":"article","og_title":"M\u00e1s de diez mil j\u00f3venes asistieron a la Feria de Universidades - sanluisinforma.com","og_description":"Con gran \u00e9xito concluy\u00f3, este s\u00e1bado, la Feria de Universidades Interactiva 2025 M\u00e1s de 10 mil j\u00f3venes recibieron m\u00e1s apoyo","og_url":"https:\/\/sanluisinforma.com\/?p=10213","og_site_name":"sanluisinforma.com","article_published_time":"2025-02-09T06:55:00+00:00","article_modified_time":"2025-02-09T03:52:49+00:00","og_image":[{"width":480,"height":319,"url":"https:\/\/sanluisinforma.com\/wp-content\/uploads\/2025\/02\/923b7fff-4377-490b-8cd9-0431b3697ecd.jpg","type":"image\/jpeg"}],"author":"sanluisinforma.com","twitter_card":"summary_large_image","twitter_misc":{"Escrito por":"sanluisinforma.com","Tiempo de lectura":"2 minutos"},"schema":{"@context":"https:\/\/schema.org","@graph":[{"@type":"Article","@id":"https:\/\/sanluisinforma.com\/?p=10213#article","isPartOf":{"@id":"https:\/\/sanluisinforma.com\/?p=10213"},"author":{"name":"sanluisinforma.com","@id":"https:\/\/sanluisinforma.com\/#\/schema\/person\/c30648f71476be533b6f59d092905c8b"},"headline":"M\u00e1s de diez mil j\u00f3venes asistieron a la Feria de Universidades","datePublished":"2025-02-09T06:55:00+00:00","dateModified":"2025-02-09T03:52:49+00:00","mainEntityOfPage":{"@id":"https:\/\/sanluisinforma.com\/?p=10213"},"wordCount":257,"publisher":{"@id":"https:\/\/sanluisinforma.com\/#organization"},"image":{"@id":"https:\/\/sanluisinforma.com\/?p=10213#primaryimage"},"thumbnailUrl":"https:\/\/sanluisinforma.com\/wp-content\/uploads\/2025\/02\/923b7fff-4377-490b-8cd9-0431b3697ecd.jpg","articleSection":["Local","Portada"],"inLanguage":"es"},{"@type":"WebPage","@id":"https:\/\/sanluisinforma.com\/?p=10213","url":"https:\/\/sanluisinforma.com\/?p=10213","name":"M\u00e1s de diez mil j\u00f3venes asistieron a la Feria de Universidades - sanluisinforma.com","isPartOf":{"@id":"https:\/\/sanluisinforma.com\/#website"},"primaryImageOfPage":{"@id":"https:\/\/sanluisinforma.com\/?p=10213#primaryimage"},"image":{"@id":"https:\/\/sanluisinforma.com\/?p=10213#primaryimage"},"thumbnailUrl":"https:\/\/sanluisinforma.com\/wp-content\/uploads\/2025\/02\/923b7fff-4377-490b-8cd9-0431b3697ecd.jpg","datePublished":"2025-02-09T06:55:00+00:00","dateModified":"2025-02-09T03:52:49+00:00","breadcrumb":{"@id":"https:\/\/sanluisinforma.com\/?p=10213#breadcrumb"},"inLanguage":"es","potentialAction":[{"@type":"ReadAction","target":["https:\/\/sanluisinforma.com\/?p=10213"]}]},{"@type":"ImageObject","inLanguage":"es","@id":"https:\/\/sanluisinforma.com\/?p=10213#primaryimage","url":"https:\/\/sanluisinforma.com\/wp-content\/uploads\/2025\/02\/923b7fff-4377-490b-8cd9-0431b3697ecd.jpg","contentUrl":"https:\/\/sanluisinforma.com\/wp-content\/uploads\/2025\/02\/923b7fff-4377-490b-8cd9-0431b3697ecd.jpg","width":480,"height":319},{"@type":"BreadcrumbList","@id":"https:\/\/sanluisinforma.com\/?p=10213#breadcrumb","itemListElement":[{"@type":"ListItem","position":1,"name":"Inicio","item":"https:\/\/sanluisinforma.com\/"},{"@type":"ListItem","position":2,"name":"M\u00e1s de diez mil j\u00f3venes asistieron a la Feria de Universidades"}]},{"@type":"WebSite","@id":"https:\/\/sanluisinforma.com\/#website","url":"https:\/\/sanluisinforma.com\/","name":"sanluisinforma.com","description":"Periodico San Luis Informa","publisher":{"@id":"https:\/\/sanluisinforma.com\/#organization"},"potentialAction":[{"@type":"SearchAction","target":{"@type":"EntryPoint","urlTemplate":"https:\/\/sanluisinforma.com\/?s={search_term_string}"},"query-input":{"@type":"PropertyValueSpecification","valueRequired":true,"valueName":"search_term_string"}}],"inLanguage":"es"},{"@type":"Organization","@id":"https:\/\/sanluisinforma.com\/#organization","name":"sanluisinforma.com","url":"https:\/\/sanluisinforma.com\/","logo":{"@type":"ImageObject","inLanguage":"es","@id":"https:\/\/sanluisinforma.com\/#\/schema\/logo\/image\/","url":"https:\/\/sanluisinforma.com\/wp-content\/uploads\/2026\/03\/sanluisinforma-V.jpg","contentUrl":"https:\/\/sanluisinforma.com\/wp-content\/uploads\/2026\/03\/sanluisinforma-V.jpg","width":500,"height":156,"caption":"sanluisinforma.com"},"image":{"@id":"https:\/\/sanluisinforma.com\/#\/schema\/logo\/image\/"}},{"@type":"Person","@id":"https:\/\/sanluisinforma.com\/#\/schema\/person\/c30648f71476be533b6f59d092905c8b","name":"sanluisinforma.com","image":{"@type":"ImageObject","inLanguage":"es","@id":"https:\/\/sanluisinforma.com\/#\/schema\/person\/image\/","url":"https:\/\/secure.gravatar.com\/avatar\/86e3114e34a1eecefb963e0a02f0093f93b092dddb2fe1517596343751081a87?s=96&d=mm&r=g","contentUrl":"https:\/\/secure.gravatar.com\/avatar\/86e3114e34a1eecefb963e0a02f0093f93b092dddb2fe1517596343751081a87?s=96&d=mm&r=g","caption":"sanluisinforma.com"},"url":"https:\/\/sanluisinforma.com\/?author=2"}]}},"_links":{"self":[{"href":"https:\/\/sanluisinforma.com\/index.php?rest_route=\/wp\/v2\/posts\/10213","targetHints":{"allow":["GET"]}}],"collection":[{"href":"https:\/\/sanluisinforma.com\/index.php?rest_route=\/wp\/v2\/posts"}],"about":[{"href":"https:\/\/sanluisinforma.com\/index.php?rest_route=\/wp\/v2\/types\/post"}],"author":[{"embeddable":true,"href":"https:\/\/sanluisinforma.com\/index.php?rest_route=\/wp\/v2\/users\/2"}],"replies":[{"embeddable":true,"href":"https:\/\/sanluisinforma.com\/index.php?rest_route=%2Fwp%2Fv2%2Fcomments&post=10213"}],"version-history":[{"count":1,"href":"https:\/\/sanluisinforma.com\/index.php?rest_route=\/wp\/v2\/posts\/10213\/revisions"}],"predecessor-version":[{"id":10215,"href":"https:\/\/sanluisinforma.com\/index.php?rest_route=\/wp\/v2\/posts\/10213\/revisions\/10215"}],"wp:featuredmedia":[{"embeddable":true,"href":"https:\/\/sanluisinforma.com\/index.php?rest_route=\/wp\/v2\/media\/10214"}],"wp:attachment":[{"href":"https:\/\/sanluisinforma.com\/index.php?rest_route=%2Fwp%2Fv2%2Fmedia&parent=10213"}],"wp:term":[{"taxonomy":"category","embeddable":true,"href":"https:\/\/sanluisinforma.com\/index.php?rest_route=%2Fwp%2Fv2%2Fcategories&post=10213"},{"taxonomy":"post_tag","embeddable":true,"href":"https:\/\/sanluisinforma.com\/index.php?rest_route=%2Fwp%2Fv2%2Ftags&post=10213"}],"curies":[{"name":"wp","href":"https:\/\/api.w.org\/{rel}","templated":true}]}}