{"id":10222,"date":"2025-02-10T00:45:00","date_gmt":"2025-02-10T06:45:00","guid":{"rendered":"https:\/\/sanluisinforma.com\/?p=10222"},"modified":"2025-02-09T19:46:32","modified_gmt":"2025-02-10T01:46:32","slug":"con-ciclo-de-conferencias-gobierno-de-la-capital-fomenta-vocaciones-cientificas-en-ninas-y-jovenes","status":"publish","type":"post","link":"https:\/\/sanluisinforma.com\/?p=10222","title":{"rendered":"Con ciclo de conferencias, Gobierno de la Capital fomenta vocaciones cient\u00edficas en ni\u00f1as y j\u00f3venes"},"content":{"rendered":"\n<ul class=\"wp-block-list\">\n<li>El Gobierno de la Capital y el Ipicyt celebran el D\u00eda Internacional de las Ni\u00f1as y las Mujeres en la Ciencia, con actividades en bibliotecas municipales.<\/li>\n<\/ul>\n\n\n\n<p><\/p>\n\n\n\n<p>El Gobierno Municipal de San Luis Potos\u00ed, a trav\u00e9s de la Direcci\u00f3n de Educaci\u00f3n y en un trabajo conjunto con el Instituto Potosino de Investigaci\u00f3n Cient\u00edfica y Tecnol\u00f3gica A.C (Ipicyt) ha iniciado con un ciclo de conferencias para celebrar el D\u00eda Internacional de las Ni\u00f1as y las Mujeres en la Ciencia, que se conmemora el 11 de febrero del presente mes, mismas que se habr\u00e1n de celebrar en las bibliotecas adscritas el Sistema de Educaci\u00f3n Municipal.<\/p>\n\n\n\n<p>La conferencia inaugural se llev\u00f3 a cabo con un acto protocolario en la Biblioteca P\u00fablica Municipal Juan Jos\u00e9 Arreola, ubicada en Escalerillas, con la asistencia del Director de Educaci\u00f3n, Joel Ram\u00edrez D\u00edaz y del Maestro Mart\u00edn Ju\u00e1rez C\u00f3rdova, Coordinador de las Delegaciones. Ambos dieron un mensaje del Alcalde de la Capital, Enrique Galindo Ceballos en el que impulsaron el desarrollo personal y profesional en la ciencia en ni\u00f1as y j\u00f3venes del municipio de San Luis Potos\u00ed.<\/p>\n\n\n\n<p>La reconocida cient\u00edfica Alethia Mu\u00f1iz Ram\u00edrez, investigadora de la Divisi\u00f3n de Materiales Avanzadas del IPICYT, dio la conferencia &#8220;El Poder de la Curiosidad: \u00bfHasta D\u00f3nde Puede Llevarte la Ciencia?\u201d, impartida a ni\u00f1as y mujeres de la comunidad, y alumnas la Escuela Preparatoria por Cooperaci\u00f3n &#8220;Jos\u00e9 Mariano Jim\u00e9nez&#8221; y del CECYTE Plantel No. 10.<\/p>\n\n\n\n<p>El programa del ciclo de conferencias y expositoras que se presentar\u00e1n durante el mes de febrero en las Bibliotecas P\u00fablicas Municipales de San Luis Potos\u00ed Capital ser\u00e1n las siguientes:<\/p>\n\n\n\n<p>\u2022&nbsp;&nbsp;&nbsp;&nbsp;&nbsp;&nbsp;&nbsp;&nbsp;&nbsp;&nbsp;&nbsp;&nbsp; Lunes 10, Biblioteca Enrique Almaz\u00e1n Nieto (Yucat\u00e1n 170-A POPULAR),14:00 Hrs, \u201cLas frutas de cactus y sus brillantes jugos\u201d Impartida por la Dra. Daniela Trujillo<\/p>\n\n\n\n<p>\u2022&nbsp;&nbsp;&nbsp;&nbsp;&nbsp;&nbsp;&nbsp;&nbsp;&nbsp;&nbsp;&nbsp;&nbsp; Martes 11, Biblioteca Joaqu\u00edn Antonio Pe\u00f1alosa (San Francisco No. 105 Col. Valle de San Jos\u00e9), 9:30 Hrs, \u201cHablemos de genes \u201cImpartida por la MC Alicia Becerra Flora<\/p>\n\n\n\n<p>\u2022&nbsp;&nbsp;&nbsp;&nbsp;&nbsp;&nbsp;&nbsp;&nbsp;&nbsp;&nbsp;&nbsp;&nbsp; Mi\u00e9rcoles 12, Biblioteca CATRA (Padre Kino No. 2 Col Fovisste), 9:00 Hrs, \u201cA los frutos los queremos conocer\u201d Impartida por la Dra. Fabiola Jaimes Miranda<\/p>\n\n\n\n<p>\u2022&nbsp;&nbsp;&nbsp;&nbsp;&nbsp;&nbsp;&nbsp;&nbsp;&nbsp;&nbsp;&nbsp;&nbsp; Mi\u00e9rcoles 12, Biblioteca Sor Juana In\u00e9s de la Cruz (Plan de Ayutla No.123, Fracc. Saucito) 10:00 Hrs, \u201cCambio Clim\u00e1tico, G\u00e9nero y Medio Ambiente: Algunas reflexiones para Europa y Am\u00e9rica Latina\u201d Impartida por la MC Mar\u00eda de los \u00c1ngeles Boh\u00f3rquez Quintero<\/p>\n\n\n\n<p>\u2022&nbsp;&nbsp;&nbsp;&nbsp;&nbsp;&nbsp;&nbsp;&nbsp;&nbsp;&nbsp;&nbsp;&nbsp; Mi\u00e9rcoles 12, Biblioteca Rosario Castellanos (Palau S\/N Bocas), 11:40 y 12:30 Hrs , \u201cLas Ciencias de la Tierra, \u00bftienen g\u00e9nero?\u201dImpartida por la MC Erika Loyola Mart\u00ednez<\/p>\n\n\n\n<p>\u2022&nbsp;&nbsp;&nbsp;&nbsp;&nbsp;&nbsp;&nbsp;&nbsp;&nbsp;&nbsp;&nbsp;&nbsp; Jueves 13, Biblioteca Nereo Rodr\u00edguez Barrag\u00e1n (Lado Oriente S\/N Alameda Juan Sarabia), 11:00 Hrs, \u201cSoy s\u00f3lo una chica\u2026en la ciencia\u201d Impartida por la MC Paulina N\u00fa\u00f1ez Valenzuela<\/p>\n\n\n\n<p>\u2022&nbsp;&nbsp;&nbsp;&nbsp;&nbsp;&nbsp;&nbsp;&nbsp;&nbsp;&nbsp;&nbsp;&nbsp; Viernes 14, Biblioteca Mariano Aguilar (Portugal No.90 Colonia UPA), 13:40 Hrs, \u201cDel queso al empaque: ciencia que protege y sorprende\u201d Impartida por la Dra. Elizabeth Alvarado G\u00f3mez<\/p>\n\n\n\n<p>\u2022&nbsp;&nbsp;&nbsp;&nbsp;&nbsp;&nbsp;&nbsp;&nbsp;&nbsp;&nbsp;&nbsp;&nbsp; Viernes 14, Biblioteca Terremoto (Francisco Villa No. 75 Centro Comunitario), 17:00 Hrs, \u201cProductos Naturales y Desarrollo de Medicamentos\u201d Impartida por la Dra. Daphne Edith Gonz\u00e1lez Ju\u00e1rez<\/p>\n\n\n\n<p>\u2022&nbsp;&nbsp;&nbsp;&nbsp;&nbsp;&nbsp;&nbsp;&nbsp;&nbsp;&nbsp;&nbsp;&nbsp; Martes 18, Biblioteca Sor Juana In\u00e9s de la Cruz (Plan de Ayutla No.123, Fracc. Saucito) 10:00 Hrs,&nbsp; \u201cMiradas hacia la educaci\u00f3n de las generaciones zeta, alfa y beta: la visi\u00f3n de una cient\u00edfica millenial \u201c Impartida por la Fis. Ver\u00f2nica Alexandra Quilumba Dutan<\/p>\n\n\n\n<p>\u2022&nbsp;&nbsp;&nbsp;&nbsp;&nbsp;&nbsp;&nbsp;&nbsp;&nbsp;&nbsp;&nbsp;&nbsp; Martes 18, Biblioteca Asunci\u00f3n Izquierdo Albi\u00f1ana ( Euclides 170-A Col Progreso), 10:00 Hrs,&nbsp; \u201cDe la curiosidad a la ciencia: Mi camino para ser cient\u00edfica\u201d Impartida por la Dra. Miriam Livier Llamas Garc\u00eda<\/p>\n\n\n\n<p>\u2022&nbsp;&nbsp;&nbsp;&nbsp;&nbsp;&nbsp;&nbsp;&nbsp;&nbsp;&nbsp;&nbsp;&nbsp; Jueves 20, Biblioteca Joaqu\u00edn Antonio Pe\u00f1alosa (San Francisco No. 105 Col. Valle de San Jos\u00e9), 9:15 Hrs, \u201cProductos naturales y desarrollo de medicamentos\u201d Impartida por la Dra. Daphne Edith Gonz\u00e1lez Ju\u00e1rez<\/p>\n\n\n\n<p>\u2022&nbsp;&nbsp;&nbsp;&nbsp;&nbsp;&nbsp;&nbsp;&nbsp;&nbsp;&nbsp;&nbsp;&nbsp; Viernes 21, Biblioteca CATRA (Padre Kino No. 2 Col Fovisste), 9:00 Hrs, \u201c\u00bfPor qu\u00e9 la ciencia necesita de so\u00f1adoras y futuras cient\u00edficas?\u201d Impartida por la MC Andrea Valeria Guzm\u00e1n Miranda<\/p>\n\n\n\n<p>\u2022&nbsp;&nbsp;&nbsp;&nbsp;&nbsp;&nbsp;&nbsp;&nbsp;&nbsp;&nbsp;&nbsp;&nbsp; Viernes 21, Biblioteca Joaqu\u00edn Antonio Pe\u00f1alosa (San Francisco No. 105 Col. Valle de San Jos\u00e9), 15:00 Hrs, \u201cConoce tu casa: Descubre el planeta tierra y Aprende a cuidarlo\u201d Impartida por la Dra. Elizabeth Huber-Sannwald<\/p>\n","protected":false},"excerpt":{"rendered":"<p>El Gobierno Municipal de San Luis Potos\u00ed, a trav\u00e9s de la Direcci\u00f3n de Educaci\u00f3n y en un trabajo conjunto con<\/p>\n","protected":false},"author":2,"featured_media":10223,"comment_status":"closed","ping_status":"closed","sticky":false,"template":"","format":"standard","meta":{"footnotes":""},"categories":[30],"tags":[],"class_list":["post-10222","post","type-post","status-publish","format-standard","has-post-thumbnail","hentry","category-portada"],"yoast_head":"<!-- This site is optimized with the Yoast SEO plugin v24.1 - https:\/\/yoast.com\/wordpress\/plugins\/seo\/ -->\n<title>Con ciclo de conferencias, Gobierno de la Capital fomenta vocaciones cient\u00edficas en ni\u00f1as y j\u00f3venes - sanluisinforma.com<\/title>\n<meta name=\"robots\" content=\"index, follow, max-snippet:-1, max-image-preview:large, max-video-preview:-1\" \/>\n<link rel=\"canonical\" href=\"https:\/\/sanluisinforma.com\/?p=10222\" \/>\n<meta property=\"og:locale\" content=\"es_MX\" \/>\n<meta property=\"og:type\" content=\"article\" \/>\n<meta property=\"og:title\" content=\"Con ciclo de conferencias, Gobierno de la Capital fomenta vocaciones cient\u00edficas en ni\u00f1as y j\u00f3venes - sanluisinforma.com\" \/>\n<meta property=\"og:description\" content=\"El Gobierno Municipal de San Luis Potos\u00ed, a trav\u00e9s de la Direcci\u00f3n de Educaci\u00f3n y en un trabajo conjunto con\" \/>\n<meta property=\"og:url\" content=\"https:\/\/sanluisinforma.com\/?p=10222\" \/>\n<meta property=\"og:site_name\" content=\"sanluisinforma.com\" \/>\n<meta property=\"article:published_time\" content=\"2025-02-10T06:45:00+00:00\" \/>\n<meta property=\"article:modified_time\" content=\"2025-02-10T01:46:32+00:00\" \/>\n<meta property=\"og:image\" content=\"https:\/\/sanluisinforma.com\/wp-content\/uploads\/2025\/02\/c3ec94a3-c553-444c-9a08-e4913efddda2.jpg\" \/>\n\t<meta property=\"og:image:width\" content=\"480\" \/>\n\t<meta property=\"og:image:height\" content=\"276\" \/>\n\t<meta property=\"og:image:type\" content=\"image\/jpeg\" \/>\n<meta name=\"author\" content=\"sanluisinforma.com\" \/>\n<meta name=\"twitter:card\" content=\"summary_large_image\" \/>\n<meta name=\"twitter:label1\" content=\"Escrito por\" \/>\n\t<meta name=\"twitter:data1\" content=\"sanluisinforma.com\" \/>\n\t<meta name=\"twitter:label2\" content=\"Tiempo de lectura\" \/>\n\t<meta name=\"twitter:data2\" content=\"4 minutos\" \/>\n<script type=\"application\/ld+json\" class=\"yoast-schema-graph\">{\"@context\":\"https:\/\/schema.org\",\"@graph\":[{\"@type\":\"Article\",\"@id\":\"https:\/\/sanluisinforma.com\/?p=10222#article\",\"isPartOf\":{\"@id\":\"https:\/\/sanluisinforma.com\/?p=10222\"},\"author\":{\"name\":\"sanluisinforma.com\",\"@id\":\"https:\/\/sanluisinforma.com\/#\/schema\/person\/c30648f71476be533b6f59d092905c8b\"},\"headline\":\"Con ciclo de conferencias, Gobierno de la Capital fomenta vocaciones cient\u00edficas en ni\u00f1as y j\u00f3venes\",\"datePublished\":\"2025-02-10T06:45:00+00:00\",\"dateModified\":\"2025-02-10T01:46:32+00:00\",\"mainEntityOfPage\":{\"@id\":\"https:\/\/sanluisinforma.com\/?p=10222\"},\"wordCount\":868,\"publisher\":{\"@id\":\"https:\/\/sanluisinforma.com\/#organization\"},\"image\":{\"@id\":\"https:\/\/sanluisinforma.com\/?p=10222#primaryimage\"},\"thumbnailUrl\":\"https:\/\/sanluisinforma.com\/wp-content\/uploads\/2025\/02\/c3ec94a3-c553-444c-9a08-e4913efddda2.jpg\",\"articleSection\":[\"Portada\"],\"inLanguage\":\"es\"},{\"@type\":\"WebPage\",\"@id\":\"https:\/\/sanluisinforma.com\/?p=10222\",\"url\":\"https:\/\/sanluisinforma.com\/?p=10222\",\"name\":\"Con ciclo de conferencias, Gobierno de la Capital fomenta vocaciones cient\u00edficas en ni\u00f1as y j\u00f3venes - sanluisinforma.com\",\"isPartOf\":{\"@id\":\"https:\/\/sanluisinforma.com\/#website\"},\"primaryImageOfPage\":{\"@id\":\"https:\/\/sanluisinforma.com\/?p=10222#primaryimage\"},\"image\":{\"@id\":\"https:\/\/sanluisinforma.com\/?p=10222#primaryimage\"},\"thumbnailUrl\":\"https:\/\/sanluisinforma.com\/wp-content\/uploads\/2025\/02\/c3ec94a3-c553-444c-9a08-e4913efddda2.jpg\",\"datePublished\":\"2025-02-10T06:45:00+00:00\",\"dateModified\":\"2025-02-10T01:46:32+00:00\",\"breadcrumb\":{\"@id\":\"https:\/\/sanluisinforma.com\/?p=10222#breadcrumb\"},\"inLanguage\":\"es\",\"potentialAction\":[{\"@type\":\"ReadAction\",\"target\":[\"https:\/\/sanluisinforma.com\/?p=10222\"]}]},{\"@type\":\"ImageObject\",\"inLanguage\":\"es\",\"@id\":\"https:\/\/sanluisinforma.com\/?p=10222#primaryimage\",\"url\":\"https:\/\/sanluisinforma.com\/wp-content\/uploads\/2025\/02\/c3ec94a3-c553-444c-9a08-e4913efddda2.jpg\",\"contentUrl\":\"https:\/\/sanluisinforma.com\/wp-content\/uploads\/2025\/02\/c3ec94a3-c553-444c-9a08-e4913efddda2.jpg\",\"width\":480,\"height\":276},{\"@type\":\"BreadcrumbList\",\"@id\":\"https:\/\/sanluisinforma.com\/?p=10222#breadcrumb\",\"itemListElement\":[{\"@type\":\"ListItem\",\"position\":1,\"name\":\"Inicio\",\"item\":\"https:\/\/sanluisinforma.com\/\"},{\"@type\":\"ListItem\",\"position\":2,\"name\":\"Con ciclo de conferencias, Gobierno de la Capital fomenta vocaciones cient\u00edficas en ni\u00f1as y j\u00f3venes\"}]},{\"@type\":\"WebSite\",\"@id\":\"https:\/\/sanluisinforma.com\/#website\",\"url\":\"https:\/\/sanluisinforma.com\/\",\"name\":\"sanluisinforma.com\",\"description\":\"Periodico San Luis Informa\",\"publisher\":{\"@id\":\"https:\/\/sanluisinforma.com\/#organization\"},\"potentialAction\":[{\"@type\":\"SearchAction\",\"target\":{\"@type\":\"EntryPoint\",\"urlTemplate\":\"https:\/\/sanluisinforma.com\/?s={search_term_string}\"},\"query-input\":{\"@type\":\"PropertyValueSpecification\",\"valueRequired\":true,\"valueName\":\"search_term_string\"}}],\"inLanguage\":\"es\"},{\"@type\":\"Organization\",\"@id\":\"https:\/\/sanluisinforma.com\/#organization\",\"name\":\"sanluisinforma.com\",\"url\":\"https:\/\/sanluisinforma.com\/\",\"logo\":{\"@type\":\"ImageObject\",\"inLanguage\":\"es\",\"@id\":\"https:\/\/sanluisinforma.com\/#\/schema\/logo\/image\/\",\"url\":\"https:\/\/sanluisinforma.com\/wp-content\/uploads\/2026\/03\/sanluisinforma-V.jpg\",\"contentUrl\":\"https:\/\/sanluisinforma.com\/wp-content\/uploads\/2026\/03\/sanluisinforma-V.jpg\",\"width\":500,\"height\":156,\"caption\":\"sanluisinforma.com\"},\"image\":{\"@id\":\"https:\/\/sanluisinforma.com\/#\/schema\/logo\/image\/\"}},{\"@type\":\"Person\",\"@id\":\"https:\/\/sanluisinforma.com\/#\/schema\/person\/c30648f71476be533b6f59d092905c8b\",\"name\":\"sanluisinforma.com\",\"image\":{\"@type\":\"ImageObject\",\"inLanguage\":\"es\",\"@id\":\"https:\/\/sanluisinforma.com\/#\/schema\/person\/image\/\",\"url\":\"https:\/\/secure.gravatar.com\/avatar\/86e3114e34a1eecefb963e0a02f0093f93b092dddb2fe1517596343751081a87?s=96&d=mm&r=g\",\"contentUrl\":\"https:\/\/secure.gravatar.com\/avatar\/86e3114e34a1eecefb963e0a02f0093f93b092dddb2fe1517596343751081a87?s=96&d=mm&r=g\",\"caption\":\"sanluisinforma.com\"},\"url\":\"https:\/\/sanluisinforma.com\/?author=2\"}]}<\/script>\n<!-- \/ Yoast SEO plugin. -->","yoast_head_json":{"title":"Con ciclo de conferencias, Gobierno de la Capital fomenta vocaciones cient\u00edficas en ni\u00f1as y j\u00f3venes - sanluisinforma.com","robots":{"index":"index","follow":"follow","max-snippet":"max-snippet:-1","max-image-preview":"max-image-preview:large","max-video-preview":"max-video-preview:-1"},"canonical":"https:\/\/sanluisinforma.com\/?p=10222","og_locale":"es_MX","og_type":"article","og_title":"Con ciclo de conferencias, Gobierno de la Capital fomenta vocaciones cient\u00edficas en ni\u00f1as y j\u00f3venes - sanluisinforma.com","og_description":"El Gobierno Municipal de San Luis Potos\u00ed, a trav\u00e9s de la Direcci\u00f3n de Educaci\u00f3n y en un trabajo conjunto con","og_url":"https:\/\/sanluisinforma.com\/?p=10222","og_site_name":"sanluisinforma.com","article_published_time":"2025-02-10T06:45:00+00:00","article_modified_time":"2025-02-10T01:46:32+00:00","og_image":[{"width":480,"height":276,"url":"https:\/\/sanluisinforma.com\/wp-content\/uploads\/2025\/02\/c3ec94a3-c553-444c-9a08-e4913efddda2.jpg","type":"image\/jpeg"}],"author":"sanluisinforma.com","twitter_card":"summary_large_image","twitter_misc":{"Escrito por":"sanluisinforma.com","Tiempo de lectura":"4 minutos"},"schema":{"@context":"https:\/\/schema.org","@graph":[{"@type":"Article","@id":"https:\/\/sanluisinforma.com\/?p=10222#article","isPartOf":{"@id":"https:\/\/sanluisinforma.com\/?p=10222"},"author":{"name":"sanluisinforma.com","@id":"https:\/\/sanluisinforma.com\/#\/schema\/person\/c30648f71476be533b6f59d092905c8b"},"headline":"Con ciclo de conferencias, Gobierno de la Capital fomenta vocaciones cient\u00edficas en ni\u00f1as y j\u00f3venes","datePublished":"2025-02-10T06:45:00+00:00","dateModified":"2025-02-10T01:46:32+00:00","mainEntityOfPage":{"@id":"https:\/\/sanluisinforma.com\/?p=10222"},"wordCount":868,"publisher":{"@id":"https:\/\/sanluisinforma.com\/#organization"},"image":{"@id":"https:\/\/sanluisinforma.com\/?p=10222#primaryimage"},"thumbnailUrl":"https:\/\/sanluisinforma.com\/wp-content\/uploads\/2025\/02\/c3ec94a3-c553-444c-9a08-e4913efddda2.jpg","articleSection":["Portada"],"inLanguage":"es"},{"@type":"WebPage","@id":"https:\/\/sanluisinforma.com\/?p=10222","url":"https:\/\/sanluisinforma.com\/?p=10222","name":"Con ciclo de conferencias, Gobierno de la Capital fomenta vocaciones cient\u00edficas en ni\u00f1as y j\u00f3venes - sanluisinforma.com","isPartOf":{"@id":"https:\/\/sanluisinforma.com\/#website"},"primaryImageOfPage":{"@id":"https:\/\/sanluisinforma.com\/?p=10222#primaryimage"},"image":{"@id":"https:\/\/sanluisinforma.com\/?p=10222#primaryimage"},"thumbnailUrl":"https:\/\/sanluisinforma.com\/wp-content\/uploads\/2025\/02\/c3ec94a3-c553-444c-9a08-e4913efddda2.jpg","datePublished":"2025-02-10T06:45:00+00:00","dateModified":"2025-02-10T01:46:32+00:00","breadcrumb":{"@id":"https:\/\/sanluisinforma.com\/?p=10222#breadcrumb"},"inLanguage":"es","potentialAction":[{"@type":"ReadAction","target":["https:\/\/sanluisinforma.com\/?p=10222"]}]},{"@type":"ImageObject","inLanguage":"es","@id":"https:\/\/sanluisinforma.com\/?p=10222#primaryimage","url":"https:\/\/sanluisinforma.com\/wp-content\/uploads\/2025\/02\/c3ec94a3-c553-444c-9a08-e4913efddda2.jpg","contentUrl":"https:\/\/sanluisinforma.com\/wp-content\/uploads\/2025\/02\/c3ec94a3-c553-444c-9a08-e4913efddda2.jpg","width":480,"height":276},{"@type":"BreadcrumbList","@id":"https:\/\/sanluisinforma.com\/?p=10222#breadcrumb","itemListElement":[{"@type":"ListItem","position":1,"name":"Inicio","item":"https:\/\/sanluisinforma.com\/"},{"@type":"ListItem","position":2,"name":"Con ciclo de conferencias, Gobierno de la Capital fomenta vocaciones cient\u00edficas en ni\u00f1as y j\u00f3venes"}]},{"@type":"WebSite","@id":"https:\/\/sanluisinforma.com\/#website","url":"https:\/\/sanluisinforma.com\/","name":"sanluisinforma.com","description":"Periodico San Luis Informa","publisher":{"@id":"https:\/\/sanluisinforma.com\/#organization"},"potentialAction":[{"@type":"SearchAction","target":{"@type":"EntryPoint","urlTemplate":"https:\/\/sanluisinforma.com\/?s={search_term_string}"},"query-input":{"@type":"PropertyValueSpecification","valueRequired":true,"valueName":"search_term_string"}}],"inLanguage":"es"},{"@type":"Organization","@id":"https:\/\/sanluisinforma.com\/#organization","name":"sanluisinforma.com","url":"https:\/\/sanluisinforma.com\/","logo":{"@type":"ImageObject","inLanguage":"es","@id":"https:\/\/sanluisinforma.com\/#\/schema\/logo\/image\/","url":"https:\/\/sanluisinforma.com\/wp-content\/uploads\/2026\/03\/sanluisinforma-V.jpg","contentUrl":"https:\/\/sanluisinforma.com\/wp-content\/uploads\/2026\/03\/sanluisinforma-V.jpg","width":500,"height":156,"caption":"sanluisinforma.com"},"image":{"@id":"https:\/\/sanluisinforma.com\/#\/schema\/logo\/image\/"}},{"@type":"Person","@id":"https:\/\/sanluisinforma.com\/#\/schema\/person\/c30648f71476be533b6f59d092905c8b","name":"sanluisinforma.com","image":{"@type":"ImageObject","inLanguage":"es","@id":"https:\/\/sanluisinforma.com\/#\/schema\/person\/image\/","url":"https:\/\/secure.gravatar.com\/avatar\/86e3114e34a1eecefb963e0a02f0093f93b092dddb2fe1517596343751081a87?s=96&d=mm&r=g","contentUrl":"https:\/\/secure.gravatar.com\/avatar\/86e3114e34a1eecefb963e0a02f0093f93b092dddb2fe1517596343751081a87?s=96&d=mm&r=g","caption":"sanluisinforma.com"},"url":"https:\/\/sanluisinforma.com\/?author=2"}]}},"_links":{"self":[{"href":"https:\/\/sanluisinforma.com\/index.php?rest_route=\/wp\/v2\/posts\/10222","targetHints":{"allow":["GET"]}}],"collection":[{"href":"https:\/\/sanluisinforma.com\/index.php?rest_route=\/wp\/v2\/posts"}],"about":[{"href":"https:\/\/sanluisinforma.com\/index.php?rest_route=\/wp\/v2\/types\/post"}],"author":[{"embeddable":true,"href":"https:\/\/sanluisinforma.com\/index.php?rest_route=\/wp\/v2\/users\/2"}],"replies":[{"embeddable":true,"href":"https:\/\/sanluisinforma.com\/index.php?rest_route=%2Fwp%2Fv2%2Fcomments&post=10222"}],"version-history":[{"count":1,"href":"https:\/\/sanluisinforma.com\/index.php?rest_route=\/wp\/v2\/posts\/10222\/revisions"}],"predecessor-version":[{"id":10224,"href":"https:\/\/sanluisinforma.com\/index.php?rest_route=\/wp\/v2\/posts\/10222\/revisions\/10224"}],"wp:featuredmedia":[{"embeddable":true,"href":"https:\/\/sanluisinforma.com\/index.php?rest_route=\/wp\/v2\/media\/10223"}],"wp:attachment":[{"href":"https:\/\/sanluisinforma.com\/index.php?rest_route=%2Fwp%2Fv2%2Fmedia&parent=10222"}],"wp:term":[{"taxonomy":"category","embeddable":true,"href":"https:\/\/sanluisinforma.com\/index.php?rest_route=%2Fwp%2Fv2%2Fcategories&post=10222"},{"taxonomy":"post_tag","embeddable":true,"href":"https:\/\/sanluisinforma.com\/index.php?rest_route=%2Fwp%2Fv2%2Ftags&post=10222"}],"curies":[{"name":"wp","href":"https:\/\/api.w.org\/{rel}","templated":true}]}}