{"id":10231,"date":"2025-02-10T00:45:00","date_gmt":"2025-02-10T06:45:00","guid":{"rendered":"https:\/\/sanluisinforma.com\/?p=10231"},"modified":"2025-02-09T20:04:05","modified_gmt":"2025-02-10T02:04:05","slug":"encabeza-presidenta-claudia-sheinbaum-conmemoracion-del-112-aniversario-de-la-marcha-de-la-lealtad","status":"publish","type":"post","link":"https:\/\/sanluisinforma.com\/?p=10231","title":{"rendered":"Encabeza Presidenta Claudia Sheinbaum Conmemoraci\u00f3n del 112 Aniversario de la Marcha \u00a0de la Lealtad"},"content":{"rendered":"\n<p><\/p>\n\n\n\n<p>* La Jefa del Ejecutivo Federal realiz\u00f3 el pase de lista conmemorativo en honor a los H\u00e9roes de las Gestas Heroicas de 1847 y 1914<\/p>\n\n\n\n<p>* El secretario de la Defensa Nacional, general Ricardo Trevilla Trejo, asegur\u00f3 que es un orgullo que la PresidentaClaudia Sheinbaum sea la primera mujer en ser Comandanta Suprema de las Fuerzas Armada y respald\u00f3 su visi\u00f3n de que la soberan\u00eda no es negociable<\/p>\n\n\n\n<p>* Por primera vez en la historia, la salva de fusiler\u00eda fue realizada por una Compa\u00f1\u00eda de Cadetes integrada por mujeres<\/p>\n\n\n\n<p>Ciudad de M\u00e9xico, a 09 de febrero de 2025.- La Presidenta de M\u00e9xico y Comandanta Suprema de las Fuerzas Armadas, Claudia Sheinbaum Pardo, encabez\u00f3 la ceremonia por el 112 Aniversario de la Marcha de la Lealtad en el Castillo de Chapultepec.<\/p>\n\n\n\n<p>Realiz\u00f3 el pase de Lista de Honor a los H\u00e9roes de las Gestas Heroicas de 1847 y 1914 del Heroico Colegio Militar: teniente Juan de la Barrera, cadetes Juan Escutia, Agust\u00edn Melgar, Vicente Su\u00e1rez, Fernando Montes de Oca, Francisco M\u00e1rquez; del Colegio Naval al teniente Jos\u00e9 Azueta y el cadete Virgilio Uribe.<\/p>\n\n\n\n<p>El secretario de la Defensa Nacional, general Ricardo Trevilla Trejo, destac\u00f3 que es un orgullo que la Presidenta de M\u00e9xico Claudia Sheinbaum sea la primera mujer en ser Comandanta Suprema de las Fuerzas Armadas por su valent\u00eda, sensatez y nacionalismo.<\/p>\n\n\n\n<p>\u201cDoctora Claudia Sheinbaum Pardo, en esta primera Ceremonia de la Marcha de la Lealtad que preside usted, le expres\u00f3 a nombre de todas y todos los integrantes de las Fuerzas Armadas que es un orgullo que sea nuestra Comandanta Suprema, no solo por ser la primera mujer en ocupar este cargo, sino por su valent\u00eda, sensatez y amplio nacionalismo\u201d, se\u00f1al\u00f3.<\/p>\n\n\n\n<p>Record\u00f3 que la Marcha de la Lealtad y la gesta heroica en el Castillo de Chapultepec en 1847, conforman los cimientos que sostienen a las Fuerzas Armadas modernas de M\u00e9xico.<\/p>\n\n\n\n<p>\u201cComprendemos la trascendencia que vive nuestro pa\u00eds; por ello, las instituciones armadas ponemos a disposici\u00f3n de las y los mexicanos nuestra gran lealtad para contribuir en la seguridad y en el desarrollo nacional. As\u00ed ha sido y as\u00ed ser\u00e1 siempre\u201d, resalt\u00f3.<\/p>\n\n\n\n<p>Se\u00f1al\u00f3 que, los pensamientos de Mariano Monterde y del presidente Madero, as\u00ed como la Batalla de Chapultepec de 1987, conforman los cimientos de lealtad que sostienen a las Fuerzas Armadas de M\u00e9xico, lo cual se resume en la lealtad a la figura Presidencial y a las instituciones de la Rep\u00fablica.<\/p>\n\n\n\n<p>\u201cDefender la integridad, independencia y soberan\u00eda de la naci\u00f3n, porque estamos conscientes que como lo ha se\u00f1alado nuestra Comandanta Suprema, y es una visi\u00f3n compartida por la sociedad misma: Nuestra soberan\u00eda, \u00a1no es negociable!\u201d, agreg\u00f3.<\/p>\n\n\n\n<p>Como parte de la ceremonia c\u00edvica, los cadetes Laura Miranda Garc\u00eda y Jorge Mota declamaron la poes\u00eda \u201cEntre Leales\u201d y, por primera vez en la historia del Colegio Militar, una Compa\u00f1\u00eda de Cadetes integrada por mujeres realiz\u00f3 la salva de fusiler\u00eda.<\/p>\n\n\n\n<p>Acompa\u00f1aron a la Presidenta, el secretario de Marina, almirante Raymundo Pedro Morales \u00c1ngeles; el presidente de la Mesa Directiva de la C\u00e1mara de Diputados, diputado Sergio Guti\u00e9rrez Luna; el presidente de la Mesa Directiva de la C\u00e1mara de Senadores, senador Gerardo Fern\u00e1ndez Noro\u00f1a; la Jefa de Gobierno de la Ciudad de M\u00e9xico, Clara Brugada Molina; la secretaria de Gobernaci\u00f3n, Rosa Icela Rodr\u00edguez Vel\u00e1zquez; el secretario de Relaciones Exteriores, Juan Ram\u00f3n de la Fuente; el secretario de Seguridad P\u00fablica y Protecci\u00f3n Ciudadana, Omar Garc\u00eda Harfuch; la secretaria de Bienestar, Ariadna Montiel Reyes; la secretaria de Medio Ambiente y Recursos Naturales, Alicia B\u00e1rcena Ibarra; la secretaria de Energ\u00eda, Luz Elena Gonz\u00e1lez Escobar; el secretario de Econom\u00eda, Marcelo Ebrard Casaubon.<\/p>\n\n\n\n<p>El secretario de Agricultura y Desarrollo Rural, Julio Berdegu\u00e9 Sacrist\u00e1n; el secretario de Infraestructura, Comunicaciones y Transporte, Jes\u00fas Antonio Esteva Medina; la secretaria de Anticorrupci\u00f3n y Buen Gobierno, Raquel Buenrostro S\u00e1nchez; el secretario de Educaci\u00f3n P\u00fablica, Mario Delgado Carrillo; el secretario de Salud, David Kershenobich Stalnikowitz; el secretario de Trabajo y Previsi\u00f3n Social, Marath Baruch Bola\u00f1os L\u00f3pez.<\/p>\n\n\n\n<p>As\u00ed como la secretaria de Desarrollo Agrario, Territorial y Urbano, Edna Elena Vega Rangel; la secretaria de Cultura, Claudia Curiel de Icaza; la secretaria de Turismo, Josefina Rodrigo Zamora; la secretaria de Ciencia, Humanidades, Tecnolog\u00eda e Innovaci\u00f3n, Rosaura Ruiz Guti\u00e9rrez; la secretaria de las Mujeres, Citlalli Hern\u00e1ndez Mora; y la consejera Jur\u00eddica del Ejecutivo Federal, Ernestina Godoy Ramos.<\/p>\n","protected":false},"excerpt":{"rendered":"<p>* La Jefa del Ejecutivo Federal realiz\u00f3 el pase de lista conmemorativo en honor a los H\u00e9roes de las Gestas<\/p>\n","protected":false},"author":2,"featured_media":10232,"comment_status":"closed","ping_status":"closed","sticky":false,"template":"","format":"standard","meta":{"footnotes":""},"categories":[25,26],"tags":[],"class_list":["post-10231","post","type-post","status-publish","format-standard","has-post-thumbnail","hentry","category-local","category-nacional"],"yoast_head":"<!-- This site is optimized with the Yoast SEO plugin v24.1 - https:\/\/yoast.com\/wordpress\/plugins\/seo\/ -->\n<title>Encabeza Presidenta Claudia Sheinbaum Conmemoraci\u00f3n del 112 Aniversario de la Marcha \u00a0de la Lealtad - sanluisinforma.com<\/title>\n<meta name=\"robots\" content=\"index, follow, max-snippet:-1, max-image-preview:large, max-video-preview:-1\" \/>\n<link rel=\"canonical\" href=\"https:\/\/sanluisinforma.com\/?p=10231\" \/>\n<meta property=\"og:locale\" content=\"es_MX\" \/>\n<meta property=\"og:type\" content=\"article\" \/>\n<meta property=\"og:title\" content=\"Encabeza Presidenta Claudia Sheinbaum Conmemoraci\u00f3n del 112 Aniversario de la Marcha \u00a0de la Lealtad - sanluisinforma.com\" \/>\n<meta property=\"og:description\" content=\"* La Jefa del Ejecutivo Federal realiz\u00f3 el pase de lista conmemorativo en honor a los H\u00e9roes de las Gestas\" \/>\n<meta property=\"og:url\" content=\"https:\/\/sanluisinforma.com\/?p=10231\" \/>\n<meta property=\"og:site_name\" content=\"sanluisinforma.com\" \/>\n<meta property=\"article:published_time\" content=\"2025-02-10T06:45:00+00:00\" \/>\n<meta property=\"article:modified_time\" content=\"2025-02-10T02:04:05+00:00\" \/>\n<meta property=\"og:image\" content=\"https:\/\/sanluisinforma.com\/wp-content\/uploads\/2025\/02\/Presidenta-Claudia-6.jpg\" \/>\n\t<meta property=\"og:image:width\" content=\"340\" \/>\n\t<meta property=\"og:image:height\" content=\"512\" \/>\n\t<meta property=\"og:image:type\" content=\"image\/jpeg\" \/>\n<meta name=\"author\" content=\"sanluisinforma.com\" \/>\n<meta name=\"twitter:card\" content=\"summary_large_image\" \/>\n<meta name=\"twitter:label1\" content=\"Escrito por\" \/>\n\t<meta name=\"twitter:data1\" content=\"sanluisinforma.com\" \/>\n\t<meta name=\"twitter:label2\" content=\"Tiempo de lectura\" \/>\n\t<meta name=\"twitter:data2\" content=\"4 minutos\" \/>\n<script type=\"application\/ld+json\" class=\"yoast-schema-graph\">{\"@context\":\"https:\/\/schema.org\",\"@graph\":[{\"@type\":\"Article\",\"@id\":\"https:\/\/sanluisinforma.com\/?p=10231#article\",\"isPartOf\":{\"@id\":\"https:\/\/sanluisinforma.com\/?p=10231\"},\"author\":{\"name\":\"sanluisinforma.com\",\"@id\":\"https:\/\/sanluisinforma.com\/#\/schema\/person\/c30648f71476be533b6f59d092905c8b\"},\"headline\":\"Encabeza Presidenta Claudia Sheinbaum Conmemoraci\u00f3n del 112 Aniversario de la Marcha \u00a0de la Lealtad\",\"datePublished\":\"2025-02-10T06:45:00+00:00\",\"dateModified\":\"2025-02-10T02:04:05+00:00\",\"mainEntityOfPage\":{\"@id\":\"https:\/\/sanluisinforma.com\/?p=10231\"},\"wordCount\":777,\"publisher\":{\"@id\":\"https:\/\/sanluisinforma.com\/#organization\"},\"image\":{\"@id\":\"https:\/\/sanluisinforma.com\/?p=10231#primaryimage\"},\"thumbnailUrl\":\"https:\/\/sanluisinforma.com\/wp-content\/uploads\/2025\/02\/Presidenta-Claudia-6.jpg\",\"articleSection\":[\"Local\",\"Nacional\"],\"inLanguage\":\"es\"},{\"@type\":\"WebPage\",\"@id\":\"https:\/\/sanluisinforma.com\/?p=10231\",\"url\":\"https:\/\/sanluisinforma.com\/?p=10231\",\"name\":\"Encabeza Presidenta Claudia Sheinbaum Conmemoraci\u00f3n del 112 Aniversario de la Marcha \u00a0de la Lealtad - sanluisinforma.com\",\"isPartOf\":{\"@id\":\"https:\/\/sanluisinforma.com\/#website\"},\"primaryImageOfPage\":{\"@id\":\"https:\/\/sanluisinforma.com\/?p=10231#primaryimage\"},\"image\":{\"@id\":\"https:\/\/sanluisinforma.com\/?p=10231#primaryimage\"},\"thumbnailUrl\":\"https:\/\/sanluisinforma.com\/wp-content\/uploads\/2025\/02\/Presidenta-Claudia-6.jpg\",\"datePublished\":\"2025-02-10T06:45:00+00:00\",\"dateModified\":\"2025-02-10T02:04:05+00:00\",\"breadcrumb\":{\"@id\":\"https:\/\/sanluisinforma.com\/?p=10231#breadcrumb\"},\"inLanguage\":\"es\",\"potentialAction\":[{\"@type\":\"ReadAction\",\"target\":[\"https:\/\/sanluisinforma.com\/?p=10231\"]}]},{\"@type\":\"ImageObject\",\"inLanguage\":\"es\",\"@id\":\"https:\/\/sanluisinforma.com\/?p=10231#primaryimage\",\"url\":\"https:\/\/sanluisinforma.com\/wp-content\/uploads\/2025\/02\/Presidenta-Claudia-6.jpg\",\"contentUrl\":\"https:\/\/sanluisinforma.com\/wp-content\/uploads\/2025\/02\/Presidenta-Claudia-6.jpg\",\"width\":340,\"height\":512},{\"@type\":\"BreadcrumbList\",\"@id\":\"https:\/\/sanluisinforma.com\/?p=10231#breadcrumb\",\"itemListElement\":[{\"@type\":\"ListItem\",\"position\":1,\"name\":\"Inicio\",\"item\":\"https:\/\/sanluisinforma.com\/\"},{\"@type\":\"ListItem\",\"position\":2,\"name\":\"Encabeza Presidenta Claudia Sheinbaum Conmemoraci\u00f3n del 112 Aniversario de la Marcha \u00a0de la Lealtad\"}]},{\"@type\":\"WebSite\",\"@id\":\"https:\/\/sanluisinforma.com\/#website\",\"url\":\"https:\/\/sanluisinforma.com\/\",\"name\":\"sanluisinforma.com\",\"description\":\"Periodico San Luis Informa\",\"publisher\":{\"@id\":\"https:\/\/sanluisinforma.com\/#organization\"},\"potentialAction\":[{\"@type\":\"SearchAction\",\"target\":{\"@type\":\"EntryPoint\",\"urlTemplate\":\"https:\/\/sanluisinforma.com\/?s={search_term_string}\"},\"query-input\":{\"@type\":\"PropertyValueSpecification\",\"valueRequired\":true,\"valueName\":\"search_term_string\"}}],\"inLanguage\":\"es\"},{\"@type\":\"Organization\",\"@id\":\"https:\/\/sanluisinforma.com\/#organization\",\"name\":\"sanluisinforma.com\",\"url\":\"https:\/\/sanluisinforma.com\/\",\"logo\":{\"@type\":\"ImageObject\",\"inLanguage\":\"es\",\"@id\":\"https:\/\/sanluisinforma.com\/#\/schema\/logo\/image\/\",\"url\":\"https:\/\/sanluisinforma.com\/wp-content\/uploads\/2026\/03\/sanluisinforma-V.jpg\",\"contentUrl\":\"https:\/\/sanluisinforma.com\/wp-content\/uploads\/2026\/03\/sanluisinforma-V.jpg\",\"width\":500,\"height\":156,\"caption\":\"sanluisinforma.com\"},\"image\":{\"@id\":\"https:\/\/sanluisinforma.com\/#\/schema\/logo\/image\/\"}},{\"@type\":\"Person\",\"@id\":\"https:\/\/sanluisinforma.com\/#\/schema\/person\/c30648f71476be533b6f59d092905c8b\",\"name\":\"sanluisinforma.com\",\"image\":{\"@type\":\"ImageObject\",\"inLanguage\":\"es\",\"@id\":\"https:\/\/sanluisinforma.com\/#\/schema\/person\/image\/\",\"url\":\"https:\/\/secure.gravatar.com\/avatar\/86e3114e34a1eecefb963e0a02f0093f93b092dddb2fe1517596343751081a87?s=96&d=mm&r=g\",\"contentUrl\":\"https:\/\/secure.gravatar.com\/avatar\/86e3114e34a1eecefb963e0a02f0093f93b092dddb2fe1517596343751081a87?s=96&d=mm&r=g\",\"caption\":\"sanluisinforma.com\"},\"url\":\"https:\/\/sanluisinforma.com\/?author=2\"}]}<\/script>\n<!-- \/ Yoast SEO plugin. -->","yoast_head_json":{"title":"Encabeza Presidenta Claudia Sheinbaum Conmemoraci\u00f3n del 112 Aniversario de la Marcha \u00a0de la Lealtad - sanluisinforma.com","robots":{"index":"index","follow":"follow","max-snippet":"max-snippet:-1","max-image-preview":"max-image-preview:large","max-video-preview":"max-video-preview:-1"},"canonical":"https:\/\/sanluisinforma.com\/?p=10231","og_locale":"es_MX","og_type":"article","og_title":"Encabeza Presidenta Claudia Sheinbaum Conmemoraci\u00f3n del 112 Aniversario de la Marcha \u00a0de la Lealtad - sanluisinforma.com","og_description":"* La Jefa del Ejecutivo Federal realiz\u00f3 el pase de lista conmemorativo en honor a los H\u00e9roes de las Gestas","og_url":"https:\/\/sanluisinforma.com\/?p=10231","og_site_name":"sanluisinforma.com","article_published_time":"2025-02-10T06:45:00+00:00","article_modified_time":"2025-02-10T02:04:05+00:00","og_image":[{"width":340,"height":512,"url":"https:\/\/sanluisinforma.com\/wp-content\/uploads\/2025\/02\/Presidenta-Claudia-6.jpg","type":"image\/jpeg"}],"author":"sanluisinforma.com","twitter_card":"summary_large_image","twitter_misc":{"Escrito por":"sanluisinforma.com","Tiempo de lectura":"4 minutos"},"schema":{"@context":"https:\/\/schema.org","@graph":[{"@type":"Article","@id":"https:\/\/sanluisinforma.com\/?p=10231#article","isPartOf":{"@id":"https:\/\/sanluisinforma.com\/?p=10231"},"author":{"name":"sanluisinforma.com","@id":"https:\/\/sanluisinforma.com\/#\/schema\/person\/c30648f71476be533b6f59d092905c8b"},"headline":"Encabeza Presidenta Claudia Sheinbaum Conmemoraci\u00f3n del 112 Aniversario de la Marcha \u00a0de la Lealtad","datePublished":"2025-02-10T06:45:00+00:00","dateModified":"2025-02-10T02:04:05+00:00","mainEntityOfPage":{"@id":"https:\/\/sanluisinforma.com\/?p=10231"},"wordCount":777,"publisher":{"@id":"https:\/\/sanluisinforma.com\/#organization"},"image":{"@id":"https:\/\/sanluisinforma.com\/?p=10231#primaryimage"},"thumbnailUrl":"https:\/\/sanluisinforma.com\/wp-content\/uploads\/2025\/02\/Presidenta-Claudia-6.jpg","articleSection":["Local","Nacional"],"inLanguage":"es"},{"@type":"WebPage","@id":"https:\/\/sanluisinforma.com\/?p=10231","url":"https:\/\/sanluisinforma.com\/?p=10231","name":"Encabeza Presidenta Claudia Sheinbaum Conmemoraci\u00f3n del 112 Aniversario de la Marcha \u00a0de la Lealtad - sanluisinforma.com","isPartOf":{"@id":"https:\/\/sanluisinforma.com\/#website"},"primaryImageOfPage":{"@id":"https:\/\/sanluisinforma.com\/?p=10231#primaryimage"},"image":{"@id":"https:\/\/sanluisinforma.com\/?p=10231#primaryimage"},"thumbnailUrl":"https:\/\/sanluisinforma.com\/wp-content\/uploads\/2025\/02\/Presidenta-Claudia-6.jpg","datePublished":"2025-02-10T06:45:00+00:00","dateModified":"2025-02-10T02:04:05+00:00","breadcrumb":{"@id":"https:\/\/sanluisinforma.com\/?p=10231#breadcrumb"},"inLanguage":"es","potentialAction":[{"@type":"ReadAction","target":["https:\/\/sanluisinforma.com\/?p=10231"]}]},{"@type":"ImageObject","inLanguage":"es","@id":"https:\/\/sanluisinforma.com\/?p=10231#primaryimage","url":"https:\/\/sanluisinforma.com\/wp-content\/uploads\/2025\/02\/Presidenta-Claudia-6.jpg","contentUrl":"https:\/\/sanluisinforma.com\/wp-content\/uploads\/2025\/02\/Presidenta-Claudia-6.jpg","width":340,"height":512},{"@type":"BreadcrumbList","@id":"https:\/\/sanluisinforma.com\/?p=10231#breadcrumb","itemListElement":[{"@type":"ListItem","position":1,"name":"Inicio","item":"https:\/\/sanluisinforma.com\/"},{"@type":"ListItem","position":2,"name":"Encabeza Presidenta Claudia Sheinbaum Conmemoraci\u00f3n del 112 Aniversario de la Marcha \u00a0de la Lealtad"}]},{"@type":"WebSite","@id":"https:\/\/sanluisinforma.com\/#website","url":"https:\/\/sanluisinforma.com\/","name":"sanluisinforma.com","description":"Periodico San Luis Informa","publisher":{"@id":"https:\/\/sanluisinforma.com\/#organization"},"potentialAction":[{"@type":"SearchAction","target":{"@type":"EntryPoint","urlTemplate":"https:\/\/sanluisinforma.com\/?s={search_term_string}"},"query-input":{"@type":"PropertyValueSpecification","valueRequired":true,"valueName":"search_term_string"}}],"inLanguage":"es"},{"@type":"Organization","@id":"https:\/\/sanluisinforma.com\/#organization","name":"sanluisinforma.com","url":"https:\/\/sanluisinforma.com\/","logo":{"@type":"ImageObject","inLanguage":"es","@id":"https:\/\/sanluisinforma.com\/#\/schema\/logo\/image\/","url":"https:\/\/sanluisinforma.com\/wp-content\/uploads\/2026\/03\/sanluisinforma-V.jpg","contentUrl":"https:\/\/sanluisinforma.com\/wp-content\/uploads\/2026\/03\/sanluisinforma-V.jpg","width":500,"height":156,"caption":"sanluisinforma.com"},"image":{"@id":"https:\/\/sanluisinforma.com\/#\/schema\/logo\/image\/"}},{"@type":"Person","@id":"https:\/\/sanluisinforma.com\/#\/schema\/person\/c30648f71476be533b6f59d092905c8b","name":"sanluisinforma.com","image":{"@type":"ImageObject","inLanguage":"es","@id":"https:\/\/sanluisinforma.com\/#\/schema\/person\/image\/","url":"https:\/\/secure.gravatar.com\/avatar\/86e3114e34a1eecefb963e0a02f0093f93b092dddb2fe1517596343751081a87?s=96&d=mm&r=g","contentUrl":"https:\/\/secure.gravatar.com\/avatar\/86e3114e34a1eecefb963e0a02f0093f93b092dddb2fe1517596343751081a87?s=96&d=mm&r=g","caption":"sanluisinforma.com"},"url":"https:\/\/sanluisinforma.com\/?author=2"}]}},"_links":{"self":[{"href":"https:\/\/sanluisinforma.com\/index.php?rest_route=\/wp\/v2\/posts\/10231","targetHints":{"allow":["GET"]}}],"collection":[{"href":"https:\/\/sanluisinforma.com\/index.php?rest_route=\/wp\/v2\/posts"}],"about":[{"href":"https:\/\/sanluisinforma.com\/index.php?rest_route=\/wp\/v2\/types\/post"}],"author":[{"embeddable":true,"href":"https:\/\/sanluisinforma.com\/index.php?rest_route=\/wp\/v2\/users\/2"}],"replies":[{"embeddable":true,"href":"https:\/\/sanluisinforma.com\/index.php?rest_route=%2Fwp%2Fv2%2Fcomments&post=10231"}],"version-history":[{"count":1,"href":"https:\/\/sanluisinforma.com\/index.php?rest_route=\/wp\/v2\/posts\/10231\/revisions"}],"predecessor-version":[{"id":10233,"href":"https:\/\/sanluisinforma.com\/index.php?rest_route=\/wp\/v2\/posts\/10231\/revisions\/10233"}],"wp:featuredmedia":[{"embeddable":true,"href":"https:\/\/sanluisinforma.com\/index.php?rest_route=\/wp\/v2\/media\/10232"}],"wp:attachment":[{"href":"https:\/\/sanluisinforma.com\/index.php?rest_route=%2Fwp%2Fv2%2Fmedia&parent=10231"}],"wp:term":[{"taxonomy":"category","embeddable":true,"href":"https:\/\/sanluisinforma.com\/index.php?rest_route=%2Fwp%2Fv2%2Fcategories&post=10231"},{"taxonomy":"post_tag","embeddable":true,"href":"https:\/\/sanluisinforma.com\/index.php?rest_route=%2Fwp%2Fv2%2Ftags&post=10231"}],"curies":[{"name":"wp","href":"https:\/\/api.w.org\/{rel}","templated":true}]}}