{"id":10238,"date":"2025-02-11T00:58:00","date_gmt":"2025-02-11T06:58:00","guid":{"rendered":"https:\/\/sanluisinforma.com\/?p=10238"},"modified":"2025-02-10T22:37:15","modified_gmt":"2025-02-11T04:37:15","slug":"ricardo-gallardo-arranca-rehabilitacion-de-camino-a-villa-de-ramos","status":"publish","type":"post","link":"https:\/\/sanluisinforma.com\/?p=10238","title":{"rendered":"Ricardo Gallardo Arranca Rehabilitaci\u00f3n de Camino a Villa de Ramos"},"content":{"rendered":"\n<p><\/p>\n\n\n\n<p>El Gobernador del Estado, tambi\u00e9n entreg\u00f3 el programa de seguridad alimentaria que brinda m\u00e1s apoyo a las familias<\/p>\n\n\n\n<p>Para acercar m\u00e1s apoyo y bienestar a la poblaci\u00f3n de las cuatro regiones, este lunes, el Gobernador de San Luis Potos\u00ed Ricardo Gallardo Cardona, arranc\u00f3 la rehabilitaci\u00f3n y modernizaci\u00f3n del camino Villa de Ramos\u2013San Francisco\u2013Los Hern\u00e1ndez de 9.4 kil\u00f3metros de longitud, en Villa de Ramos, con una inversi\u00f3n de 26.18 millones de pesos, y entreg\u00f3 el programa de Seguridad Alimentaria que garantiza una mejor calidad de vida para la poblaci\u00f3n y ahorro familiar.<\/p>\n\n\n\n<p>En la comunidad de San Mart\u00edn, y ante habitantes de cuatro comunidades que une el nuevo camino, el Mandatario Estatal, expres\u00f3 el compromiso de su administraci\u00f3n para continuar haciendo caminos donde nadie los hac\u00eda, recuperando las carreteras y calles, que la maldita herencia olvid\u00f3.<\/p>\n\n\n\n<p>Dijo que en este 2025, el Gobierno del Estado continuar\u00e1 entregando el programa alimentario, con productos de la mejor calidad, que reciben las familias en sus hogares, con cajas de 20 kilogramos, para que quienes m\u00e1s necesitan, puedan mejorar su acceso a una alimentaci\u00f3n sana, suficiente y variada, y, adem\u00e1s, tengan ahorros significativos en su econom\u00eda, para destinarlos a otras necesidades importantes.<\/p>\n\n\n\n<p>Gallardo Cardona dijo que sigue firme su compromiso para la transformaci\u00f3n del Estado, no solo con caminos y carreteras, sino con programas para el campo, atenci\u00f3n a grupos en situaci\u00f3n vulnerable como adultos mayores y madres solteras, con la entrega de becas, construcci\u00f3n de escuelas para que ni\u00f1as y ni\u00f1os asistan a planteles dignos, programas sociales y atenci\u00f3n a las necesidades m\u00e1s apremiantes de las y los potosinos.<\/p>\n\n\n\n<p>La rehabilitaci\u00f3n del camino en 9.4 kil\u00f3metros contemplar\u00e1 trabajos de bacheo superficial, carpeta asf\u00e1ltica y se\u00f1alamiento, lo que significa beneficio para la poblaci\u00f3n en traslados m\u00e1s \u00e1giles, c\u00f3modos y seguros, entre la cabecera municipal de Villa de Ramos, y las comunidades de San Francisco, San Mart\u00edn y Los Hern\u00e1ndez, donde se localiza el hospital rural del Imss-Bienestar.<\/p>\n","protected":false},"excerpt":{"rendered":"<p>El Gobernador del Estado, tambi\u00e9n entreg\u00f3 el programa de seguridad alimentaria que brinda m\u00e1s apoyo a las familias Para acercar<\/p>\n","protected":false},"author":2,"featured_media":10239,"comment_status":"closed","ping_status":"closed","sticky":false,"template":"","format":"standard","meta":{"footnotes":""},"categories":[25,30],"tags":[],"class_list":["post-10238","post","type-post","status-publish","format-standard","has-post-thumbnail","hentry","category-local","category-portada"],"yoast_head":"<!-- This site is optimized with the Yoast SEO plugin v24.1 - https:\/\/yoast.com\/wordpress\/plugins\/seo\/ -->\n<title>Ricardo Gallardo Arranca Rehabilitaci\u00f3n de Camino a Villa de Ramos - sanluisinforma.com<\/title>\n<meta name=\"robots\" content=\"index, follow, max-snippet:-1, max-image-preview:large, max-video-preview:-1\" \/>\n<link rel=\"canonical\" href=\"https:\/\/sanluisinforma.com\/?p=10238\" \/>\n<meta property=\"og:locale\" content=\"es_MX\" \/>\n<meta property=\"og:type\" content=\"article\" \/>\n<meta property=\"og:title\" content=\"Ricardo Gallardo Arranca Rehabilitaci\u00f3n de Camino a Villa de Ramos - sanluisinforma.com\" \/>\n<meta property=\"og:description\" content=\"El Gobernador del Estado, tambi\u00e9n entreg\u00f3 el programa de seguridad alimentaria que brinda m\u00e1s apoyo a las familias Para acercar\" \/>\n<meta property=\"og:url\" content=\"https:\/\/sanluisinforma.com\/?p=10238\" \/>\n<meta property=\"og:site_name\" content=\"sanluisinforma.com\" \/>\n<meta property=\"article:published_time\" content=\"2025-02-11T06:58:00+00:00\" \/>\n<meta property=\"article:modified_time\" content=\"2025-02-11T04:37:15+00:00\" \/>\n<meta property=\"og:image\" content=\"https:\/\/sanluisinforma.com\/wp-content\/uploads\/2025\/02\/03632ac8-1682-4f94-a5be-72afeca0f981.jpg\" \/>\n\t<meta property=\"og:image:width\" content=\"480\" \/>\n\t<meta property=\"og:image:height\" content=\"319\" \/>\n\t<meta property=\"og:image:type\" content=\"image\/jpeg\" \/>\n<meta name=\"author\" content=\"sanluisinforma.com\" \/>\n<meta name=\"twitter:card\" content=\"summary_large_image\" \/>\n<meta name=\"twitter:label1\" content=\"Escrito por\" \/>\n\t<meta name=\"twitter:data1\" content=\"sanluisinforma.com\" \/>\n\t<meta name=\"twitter:label2\" content=\"Tiempo de lectura\" \/>\n\t<meta name=\"twitter:data2\" content=\"2 minutos\" \/>\n<script type=\"application\/ld+json\" class=\"yoast-schema-graph\">{\"@context\":\"https:\/\/schema.org\",\"@graph\":[{\"@type\":\"Article\",\"@id\":\"https:\/\/sanluisinforma.com\/?p=10238#article\",\"isPartOf\":{\"@id\":\"https:\/\/sanluisinforma.com\/?p=10238\"},\"author\":{\"name\":\"sanluisinforma.com\",\"@id\":\"https:\/\/sanluisinforma.com\/#\/schema\/person\/c30648f71476be533b6f59d092905c8b\"},\"headline\":\"Ricardo Gallardo Arranca Rehabilitaci\u00f3n de Camino a Villa de Ramos\",\"datePublished\":\"2025-02-11T06:58:00+00:00\",\"dateModified\":\"2025-02-11T04:37:15+00:00\",\"mainEntityOfPage\":{\"@id\":\"https:\/\/sanluisinforma.com\/?p=10238\"},\"wordCount\":364,\"publisher\":{\"@id\":\"https:\/\/sanluisinforma.com\/#organization\"},\"image\":{\"@id\":\"https:\/\/sanluisinforma.com\/?p=10238#primaryimage\"},\"thumbnailUrl\":\"https:\/\/sanluisinforma.com\/wp-content\/uploads\/2025\/02\/03632ac8-1682-4f94-a5be-72afeca0f981.jpg\",\"articleSection\":[\"Local\",\"Portada\"],\"inLanguage\":\"es\"},{\"@type\":\"WebPage\",\"@id\":\"https:\/\/sanluisinforma.com\/?p=10238\",\"url\":\"https:\/\/sanluisinforma.com\/?p=10238\",\"name\":\"Ricardo Gallardo Arranca Rehabilitaci\u00f3n de Camino a Villa de Ramos - sanluisinforma.com\",\"isPartOf\":{\"@id\":\"https:\/\/sanluisinforma.com\/#website\"},\"primaryImageOfPage\":{\"@id\":\"https:\/\/sanluisinforma.com\/?p=10238#primaryimage\"},\"image\":{\"@id\":\"https:\/\/sanluisinforma.com\/?p=10238#primaryimage\"},\"thumbnailUrl\":\"https:\/\/sanluisinforma.com\/wp-content\/uploads\/2025\/02\/03632ac8-1682-4f94-a5be-72afeca0f981.jpg\",\"datePublished\":\"2025-02-11T06:58:00+00:00\",\"dateModified\":\"2025-02-11T04:37:15+00:00\",\"breadcrumb\":{\"@id\":\"https:\/\/sanluisinforma.com\/?p=10238#breadcrumb\"},\"inLanguage\":\"es\",\"potentialAction\":[{\"@type\":\"ReadAction\",\"target\":[\"https:\/\/sanluisinforma.com\/?p=10238\"]}]},{\"@type\":\"ImageObject\",\"inLanguage\":\"es\",\"@id\":\"https:\/\/sanluisinforma.com\/?p=10238#primaryimage\",\"url\":\"https:\/\/sanluisinforma.com\/wp-content\/uploads\/2025\/02\/03632ac8-1682-4f94-a5be-72afeca0f981.jpg\",\"contentUrl\":\"https:\/\/sanluisinforma.com\/wp-content\/uploads\/2025\/02\/03632ac8-1682-4f94-a5be-72afeca0f981.jpg\",\"width\":480,\"height\":319},{\"@type\":\"BreadcrumbList\",\"@id\":\"https:\/\/sanluisinforma.com\/?p=10238#breadcrumb\",\"itemListElement\":[{\"@type\":\"ListItem\",\"position\":1,\"name\":\"Inicio\",\"item\":\"https:\/\/sanluisinforma.com\/\"},{\"@type\":\"ListItem\",\"position\":2,\"name\":\"Ricardo Gallardo Arranca Rehabilitaci\u00f3n de Camino a Villa de Ramos\"}]},{\"@type\":\"WebSite\",\"@id\":\"https:\/\/sanluisinforma.com\/#website\",\"url\":\"https:\/\/sanluisinforma.com\/\",\"name\":\"sanluisinforma.com\",\"description\":\"Periodico San Luis Informa\",\"publisher\":{\"@id\":\"https:\/\/sanluisinforma.com\/#organization\"},\"potentialAction\":[{\"@type\":\"SearchAction\",\"target\":{\"@type\":\"EntryPoint\",\"urlTemplate\":\"https:\/\/sanluisinforma.com\/?s={search_term_string}\"},\"query-input\":{\"@type\":\"PropertyValueSpecification\",\"valueRequired\":true,\"valueName\":\"search_term_string\"}}],\"inLanguage\":\"es\"},{\"@type\":\"Organization\",\"@id\":\"https:\/\/sanluisinforma.com\/#organization\",\"name\":\"sanluisinforma.com\",\"url\":\"https:\/\/sanluisinforma.com\/\",\"logo\":{\"@type\":\"ImageObject\",\"inLanguage\":\"es\",\"@id\":\"https:\/\/sanluisinforma.com\/#\/schema\/logo\/image\/\",\"url\":\"https:\/\/sanluisinforma.com\/wp-content\/uploads\/2026\/03\/sanluisinforma-V.jpg\",\"contentUrl\":\"https:\/\/sanluisinforma.com\/wp-content\/uploads\/2026\/03\/sanluisinforma-V.jpg\",\"width\":500,\"height\":156,\"caption\":\"sanluisinforma.com\"},\"image\":{\"@id\":\"https:\/\/sanluisinforma.com\/#\/schema\/logo\/image\/\"}},{\"@type\":\"Person\",\"@id\":\"https:\/\/sanluisinforma.com\/#\/schema\/person\/c30648f71476be533b6f59d092905c8b\",\"name\":\"sanluisinforma.com\",\"image\":{\"@type\":\"ImageObject\",\"inLanguage\":\"es\",\"@id\":\"https:\/\/sanluisinforma.com\/#\/schema\/person\/image\/\",\"url\":\"https:\/\/secure.gravatar.com\/avatar\/86e3114e34a1eecefb963e0a02f0093f93b092dddb2fe1517596343751081a87?s=96&d=mm&r=g\",\"contentUrl\":\"https:\/\/secure.gravatar.com\/avatar\/86e3114e34a1eecefb963e0a02f0093f93b092dddb2fe1517596343751081a87?s=96&d=mm&r=g\",\"caption\":\"sanluisinforma.com\"},\"url\":\"https:\/\/sanluisinforma.com\/?author=2\"}]}<\/script>\n<!-- \/ Yoast SEO plugin. -->","yoast_head_json":{"title":"Ricardo Gallardo Arranca Rehabilitaci\u00f3n de Camino a Villa de Ramos - sanluisinforma.com","robots":{"index":"index","follow":"follow","max-snippet":"max-snippet:-1","max-image-preview":"max-image-preview:large","max-video-preview":"max-video-preview:-1"},"canonical":"https:\/\/sanluisinforma.com\/?p=10238","og_locale":"es_MX","og_type":"article","og_title":"Ricardo Gallardo Arranca Rehabilitaci\u00f3n de Camino a Villa de Ramos - sanluisinforma.com","og_description":"El Gobernador del Estado, tambi\u00e9n entreg\u00f3 el programa de seguridad alimentaria que brinda m\u00e1s apoyo a las familias Para acercar","og_url":"https:\/\/sanluisinforma.com\/?p=10238","og_site_name":"sanluisinforma.com","article_published_time":"2025-02-11T06:58:00+00:00","article_modified_time":"2025-02-11T04:37:15+00:00","og_image":[{"width":480,"height":319,"url":"https:\/\/sanluisinforma.com\/wp-content\/uploads\/2025\/02\/03632ac8-1682-4f94-a5be-72afeca0f981.jpg","type":"image\/jpeg"}],"author":"sanluisinforma.com","twitter_card":"summary_large_image","twitter_misc":{"Escrito por":"sanluisinforma.com","Tiempo de lectura":"2 minutos"},"schema":{"@context":"https:\/\/schema.org","@graph":[{"@type":"Article","@id":"https:\/\/sanluisinforma.com\/?p=10238#article","isPartOf":{"@id":"https:\/\/sanluisinforma.com\/?p=10238"},"author":{"name":"sanluisinforma.com","@id":"https:\/\/sanluisinforma.com\/#\/schema\/person\/c30648f71476be533b6f59d092905c8b"},"headline":"Ricardo Gallardo Arranca Rehabilitaci\u00f3n de Camino a Villa de Ramos","datePublished":"2025-02-11T06:58:00+00:00","dateModified":"2025-02-11T04:37:15+00:00","mainEntityOfPage":{"@id":"https:\/\/sanluisinforma.com\/?p=10238"},"wordCount":364,"publisher":{"@id":"https:\/\/sanluisinforma.com\/#organization"},"image":{"@id":"https:\/\/sanluisinforma.com\/?p=10238#primaryimage"},"thumbnailUrl":"https:\/\/sanluisinforma.com\/wp-content\/uploads\/2025\/02\/03632ac8-1682-4f94-a5be-72afeca0f981.jpg","articleSection":["Local","Portada"],"inLanguage":"es"},{"@type":"WebPage","@id":"https:\/\/sanluisinforma.com\/?p=10238","url":"https:\/\/sanluisinforma.com\/?p=10238","name":"Ricardo Gallardo Arranca Rehabilitaci\u00f3n de Camino a Villa de Ramos - sanluisinforma.com","isPartOf":{"@id":"https:\/\/sanluisinforma.com\/#website"},"primaryImageOfPage":{"@id":"https:\/\/sanluisinforma.com\/?p=10238#primaryimage"},"image":{"@id":"https:\/\/sanluisinforma.com\/?p=10238#primaryimage"},"thumbnailUrl":"https:\/\/sanluisinforma.com\/wp-content\/uploads\/2025\/02\/03632ac8-1682-4f94-a5be-72afeca0f981.jpg","datePublished":"2025-02-11T06:58:00+00:00","dateModified":"2025-02-11T04:37:15+00:00","breadcrumb":{"@id":"https:\/\/sanluisinforma.com\/?p=10238#breadcrumb"},"inLanguage":"es","potentialAction":[{"@type":"ReadAction","target":["https:\/\/sanluisinforma.com\/?p=10238"]}]},{"@type":"ImageObject","inLanguage":"es","@id":"https:\/\/sanluisinforma.com\/?p=10238#primaryimage","url":"https:\/\/sanluisinforma.com\/wp-content\/uploads\/2025\/02\/03632ac8-1682-4f94-a5be-72afeca0f981.jpg","contentUrl":"https:\/\/sanluisinforma.com\/wp-content\/uploads\/2025\/02\/03632ac8-1682-4f94-a5be-72afeca0f981.jpg","width":480,"height":319},{"@type":"BreadcrumbList","@id":"https:\/\/sanluisinforma.com\/?p=10238#breadcrumb","itemListElement":[{"@type":"ListItem","position":1,"name":"Inicio","item":"https:\/\/sanluisinforma.com\/"},{"@type":"ListItem","position":2,"name":"Ricardo Gallardo Arranca Rehabilitaci\u00f3n de Camino a Villa de Ramos"}]},{"@type":"WebSite","@id":"https:\/\/sanluisinforma.com\/#website","url":"https:\/\/sanluisinforma.com\/","name":"sanluisinforma.com","description":"Periodico San Luis Informa","publisher":{"@id":"https:\/\/sanluisinforma.com\/#organization"},"potentialAction":[{"@type":"SearchAction","target":{"@type":"EntryPoint","urlTemplate":"https:\/\/sanluisinforma.com\/?s={search_term_string}"},"query-input":{"@type":"PropertyValueSpecification","valueRequired":true,"valueName":"search_term_string"}}],"inLanguage":"es"},{"@type":"Organization","@id":"https:\/\/sanluisinforma.com\/#organization","name":"sanluisinforma.com","url":"https:\/\/sanluisinforma.com\/","logo":{"@type":"ImageObject","inLanguage":"es","@id":"https:\/\/sanluisinforma.com\/#\/schema\/logo\/image\/","url":"https:\/\/sanluisinforma.com\/wp-content\/uploads\/2026\/03\/sanluisinforma-V.jpg","contentUrl":"https:\/\/sanluisinforma.com\/wp-content\/uploads\/2026\/03\/sanluisinforma-V.jpg","width":500,"height":156,"caption":"sanluisinforma.com"},"image":{"@id":"https:\/\/sanluisinforma.com\/#\/schema\/logo\/image\/"}},{"@type":"Person","@id":"https:\/\/sanluisinforma.com\/#\/schema\/person\/c30648f71476be533b6f59d092905c8b","name":"sanluisinforma.com","image":{"@type":"ImageObject","inLanguage":"es","@id":"https:\/\/sanluisinforma.com\/#\/schema\/person\/image\/","url":"https:\/\/secure.gravatar.com\/avatar\/86e3114e34a1eecefb963e0a02f0093f93b092dddb2fe1517596343751081a87?s=96&d=mm&r=g","contentUrl":"https:\/\/secure.gravatar.com\/avatar\/86e3114e34a1eecefb963e0a02f0093f93b092dddb2fe1517596343751081a87?s=96&d=mm&r=g","caption":"sanluisinforma.com"},"url":"https:\/\/sanluisinforma.com\/?author=2"}]}},"_links":{"self":[{"href":"https:\/\/sanluisinforma.com\/index.php?rest_route=\/wp\/v2\/posts\/10238","targetHints":{"allow":["GET"]}}],"collection":[{"href":"https:\/\/sanluisinforma.com\/index.php?rest_route=\/wp\/v2\/posts"}],"about":[{"href":"https:\/\/sanluisinforma.com\/index.php?rest_route=\/wp\/v2\/types\/post"}],"author":[{"embeddable":true,"href":"https:\/\/sanluisinforma.com\/index.php?rest_route=\/wp\/v2\/users\/2"}],"replies":[{"embeddable":true,"href":"https:\/\/sanluisinforma.com\/index.php?rest_route=%2Fwp%2Fv2%2Fcomments&post=10238"}],"version-history":[{"count":1,"href":"https:\/\/sanluisinforma.com\/index.php?rest_route=\/wp\/v2\/posts\/10238\/revisions"}],"predecessor-version":[{"id":10240,"href":"https:\/\/sanluisinforma.com\/index.php?rest_route=\/wp\/v2\/posts\/10238\/revisions\/10240"}],"wp:featuredmedia":[{"embeddable":true,"href":"https:\/\/sanluisinforma.com\/index.php?rest_route=\/wp\/v2\/media\/10239"}],"wp:attachment":[{"href":"https:\/\/sanluisinforma.com\/index.php?rest_route=%2Fwp%2Fv2%2Fmedia&parent=10238"}],"wp:term":[{"taxonomy":"category","embeddable":true,"href":"https:\/\/sanluisinforma.com\/index.php?rest_route=%2Fwp%2Fv2%2Fcategories&post=10238"},{"taxonomy":"post_tag","embeddable":true,"href":"https:\/\/sanluisinforma.com\/index.php?rest_route=%2Fwp%2Fv2%2Ftags&post=10238"}],"curies":[{"name":"wp","href":"https:\/\/api.w.org\/{rel}","templated":true}]}}