{"id":10245,"date":"2025-02-11T00:50:00","date_gmt":"2025-02-11T06:50:00","guid":{"rendered":"https:\/\/sanluisinforma.com\/?p=10245"},"modified":"2025-02-10T22:42:19","modified_gmt":"2025-02-11T04:42:19","slug":"san-luis-capital-sede-del-torneo-nacional-de-la-calle-a-la-cancha-de-la-fundacion-telmex-telcel","status":"publish","type":"post","link":"https:\/\/sanluisinforma.com\/?p=10245","title":{"rendered":"San Luis Capital, sede del torneo nacional \u201cDe la Calle a la Cancha\u201d, de la Fundaci\u00f3n Telmex-Telcel"},"content":{"rendered":"\n<p>El Alcalde Enrique Galindo present\u00f3 esta competencia, que se realizar\u00e1 del 14 al 16 de febrero en la Plaza de Fundadores; destac\u00f3 la importancia de apoyar esta competencia, que reunir\u00e1 a 800 futbolistas y dejar\u00e1 una importante derrama econ\u00f3mica en la Capital.Este fin de semana, San Luis Potos\u00ed albergar\u00e1 por primera vez la fase nacional del torneo De la Calle a la Cancha, organizado por la Fundaci\u00f3n Telmex &#8211; Telcel. <\/p>\n\n\n\n<p>El Alcalde Enrique Galindo Ceballos resalt\u00f3 la relevancia de esta competencia de calidad internacional, que servir\u00e1 como clasificatorio para el Mundial de Futbol Street en Noruega. Subray\u00f3 que este evento refuerza la estrategia de la ciudad como Capital Latinoamericana del Turismo Deportivo y Capital Americana de la Cultura, adem\u00e1s de que demuestra el compromiso con la juventud y su desarrollo.<\/p>\n\n\n\n<p>\u201cPara este torneo De la Calle a la Cancha vendr\u00e1n 800 futbolistas, hombres y mujeres, de todos los estados del pa\u00eds, a participar en los partidos que ser\u00e1n en la Plaza de Fundadores&#8221;. Adem\u00e1s, Presidente Municipal subray\u00f3 la derrama econ\u00f3mica que dejar\u00e1 esta competencia. Tambi\u00e9n indic\u00f3 que con esto, se aleja de las calles a ni\u00f1as, ni\u00f1os y adolescentes.<\/p>\n\n\n\n<p>El Director Nacional del De la Calle a la Cancha, Mart\u00edn Daniel Copto Garc\u00eda, agradeci\u00f3 el respaldo del Gobierno Municipal y destac\u00f3 que San Luis Potos\u00ed cuenta con autoridades comprometidas con los sectores m\u00e1s vulnerables. El titular del Deporte Municipal, Luis Fernando Alonso Molina, enfatiz\u00f3 que este torneo no solo es un semillero de talentos, sino una oportunidad para cambiar vidas a trav\u00e9s del deporte.<\/p>\n\n\n\n<p>En la presentaci\u00f3n estuvieron la Presidenta del DIF Capitalino, Estela Arriaga M\u00e1rquez; el Regidor Francisco Javier Pedraza; la coach de equipos femeninos, Jessica G\u00f3mez y la representante de Coca-Cola, Liliana S\u00e1nchez Flores. Desde 2009, Fundaci\u00f3n Telmex &#8211; Telcel impulsa este torneo en coordinaci\u00f3n con instituciones p\u00fablicas y privadas. De esta fase nacional surgir\u00e1 la Selecci\u00f3n Mexicana, que buscar\u00e1 defender los t\u00edtulos mundiales ante 70 pa\u00edses, en Noruega.<\/p>\n","protected":false},"excerpt":{"rendered":"<p>El Alcalde Enrique Galindo present\u00f3 esta competencia, que se realizar\u00e1 del 14 al 16 de febrero en la Plaza de<\/p>\n","protected":false},"author":2,"featured_media":10246,"comment_status":"closed","ping_status":"closed","sticky":false,"template":"","format":"standard","meta":{"footnotes":""},"categories":[25,30],"tags":[],"class_list":["post-10245","post","type-post","status-publish","format-standard","has-post-thumbnail","hentry","category-local","category-portada"],"yoast_head":"<!-- This site is optimized with the Yoast SEO plugin v24.1 - https:\/\/yoast.com\/wordpress\/plugins\/seo\/ -->\n<title>San Luis Capital, sede del torneo nacional \u201cDe la Calle a la Cancha\u201d, de la Fundaci\u00f3n Telmex-Telcel - sanluisinforma.com<\/title>\n<meta name=\"robots\" content=\"index, follow, max-snippet:-1, max-image-preview:large, max-video-preview:-1\" \/>\n<link rel=\"canonical\" href=\"https:\/\/sanluisinforma.com\/?p=10245\" \/>\n<meta property=\"og:locale\" content=\"es_MX\" \/>\n<meta property=\"og:type\" content=\"article\" \/>\n<meta property=\"og:title\" content=\"San Luis Capital, sede del torneo nacional \u201cDe la Calle a la Cancha\u201d, de la Fundaci\u00f3n Telmex-Telcel - sanluisinforma.com\" \/>\n<meta property=\"og:description\" content=\"El Alcalde Enrique Galindo present\u00f3 esta competencia, que se realizar\u00e1 del 14 al 16 de febrero en la Plaza de\" \/>\n<meta property=\"og:url\" content=\"https:\/\/sanluisinforma.com\/?p=10245\" \/>\n<meta property=\"og:site_name\" content=\"sanluisinforma.com\" \/>\n<meta property=\"article:published_time\" content=\"2025-02-11T06:50:00+00:00\" \/>\n<meta property=\"article:modified_time\" content=\"2025-02-11T04:42:19+00:00\" \/>\n<meta property=\"og:image\" content=\"https:\/\/sanluisinforma.com\/wp-content\/uploads\/2025\/02\/7d554f24-4106-4c56-887b-2131fc33e275.jpg\" \/>\n\t<meta property=\"og:image:width\" content=\"480\" \/>\n\t<meta property=\"og:image:height\" content=\"319\" \/>\n\t<meta property=\"og:image:type\" content=\"image\/jpeg\" \/>\n<meta name=\"author\" content=\"sanluisinforma.com\" \/>\n<meta name=\"twitter:card\" content=\"summary_large_image\" \/>\n<meta name=\"twitter:label1\" content=\"Escrito por\" \/>\n\t<meta name=\"twitter:data1\" content=\"sanluisinforma.com\" \/>\n\t<meta name=\"twitter:label2\" content=\"Tiempo de lectura\" \/>\n\t<meta name=\"twitter:data2\" content=\"2 minutos\" \/>\n<script type=\"application\/ld+json\" class=\"yoast-schema-graph\">{\"@context\":\"https:\/\/schema.org\",\"@graph\":[{\"@type\":\"Article\",\"@id\":\"https:\/\/sanluisinforma.com\/?p=10245#article\",\"isPartOf\":{\"@id\":\"https:\/\/sanluisinforma.com\/?p=10245\"},\"author\":{\"name\":\"sanluisinforma.com\",\"@id\":\"https:\/\/sanluisinforma.com\/#\/schema\/person\/c30648f71476be533b6f59d092905c8b\"},\"headline\":\"San Luis Capital, sede del torneo nacional \u201cDe la Calle a la Cancha\u201d, de la Fundaci\u00f3n Telmex-Telcel\",\"datePublished\":\"2025-02-11T06:50:00+00:00\",\"dateModified\":\"2025-02-11T04:42:19+00:00\",\"mainEntityOfPage\":{\"@id\":\"https:\/\/sanluisinforma.com\/?p=10245\"},\"wordCount\":359,\"publisher\":{\"@id\":\"https:\/\/sanluisinforma.com\/#organization\"},\"image\":{\"@id\":\"https:\/\/sanluisinforma.com\/?p=10245#primaryimage\"},\"thumbnailUrl\":\"https:\/\/sanluisinforma.com\/wp-content\/uploads\/2025\/02\/7d554f24-4106-4c56-887b-2131fc33e275.jpg\",\"articleSection\":[\"Local\",\"Portada\"],\"inLanguage\":\"es\"},{\"@type\":\"WebPage\",\"@id\":\"https:\/\/sanluisinforma.com\/?p=10245\",\"url\":\"https:\/\/sanluisinforma.com\/?p=10245\",\"name\":\"San Luis Capital, sede del torneo nacional \u201cDe la Calle a la Cancha\u201d, de la Fundaci\u00f3n Telmex-Telcel - sanluisinforma.com\",\"isPartOf\":{\"@id\":\"https:\/\/sanluisinforma.com\/#website\"},\"primaryImageOfPage\":{\"@id\":\"https:\/\/sanluisinforma.com\/?p=10245#primaryimage\"},\"image\":{\"@id\":\"https:\/\/sanluisinforma.com\/?p=10245#primaryimage\"},\"thumbnailUrl\":\"https:\/\/sanluisinforma.com\/wp-content\/uploads\/2025\/02\/7d554f24-4106-4c56-887b-2131fc33e275.jpg\",\"datePublished\":\"2025-02-11T06:50:00+00:00\",\"dateModified\":\"2025-02-11T04:42:19+00:00\",\"breadcrumb\":{\"@id\":\"https:\/\/sanluisinforma.com\/?p=10245#breadcrumb\"},\"inLanguage\":\"es\",\"potentialAction\":[{\"@type\":\"ReadAction\",\"target\":[\"https:\/\/sanluisinforma.com\/?p=10245\"]}]},{\"@type\":\"ImageObject\",\"inLanguage\":\"es\",\"@id\":\"https:\/\/sanluisinforma.com\/?p=10245#primaryimage\",\"url\":\"https:\/\/sanluisinforma.com\/wp-content\/uploads\/2025\/02\/7d554f24-4106-4c56-887b-2131fc33e275.jpg\",\"contentUrl\":\"https:\/\/sanluisinforma.com\/wp-content\/uploads\/2025\/02\/7d554f24-4106-4c56-887b-2131fc33e275.jpg\",\"width\":480,\"height\":319},{\"@type\":\"BreadcrumbList\",\"@id\":\"https:\/\/sanluisinforma.com\/?p=10245#breadcrumb\",\"itemListElement\":[{\"@type\":\"ListItem\",\"position\":1,\"name\":\"Inicio\",\"item\":\"https:\/\/sanluisinforma.com\/\"},{\"@type\":\"ListItem\",\"position\":2,\"name\":\"San Luis Capital, sede del torneo nacional \u201cDe la Calle a la Cancha\u201d, de la Fundaci\u00f3n Telmex-Telcel\"}]},{\"@type\":\"WebSite\",\"@id\":\"https:\/\/sanluisinforma.com\/#website\",\"url\":\"https:\/\/sanluisinforma.com\/\",\"name\":\"sanluisinforma.com\",\"description\":\"Periodico San Luis Informa\",\"publisher\":{\"@id\":\"https:\/\/sanluisinforma.com\/#organization\"},\"potentialAction\":[{\"@type\":\"SearchAction\",\"target\":{\"@type\":\"EntryPoint\",\"urlTemplate\":\"https:\/\/sanluisinforma.com\/?s={search_term_string}\"},\"query-input\":{\"@type\":\"PropertyValueSpecification\",\"valueRequired\":true,\"valueName\":\"search_term_string\"}}],\"inLanguage\":\"es\"},{\"@type\":\"Organization\",\"@id\":\"https:\/\/sanluisinforma.com\/#organization\",\"name\":\"sanluisinforma.com\",\"url\":\"https:\/\/sanluisinforma.com\/\",\"logo\":{\"@type\":\"ImageObject\",\"inLanguage\":\"es\",\"@id\":\"https:\/\/sanluisinforma.com\/#\/schema\/logo\/image\/\",\"url\":\"https:\/\/sanluisinforma.com\/wp-content\/uploads\/2026\/03\/sanluisinforma-V.jpg\",\"contentUrl\":\"https:\/\/sanluisinforma.com\/wp-content\/uploads\/2026\/03\/sanluisinforma-V.jpg\",\"width\":500,\"height\":156,\"caption\":\"sanluisinforma.com\"},\"image\":{\"@id\":\"https:\/\/sanluisinforma.com\/#\/schema\/logo\/image\/\"}},{\"@type\":\"Person\",\"@id\":\"https:\/\/sanluisinforma.com\/#\/schema\/person\/c30648f71476be533b6f59d092905c8b\",\"name\":\"sanluisinforma.com\",\"image\":{\"@type\":\"ImageObject\",\"inLanguage\":\"es\",\"@id\":\"https:\/\/sanluisinforma.com\/#\/schema\/person\/image\/\",\"url\":\"https:\/\/secure.gravatar.com\/avatar\/86e3114e34a1eecefb963e0a02f0093f93b092dddb2fe1517596343751081a87?s=96&d=mm&r=g\",\"contentUrl\":\"https:\/\/secure.gravatar.com\/avatar\/86e3114e34a1eecefb963e0a02f0093f93b092dddb2fe1517596343751081a87?s=96&d=mm&r=g\",\"caption\":\"sanluisinforma.com\"},\"url\":\"https:\/\/sanluisinforma.com\/?author=2\"}]}<\/script>\n<!-- \/ Yoast SEO plugin. -->","yoast_head_json":{"title":"San Luis Capital, sede del torneo nacional \u201cDe la Calle a la Cancha\u201d, de la Fundaci\u00f3n Telmex-Telcel - sanluisinforma.com","robots":{"index":"index","follow":"follow","max-snippet":"max-snippet:-1","max-image-preview":"max-image-preview:large","max-video-preview":"max-video-preview:-1"},"canonical":"https:\/\/sanluisinforma.com\/?p=10245","og_locale":"es_MX","og_type":"article","og_title":"San Luis Capital, sede del torneo nacional \u201cDe la Calle a la Cancha\u201d, de la Fundaci\u00f3n Telmex-Telcel - sanluisinforma.com","og_description":"El Alcalde Enrique Galindo present\u00f3 esta competencia, que se realizar\u00e1 del 14 al 16 de febrero en la Plaza de","og_url":"https:\/\/sanluisinforma.com\/?p=10245","og_site_name":"sanluisinforma.com","article_published_time":"2025-02-11T06:50:00+00:00","article_modified_time":"2025-02-11T04:42:19+00:00","og_image":[{"width":480,"height":319,"url":"https:\/\/sanluisinforma.com\/wp-content\/uploads\/2025\/02\/7d554f24-4106-4c56-887b-2131fc33e275.jpg","type":"image\/jpeg"}],"author":"sanluisinforma.com","twitter_card":"summary_large_image","twitter_misc":{"Escrito por":"sanluisinforma.com","Tiempo de lectura":"2 minutos"},"schema":{"@context":"https:\/\/schema.org","@graph":[{"@type":"Article","@id":"https:\/\/sanluisinforma.com\/?p=10245#article","isPartOf":{"@id":"https:\/\/sanluisinforma.com\/?p=10245"},"author":{"name":"sanluisinforma.com","@id":"https:\/\/sanluisinforma.com\/#\/schema\/person\/c30648f71476be533b6f59d092905c8b"},"headline":"San Luis Capital, sede del torneo nacional \u201cDe la Calle a la Cancha\u201d, de la Fundaci\u00f3n Telmex-Telcel","datePublished":"2025-02-11T06:50:00+00:00","dateModified":"2025-02-11T04:42:19+00:00","mainEntityOfPage":{"@id":"https:\/\/sanluisinforma.com\/?p=10245"},"wordCount":359,"publisher":{"@id":"https:\/\/sanluisinforma.com\/#organization"},"image":{"@id":"https:\/\/sanluisinforma.com\/?p=10245#primaryimage"},"thumbnailUrl":"https:\/\/sanluisinforma.com\/wp-content\/uploads\/2025\/02\/7d554f24-4106-4c56-887b-2131fc33e275.jpg","articleSection":["Local","Portada"],"inLanguage":"es"},{"@type":"WebPage","@id":"https:\/\/sanluisinforma.com\/?p=10245","url":"https:\/\/sanluisinforma.com\/?p=10245","name":"San Luis Capital, sede del torneo nacional \u201cDe la Calle a la Cancha\u201d, de la Fundaci\u00f3n Telmex-Telcel - sanluisinforma.com","isPartOf":{"@id":"https:\/\/sanluisinforma.com\/#website"},"primaryImageOfPage":{"@id":"https:\/\/sanluisinforma.com\/?p=10245#primaryimage"},"image":{"@id":"https:\/\/sanluisinforma.com\/?p=10245#primaryimage"},"thumbnailUrl":"https:\/\/sanluisinforma.com\/wp-content\/uploads\/2025\/02\/7d554f24-4106-4c56-887b-2131fc33e275.jpg","datePublished":"2025-02-11T06:50:00+00:00","dateModified":"2025-02-11T04:42:19+00:00","breadcrumb":{"@id":"https:\/\/sanluisinforma.com\/?p=10245#breadcrumb"},"inLanguage":"es","potentialAction":[{"@type":"ReadAction","target":["https:\/\/sanluisinforma.com\/?p=10245"]}]},{"@type":"ImageObject","inLanguage":"es","@id":"https:\/\/sanluisinforma.com\/?p=10245#primaryimage","url":"https:\/\/sanluisinforma.com\/wp-content\/uploads\/2025\/02\/7d554f24-4106-4c56-887b-2131fc33e275.jpg","contentUrl":"https:\/\/sanluisinforma.com\/wp-content\/uploads\/2025\/02\/7d554f24-4106-4c56-887b-2131fc33e275.jpg","width":480,"height":319},{"@type":"BreadcrumbList","@id":"https:\/\/sanluisinforma.com\/?p=10245#breadcrumb","itemListElement":[{"@type":"ListItem","position":1,"name":"Inicio","item":"https:\/\/sanluisinforma.com\/"},{"@type":"ListItem","position":2,"name":"San Luis Capital, sede del torneo nacional \u201cDe la Calle a la Cancha\u201d, de la Fundaci\u00f3n Telmex-Telcel"}]},{"@type":"WebSite","@id":"https:\/\/sanluisinforma.com\/#website","url":"https:\/\/sanluisinforma.com\/","name":"sanluisinforma.com","description":"Periodico San Luis Informa","publisher":{"@id":"https:\/\/sanluisinforma.com\/#organization"},"potentialAction":[{"@type":"SearchAction","target":{"@type":"EntryPoint","urlTemplate":"https:\/\/sanluisinforma.com\/?s={search_term_string}"},"query-input":{"@type":"PropertyValueSpecification","valueRequired":true,"valueName":"search_term_string"}}],"inLanguage":"es"},{"@type":"Organization","@id":"https:\/\/sanluisinforma.com\/#organization","name":"sanluisinforma.com","url":"https:\/\/sanluisinforma.com\/","logo":{"@type":"ImageObject","inLanguage":"es","@id":"https:\/\/sanluisinforma.com\/#\/schema\/logo\/image\/","url":"https:\/\/sanluisinforma.com\/wp-content\/uploads\/2026\/03\/sanluisinforma-V.jpg","contentUrl":"https:\/\/sanluisinforma.com\/wp-content\/uploads\/2026\/03\/sanluisinforma-V.jpg","width":500,"height":156,"caption":"sanluisinforma.com"},"image":{"@id":"https:\/\/sanluisinforma.com\/#\/schema\/logo\/image\/"}},{"@type":"Person","@id":"https:\/\/sanluisinforma.com\/#\/schema\/person\/c30648f71476be533b6f59d092905c8b","name":"sanluisinforma.com","image":{"@type":"ImageObject","inLanguage":"es","@id":"https:\/\/sanluisinforma.com\/#\/schema\/person\/image\/","url":"https:\/\/secure.gravatar.com\/avatar\/86e3114e34a1eecefb963e0a02f0093f93b092dddb2fe1517596343751081a87?s=96&d=mm&r=g","contentUrl":"https:\/\/secure.gravatar.com\/avatar\/86e3114e34a1eecefb963e0a02f0093f93b092dddb2fe1517596343751081a87?s=96&d=mm&r=g","caption":"sanluisinforma.com"},"url":"https:\/\/sanluisinforma.com\/?author=2"}]}},"_links":{"self":[{"href":"https:\/\/sanluisinforma.com\/index.php?rest_route=\/wp\/v2\/posts\/10245","targetHints":{"allow":["GET"]}}],"collection":[{"href":"https:\/\/sanluisinforma.com\/index.php?rest_route=\/wp\/v2\/posts"}],"about":[{"href":"https:\/\/sanluisinforma.com\/index.php?rest_route=\/wp\/v2\/types\/post"}],"author":[{"embeddable":true,"href":"https:\/\/sanluisinforma.com\/index.php?rest_route=\/wp\/v2\/users\/2"}],"replies":[{"embeddable":true,"href":"https:\/\/sanluisinforma.com\/index.php?rest_route=%2Fwp%2Fv2%2Fcomments&post=10245"}],"version-history":[{"count":1,"href":"https:\/\/sanluisinforma.com\/index.php?rest_route=\/wp\/v2\/posts\/10245\/revisions"}],"predecessor-version":[{"id":10247,"href":"https:\/\/sanluisinforma.com\/index.php?rest_route=\/wp\/v2\/posts\/10245\/revisions\/10247"}],"wp:featuredmedia":[{"embeddable":true,"href":"https:\/\/sanluisinforma.com\/index.php?rest_route=\/wp\/v2\/media\/10246"}],"wp:attachment":[{"href":"https:\/\/sanluisinforma.com\/index.php?rest_route=%2Fwp%2Fv2%2Fmedia&parent=10245"}],"wp:term":[{"taxonomy":"category","embeddable":true,"href":"https:\/\/sanluisinforma.com\/index.php?rest_route=%2Fwp%2Fv2%2Fcategories&post=10245"},{"taxonomy":"post_tag","embeddable":true,"href":"https:\/\/sanluisinforma.com\/index.php?rest_route=%2Fwp%2Fv2%2Ftags&post=10245"}],"curies":[{"name":"wp","href":"https:\/\/api.w.org\/{rel}","templated":true}]}}