{"id":10262,"date":"2025-02-12T00:50:00","date_gmt":"2025-02-12T06:50:00","guid":{"rendered":"https:\/\/sanluisinforma.com\/?p=10262"},"modified":"2025-02-11T22:46:17","modified_gmt":"2025-02-12T04:46:17","slug":"tras-decadas-de-espera-las-julias-estrena-nueva-vialidad","status":"publish","type":"post","link":"https:\/\/sanluisinforma.com\/?p=10262","title":{"rendered":"Tras d\u00e9cadas de espera, Las Julias estrena nueva vialidad"},"content":{"rendered":"\n<ul class=\"wp-block-list\">\n<li>El Alcalde Enrique Galindo cumple el compromiso con los habitantes de la zona norte de la Capital, al entregar la calle Garza totalmente renovada con pavimento, drenaje y alumbrado.<\/li>\n<\/ul>\n\n\n\n<p><\/p>\n\n\n\n<p>Este martes, la colonia Las Julias se sum\u00f3 a la lista de zonas beneficiadas con calles y avenidas renovadas a trav\u00e9s del programa Vialidades Potosinas del Gobierno Municipal que encabeza el Alcalde Enrique Galindo Ceballos. En esta ocasi\u00f3n, el Presidente Municipal inaugur\u00f3 la calle Garza, una obra esperada por los vecinos durante tres d\u00e9cadas.<\/p>\n\n\n\n<p>Durante el evento, enmarcado en el programa Capital al 100, el Alcalde Enrique Galindo destac\u00f3 que esta obra es resultado del trabajo cercano con la ciudadan\u00eda: \u201cUstedes llevaban treinta a\u00f1os esperando esta calle, y hoy tenemos la oportunidad de entreg\u00e1rselas, para sacarlos del rezago\u201d, afirm\u00f3.<\/p>\n\n\n\n<p>El Director de Obras P\u00fablicas, Eustorgio Ch\u00e1vez, detall\u00f3 que los trabajos incluyeron la instalaci\u00f3n de drenaje sanitario, descargas sanitarias, red de agua potable con tomas domiciliarias, guarniciones, banquetas, rampas para personas con discapacidad, pasos peatonales, se\u00f1al\u00e9tica y una nueva losa de concreto en la superficie de rodamiento. Adem\u00e1s, se instalaron dos nuevas luminarias.<\/p>\n\n\n\n<p>Para complementar la regeneraci\u00f3n de la zona, Christian Azuara Azuara, Director de Servicios Municipales, inform\u00f3 que se realizaron acciones adicionales, como la limpieza y retiro de desechos en la calle Gorri\u00f3n, la rehabilitaci\u00f3n de un \u00e1rea verde en Sat\u00e9lite y Flamingos, y la revisi\u00f3n del alumbrado p\u00fablico para garantizar su buen funcionamiento.<\/p>\n","protected":false},"excerpt":{"rendered":"<p>Este martes, la colonia Las Julias se sum\u00f3 a la lista de zonas beneficiadas con calles y avenidas renovadas a<\/p>\n","protected":false},"author":2,"featured_media":10263,"comment_status":"closed","ping_status":"closed","sticky":false,"template":"","format":"standard","meta":{"footnotes":""},"categories":[25,30],"tags":[],"class_list":["post-10262","post","type-post","status-publish","format-standard","has-post-thumbnail","hentry","category-local","category-portada"],"yoast_head":"<!-- This site is optimized with the Yoast SEO plugin v24.1 - https:\/\/yoast.com\/wordpress\/plugins\/seo\/ -->\n<title>Tras d\u00e9cadas de espera, Las Julias estrena nueva vialidad - sanluisinforma.com<\/title>\n<meta name=\"robots\" content=\"index, follow, max-snippet:-1, max-image-preview:large, max-video-preview:-1\" \/>\n<link rel=\"canonical\" href=\"https:\/\/sanluisinforma.com\/?p=10262\" \/>\n<meta property=\"og:locale\" content=\"es_MX\" \/>\n<meta property=\"og:type\" content=\"article\" \/>\n<meta property=\"og:title\" content=\"Tras d\u00e9cadas de espera, Las Julias estrena nueva vialidad - sanluisinforma.com\" \/>\n<meta property=\"og:description\" content=\"Este martes, la colonia Las Julias se sum\u00f3 a la lista de zonas beneficiadas con calles y avenidas renovadas a\" \/>\n<meta property=\"og:url\" content=\"https:\/\/sanluisinforma.com\/?p=10262\" \/>\n<meta property=\"og:site_name\" content=\"sanluisinforma.com\" \/>\n<meta property=\"article:published_time\" content=\"2025-02-12T06:50:00+00:00\" \/>\n<meta property=\"article:modified_time\" content=\"2025-02-12T04:46:17+00:00\" \/>\n<meta property=\"og:image\" content=\"https:\/\/sanluisinforma.com\/wp-content\/uploads\/2025\/02\/74713c99-18b5-4528-bbd7-cd64e9b7527b.jpg\" \/>\n\t<meta property=\"og:image:width\" content=\"480\" \/>\n\t<meta property=\"og:image:height\" content=\"319\" \/>\n\t<meta property=\"og:image:type\" content=\"image\/jpeg\" \/>\n<meta name=\"author\" content=\"sanluisinforma.com\" \/>\n<meta name=\"twitter:card\" content=\"summary_large_image\" \/>\n<meta name=\"twitter:label1\" content=\"Escrito por\" \/>\n\t<meta name=\"twitter:data1\" content=\"sanluisinforma.com\" \/>\n\t<meta name=\"twitter:label2\" content=\"Tiempo de lectura\" \/>\n\t<meta name=\"twitter:data2\" content=\"2 minutos\" \/>\n<script type=\"application\/ld+json\" class=\"yoast-schema-graph\">{\"@context\":\"https:\/\/schema.org\",\"@graph\":[{\"@type\":\"Article\",\"@id\":\"https:\/\/sanluisinforma.com\/?p=10262#article\",\"isPartOf\":{\"@id\":\"https:\/\/sanluisinforma.com\/?p=10262\"},\"author\":{\"name\":\"sanluisinforma.com\",\"@id\":\"https:\/\/sanluisinforma.com\/#\/schema\/person\/c30648f71476be533b6f59d092905c8b\"},\"headline\":\"Tras d\u00e9cadas de espera, Las Julias estrena nueva vialidad\",\"datePublished\":\"2025-02-12T06:50:00+00:00\",\"dateModified\":\"2025-02-12T04:46:17+00:00\",\"mainEntityOfPage\":{\"@id\":\"https:\/\/sanluisinforma.com\/?p=10262\"},\"wordCount\":260,\"publisher\":{\"@id\":\"https:\/\/sanluisinforma.com\/#organization\"},\"image\":{\"@id\":\"https:\/\/sanluisinforma.com\/?p=10262#primaryimage\"},\"thumbnailUrl\":\"https:\/\/sanluisinforma.com\/wp-content\/uploads\/2025\/02\/74713c99-18b5-4528-bbd7-cd64e9b7527b.jpg\",\"articleSection\":[\"Local\",\"Portada\"],\"inLanguage\":\"es\"},{\"@type\":\"WebPage\",\"@id\":\"https:\/\/sanluisinforma.com\/?p=10262\",\"url\":\"https:\/\/sanluisinforma.com\/?p=10262\",\"name\":\"Tras d\u00e9cadas de espera, Las Julias estrena nueva vialidad - sanluisinforma.com\",\"isPartOf\":{\"@id\":\"https:\/\/sanluisinforma.com\/#website\"},\"primaryImageOfPage\":{\"@id\":\"https:\/\/sanluisinforma.com\/?p=10262#primaryimage\"},\"image\":{\"@id\":\"https:\/\/sanluisinforma.com\/?p=10262#primaryimage\"},\"thumbnailUrl\":\"https:\/\/sanluisinforma.com\/wp-content\/uploads\/2025\/02\/74713c99-18b5-4528-bbd7-cd64e9b7527b.jpg\",\"datePublished\":\"2025-02-12T06:50:00+00:00\",\"dateModified\":\"2025-02-12T04:46:17+00:00\",\"breadcrumb\":{\"@id\":\"https:\/\/sanluisinforma.com\/?p=10262#breadcrumb\"},\"inLanguage\":\"es\",\"potentialAction\":[{\"@type\":\"ReadAction\",\"target\":[\"https:\/\/sanluisinforma.com\/?p=10262\"]}]},{\"@type\":\"ImageObject\",\"inLanguage\":\"es\",\"@id\":\"https:\/\/sanluisinforma.com\/?p=10262#primaryimage\",\"url\":\"https:\/\/sanluisinforma.com\/wp-content\/uploads\/2025\/02\/74713c99-18b5-4528-bbd7-cd64e9b7527b.jpg\",\"contentUrl\":\"https:\/\/sanluisinforma.com\/wp-content\/uploads\/2025\/02\/74713c99-18b5-4528-bbd7-cd64e9b7527b.jpg\",\"width\":480,\"height\":319},{\"@type\":\"BreadcrumbList\",\"@id\":\"https:\/\/sanluisinforma.com\/?p=10262#breadcrumb\",\"itemListElement\":[{\"@type\":\"ListItem\",\"position\":1,\"name\":\"Inicio\",\"item\":\"https:\/\/sanluisinforma.com\/\"},{\"@type\":\"ListItem\",\"position\":2,\"name\":\"Tras d\u00e9cadas de espera, Las Julias estrena nueva vialidad\"}]},{\"@type\":\"WebSite\",\"@id\":\"https:\/\/sanluisinforma.com\/#website\",\"url\":\"https:\/\/sanluisinforma.com\/\",\"name\":\"sanluisinforma.com\",\"description\":\"Periodico San Luis Informa\",\"publisher\":{\"@id\":\"https:\/\/sanluisinforma.com\/#organization\"},\"potentialAction\":[{\"@type\":\"SearchAction\",\"target\":{\"@type\":\"EntryPoint\",\"urlTemplate\":\"https:\/\/sanluisinforma.com\/?s={search_term_string}\"},\"query-input\":{\"@type\":\"PropertyValueSpecification\",\"valueRequired\":true,\"valueName\":\"search_term_string\"}}],\"inLanguage\":\"es\"},{\"@type\":\"Organization\",\"@id\":\"https:\/\/sanluisinforma.com\/#organization\",\"name\":\"sanluisinforma.com\",\"url\":\"https:\/\/sanluisinforma.com\/\",\"logo\":{\"@type\":\"ImageObject\",\"inLanguage\":\"es\",\"@id\":\"https:\/\/sanluisinforma.com\/#\/schema\/logo\/image\/\",\"url\":\"https:\/\/sanluisinforma.com\/wp-content\/uploads\/2026\/03\/sanluisinforma-V.jpg\",\"contentUrl\":\"https:\/\/sanluisinforma.com\/wp-content\/uploads\/2026\/03\/sanluisinforma-V.jpg\",\"width\":500,\"height\":156,\"caption\":\"sanluisinforma.com\"},\"image\":{\"@id\":\"https:\/\/sanluisinforma.com\/#\/schema\/logo\/image\/\"}},{\"@type\":\"Person\",\"@id\":\"https:\/\/sanluisinforma.com\/#\/schema\/person\/c30648f71476be533b6f59d092905c8b\",\"name\":\"sanluisinforma.com\",\"image\":{\"@type\":\"ImageObject\",\"inLanguage\":\"es\",\"@id\":\"https:\/\/sanluisinforma.com\/#\/schema\/person\/image\/\",\"url\":\"https:\/\/secure.gravatar.com\/avatar\/86e3114e34a1eecefb963e0a02f0093f93b092dddb2fe1517596343751081a87?s=96&d=mm&r=g\",\"contentUrl\":\"https:\/\/secure.gravatar.com\/avatar\/86e3114e34a1eecefb963e0a02f0093f93b092dddb2fe1517596343751081a87?s=96&d=mm&r=g\",\"caption\":\"sanluisinforma.com\"},\"url\":\"https:\/\/sanluisinforma.com\/?author=2\"}]}<\/script>\n<!-- \/ Yoast SEO plugin. -->","yoast_head_json":{"title":"Tras d\u00e9cadas de espera, Las Julias estrena nueva vialidad - sanluisinforma.com","robots":{"index":"index","follow":"follow","max-snippet":"max-snippet:-1","max-image-preview":"max-image-preview:large","max-video-preview":"max-video-preview:-1"},"canonical":"https:\/\/sanluisinforma.com\/?p=10262","og_locale":"es_MX","og_type":"article","og_title":"Tras d\u00e9cadas de espera, Las Julias estrena nueva vialidad - sanluisinforma.com","og_description":"Este martes, la colonia Las Julias se sum\u00f3 a la lista de zonas beneficiadas con calles y avenidas renovadas a","og_url":"https:\/\/sanluisinforma.com\/?p=10262","og_site_name":"sanluisinforma.com","article_published_time":"2025-02-12T06:50:00+00:00","article_modified_time":"2025-02-12T04:46:17+00:00","og_image":[{"width":480,"height":319,"url":"https:\/\/sanluisinforma.com\/wp-content\/uploads\/2025\/02\/74713c99-18b5-4528-bbd7-cd64e9b7527b.jpg","type":"image\/jpeg"}],"author":"sanluisinforma.com","twitter_card":"summary_large_image","twitter_misc":{"Escrito por":"sanluisinforma.com","Tiempo de lectura":"2 minutos"},"schema":{"@context":"https:\/\/schema.org","@graph":[{"@type":"Article","@id":"https:\/\/sanluisinforma.com\/?p=10262#article","isPartOf":{"@id":"https:\/\/sanluisinforma.com\/?p=10262"},"author":{"name":"sanluisinforma.com","@id":"https:\/\/sanluisinforma.com\/#\/schema\/person\/c30648f71476be533b6f59d092905c8b"},"headline":"Tras d\u00e9cadas de espera, Las Julias estrena nueva vialidad","datePublished":"2025-02-12T06:50:00+00:00","dateModified":"2025-02-12T04:46:17+00:00","mainEntityOfPage":{"@id":"https:\/\/sanluisinforma.com\/?p=10262"},"wordCount":260,"publisher":{"@id":"https:\/\/sanluisinforma.com\/#organization"},"image":{"@id":"https:\/\/sanluisinforma.com\/?p=10262#primaryimage"},"thumbnailUrl":"https:\/\/sanluisinforma.com\/wp-content\/uploads\/2025\/02\/74713c99-18b5-4528-bbd7-cd64e9b7527b.jpg","articleSection":["Local","Portada"],"inLanguage":"es"},{"@type":"WebPage","@id":"https:\/\/sanluisinforma.com\/?p=10262","url":"https:\/\/sanluisinforma.com\/?p=10262","name":"Tras d\u00e9cadas de espera, Las Julias estrena nueva vialidad - sanluisinforma.com","isPartOf":{"@id":"https:\/\/sanluisinforma.com\/#website"},"primaryImageOfPage":{"@id":"https:\/\/sanluisinforma.com\/?p=10262#primaryimage"},"image":{"@id":"https:\/\/sanluisinforma.com\/?p=10262#primaryimage"},"thumbnailUrl":"https:\/\/sanluisinforma.com\/wp-content\/uploads\/2025\/02\/74713c99-18b5-4528-bbd7-cd64e9b7527b.jpg","datePublished":"2025-02-12T06:50:00+00:00","dateModified":"2025-02-12T04:46:17+00:00","breadcrumb":{"@id":"https:\/\/sanluisinforma.com\/?p=10262#breadcrumb"},"inLanguage":"es","potentialAction":[{"@type":"ReadAction","target":["https:\/\/sanluisinforma.com\/?p=10262"]}]},{"@type":"ImageObject","inLanguage":"es","@id":"https:\/\/sanluisinforma.com\/?p=10262#primaryimage","url":"https:\/\/sanluisinforma.com\/wp-content\/uploads\/2025\/02\/74713c99-18b5-4528-bbd7-cd64e9b7527b.jpg","contentUrl":"https:\/\/sanluisinforma.com\/wp-content\/uploads\/2025\/02\/74713c99-18b5-4528-bbd7-cd64e9b7527b.jpg","width":480,"height":319},{"@type":"BreadcrumbList","@id":"https:\/\/sanluisinforma.com\/?p=10262#breadcrumb","itemListElement":[{"@type":"ListItem","position":1,"name":"Inicio","item":"https:\/\/sanluisinforma.com\/"},{"@type":"ListItem","position":2,"name":"Tras d\u00e9cadas de espera, Las Julias estrena nueva vialidad"}]},{"@type":"WebSite","@id":"https:\/\/sanluisinforma.com\/#website","url":"https:\/\/sanluisinforma.com\/","name":"sanluisinforma.com","description":"Periodico San Luis Informa","publisher":{"@id":"https:\/\/sanluisinforma.com\/#organization"},"potentialAction":[{"@type":"SearchAction","target":{"@type":"EntryPoint","urlTemplate":"https:\/\/sanluisinforma.com\/?s={search_term_string}"},"query-input":{"@type":"PropertyValueSpecification","valueRequired":true,"valueName":"search_term_string"}}],"inLanguage":"es"},{"@type":"Organization","@id":"https:\/\/sanluisinforma.com\/#organization","name":"sanluisinforma.com","url":"https:\/\/sanluisinforma.com\/","logo":{"@type":"ImageObject","inLanguage":"es","@id":"https:\/\/sanluisinforma.com\/#\/schema\/logo\/image\/","url":"https:\/\/sanluisinforma.com\/wp-content\/uploads\/2026\/03\/sanluisinforma-V.jpg","contentUrl":"https:\/\/sanluisinforma.com\/wp-content\/uploads\/2026\/03\/sanluisinforma-V.jpg","width":500,"height":156,"caption":"sanluisinforma.com"},"image":{"@id":"https:\/\/sanluisinforma.com\/#\/schema\/logo\/image\/"}},{"@type":"Person","@id":"https:\/\/sanluisinforma.com\/#\/schema\/person\/c30648f71476be533b6f59d092905c8b","name":"sanluisinforma.com","image":{"@type":"ImageObject","inLanguage":"es","@id":"https:\/\/sanluisinforma.com\/#\/schema\/person\/image\/","url":"https:\/\/secure.gravatar.com\/avatar\/86e3114e34a1eecefb963e0a02f0093f93b092dddb2fe1517596343751081a87?s=96&d=mm&r=g","contentUrl":"https:\/\/secure.gravatar.com\/avatar\/86e3114e34a1eecefb963e0a02f0093f93b092dddb2fe1517596343751081a87?s=96&d=mm&r=g","caption":"sanluisinforma.com"},"url":"https:\/\/sanluisinforma.com\/?author=2"}]}},"_links":{"self":[{"href":"https:\/\/sanluisinforma.com\/index.php?rest_route=\/wp\/v2\/posts\/10262","targetHints":{"allow":["GET"]}}],"collection":[{"href":"https:\/\/sanluisinforma.com\/index.php?rest_route=\/wp\/v2\/posts"}],"about":[{"href":"https:\/\/sanluisinforma.com\/index.php?rest_route=\/wp\/v2\/types\/post"}],"author":[{"embeddable":true,"href":"https:\/\/sanluisinforma.com\/index.php?rest_route=\/wp\/v2\/users\/2"}],"replies":[{"embeddable":true,"href":"https:\/\/sanluisinforma.com\/index.php?rest_route=%2Fwp%2Fv2%2Fcomments&post=10262"}],"version-history":[{"count":1,"href":"https:\/\/sanluisinforma.com\/index.php?rest_route=\/wp\/v2\/posts\/10262\/revisions"}],"predecessor-version":[{"id":10264,"href":"https:\/\/sanluisinforma.com\/index.php?rest_route=\/wp\/v2\/posts\/10262\/revisions\/10264"}],"wp:featuredmedia":[{"embeddable":true,"href":"https:\/\/sanluisinforma.com\/index.php?rest_route=\/wp\/v2\/media\/10263"}],"wp:attachment":[{"href":"https:\/\/sanluisinforma.com\/index.php?rest_route=%2Fwp%2Fv2%2Fmedia&parent=10262"}],"wp:term":[{"taxonomy":"category","embeddable":true,"href":"https:\/\/sanluisinforma.com\/index.php?rest_route=%2Fwp%2Fv2%2Fcategories&post=10262"},{"taxonomy":"post_tag","embeddable":true,"href":"https:\/\/sanluisinforma.com\/index.php?rest_route=%2Fwp%2Fv2%2Ftags&post=10262"}],"curies":[{"name":"wp","href":"https:\/\/api.w.org\/{rel}","templated":true}]}}