{"id":10266,"date":"2025-02-12T00:45:00","date_gmt":"2025-02-12T06:45:00","guid":{"rendered":"https:\/\/sanluisinforma.com\/?p=10266"},"modified":"2025-02-11T23:12:50","modified_gmt":"2025-02-12T05:12:50","slug":"gracias-a-reporte-a-guicho-gobierno-de-la-capital-repara-alumbrado-en-el-jardin-de-tequis","status":"publish","type":"post","link":"https:\/\/sanluisinforma.com\/?p=10266","title":{"rendered":"Gracias a reporte a G\u00fcicho, Gobierno de la Capital repara alumbrado en el Jard\u00edn de Tequis"},"content":{"rendered":"\n<ul class=\"wp-block-list\">\n<li>Derivado de un reporte a la plataforma de atenci\u00f3n a trav\u00e9s de WhatsApp, cuadrillas de Alumbrado P\u00fablico Municipal atendieron y resolvieron esta situaci\u00f3n.<\/li>\n<\/ul>\n\n\n\n<p><\/p>\n\n\n\n<p>Derivado de un reporte de la ciudadan\u00eda a la plataforma de atenci\u00f3n a la poblaci\u00f3n \u201cG\u00fcicho\u201d, en donde se explic\u00f3 que un sector del Jard\u00edn de Tequis se encontraba sin iluminaci\u00f3n, una cuadrilla de personal de Alumbrado P\u00fablico Municipal, dependiente de la Direcci\u00f3n de Servicios Municipales, atendi\u00f3 de manera inmediata la falla que se ten\u00eda en esta parte tradicional de la Capital Potosina.<\/p>\n\n\n\n<p>El personal de Alumbrado P\u00fablico Municipal al acudir al lugar se dio cuenta que parte del Jard\u00edn de Tequis se encontraba apagado, en el per\u00edmetro que abarca a la parte la calle de Mariano Otero, por lo que se realiz\u00f3 una revisi\u00f3n.<\/p>\n\n\n\n<p>Los t\u00e9cnicos al revisar el sistema de encendido y l\u00edneas de alimentaci\u00f3n el\u00e9ctrica detectaron que presentaba faltantes de tramos de cable, que se presume fueron robados, as\u00ed como otros cortes en diferentes lugares, lo cual imped\u00eda un buen funcionamiento del alumbrado.<\/p>\n\n\n\n<p>Debido a lo anterior se hizo la reparaci\u00f3n correspondiente, se repuso la l\u00ednea de cable y se repararon los cortes que ten\u00eda, tambi\u00e9n se revis\u00f3 todo el sistema de encendido as\u00ed como las luminarias de todo el jard\u00edn para garantizar que todos se encuentren en buen funcionamiento.<\/p>\n\n\n\n<p>El Gobierno de la Capital invita a la ciudadan\u00eda a seguir utilizando la plataforma de atenci\u00f3n G\u00fcicho para reportar fallas en alumbrado p\u00fablico y bacheo. A trav\u00e9s de WhatsApp, en el n\u00famero 444 165 3081, se pueden enviar solicitudes para que las cuadrillas atiendan los reportes de manera oportuna.<\/p>\n","protected":false},"excerpt":{"rendered":"<p>Derivado de un reporte de la ciudadan\u00eda a la plataforma de atenci\u00f3n a la poblaci\u00f3n \u201cG\u00fcicho\u201d, en donde se explic\u00f3<\/p>\n","protected":false},"author":2,"featured_media":10267,"comment_status":"closed","ping_status":"closed","sticky":false,"template":"","format":"standard","meta":{"footnotes":""},"categories":[30],"tags":[],"class_list":["post-10266","post","type-post","status-publish","format-standard","has-post-thumbnail","hentry","category-portada"],"yoast_head":"<!-- This site is optimized with the Yoast SEO plugin v24.1 - https:\/\/yoast.com\/wordpress\/plugins\/seo\/ -->\n<title>Gracias a reporte a G\u00fcicho, Gobierno de la Capital repara alumbrado en el Jard\u00edn de Tequis - sanluisinforma.com<\/title>\n<meta name=\"robots\" content=\"index, follow, max-snippet:-1, max-image-preview:large, max-video-preview:-1\" \/>\n<link rel=\"canonical\" href=\"https:\/\/sanluisinforma.com\/?p=10266\" \/>\n<meta property=\"og:locale\" content=\"es_MX\" \/>\n<meta property=\"og:type\" content=\"article\" \/>\n<meta property=\"og:title\" content=\"Gracias a reporte a G\u00fcicho, Gobierno de la Capital repara alumbrado en el Jard\u00edn de Tequis - sanluisinforma.com\" \/>\n<meta property=\"og:description\" content=\"Derivado de un reporte de la ciudadan\u00eda a la plataforma de atenci\u00f3n a la poblaci\u00f3n \u201cG\u00fcicho\u201d, en donde se explic\u00f3\" \/>\n<meta property=\"og:url\" content=\"https:\/\/sanluisinforma.com\/?p=10266\" \/>\n<meta property=\"og:site_name\" content=\"sanluisinforma.com\" \/>\n<meta property=\"article:published_time\" content=\"2025-02-12T06:45:00+00:00\" \/>\n<meta property=\"article:modified_time\" content=\"2025-02-12T05:12:50+00:00\" \/>\n<meta property=\"og:image\" content=\"https:\/\/sanluisinforma.com\/wp-content\/uploads\/2025\/02\/8004b0e8-8336-420b-87f8-f934159570d4.jpg\" \/>\n\t<meta property=\"og:image:width\" content=\"480\" \/>\n\t<meta property=\"og:image:height\" content=\"640\" \/>\n\t<meta property=\"og:image:type\" content=\"image\/jpeg\" \/>\n<meta name=\"author\" content=\"sanluisinforma.com\" \/>\n<meta name=\"twitter:card\" content=\"summary_large_image\" \/>\n<meta name=\"twitter:label1\" content=\"Escrito por\" \/>\n\t<meta name=\"twitter:data1\" content=\"sanluisinforma.com\" \/>\n\t<meta name=\"twitter:label2\" content=\"Tiempo de lectura\" \/>\n\t<meta name=\"twitter:data2\" content=\"2 minutos\" \/>\n<script type=\"application\/ld+json\" class=\"yoast-schema-graph\">{\"@context\":\"https:\/\/schema.org\",\"@graph\":[{\"@type\":\"Article\",\"@id\":\"https:\/\/sanluisinforma.com\/?p=10266#article\",\"isPartOf\":{\"@id\":\"https:\/\/sanluisinforma.com\/?p=10266\"},\"author\":{\"name\":\"sanluisinforma.com\",\"@id\":\"https:\/\/sanluisinforma.com\/#\/schema\/person\/c30648f71476be533b6f59d092905c8b\"},\"headline\":\"Gracias a reporte a G\u00fcicho, Gobierno de la Capital repara alumbrado en el Jard\u00edn de Tequis\",\"datePublished\":\"2025-02-12T06:45:00+00:00\",\"dateModified\":\"2025-02-12T05:12:50+00:00\",\"mainEntityOfPage\":{\"@id\":\"https:\/\/sanluisinforma.com\/?p=10266\"},\"wordCount\":313,\"publisher\":{\"@id\":\"https:\/\/sanluisinforma.com\/#organization\"},\"image\":{\"@id\":\"https:\/\/sanluisinforma.com\/?p=10266#primaryimage\"},\"thumbnailUrl\":\"https:\/\/sanluisinforma.com\/wp-content\/uploads\/2025\/02\/8004b0e8-8336-420b-87f8-f934159570d4.jpg\",\"articleSection\":[\"Portada\"],\"inLanguage\":\"es\"},{\"@type\":\"WebPage\",\"@id\":\"https:\/\/sanluisinforma.com\/?p=10266\",\"url\":\"https:\/\/sanluisinforma.com\/?p=10266\",\"name\":\"Gracias a reporte a G\u00fcicho, Gobierno de la Capital repara alumbrado en el Jard\u00edn de Tequis - sanluisinforma.com\",\"isPartOf\":{\"@id\":\"https:\/\/sanluisinforma.com\/#website\"},\"primaryImageOfPage\":{\"@id\":\"https:\/\/sanluisinforma.com\/?p=10266#primaryimage\"},\"image\":{\"@id\":\"https:\/\/sanluisinforma.com\/?p=10266#primaryimage\"},\"thumbnailUrl\":\"https:\/\/sanluisinforma.com\/wp-content\/uploads\/2025\/02\/8004b0e8-8336-420b-87f8-f934159570d4.jpg\",\"datePublished\":\"2025-02-12T06:45:00+00:00\",\"dateModified\":\"2025-02-12T05:12:50+00:00\",\"breadcrumb\":{\"@id\":\"https:\/\/sanluisinforma.com\/?p=10266#breadcrumb\"},\"inLanguage\":\"es\",\"potentialAction\":[{\"@type\":\"ReadAction\",\"target\":[\"https:\/\/sanluisinforma.com\/?p=10266\"]}]},{\"@type\":\"ImageObject\",\"inLanguage\":\"es\",\"@id\":\"https:\/\/sanluisinforma.com\/?p=10266#primaryimage\",\"url\":\"https:\/\/sanluisinforma.com\/wp-content\/uploads\/2025\/02\/8004b0e8-8336-420b-87f8-f934159570d4.jpg\",\"contentUrl\":\"https:\/\/sanluisinforma.com\/wp-content\/uploads\/2025\/02\/8004b0e8-8336-420b-87f8-f934159570d4.jpg\",\"width\":480,\"height\":640},{\"@type\":\"BreadcrumbList\",\"@id\":\"https:\/\/sanluisinforma.com\/?p=10266#breadcrumb\",\"itemListElement\":[{\"@type\":\"ListItem\",\"position\":1,\"name\":\"Inicio\",\"item\":\"https:\/\/sanluisinforma.com\/\"},{\"@type\":\"ListItem\",\"position\":2,\"name\":\"Gracias a reporte a G\u00fcicho, Gobierno de la Capital repara alumbrado en el Jard\u00edn de Tequis\"}]},{\"@type\":\"WebSite\",\"@id\":\"https:\/\/sanluisinforma.com\/#website\",\"url\":\"https:\/\/sanluisinforma.com\/\",\"name\":\"sanluisinforma.com\",\"description\":\"Periodico San Luis Informa\",\"publisher\":{\"@id\":\"https:\/\/sanluisinforma.com\/#organization\"},\"potentialAction\":[{\"@type\":\"SearchAction\",\"target\":{\"@type\":\"EntryPoint\",\"urlTemplate\":\"https:\/\/sanluisinforma.com\/?s={search_term_string}\"},\"query-input\":{\"@type\":\"PropertyValueSpecification\",\"valueRequired\":true,\"valueName\":\"search_term_string\"}}],\"inLanguage\":\"es\"},{\"@type\":\"Organization\",\"@id\":\"https:\/\/sanluisinforma.com\/#organization\",\"name\":\"sanluisinforma.com\",\"url\":\"https:\/\/sanluisinforma.com\/\",\"logo\":{\"@type\":\"ImageObject\",\"inLanguage\":\"es\",\"@id\":\"https:\/\/sanluisinforma.com\/#\/schema\/logo\/image\/\",\"url\":\"https:\/\/sanluisinforma.com\/wp-content\/uploads\/2026\/03\/sanluisinforma-V.jpg\",\"contentUrl\":\"https:\/\/sanluisinforma.com\/wp-content\/uploads\/2026\/03\/sanluisinforma-V.jpg\",\"width\":500,\"height\":156,\"caption\":\"sanluisinforma.com\"},\"image\":{\"@id\":\"https:\/\/sanluisinforma.com\/#\/schema\/logo\/image\/\"}},{\"@type\":\"Person\",\"@id\":\"https:\/\/sanluisinforma.com\/#\/schema\/person\/c30648f71476be533b6f59d092905c8b\",\"name\":\"sanluisinforma.com\",\"image\":{\"@type\":\"ImageObject\",\"inLanguage\":\"es\",\"@id\":\"https:\/\/sanluisinforma.com\/#\/schema\/person\/image\/\",\"url\":\"https:\/\/secure.gravatar.com\/avatar\/86e3114e34a1eecefb963e0a02f0093f93b092dddb2fe1517596343751081a87?s=96&d=mm&r=g\",\"contentUrl\":\"https:\/\/secure.gravatar.com\/avatar\/86e3114e34a1eecefb963e0a02f0093f93b092dddb2fe1517596343751081a87?s=96&d=mm&r=g\",\"caption\":\"sanluisinforma.com\"},\"url\":\"https:\/\/sanluisinforma.com\/?author=2\"}]}<\/script>\n<!-- \/ Yoast SEO plugin. -->","yoast_head_json":{"title":"Gracias a reporte a G\u00fcicho, Gobierno de la Capital repara alumbrado en el Jard\u00edn de Tequis - sanluisinforma.com","robots":{"index":"index","follow":"follow","max-snippet":"max-snippet:-1","max-image-preview":"max-image-preview:large","max-video-preview":"max-video-preview:-1"},"canonical":"https:\/\/sanluisinforma.com\/?p=10266","og_locale":"es_MX","og_type":"article","og_title":"Gracias a reporte a G\u00fcicho, Gobierno de la Capital repara alumbrado en el Jard\u00edn de Tequis - sanluisinforma.com","og_description":"Derivado de un reporte de la ciudadan\u00eda a la plataforma de atenci\u00f3n a la poblaci\u00f3n \u201cG\u00fcicho\u201d, en donde se explic\u00f3","og_url":"https:\/\/sanluisinforma.com\/?p=10266","og_site_name":"sanluisinforma.com","article_published_time":"2025-02-12T06:45:00+00:00","article_modified_time":"2025-02-12T05:12:50+00:00","og_image":[{"width":480,"height":640,"url":"https:\/\/sanluisinforma.com\/wp-content\/uploads\/2025\/02\/8004b0e8-8336-420b-87f8-f934159570d4.jpg","type":"image\/jpeg"}],"author":"sanluisinforma.com","twitter_card":"summary_large_image","twitter_misc":{"Escrito por":"sanluisinforma.com","Tiempo de lectura":"2 minutos"},"schema":{"@context":"https:\/\/schema.org","@graph":[{"@type":"Article","@id":"https:\/\/sanluisinforma.com\/?p=10266#article","isPartOf":{"@id":"https:\/\/sanluisinforma.com\/?p=10266"},"author":{"name":"sanluisinforma.com","@id":"https:\/\/sanluisinforma.com\/#\/schema\/person\/c30648f71476be533b6f59d092905c8b"},"headline":"Gracias a reporte a G\u00fcicho, Gobierno de la Capital repara alumbrado en el Jard\u00edn de Tequis","datePublished":"2025-02-12T06:45:00+00:00","dateModified":"2025-02-12T05:12:50+00:00","mainEntityOfPage":{"@id":"https:\/\/sanluisinforma.com\/?p=10266"},"wordCount":313,"publisher":{"@id":"https:\/\/sanluisinforma.com\/#organization"},"image":{"@id":"https:\/\/sanluisinforma.com\/?p=10266#primaryimage"},"thumbnailUrl":"https:\/\/sanluisinforma.com\/wp-content\/uploads\/2025\/02\/8004b0e8-8336-420b-87f8-f934159570d4.jpg","articleSection":["Portada"],"inLanguage":"es"},{"@type":"WebPage","@id":"https:\/\/sanluisinforma.com\/?p=10266","url":"https:\/\/sanluisinforma.com\/?p=10266","name":"Gracias a reporte a G\u00fcicho, Gobierno de la Capital repara alumbrado en el Jard\u00edn de Tequis - sanluisinforma.com","isPartOf":{"@id":"https:\/\/sanluisinforma.com\/#website"},"primaryImageOfPage":{"@id":"https:\/\/sanluisinforma.com\/?p=10266#primaryimage"},"image":{"@id":"https:\/\/sanluisinforma.com\/?p=10266#primaryimage"},"thumbnailUrl":"https:\/\/sanluisinforma.com\/wp-content\/uploads\/2025\/02\/8004b0e8-8336-420b-87f8-f934159570d4.jpg","datePublished":"2025-02-12T06:45:00+00:00","dateModified":"2025-02-12T05:12:50+00:00","breadcrumb":{"@id":"https:\/\/sanluisinforma.com\/?p=10266#breadcrumb"},"inLanguage":"es","potentialAction":[{"@type":"ReadAction","target":["https:\/\/sanluisinforma.com\/?p=10266"]}]},{"@type":"ImageObject","inLanguage":"es","@id":"https:\/\/sanluisinforma.com\/?p=10266#primaryimage","url":"https:\/\/sanluisinforma.com\/wp-content\/uploads\/2025\/02\/8004b0e8-8336-420b-87f8-f934159570d4.jpg","contentUrl":"https:\/\/sanluisinforma.com\/wp-content\/uploads\/2025\/02\/8004b0e8-8336-420b-87f8-f934159570d4.jpg","width":480,"height":640},{"@type":"BreadcrumbList","@id":"https:\/\/sanluisinforma.com\/?p=10266#breadcrumb","itemListElement":[{"@type":"ListItem","position":1,"name":"Inicio","item":"https:\/\/sanluisinforma.com\/"},{"@type":"ListItem","position":2,"name":"Gracias a reporte a G\u00fcicho, Gobierno de la Capital repara alumbrado en el Jard\u00edn de Tequis"}]},{"@type":"WebSite","@id":"https:\/\/sanluisinforma.com\/#website","url":"https:\/\/sanluisinforma.com\/","name":"sanluisinforma.com","description":"Periodico San Luis Informa","publisher":{"@id":"https:\/\/sanluisinforma.com\/#organization"},"potentialAction":[{"@type":"SearchAction","target":{"@type":"EntryPoint","urlTemplate":"https:\/\/sanluisinforma.com\/?s={search_term_string}"},"query-input":{"@type":"PropertyValueSpecification","valueRequired":true,"valueName":"search_term_string"}}],"inLanguage":"es"},{"@type":"Organization","@id":"https:\/\/sanluisinforma.com\/#organization","name":"sanluisinforma.com","url":"https:\/\/sanluisinforma.com\/","logo":{"@type":"ImageObject","inLanguage":"es","@id":"https:\/\/sanluisinforma.com\/#\/schema\/logo\/image\/","url":"https:\/\/sanluisinforma.com\/wp-content\/uploads\/2026\/03\/sanluisinforma-V.jpg","contentUrl":"https:\/\/sanluisinforma.com\/wp-content\/uploads\/2026\/03\/sanluisinforma-V.jpg","width":500,"height":156,"caption":"sanluisinforma.com"},"image":{"@id":"https:\/\/sanluisinforma.com\/#\/schema\/logo\/image\/"}},{"@type":"Person","@id":"https:\/\/sanluisinforma.com\/#\/schema\/person\/c30648f71476be533b6f59d092905c8b","name":"sanluisinforma.com","image":{"@type":"ImageObject","inLanguage":"es","@id":"https:\/\/sanluisinforma.com\/#\/schema\/person\/image\/","url":"https:\/\/secure.gravatar.com\/avatar\/86e3114e34a1eecefb963e0a02f0093f93b092dddb2fe1517596343751081a87?s=96&d=mm&r=g","contentUrl":"https:\/\/secure.gravatar.com\/avatar\/86e3114e34a1eecefb963e0a02f0093f93b092dddb2fe1517596343751081a87?s=96&d=mm&r=g","caption":"sanluisinforma.com"},"url":"https:\/\/sanluisinforma.com\/?author=2"}]}},"_links":{"self":[{"href":"https:\/\/sanluisinforma.com\/index.php?rest_route=\/wp\/v2\/posts\/10266","targetHints":{"allow":["GET"]}}],"collection":[{"href":"https:\/\/sanluisinforma.com\/index.php?rest_route=\/wp\/v2\/posts"}],"about":[{"href":"https:\/\/sanluisinforma.com\/index.php?rest_route=\/wp\/v2\/types\/post"}],"author":[{"embeddable":true,"href":"https:\/\/sanluisinforma.com\/index.php?rest_route=\/wp\/v2\/users\/2"}],"replies":[{"embeddable":true,"href":"https:\/\/sanluisinforma.com\/index.php?rest_route=%2Fwp%2Fv2%2Fcomments&post=10266"}],"version-history":[{"count":1,"href":"https:\/\/sanluisinforma.com\/index.php?rest_route=\/wp\/v2\/posts\/10266\/revisions"}],"predecessor-version":[{"id":10268,"href":"https:\/\/sanluisinforma.com\/index.php?rest_route=\/wp\/v2\/posts\/10266\/revisions\/10268"}],"wp:featuredmedia":[{"embeddable":true,"href":"https:\/\/sanluisinforma.com\/index.php?rest_route=\/wp\/v2\/media\/10267"}],"wp:attachment":[{"href":"https:\/\/sanluisinforma.com\/index.php?rest_route=%2Fwp%2Fv2%2Fmedia&parent=10266"}],"wp:term":[{"taxonomy":"category","embeddable":true,"href":"https:\/\/sanluisinforma.com\/index.php?rest_route=%2Fwp%2Fv2%2Fcategories&post=10266"},{"taxonomy":"post_tag","embeddable":true,"href":"https:\/\/sanluisinforma.com\/index.php?rest_route=%2Fwp%2Fv2%2Ftags&post=10266"}],"curies":[{"name":"wp","href":"https:\/\/api.w.org\/{rel}","templated":true}]}}