{"id":10367,"date":"2025-02-13T00:50:00","date_gmt":"2025-02-13T06:50:00","guid":{"rendered":"https:\/\/sanluisinforma.com\/?p=10367"},"modified":"2025-02-12T21:58:00","modified_gmt":"2025-02-13T03:58:00","slug":"gobierno-de-la-capital-al-rescate-de-la-canada-del-lobo","status":"publish","type":"post","link":"https:\/\/sanluisinforma.com\/?p=10367","title":{"rendered":"Gobierno de la Capital, al rescate de la Ca\u00f1ada del Lobo"},"content":{"rendered":"\n<p>El Alcalde Enrique Galindo entreg\u00f3 la rehabilitaci\u00f3n del Camino a la Ca\u00f1ada del Lobo, donde anunci\u00f3 m\u00e1s obras y acciones para una gran cruzada ecol\u00f3gica en esta zona emblem\u00e1tica de la ciudad.<\/p>\n\n\n\n<p>El Alcalde de San Luis Potos\u00ed, Enrique Galindo Ceballos, entreg\u00f3 la rehabilitaci\u00f3n total del acceso a la Ca\u00f1ada del Lobo, ahora pavimentado, iluminado y seguro. Durante el evento, anunci\u00f3 una gran cruzada ecol\u00f3gica para rescatar integralmente el entorno de la primera infraestructura h\u00eddrica de la ciudad y afirm\u00f3 que no habr\u00e1 obst\u00e1culos legales que impidan al Gobierno de la Capital realizar m\u00e1s obras en la comunidad de San Juan de Guadalupe.<\/p>\n\n\n\n<p>Acompa\u00f1ado por vecinos, miembros del Cabildo, integrantes del Gabinete y trabajadores del Ayuntamiento, el Alcalde encabez\u00f3 la edici\u00f3n 167 del programa Capital al 100, en la que inaugur\u00f3 la rehabilitaci\u00f3n del Camino a Ca\u00f1ada del Lobo, desde el bulevar Rocha Cordero hasta la calle Arquitos. Adem\u00e1s, gir\u00f3 instrucciones para extender las obras hasta la presa y recuperar por completo este emblem\u00e1tico paseo potosino.<\/p>\n\n\n\n<p>El Presidente Municipal Enrique Galindo destac\u00f3 que esta obra forma parte del programa Vialidades Potosinas, con el cual se moderniza la infraestructura vial en la ciudad, incluso en zonas donde gobiernos anteriores se negaban a intervenir por cuestiones jur\u00eddicas. Subray\u00f3 que la rehabilitaci\u00f3n de esta vialidad mejora la conectividad y la calidad de vida de los habitantes.<\/p>\n\n\n\n<p><\/p>\n\n\n\n<p>Por su parte, el Director de Obras P\u00fablicas, Eustorgio Ch\u00e1vez, inform\u00f3 que se pavimentaron 3,600 metros cuadrados y se realizaron trabajos complementarios para garantizar la durabilidad de la v\u00eda. Entre las mejoras se incluyen la renovaci\u00f3n de la red de drenaje, agua potable, guarniciones, banquetas, rampas para personas con discapacidad, pasos peatonales y se\u00f1al\u00e9tica, fortaleciendo as\u00ed la seguridad y movilidad en la zona.<\/p>\n\n\n\n<ul class=\"wp-block-list\">\n<li><\/li>\n<\/ul>\n\n\n\n<p><\/p>\n","protected":false},"excerpt":{"rendered":"<p>El Alcalde Enrique Galindo entreg\u00f3 la rehabilitaci\u00f3n del Camino a la Ca\u00f1ada del Lobo, donde anunci\u00f3 m\u00e1s obras y acciones<\/p>\n","protected":false},"author":2,"featured_media":10368,"comment_status":"closed","ping_status":"closed","sticky":false,"template":"","format":"standard","meta":{"footnotes":""},"categories":[25,30],"tags":[],"class_list":["post-10367","post","type-post","status-publish","format-standard","has-post-thumbnail","hentry","category-local","category-portada"],"yoast_head":"<!-- This site is optimized with the Yoast SEO plugin v24.1 - https:\/\/yoast.com\/wordpress\/plugins\/seo\/ -->\n<title>Gobierno de la Capital, al rescate de la Ca\u00f1ada del Lobo - sanluisinforma.com<\/title>\n<meta name=\"robots\" content=\"index, follow, max-snippet:-1, max-image-preview:large, max-video-preview:-1\" \/>\n<link rel=\"canonical\" href=\"https:\/\/sanluisinforma.com\/?p=10367\" \/>\n<meta property=\"og:locale\" content=\"es_MX\" \/>\n<meta property=\"og:type\" content=\"article\" \/>\n<meta property=\"og:title\" content=\"Gobierno de la Capital, al rescate de la Ca\u00f1ada del Lobo - sanluisinforma.com\" \/>\n<meta property=\"og:description\" content=\"El Alcalde Enrique Galindo entreg\u00f3 la rehabilitaci\u00f3n del Camino a la Ca\u00f1ada del Lobo, donde anunci\u00f3 m\u00e1s obras y acciones\" \/>\n<meta property=\"og:url\" content=\"https:\/\/sanluisinforma.com\/?p=10367\" \/>\n<meta property=\"og:site_name\" content=\"sanluisinforma.com\" \/>\n<meta property=\"article:published_time\" content=\"2025-02-13T06:50:00+00:00\" \/>\n<meta property=\"article:modified_time\" content=\"2025-02-13T03:58:00+00:00\" \/>\n<meta property=\"og:image\" content=\"https:\/\/sanluisinforma.com\/wp-content\/uploads\/2025\/02\/3c9f334f-761f-4827-87b4-5c3e5c1e2973.jpg\" \/>\n\t<meta property=\"og:image:width\" content=\"480\" \/>\n\t<meta property=\"og:image:height\" content=\"319\" \/>\n\t<meta property=\"og:image:type\" content=\"image\/jpeg\" \/>\n<meta name=\"author\" content=\"sanluisinforma.com\" \/>\n<meta name=\"twitter:card\" content=\"summary_large_image\" \/>\n<meta name=\"twitter:label1\" content=\"Escrito por\" \/>\n\t<meta name=\"twitter:data1\" content=\"sanluisinforma.com\" \/>\n\t<meta name=\"twitter:label2\" content=\"Tiempo de lectura\" \/>\n\t<meta name=\"twitter:data2\" content=\"2 minutos\" \/>\n<script type=\"application\/ld+json\" class=\"yoast-schema-graph\">{\"@context\":\"https:\/\/schema.org\",\"@graph\":[{\"@type\":\"Article\",\"@id\":\"https:\/\/sanluisinforma.com\/?p=10367#article\",\"isPartOf\":{\"@id\":\"https:\/\/sanluisinforma.com\/?p=10367\"},\"author\":{\"name\":\"sanluisinforma.com\",\"@id\":\"https:\/\/sanluisinforma.com\/#\/schema\/person\/c30648f71476be533b6f59d092905c8b\"},\"headline\":\"Gobierno de la Capital, al rescate de la Ca\u00f1ada del Lobo\",\"datePublished\":\"2025-02-13T06:50:00+00:00\",\"dateModified\":\"2025-02-13T03:58:00+00:00\",\"mainEntityOfPage\":{\"@id\":\"https:\/\/sanluisinforma.com\/?p=10367\"},\"wordCount\":320,\"publisher\":{\"@id\":\"https:\/\/sanluisinforma.com\/#organization\"},\"image\":{\"@id\":\"https:\/\/sanluisinforma.com\/?p=10367#primaryimage\"},\"thumbnailUrl\":\"https:\/\/sanluisinforma.com\/wp-content\/uploads\/2025\/02\/3c9f334f-761f-4827-87b4-5c3e5c1e2973.jpg\",\"articleSection\":[\"Local\",\"Portada\"],\"inLanguage\":\"es\"},{\"@type\":\"WebPage\",\"@id\":\"https:\/\/sanluisinforma.com\/?p=10367\",\"url\":\"https:\/\/sanluisinforma.com\/?p=10367\",\"name\":\"Gobierno de la Capital, al rescate de la Ca\u00f1ada del Lobo - sanluisinforma.com\",\"isPartOf\":{\"@id\":\"https:\/\/sanluisinforma.com\/#website\"},\"primaryImageOfPage\":{\"@id\":\"https:\/\/sanluisinforma.com\/?p=10367#primaryimage\"},\"image\":{\"@id\":\"https:\/\/sanluisinforma.com\/?p=10367#primaryimage\"},\"thumbnailUrl\":\"https:\/\/sanluisinforma.com\/wp-content\/uploads\/2025\/02\/3c9f334f-761f-4827-87b4-5c3e5c1e2973.jpg\",\"datePublished\":\"2025-02-13T06:50:00+00:00\",\"dateModified\":\"2025-02-13T03:58:00+00:00\",\"breadcrumb\":{\"@id\":\"https:\/\/sanluisinforma.com\/?p=10367#breadcrumb\"},\"inLanguage\":\"es\",\"potentialAction\":[{\"@type\":\"ReadAction\",\"target\":[\"https:\/\/sanluisinforma.com\/?p=10367\"]}]},{\"@type\":\"ImageObject\",\"inLanguage\":\"es\",\"@id\":\"https:\/\/sanluisinforma.com\/?p=10367#primaryimage\",\"url\":\"https:\/\/sanluisinforma.com\/wp-content\/uploads\/2025\/02\/3c9f334f-761f-4827-87b4-5c3e5c1e2973.jpg\",\"contentUrl\":\"https:\/\/sanluisinforma.com\/wp-content\/uploads\/2025\/02\/3c9f334f-761f-4827-87b4-5c3e5c1e2973.jpg\",\"width\":480,\"height\":319},{\"@type\":\"BreadcrumbList\",\"@id\":\"https:\/\/sanluisinforma.com\/?p=10367#breadcrumb\",\"itemListElement\":[{\"@type\":\"ListItem\",\"position\":1,\"name\":\"Inicio\",\"item\":\"https:\/\/sanluisinforma.com\/\"},{\"@type\":\"ListItem\",\"position\":2,\"name\":\"Gobierno de la Capital, al rescate de la Ca\u00f1ada del Lobo\"}]},{\"@type\":\"WebSite\",\"@id\":\"https:\/\/sanluisinforma.com\/#website\",\"url\":\"https:\/\/sanluisinforma.com\/\",\"name\":\"sanluisinforma.com\",\"description\":\"Periodico San Luis Informa\",\"publisher\":{\"@id\":\"https:\/\/sanluisinforma.com\/#organization\"},\"potentialAction\":[{\"@type\":\"SearchAction\",\"target\":{\"@type\":\"EntryPoint\",\"urlTemplate\":\"https:\/\/sanluisinforma.com\/?s={search_term_string}\"},\"query-input\":{\"@type\":\"PropertyValueSpecification\",\"valueRequired\":true,\"valueName\":\"search_term_string\"}}],\"inLanguage\":\"es\"},{\"@type\":\"Organization\",\"@id\":\"https:\/\/sanluisinforma.com\/#organization\",\"name\":\"sanluisinforma.com\",\"url\":\"https:\/\/sanluisinforma.com\/\",\"logo\":{\"@type\":\"ImageObject\",\"inLanguage\":\"es\",\"@id\":\"https:\/\/sanluisinforma.com\/#\/schema\/logo\/image\/\",\"url\":\"https:\/\/sanluisinforma.com\/wp-content\/uploads\/2026\/03\/sanluisinforma-V.jpg\",\"contentUrl\":\"https:\/\/sanluisinforma.com\/wp-content\/uploads\/2026\/03\/sanluisinforma-V.jpg\",\"width\":500,\"height\":156,\"caption\":\"sanluisinforma.com\"},\"image\":{\"@id\":\"https:\/\/sanluisinforma.com\/#\/schema\/logo\/image\/\"}},{\"@type\":\"Person\",\"@id\":\"https:\/\/sanluisinforma.com\/#\/schema\/person\/c30648f71476be533b6f59d092905c8b\",\"name\":\"sanluisinforma.com\",\"image\":{\"@type\":\"ImageObject\",\"inLanguage\":\"es\",\"@id\":\"https:\/\/sanluisinforma.com\/#\/schema\/person\/image\/\",\"url\":\"https:\/\/secure.gravatar.com\/avatar\/86e3114e34a1eecefb963e0a02f0093f93b092dddb2fe1517596343751081a87?s=96&d=mm&r=g\",\"contentUrl\":\"https:\/\/secure.gravatar.com\/avatar\/86e3114e34a1eecefb963e0a02f0093f93b092dddb2fe1517596343751081a87?s=96&d=mm&r=g\",\"caption\":\"sanluisinforma.com\"},\"url\":\"https:\/\/sanluisinforma.com\/?author=2\"}]}<\/script>\n<!-- \/ Yoast SEO plugin. -->","yoast_head_json":{"title":"Gobierno de la Capital, al rescate de la Ca\u00f1ada del Lobo - sanluisinforma.com","robots":{"index":"index","follow":"follow","max-snippet":"max-snippet:-1","max-image-preview":"max-image-preview:large","max-video-preview":"max-video-preview:-1"},"canonical":"https:\/\/sanluisinforma.com\/?p=10367","og_locale":"es_MX","og_type":"article","og_title":"Gobierno de la Capital, al rescate de la Ca\u00f1ada del Lobo - sanluisinforma.com","og_description":"El Alcalde Enrique Galindo entreg\u00f3 la rehabilitaci\u00f3n del Camino a la Ca\u00f1ada del Lobo, donde anunci\u00f3 m\u00e1s obras y acciones","og_url":"https:\/\/sanluisinforma.com\/?p=10367","og_site_name":"sanluisinforma.com","article_published_time":"2025-02-13T06:50:00+00:00","article_modified_time":"2025-02-13T03:58:00+00:00","og_image":[{"width":480,"height":319,"url":"https:\/\/sanluisinforma.com\/wp-content\/uploads\/2025\/02\/3c9f334f-761f-4827-87b4-5c3e5c1e2973.jpg","type":"image\/jpeg"}],"author":"sanluisinforma.com","twitter_card":"summary_large_image","twitter_misc":{"Escrito por":"sanluisinforma.com","Tiempo de lectura":"2 minutos"},"schema":{"@context":"https:\/\/schema.org","@graph":[{"@type":"Article","@id":"https:\/\/sanluisinforma.com\/?p=10367#article","isPartOf":{"@id":"https:\/\/sanluisinforma.com\/?p=10367"},"author":{"name":"sanluisinforma.com","@id":"https:\/\/sanluisinforma.com\/#\/schema\/person\/c30648f71476be533b6f59d092905c8b"},"headline":"Gobierno de la Capital, al rescate de la Ca\u00f1ada del Lobo","datePublished":"2025-02-13T06:50:00+00:00","dateModified":"2025-02-13T03:58:00+00:00","mainEntityOfPage":{"@id":"https:\/\/sanluisinforma.com\/?p=10367"},"wordCount":320,"publisher":{"@id":"https:\/\/sanluisinforma.com\/#organization"},"image":{"@id":"https:\/\/sanluisinforma.com\/?p=10367#primaryimage"},"thumbnailUrl":"https:\/\/sanluisinforma.com\/wp-content\/uploads\/2025\/02\/3c9f334f-761f-4827-87b4-5c3e5c1e2973.jpg","articleSection":["Local","Portada"],"inLanguage":"es"},{"@type":"WebPage","@id":"https:\/\/sanluisinforma.com\/?p=10367","url":"https:\/\/sanluisinforma.com\/?p=10367","name":"Gobierno de la Capital, al rescate de la Ca\u00f1ada del Lobo - sanluisinforma.com","isPartOf":{"@id":"https:\/\/sanluisinforma.com\/#website"},"primaryImageOfPage":{"@id":"https:\/\/sanluisinforma.com\/?p=10367#primaryimage"},"image":{"@id":"https:\/\/sanluisinforma.com\/?p=10367#primaryimage"},"thumbnailUrl":"https:\/\/sanluisinforma.com\/wp-content\/uploads\/2025\/02\/3c9f334f-761f-4827-87b4-5c3e5c1e2973.jpg","datePublished":"2025-02-13T06:50:00+00:00","dateModified":"2025-02-13T03:58:00+00:00","breadcrumb":{"@id":"https:\/\/sanluisinforma.com\/?p=10367#breadcrumb"},"inLanguage":"es","potentialAction":[{"@type":"ReadAction","target":["https:\/\/sanluisinforma.com\/?p=10367"]}]},{"@type":"ImageObject","inLanguage":"es","@id":"https:\/\/sanluisinforma.com\/?p=10367#primaryimage","url":"https:\/\/sanluisinforma.com\/wp-content\/uploads\/2025\/02\/3c9f334f-761f-4827-87b4-5c3e5c1e2973.jpg","contentUrl":"https:\/\/sanluisinforma.com\/wp-content\/uploads\/2025\/02\/3c9f334f-761f-4827-87b4-5c3e5c1e2973.jpg","width":480,"height":319},{"@type":"BreadcrumbList","@id":"https:\/\/sanluisinforma.com\/?p=10367#breadcrumb","itemListElement":[{"@type":"ListItem","position":1,"name":"Inicio","item":"https:\/\/sanluisinforma.com\/"},{"@type":"ListItem","position":2,"name":"Gobierno de la Capital, al rescate de la Ca\u00f1ada del Lobo"}]},{"@type":"WebSite","@id":"https:\/\/sanluisinforma.com\/#website","url":"https:\/\/sanluisinforma.com\/","name":"sanluisinforma.com","description":"Periodico San Luis Informa","publisher":{"@id":"https:\/\/sanluisinforma.com\/#organization"},"potentialAction":[{"@type":"SearchAction","target":{"@type":"EntryPoint","urlTemplate":"https:\/\/sanluisinforma.com\/?s={search_term_string}"},"query-input":{"@type":"PropertyValueSpecification","valueRequired":true,"valueName":"search_term_string"}}],"inLanguage":"es"},{"@type":"Organization","@id":"https:\/\/sanluisinforma.com\/#organization","name":"sanluisinforma.com","url":"https:\/\/sanluisinforma.com\/","logo":{"@type":"ImageObject","inLanguage":"es","@id":"https:\/\/sanluisinforma.com\/#\/schema\/logo\/image\/","url":"https:\/\/sanluisinforma.com\/wp-content\/uploads\/2026\/03\/sanluisinforma-V.jpg","contentUrl":"https:\/\/sanluisinforma.com\/wp-content\/uploads\/2026\/03\/sanluisinforma-V.jpg","width":500,"height":156,"caption":"sanluisinforma.com"},"image":{"@id":"https:\/\/sanluisinforma.com\/#\/schema\/logo\/image\/"}},{"@type":"Person","@id":"https:\/\/sanluisinforma.com\/#\/schema\/person\/c30648f71476be533b6f59d092905c8b","name":"sanluisinforma.com","image":{"@type":"ImageObject","inLanguage":"es","@id":"https:\/\/sanluisinforma.com\/#\/schema\/person\/image\/","url":"https:\/\/secure.gravatar.com\/avatar\/86e3114e34a1eecefb963e0a02f0093f93b092dddb2fe1517596343751081a87?s=96&d=mm&r=g","contentUrl":"https:\/\/secure.gravatar.com\/avatar\/86e3114e34a1eecefb963e0a02f0093f93b092dddb2fe1517596343751081a87?s=96&d=mm&r=g","caption":"sanluisinforma.com"},"url":"https:\/\/sanluisinforma.com\/?author=2"}]}},"_links":{"self":[{"href":"https:\/\/sanluisinforma.com\/index.php?rest_route=\/wp\/v2\/posts\/10367","targetHints":{"allow":["GET"]}}],"collection":[{"href":"https:\/\/sanluisinforma.com\/index.php?rest_route=\/wp\/v2\/posts"}],"about":[{"href":"https:\/\/sanluisinforma.com\/index.php?rest_route=\/wp\/v2\/types\/post"}],"author":[{"embeddable":true,"href":"https:\/\/sanluisinforma.com\/index.php?rest_route=\/wp\/v2\/users\/2"}],"replies":[{"embeddable":true,"href":"https:\/\/sanluisinforma.com\/index.php?rest_route=%2Fwp%2Fv2%2Fcomments&post=10367"}],"version-history":[{"count":1,"href":"https:\/\/sanluisinforma.com\/index.php?rest_route=\/wp\/v2\/posts\/10367\/revisions"}],"predecessor-version":[{"id":10369,"href":"https:\/\/sanluisinforma.com\/index.php?rest_route=\/wp\/v2\/posts\/10367\/revisions\/10369"}],"wp:featuredmedia":[{"embeddable":true,"href":"https:\/\/sanluisinforma.com\/index.php?rest_route=\/wp\/v2\/media\/10368"}],"wp:attachment":[{"href":"https:\/\/sanluisinforma.com\/index.php?rest_route=%2Fwp%2Fv2%2Fmedia&parent=10367"}],"wp:term":[{"taxonomy":"category","embeddable":true,"href":"https:\/\/sanluisinforma.com\/index.php?rest_route=%2Fwp%2Fv2%2Fcategories&post=10367"},{"taxonomy":"post_tag","embeddable":true,"href":"https:\/\/sanluisinforma.com\/index.php?rest_route=%2Fwp%2Fv2%2Ftags&post=10367"}],"curies":[{"name":"wp","href":"https:\/\/api.w.org\/{rel}","templated":true}]}}