{"id":10380,"date":"2025-02-14T00:50:00","date_gmt":"2025-02-14T06:50:00","guid":{"rendered":"https:\/\/sanluisinforma.com\/?p=10380"},"modified":"2025-02-13T20:39:50","modified_gmt":"2025-02-14T02:39:50","slug":"capital-al-100-del-ayuntamiento-de-slp-regenera-haciendas-del-mezquital","status":"publish","type":"post","link":"https:\/\/sanluisinforma.com\/?p=10380","title":{"rendered":"Capital al 100 del Ayuntamiento de SLP regenera Haciendas del Mezquital"},"content":{"rendered":"\n<ul class=\"wp-block-list\">\n<li><strong>Como parte de las acciones de rescate del espacio social, en consolidaci\u00f3n del San Luis Amable, se intervino el camell\u00f3n de Prolongaci\u00f3n Mu\u00f1oz, adem\u00e1s se colocaron nuevos reflectores, en beneficio de la ciudadan\u00eda.<\/strong><\/li>\n<\/ul>\n\n\n\n<p><\/p>\n\n\n\n<p>La jornada de rescate de espacios p\u00fablicos n\u00famero 168 del programa Capital al 100, del Ayuntamiento de San Luis Potos\u00ed, fue realizada este jueves en la colonia Haciendas del Mezquital, donde se realizaron acciones de rescate del espacio social, en beneficio de habitantes y transe\u00fantes.<\/p>\n\n\n\n<p>El evento estuvo encabezado por el Secretario General del Ayuntamiento, Fernando Ch\u00e1vez M\u00e9ndez, quien expres\u00f3 a las vecinas y vecinos que quer\u00edan escuchar de viva voz sus inquietudes y comentarios, para que el funcionariado presente, as\u00ed como miembros del Cabildo, hagan acuerdos para empezar a generar soluciones.<\/p>\n\n\n\n<p>Ch\u00e1vez M\u00e9ndez indic\u00f3 que se atender\u00e1 a la brevedad la instalaci\u00f3n de nomenclatura de calles de la zona, a trav\u00e9s del \u00e1rea de Servicios Municipales.<\/p>\n\n\n\n<p>Eustorgio Ch\u00e1vez Garza, Director de Obras P\u00fablicas, \u00e1rea anfitriona de esta edici\u00f3n, mencion\u00f3 que se trabaja en el bacheo de la zona, y agradeci\u00f3 la confianza al Gobierno Municipal, a\u00f1adiendo que en lo que va de este segundo periodo de gesti\u00f3n del Alcalde Enrique Galindo Ceballos, en menos de cinco meses, se han entregado ya 46 obras.<\/p>\n\n\n\n<p>El Director de Servicios Municipales, Christian Azuara Azuara, precis\u00f3 que adem\u00e1s de limpiar el terreno se procedi\u00f3 a remozar el camell\u00f3n de Prolongaci\u00f3n Mu\u00f1oz, de la calle Benito Ju\u00e1rez a Morales Saucito, se instalaron nuevos reflectores y se revis\u00f3 el funcionamiento de luminarias en general.<\/p>\n","protected":false},"excerpt":{"rendered":"<p>La jornada de rescate de espacios p\u00fablicos n\u00famero 168 del programa Capital al 100, del Ayuntamiento de San Luis Potos\u00ed,<\/p>\n","protected":false},"author":2,"featured_media":10381,"comment_status":"closed","ping_status":"closed","sticky":false,"template":"","format":"standard","meta":{"footnotes":""},"categories":[25,30],"tags":[],"class_list":["post-10380","post","type-post","status-publish","format-standard","has-post-thumbnail","hentry","category-local","category-portada"],"yoast_head":"<!-- This site is optimized with the Yoast SEO plugin v24.1 - https:\/\/yoast.com\/wordpress\/plugins\/seo\/ -->\n<title>Capital al 100 del Ayuntamiento de SLP regenera Haciendas del Mezquital - sanluisinforma.com<\/title>\n<meta name=\"robots\" content=\"index, follow, max-snippet:-1, max-image-preview:large, max-video-preview:-1\" \/>\n<link rel=\"canonical\" href=\"https:\/\/sanluisinforma.com\/?p=10380\" \/>\n<meta property=\"og:locale\" content=\"es_MX\" \/>\n<meta property=\"og:type\" content=\"article\" \/>\n<meta property=\"og:title\" content=\"Capital al 100 del Ayuntamiento de SLP regenera Haciendas del Mezquital - sanluisinforma.com\" \/>\n<meta property=\"og:description\" content=\"La jornada de rescate de espacios p\u00fablicos n\u00famero 168 del programa Capital al 100, del Ayuntamiento de San Luis Potos\u00ed,\" \/>\n<meta property=\"og:url\" content=\"https:\/\/sanluisinforma.com\/?p=10380\" \/>\n<meta property=\"og:site_name\" content=\"sanluisinforma.com\" \/>\n<meta property=\"article:published_time\" content=\"2025-02-14T06:50:00+00:00\" \/>\n<meta property=\"article:modified_time\" content=\"2025-02-14T02:39:50+00:00\" \/>\n<meta property=\"og:image\" content=\"https:\/\/sanluisinforma.com\/wp-content\/uploads\/2025\/02\/8f3938ee-6c6c-4e6a-848a-6d68e8a94693.jpg\" \/>\n\t<meta property=\"og:image:width\" content=\"480\" \/>\n\t<meta property=\"og:image:height\" content=\"319\" \/>\n\t<meta property=\"og:image:type\" content=\"image\/jpeg\" \/>\n<meta name=\"author\" content=\"sanluisinforma.com\" \/>\n<meta name=\"twitter:card\" content=\"summary_large_image\" \/>\n<meta name=\"twitter:label1\" content=\"Escrito por\" \/>\n\t<meta name=\"twitter:data1\" content=\"sanluisinforma.com\" \/>\n\t<meta name=\"twitter:label2\" content=\"Tiempo de lectura\" \/>\n\t<meta name=\"twitter:data2\" content=\"2 minutos\" \/>\n<script type=\"application\/ld+json\" class=\"yoast-schema-graph\">{\"@context\":\"https:\/\/schema.org\",\"@graph\":[{\"@type\":\"Article\",\"@id\":\"https:\/\/sanluisinforma.com\/?p=10380#article\",\"isPartOf\":{\"@id\":\"https:\/\/sanluisinforma.com\/?p=10380\"},\"author\":{\"name\":\"sanluisinforma.com\",\"@id\":\"https:\/\/sanluisinforma.com\/#\/schema\/person\/c30648f71476be533b6f59d092905c8b\"},\"headline\":\"Capital al 100 del Ayuntamiento de SLP regenera Haciendas del Mezquital\",\"datePublished\":\"2025-02-14T06:50:00+00:00\",\"dateModified\":\"2025-02-14T02:39:50+00:00\",\"mainEntityOfPage\":{\"@id\":\"https:\/\/sanluisinforma.com\/?p=10380\"},\"wordCount\":285,\"publisher\":{\"@id\":\"https:\/\/sanluisinforma.com\/#organization\"},\"image\":{\"@id\":\"https:\/\/sanluisinforma.com\/?p=10380#primaryimage\"},\"thumbnailUrl\":\"https:\/\/sanluisinforma.com\/wp-content\/uploads\/2025\/02\/8f3938ee-6c6c-4e6a-848a-6d68e8a94693.jpg\",\"articleSection\":[\"Local\",\"Portada\"],\"inLanguage\":\"es\"},{\"@type\":\"WebPage\",\"@id\":\"https:\/\/sanluisinforma.com\/?p=10380\",\"url\":\"https:\/\/sanluisinforma.com\/?p=10380\",\"name\":\"Capital al 100 del Ayuntamiento de SLP regenera Haciendas del Mezquital - sanluisinforma.com\",\"isPartOf\":{\"@id\":\"https:\/\/sanluisinforma.com\/#website\"},\"primaryImageOfPage\":{\"@id\":\"https:\/\/sanluisinforma.com\/?p=10380#primaryimage\"},\"image\":{\"@id\":\"https:\/\/sanluisinforma.com\/?p=10380#primaryimage\"},\"thumbnailUrl\":\"https:\/\/sanluisinforma.com\/wp-content\/uploads\/2025\/02\/8f3938ee-6c6c-4e6a-848a-6d68e8a94693.jpg\",\"datePublished\":\"2025-02-14T06:50:00+00:00\",\"dateModified\":\"2025-02-14T02:39:50+00:00\",\"breadcrumb\":{\"@id\":\"https:\/\/sanluisinforma.com\/?p=10380#breadcrumb\"},\"inLanguage\":\"es\",\"potentialAction\":[{\"@type\":\"ReadAction\",\"target\":[\"https:\/\/sanluisinforma.com\/?p=10380\"]}]},{\"@type\":\"ImageObject\",\"inLanguage\":\"es\",\"@id\":\"https:\/\/sanluisinforma.com\/?p=10380#primaryimage\",\"url\":\"https:\/\/sanluisinforma.com\/wp-content\/uploads\/2025\/02\/8f3938ee-6c6c-4e6a-848a-6d68e8a94693.jpg\",\"contentUrl\":\"https:\/\/sanluisinforma.com\/wp-content\/uploads\/2025\/02\/8f3938ee-6c6c-4e6a-848a-6d68e8a94693.jpg\",\"width\":480,\"height\":319},{\"@type\":\"BreadcrumbList\",\"@id\":\"https:\/\/sanluisinforma.com\/?p=10380#breadcrumb\",\"itemListElement\":[{\"@type\":\"ListItem\",\"position\":1,\"name\":\"Inicio\",\"item\":\"https:\/\/sanluisinforma.com\/\"},{\"@type\":\"ListItem\",\"position\":2,\"name\":\"Capital al 100 del Ayuntamiento de SLP regenera Haciendas del Mezquital\"}]},{\"@type\":\"WebSite\",\"@id\":\"https:\/\/sanluisinforma.com\/#website\",\"url\":\"https:\/\/sanluisinforma.com\/\",\"name\":\"sanluisinforma.com\",\"description\":\"Periodico San Luis Informa\",\"publisher\":{\"@id\":\"https:\/\/sanluisinforma.com\/#organization\"},\"potentialAction\":[{\"@type\":\"SearchAction\",\"target\":{\"@type\":\"EntryPoint\",\"urlTemplate\":\"https:\/\/sanluisinforma.com\/?s={search_term_string}\"},\"query-input\":{\"@type\":\"PropertyValueSpecification\",\"valueRequired\":true,\"valueName\":\"search_term_string\"}}],\"inLanguage\":\"es\"},{\"@type\":\"Organization\",\"@id\":\"https:\/\/sanluisinforma.com\/#organization\",\"name\":\"sanluisinforma.com\",\"url\":\"https:\/\/sanluisinforma.com\/\",\"logo\":{\"@type\":\"ImageObject\",\"inLanguage\":\"es\",\"@id\":\"https:\/\/sanluisinforma.com\/#\/schema\/logo\/image\/\",\"url\":\"https:\/\/sanluisinforma.com\/wp-content\/uploads\/2026\/03\/sanluisinforma-V.jpg\",\"contentUrl\":\"https:\/\/sanluisinforma.com\/wp-content\/uploads\/2026\/03\/sanluisinforma-V.jpg\",\"width\":500,\"height\":156,\"caption\":\"sanluisinforma.com\"},\"image\":{\"@id\":\"https:\/\/sanluisinforma.com\/#\/schema\/logo\/image\/\"}},{\"@type\":\"Person\",\"@id\":\"https:\/\/sanluisinforma.com\/#\/schema\/person\/c30648f71476be533b6f59d092905c8b\",\"name\":\"sanluisinforma.com\",\"image\":{\"@type\":\"ImageObject\",\"inLanguage\":\"es\",\"@id\":\"https:\/\/sanluisinforma.com\/#\/schema\/person\/image\/\",\"url\":\"https:\/\/secure.gravatar.com\/avatar\/86e3114e34a1eecefb963e0a02f0093f93b092dddb2fe1517596343751081a87?s=96&d=mm&r=g\",\"contentUrl\":\"https:\/\/secure.gravatar.com\/avatar\/86e3114e34a1eecefb963e0a02f0093f93b092dddb2fe1517596343751081a87?s=96&d=mm&r=g\",\"caption\":\"sanluisinforma.com\"},\"url\":\"https:\/\/sanluisinforma.com\/?author=2\"}]}<\/script>\n<!-- \/ Yoast SEO plugin. -->","yoast_head_json":{"title":"Capital al 100 del Ayuntamiento de SLP regenera Haciendas del Mezquital - sanluisinforma.com","robots":{"index":"index","follow":"follow","max-snippet":"max-snippet:-1","max-image-preview":"max-image-preview:large","max-video-preview":"max-video-preview:-1"},"canonical":"https:\/\/sanluisinforma.com\/?p=10380","og_locale":"es_MX","og_type":"article","og_title":"Capital al 100 del Ayuntamiento de SLP regenera Haciendas del Mezquital - sanluisinforma.com","og_description":"La jornada de rescate de espacios p\u00fablicos n\u00famero 168 del programa Capital al 100, del Ayuntamiento de San Luis Potos\u00ed,","og_url":"https:\/\/sanluisinforma.com\/?p=10380","og_site_name":"sanluisinforma.com","article_published_time":"2025-02-14T06:50:00+00:00","article_modified_time":"2025-02-14T02:39:50+00:00","og_image":[{"width":480,"height":319,"url":"https:\/\/sanluisinforma.com\/wp-content\/uploads\/2025\/02\/8f3938ee-6c6c-4e6a-848a-6d68e8a94693.jpg","type":"image\/jpeg"}],"author":"sanluisinforma.com","twitter_card":"summary_large_image","twitter_misc":{"Escrito por":"sanluisinforma.com","Tiempo de lectura":"2 minutos"},"schema":{"@context":"https:\/\/schema.org","@graph":[{"@type":"Article","@id":"https:\/\/sanluisinforma.com\/?p=10380#article","isPartOf":{"@id":"https:\/\/sanluisinforma.com\/?p=10380"},"author":{"name":"sanluisinforma.com","@id":"https:\/\/sanluisinforma.com\/#\/schema\/person\/c30648f71476be533b6f59d092905c8b"},"headline":"Capital al 100 del Ayuntamiento de SLP regenera Haciendas del Mezquital","datePublished":"2025-02-14T06:50:00+00:00","dateModified":"2025-02-14T02:39:50+00:00","mainEntityOfPage":{"@id":"https:\/\/sanluisinforma.com\/?p=10380"},"wordCount":285,"publisher":{"@id":"https:\/\/sanluisinforma.com\/#organization"},"image":{"@id":"https:\/\/sanluisinforma.com\/?p=10380#primaryimage"},"thumbnailUrl":"https:\/\/sanluisinforma.com\/wp-content\/uploads\/2025\/02\/8f3938ee-6c6c-4e6a-848a-6d68e8a94693.jpg","articleSection":["Local","Portada"],"inLanguage":"es"},{"@type":"WebPage","@id":"https:\/\/sanluisinforma.com\/?p=10380","url":"https:\/\/sanluisinforma.com\/?p=10380","name":"Capital al 100 del Ayuntamiento de SLP regenera Haciendas del Mezquital - sanluisinforma.com","isPartOf":{"@id":"https:\/\/sanluisinforma.com\/#website"},"primaryImageOfPage":{"@id":"https:\/\/sanluisinforma.com\/?p=10380#primaryimage"},"image":{"@id":"https:\/\/sanluisinforma.com\/?p=10380#primaryimage"},"thumbnailUrl":"https:\/\/sanluisinforma.com\/wp-content\/uploads\/2025\/02\/8f3938ee-6c6c-4e6a-848a-6d68e8a94693.jpg","datePublished":"2025-02-14T06:50:00+00:00","dateModified":"2025-02-14T02:39:50+00:00","breadcrumb":{"@id":"https:\/\/sanluisinforma.com\/?p=10380#breadcrumb"},"inLanguage":"es","potentialAction":[{"@type":"ReadAction","target":["https:\/\/sanluisinforma.com\/?p=10380"]}]},{"@type":"ImageObject","inLanguage":"es","@id":"https:\/\/sanluisinforma.com\/?p=10380#primaryimage","url":"https:\/\/sanluisinforma.com\/wp-content\/uploads\/2025\/02\/8f3938ee-6c6c-4e6a-848a-6d68e8a94693.jpg","contentUrl":"https:\/\/sanluisinforma.com\/wp-content\/uploads\/2025\/02\/8f3938ee-6c6c-4e6a-848a-6d68e8a94693.jpg","width":480,"height":319},{"@type":"BreadcrumbList","@id":"https:\/\/sanluisinforma.com\/?p=10380#breadcrumb","itemListElement":[{"@type":"ListItem","position":1,"name":"Inicio","item":"https:\/\/sanluisinforma.com\/"},{"@type":"ListItem","position":2,"name":"Capital al 100 del Ayuntamiento de SLP regenera Haciendas del Mezquital"}]},{"@type":"WebSite","@id":"https:\/\/sanluisinforma.com\/#website","url":"https:\/\/sanluisinforma.com\/","name":"sanluisinforma.com","description":"Periodico San Luis Informa","publisher":{"@id":"https:\/\/sanluisinforma.com\/#organization"},"potentialAction":[{"@type":"SearchAction","target":{"@type":"EntryPoint","urlTemplate":"https:\/\/sanluisinforma.com\/?s={search_term_string}"},"query-input":{"@type":"PropertyValueSpecification","valueRequired":true,"valueName":"search_term_string"}}],"inLanguage":"es"},{"@type":"Organization","@id":"https:\/\/sanluisinforma.com\/#organization","name":"sanluisinforma.com","url":"https:\/\/sanluisinforma.com\/","logo":{"@type":"ImageObject","inLanguage":"es","@id":"https:\/\/sanluisinforma.com\/#\/schema\/logo\/image\/","url":"https:\/\/sanluisinforma.com\/wp-content\/uploads\/2026\/03\/sanluisinforma-V.jpg","contentUrl":"https:\/\/sanluisinforma.com\/wp-content\/uploads\/2026\/03\/sanluisinforma-V.jpg","width":500,"height":156,"caption":"sanluisinforma.com"},"image":{"@id":"https:\/\/sanluisinforma.com\/#\/schema\/logo\/image\/"}},{"@type":"Person","@id":"https:\/\/sanluisinforma.com\/#\/schema\/person\/c30648f71476be533b6f59d092905c8b","name":"sanluisinforma.com","image":{"@type":"ImageObject","inLanguage":"es","@id":"https:\/\/sanluisinforma.com\/#\/schema\/person\/image\/","url":"https:\/\/secure.gravatar.com\/avatar\/86e3114e34a1eecefb963e0a02f0093f93b092dddb2fe1517596343751081a87?s=96&d=mm&r=g","contentUrl":"https:\/\/secure.gravatar.com\/avatar\/86e3114e34a1eecefb963e0a02f0093f93b092dddb2fe1517596343751081a87?s=96&d=mm&r=g","caption":"sanluisinforma.com"},"url":"https:\/\/sanluisinforma.com\/?author=2"}]}},"_links":{"self":[{"href":"https:\/\/sanluisinforma.com\/index.php?rest_route=\/wp\/v2\/posts\/10380","targetHints":{"allow":["GET"]}}],"collection":[{"href":"https:\/\/sanluisinforma.com\/index.php?rest_route=\/wp\/v2\/posts"}],"about":[{"href":"https:\/\/sanluisinforma.com\/index.php?rest_route=\/wp\/v2\/types\/post"}],"author":[{"embeddable":true,"href":"https:\/\/sanluisinforma.com\/index.php?rest_route=\/wp\/v2\/users\/2"}],"replies":[{"embeddable":true,"href":"https:\/\/sanluisinforma.com\/index.php?rest_route=%2Fwp%2Fv2%2Fcomments&post=10380"}],"version-history":[{"count":1,"href":"https:\/\/sanluisinforma.com\/index.php?rest_route=\/wp\/v2\/posts\/10380\/revisions"}],"predecessor-version":[{"id":10382,"href":"https:\/\/sanluisinforma.com\/index.php?rest_route=\/wp\/v2\/posts\/10380\/revisions\/10382"}],"wp:featuredmedia":[{"embeddable":true,"href":"https:\/\/sanluisinforma.com\/index.php?rest_route=\/wp\/v2\/media\/10381"}],"wp:attachment":[{"href":"https:\/\/sanluisinforma.com\/index.php?rest_route=%2Fwp%2Fv2%2Fmedia&parent=10380"}],"wp:term":[{"taxonomy":"category","embeddable":true,"href":"https:\/\/sanluisinforma.com\/index.php?rest_route=%2Fwp%2Fv2%2Fcategories&post=10380"},{"taxonomy":"post_tag","embeddable":true,"href":"https:\/\/sanluisinforma.com\/index.php?rest_route=%2Fwp%2Fv2%2Ftags&post=10380"}],"curies":[{"name":"wp","href":"https:\/\/api.w.org\/{rel}","templated":true}]}}