{"id":10398,"date":"2025-02-15T00:58:00","date_gmt":"2025-02-15T06:58:00","guid":{"rendered":"https:\/\/sanluisinforma.com\/?p=10398"},"modified":"2025-02-14T23:52:55","modified_gmt":"2025-02-15T05:52:55","slug":"ricardo-gallardo-busca-rescatar-invernaderos-san-rita","status":"publish","type":"post","link":"https:\/\/sanluisinforma.com\/?p=10398","title":{"rendered":"Ricardo Gallardo busca rescatar Invernaderos San Rita"},"content":{"rendered":"\n<p><\/p>\n\n\n\n<p>En el \u00faltimo a\u00f1o de la anterior administraci\u00f3n, los invernaderos registraron p\u00e9rdidas de 45 millones de pesos<\/p>\n\n\n\n<p>Tras promover e impulsar m\u00e1s apoyo a las y los productores agropecuarios de las cuatro regiones, como parte de las acciones para rescatar el campo potosino, el Gobernador del Estado, Ricardo Gallardo Cardona, dijo que la administraci\u00f3n estatal no considera actualmente la venta el Centro de Producci\u00f3n Santa Rita y, busca rescatarlo al tratarse de un bien del Estado, al tiempo de enfatizar que dicho espacio ya cumpli\u00f3 su ciclo de vida hace tres a\u00f1os.<\/p>\n\n\n\n<p>El Mandatario Estatal, dijo que este invernadero al igual que cualquier otro, tiene un periodo de vida de veinte a\u00f1os, que se alcanzaron desde 2022, por lo que, a la fecha, tiene un escenario de terapia intensiva que lleva a tomar una decisi\u00f3n sobre las acciones que realizar\u00e1n con \u00e9l, luego de recordar que, en el \u00faltimo a\u00f1o de la herencia maldita, este Centro registr\u00f3 p\u00e9rdidas de m\u00e1s de 45 millones de pesos por no cumplir con la producci\u00f3n deseada, reflejo de una situaci\u00f3n compleja.<\/p>\n\n\n\n<p>A pesar de ello, Gallardo Cardona expuso que han hecho los esfuerzos necesarios para rescatarlo, al tratarse de un bien del Estado que tiene un valor simb\u00f3lico por formar parte de la historia del Poder Ejecutivo de San Luis Potos\u00ed y contar con un legado de dos d\u00e9cadas.<\/p>\n\n\n\n<p>El Gobernador Ricardo Gallardo, indic\u00f3 que las alternativas analizadas incluyen la inversi\u00f3n para la creaci\u00f3n de un invernadero nuevo cambiando las mallas y naves para dar vida a uno que dure otros veinte a\u00f1os y de no ser posible, dijo que buscar\u00e1 a alguien que lo adopte en las condiciones actuales, para que lo repare en su momento; sin embargo, ninguna de las dos decisiones est\u00e1 todav\u00eda tomada, pues, se analizar\u00e1 qu\u00e9 es lo mejor, finaliz\u00f3.<\/p>\n","protected":false},"excerpt":{"rendered":"<p>En el \u00faltimo a\u00f1o de la anterior administraci\u00f3n, los invernaderos registraron p\u00e9rdidas de 45 millones de pesos Tras promover e<\/p>\n","protected":false},"author":2,"featured_media":10399,"comment_status":"closed","ping_status":"closed","sticky":false,"template":"","format":"standard","meta":{"footnotes":""},"categories":[25,30],"tags":[],"class_list":["post-10398","post","type-post","status-publish","format-standard","has-post-thumbnail","hentry","category-local","category-portada"],"yoast_head":"<!-- This site is optimized with the Yoast SEO plugin v24.1 - https:\/\/yoast.com\/wordpress\/plugins\/seo\/ -->\n<title>Ricardo Gallardo busca rescatar Invernaderos San Rita - sanluisinforma.com<\/title>\n<meta name=\"robots\" content=\"index, follow, max-snippet:-1, max-image-preview:large, max-video-preview:-1\" \/>\n<link rel=\"canonical\" href=\"https:\/\/sanluisinforma.com\/?p=10398\" \/>\n<meta property=\"og:locale\" content=\"es_MX\" \/>\n<meta property=\"og:type\" content=\"article\" \/>\n<meta property=\"og:title\" content=\"Ricardo Gallardo busca rescatar Invernaderos San Rita - sanluisinforma.com\" \/>\n<meta property=\"og:description\" content=\"En el \u00faltimo a\u00f1o de la anterior administraci\u00f3n, los invernaderos registraron p\u00e9rdidas de 45 millones de pesos Tras promover e\" \/>\n<meta property=\"og:url\" content=\"https:\/\/sanluisinforma.com\/?p=10398\" \/>\n<meta property=\"og:site_name\" content=\"sanluisinforma.com\" \/>\n<meta property=\"article:published_time\" content=\"2025-02-15T06:58:00+00:00\" \/>\n<meta property=\"article:modified_time\" content=\"2025-02-15T05:52:55+00:00\" \/>\n<meta property=\"og:image\" content=\"https:\/\/sanluisinforma.com\/wp-content\/uploads\/2025\/02\/3e03a101-1470-4af8-926e-c264bfa8fe91.jpg\" \/>\n\t<meta property=\"og:image:width\" content=\"480\" \/>\n\t<meta property=\"og:image:height\" content=\"319\" \/>\n\t<meta property=\"og:image:type\" content=\"image\/jpeg\" \/>\n<meta name=\"author\" content=\"sanluisinforma.com\" \/>\n<meta name=\"twitter:card\" content=\"summary_large_image\" \/>\n<meta name=\"twitter:label1\" content=\"Escrito por\" \/>\n\t<meta name=\"twitter:data1\" content=\"sanluisinforma.com\" \/>\n\t<meta name=\"twitter:label2\" content=\"Tiempo de lectura\" \/>\n\t<meta name=\"twitter:data2\" content=\"2 minutos\" \/>\n<script type=\"application\/ld+json\" class=\"yoast-schema-graph\">{\"@context\":\"https:\/\/schema.org\",\"@graph\":[{\"@type\":\"Article\",\"@id\":\"https:\/\/sanluisinforma.com\/?p=10398#article\",\"isPartOf\":{\"@id\":\"https:\/\/sanluisinforma.com\/?p=10398\"},\"author\":{\"name\":\"sanluisinforma.com\",\"@id\":\"https:\/\/sanluisinforma.com\/#\/schema\/person\/c30648f71476be533b6f59d092905c8b\"},\"headline\":\"Ricardo Gallardo busca rescatar Invernaderos San Rita\",\"datePublished\":\"2025-02-15T06:58:00+00:00\",\"dateModified\":\"2025-02-15T05:52:55+00:00\",\"mainEntityOfPage\":{\"@id\":\"https:\/\/sanluisinforma.com\/?p=10398\"},\"wordCount\":326,\"publisher\":{\"@id\":\"https:\/\/sanluisinforma.com\/#organization\"},\"image\":{\"@id\":\"https:\/\/sanluisinforma.com\/?p=10398#primaryimage\"},\"thumbnailUrl\":\"https:\/\/sanluisinforma.com\/wp-content\/uploads\/2025\/02\/3e03a101-1470-4af8-926e-c264bfa8fe91.jpg\",\"articleSection\":[\"Local\",\"Portada\"],\"inLanguage\":\"es\"},{\"@type\":\"WebPage\",\"@id\":\"https:\/\/sanluisinforma.com\/?p=10398\",\"url\":\"https:\/\/sanluisinforma.com\/?p=10398\",\"name\":\"Ricardo Gallardo busca rescatar Invernaderos San Rita - sanluisinforma.com\",\"isPartOf\":{\"@id\":\"https:\/\/sanluisinforma.com\/#website\"},\"primaryImageOfPage\":{\"@id\":\"https:\/\/sanluisinforma.com\/?p=10398#primaryimage\"},\"image\":{\"@id\":\"https:\/\/sanluisinforma.com\/?p=10398#primaryimage\"},\"thumbnailUrl\":\"https:\/\/sanluisinforma.com\/wp-content\/uploads\/2025\/02\/3e03a101-1470-4af8-926e-c264bfa8fe91.jpg\",\"datePublished\":\"2025-02-15T06:58:00+00:00\",\"dateModified\":\"2025-02-15T05:52:55+00:00\",\"breadcrumb\":{\"@id\":\"https:\/\/sanluisinforma.com\/?p=10398#breadcrumb\"},\"inLanguage\":\"es\",\"potentialAction\":[{\"@type\":\"ReadAction\",\"target\":[\"https:\/\/sanluisinforma.com\/?p=10398\"]}]},{\"@type\":\"ImageObject\",\"inLanguage\":\"es\",\"@id\":\"https:\/\/sanluisinforma.com\/?p=10398#primaryimage\",\"url\":\"https:\/\/sanluisinforma.com\/wp-content\/uploads\/2025\/02\/3e03a101-1470-4af8-926e-c264bfa8fe91.jpg\",\"contentUrl\":\"https:\/\/sanluisinforma.com\/wp-content\/uploads\/2025\/02\/3e03a101-1470-4af8-926e-c264bfa8fe91.jpg\",\"width\":480,\"height\":319},{\"@type\":\"BreadcrumbList\",\"@id\":\"https:\/\/sanluisinforma.com\/?p=10398#breadcrumb\",\"itemListElement\":[{\"@type\":\"ListItem\",\"position\":1,\"name\":\"Inicio\",\"item\":\"https:\/\/sanluisinforma.com\/\"},{\"@type\":\"ListItem\",\"position\":2,\"name\":\"Ricardo Gallardo busca rescatar Invernaderos San Rita\"}]},{\"@type\":\"WebSite\",\"@id\":\"https:\/\/sanluisinforma.com\/#website\",\"url\":\"https:\/\/sanluisinforma.com\/\",\"name\":\"sanluisinforma.com\",\"description\":\"Periodico San Luis Informa\",\"publisher\":{\"@id\":\"https:\/\/sanluisinforma.com\/#organization\"},\"potentialAction\":[{\"@type\":\"SearchAction\",\"target\":{\"@type\":\"EntryPoint\",\"urlTemplate\":\"https:\/\/sanluisinforma.com\/?s={search_term_string}\"},\"query-input\":{\"@type\":\"PropertyValueSpecification\",\"valueRequired\":true,\"valueName\":\"search_term_string\"}}],\"inLanguage\":\"es\"},{\"@type\":\"Organization\",\"@id\":\"https:\/\/sanluisinforma.com\/#organization\",\"name\":\"sanluisinforma.com\",\"url\":\"https:\/\/sanluisinforma.com\/\",\"logo\":{\"@type\":\"ImageObject\",\"inLanguage\":\"es\",\"@id\":\"https:\/\/sanluisinforma.com\/#\/schema\/logo\/image\/\",\"url\":\"https:\/\/sanluisinforma.com\/wp-content\/uploads\/2026\/03\/sanluisinforma-V.jpg\",\"contentUrl\":\"https:\/\/sanluisinforma.com\/wp-content\/uploads\/2026\/03\/sanluisinforma-V.jpg\",\"width\":500,\"height\":156,\"caption\":\"sanluisinforma.com\"},\"image\":{\"@id\":\"https:\/\/sanluisinforma.com\/#\/schema\/logo\/image\/\"}},{\"@type\":\"Person\",\"@id\":\"https:\/\/sanluisinforma.com\/#\/schema\/person\/c30648f71476be533b6f59d092905c8b\",\"name\":\"sanluisinforma.com\",\"image\":{\"@type\":\"ImageObject\",\"inLanguage\":\"es\",\"@id\":\"https:\/\/sanluisinforma.com\/#\/schema\/person\/image\/\",\"url\":\"https:\/\/secure.gravatar.com\/avatar\/86e3114e34a1eecefb963e0a02f0093f93b092dddb2fe1517596343751081a87?s=96&d=mm&r=g\",\"contentUrl\":\"https:\/\/secure.gravatar.com\/avatar\/86e3114e34a1eecefb963e0a02f0093f93b092dddb2fe1517596343751081a87?s=96&d=mm&r=g\",\"caption\":\"sanluisinforma.com\"},\"url\":\"https:\/\/sanluisinforma.com\/?author=2\"}]}<\/script>\n<!-- \/ Yoast SEO plugin. -->","yoast_head_json":{"title":"Ricardo Gallardo busca rescatar Invernaderos San Rita - sanluisinforma.com","robots":{"index":"index","follow":"follow","max-snippet":"max-snippet:-1","max-image-preview":"max-image-preview:large","max-video-preview":"max-video-preview:-1"},"canonical":"https:\/\/sanluisinforma.com\/?p=10398","og_locale":"es_MX","og_type":"article","og_title":"Ricardo Gallardo busca rescatar Invernaderos San Rita - sanluisinforma.com","og_description":"En el \u00faltimo a\u00f1o de la anterior administraci\u00f3n, los invernaderos registraron p\u00e9rdidas de 45 millones de pesos Tras promover e","og_url":"https:\/\/sanluisinforma.com\/?p=10398","og_site_name":"sanluisinforma.com","article_published_time":"2025-02-15T06:58:00+00:00","article_modified_time":"2025-02-15T05:52:55+00:00","og_image":[{"width":480,"height":319,"url":"https:\/\/sanluisinforma.com\/wp-content\/uploads\/2025\/02\/3e03a101-1470-4af8-926e-c264bfa8fe91.jpg","type":"image\/jpeg"}],"author":"sanluisinforma.com","twitter_card":"summary_large_image","twitter_misc":{"Escrito por":"sanluisinforma.com","Tiempo de lectura":"2 minutos"},"schema":{"@context":"https:\/\/schema.org","@graph":[{"@type":"Article","@id":"https:\/\/sanluisinforma.com\/?p=10398#article","isPartOf":{"@id":"https:\/\/sanluisinforma.com\/?p=10398"},"author":{"name":"sanluisinforma.com","@id":"https:\/\/sanluisinforma.com\/#\/schema\/person\/c30648f71476be533b6f59d092905c8b"},"headline":"Ricardo Gallardo busca rescatar Invernaderos San Rita","datePublished":"2025-02-15T06:58:00+00:00","dateModified":"2025-02-15T05:52:55+00:00","mainEntityOfPage":{"@id":"https:\/\/sanluisinforma.com\/?p=10398"},"wordCount":326,"publisher":{"@id":"https:\/\/sanluisinforma.com\/#organization"},"image":{"@id":"https:\/\/sanluisinforma.com\/?p=10398#primaryimage"},"thumbnailUrl":"https:\/\/sanluisinforma.com\/wp-content\/uploads\/2025\/02\/3e03a101-1470-4af8-926e-c264bfa8fe91.jpg","articleSection":["Local","Portada"],"inLanguage":"es"},{"@type":"WebPage","@id":"https:\/\/sanluisinforma.com\/?p=10398","url":"https:\/\/sanluisinforma.com\/?p=10398","name":"Ricardo Gallardo busca rescatar Invernaderos San Rita - sanluisinforma.com","isPartOf":{"@id":"https:\/\/sanluisinforma.com\/#website"},"primaryImageOfPage":{"@id":"https:\/\/sanluisinforma.com\/?p=10398#primaryimage"},"image":{"@id":"https:\/\/sanluisinforma.com\/?p=10398#primaryimage"},"thumbnailUrl":"https:\/\/sanluisinforma.com\/wp-content\/uploads\/2025\/02\/3e03a101-1470-4af8-926e-c264bfa8fe91.jpg","datePublished":"2025-02-15T06:58:00+00:00","dateModified":"2025-02-15T05:52:55+00:00","breadcrumb":{"@id":"https:\/\/sanluisinforma.com\/?p=10398#breadcrumb"},"inLanguage":"es","potentialAction":[{"@type":"ReadAction","target":["https:\/\/sanluisinforma.com\/?p=10398"]}]},{"@type":"ImageObject","inLanguage":"es","@id":"https:\/\/sanluisinforma.com\/?p=10398#primaryimage","url":"https:\/\/sanluisinforma.com\/wp-content\/uploads\/2025\/02\/3e03a101-1470-4af8-926e-c264bfa8fe91.jpg","contentUrl":"https:\/\/sanluisinforma.com\/wp-content\/uploads\/2025\/02\/3e03a101-1470-4af8-926e-c264bfa8fe91.jpg","width":480,"height":319},{"@type":"BreadcrumbList","@id":"https:\/\/sanluisinforma.com\/?p=10398#breadcrumb","itemListElement":[{"@type":"ListItem","position":1,"name":"Inicio","item":"https:\/\/sanluisinforma.com\/"},{"@type":"ListItem","position":2,"name":"Ricardo Gallardo busca rescatar Invernaderos San Rita"}]},{"@type":"WebSite","@id":"https:\/\/sanluisinforma.com\/#website","url":"https:\/\/sanluisinforma.com\/","name":"sanluisinforma.com","description":"Periodico San Luis Informa","publisher":{"@id":"https:\/\/sanluisinforma.com\/#organization"},"potentialAction":[{"@type":"SearchAction","target":{"@type":"EntryPoint","urlTemplate":"https:\/\/sanluisinforma.com\/?s={search_term_string}"},"query-input":{"@type":"PropertyValueSpecification","valueRequired":true,"valueName":"search_term_string"}}],"inLanguage":"es"},{"@type":"Organization","@id":"https:\/\/sanluisinforma.com\/#organization","name":"sanluisinforma.com","url":"https:\/\/sanluisinforma.com\/","logo":{"@type":"ImageObject","inLanguage":"es","@id":"https:\/\/sanluisinforma.com\/#\/schema\/logo\/image\/","url":"https:\/\/sanluisinforma.com\/wp-content\/uploads\/2026\/03\/sanluisinforma-V.jpg","contentUrl":"https:\/\/sanluisinforma.com\/wp-content\/uploads\/2026\/03\/sanluisinforma-V.jpg","width":500,"height":156,"caption":"sanluisinforma.com"},"image":{"@id":"https:\/\/sanluisinforma.com\/#\/schema\/logo\/image\/"}},{"@type":"Person","@id":"https:\/\/sanluisinforma.com\/#\/schema\/person\/c30648f71476be533b6f59d092905c8b","name":"sanluisinforma.com","image":{"@type":"ImageObject","inLanguage":"es","@id":"https:\/\/sanluisinforma.com\/#\/schema\/person\/image\/","url":"https:\/\/secure.gravatar.com\/avatar\/86e3114e34a1eecefb963e0a02f0093f93b092dddb2fe1517596343751081a87?s=96&d=mm&r=g","contentUrl":"https:\/\/secure.gravatar.com\/avatar\/86e3114e34a1eecefb963e0a02f0093f93b092dddb2fe1517596343751081a87?s=96&d=mm&r=g","caption":"sanluisinforma.com"},"url":"https:\/\/sanluisinforma.com\/?author=2"}]}},"_links":{"self":[{"href":"https:\/\/sanluisinforma.com\/index.php?rest_route=\/wp\/v2\/posts\/10398","targetHints":{"allow":["GET"]}}],"collection":[{"href":"https:\/\/sanluisinforma.com\/index.php?rest_route=\/wp\/v2\/posts"}],"about":[{"href":"https:\/\/sanluisinforma.com\/index.php?rest_route=\/wp\/v2\/types\/post"}],"author":[{"embeddable":true,"href":"https:\/\/sanluisinforma.com\/index.php?rest_route=\/wp\/v2\/users\/2"}],"replies":[{"embeddable":true,"href":"https:\/\/sanluisinforma.com\/index.php?rest_route=%2Fwp%2Fv2%2Fcomments&post=10398"}],"version-history":[{"count":1,"href":"https:\/\/sanluisinforma.com\/index.php?rest_route=\/wp\/v2\/posts\/10398\/revisions"}],"predecessor-version":[{"id":10400,"href":"https:\/\/sanluisinforma.com\/index.php?rest_route=\/wp\/v2\/posts\/10398\/revisions\/10400"}],"wp:featuredmedia":[{"embeddable":true,"href":"https:\/\/sanluisinforma.com\/index.php?rest_route=\/wp\/v2\/media\/10399"}],"wp:attachment":[{"href":"https:\/\/sanluisinforma.com\/index.php?rest_route=%2Fwp%2Fv2%2Fmedia&parent=10398"}],"wp:term":[{"taxonomy":"category","embeddable":true,"href":"https:\/\/sanluisinforma.com\/index.php?rest_route=%2Fwp%2Fv2%2Fcategories&post=10398"},{"taxonomy":"post_tag","embeddable":true,"href":"https:\/\/sanluisinforma.com\/index.php?rest_route=%2Fwp%2Fv2%2Ftags&post=10398"}],"curies":[{"name":"wp","href":"https:\/\/api.w.org\/{rel}","templated":true}]}}