{"id":10430,"date":"2025-02-16T00:45:00","date_gmt":"2025-02-16T06:45:00","guid":{"rendered":"https:\/\/sanluisinforma.com\/?p=10430"},"modified":"2025-02-15T22:18:18","modified_gmt":"2025-02-16T04:18:18","slug":"a-los-mexicanos-y-a-las-mexicanas-se-nos-ve-como-iguales-nunca-de-arriba-a-bajo-presidenta-claudia-sheinbaum","status":"publish","type":"post","link":"https:\/\/sanluisinforma.com\/?p=10430","title":{"rendered":"\u201cA los Mexicanos y a las Mexicanas se nos ve como iguales, nunca de arriba a bajo\u201d : Presidenta\u00a0 Claudia Sheinbaum"},"content":{"rendered":"\n<p><\/p>\n\n\n\n<p><\/p>\n\n\n\n<p>En Veracruz son 870 mil los derechohabientes del programa de Pensi\u00f3n para el Bienestar de las Personas Adultas Mayores<\/p>\n\n\n\n<p>&nbsp;\u201cVamos a pavimentar todas las carreteras de Veracruz\u201d, anunci\u00f3<\/p>\n\n\n\n<p>Desde Guti\u00e9rrez Zamora, Veracruz, la Presidenta de M\u00e9xico destac\u00f3 que a las y los mexicanos se les debe ver como iguales, nunca de arriba hacia abajo, esto durante la entrega del programa Pensi\u00f3n para el Bienestar de las Personas Adultas Mayores, el cual beneficia a 870 mil veracruzanas y veracruzanos.<\/p>\n\n\n\n<p>\u201cEso es el humanismo, por eso nosotros practicamos el Humanismo Mexicano, que en el fondo lo que quiere decir es: por el bien de todos, primero los pobres. Por eso decimos que a los mexicanos y las mexicanas se nos ve como iguales, nunca de arriba a abajo porque somos trabajadores y adem\u00e1s nosotros practicamos la fraternidad universal, eso es lo que queremos para nuestro pa\u00eds y para todo el mundo\u201d, expres\u00f3.<\/p>\n\n\n\n<p>Record\u00f3 que con la Cuarta Transformaci\u00f3n, los Programas para el Bienestar se convirtieron en derechos establecidos en la Constituci\u00f3n y destac\u00f3 tres nuevos apoyos desde que inici\u00f3 su gobierno: la Pensi\u00f3n Mujeres Bienestar, la Beca \u201cRita Cetina\u201d y el programa de Salud Casa por Casa, adem\u00e1s de nuevas obras espec\u00edficas para el estado de Veracruz.<\/p>\n\n\n\n<p>\u201cTambi\u00e9n vamos a hablar con ella de todas las obras de infraestructura que requiere Veracruz. Vamos a pavimentar todas las carreteras de Veracruz, todas, a lo mejor no acabamos en un a\u00f1o, pero todas pian pianito vamos a rehabilitar todas las carreteras de Veracruz\u201d, anunci\u00f3.<\/p>\n\n\n\n<p>Como parte de las acciones para fortalecer la democracia en el segundo piso de la Transformaci\u00f3n destac\u00f3 la elecci\u00f3n de las y los jueces, magistrados y ministros del Poder Judicial, que se suma a la elecci\u00f3n de Presidencias Municipales que se van a celebrar en Veracruz el pr\u00f3ximo 1 de junio.<\/p>\n\n\n\n<p>\u201cEste a\u00f1o, adem\u00e1s de la elecci\u00f3n a presidentes municipales que ustedes tienen en Veracruz, vamos a elegir entre todos los mexicanos y mexicanas a los jueces, magistrados y ministros de la Suprema Corte de Justicia de la Naci\u00f3n. Somos el \u00fanico pa\u00eds en el mundo que elige al Poder Judicial y eso es bueno porque cuando lo elige el pueblo, le responden al pueblo; cuando lo elige el pueblo, le responden a la naci\u00f3n. Estamos separando el poder econ\u00f3mico de la justicia, estamos limpiando de corrupci\u00f3n tambi\u00e9n al Poder Judicial y eso solo lo puede hacer el pueblo de M\u00e9xico, es la \u00fanica manera\u201d, invit\u00f3.<\/p>\n\n\n\n<p>\u201cYo digo, amor se los devuelvo 10 veces m\u00e1s\u201d<\/p>\n","protected":false},"excerpt":{"rendered":"<p>En Veracruz son 870 mil los derechohabientes del programa de Pensi\u00f3n para el Bienestar de las Personas Adultas Mayores &nbsp;\u201cVamos<\/p>\n","protected":false},"author":2,"featured_media":10431,"comment_status":"closed","ping_status":"closed","sticky":false,"template":"","format":"standard","meta":{"footnotes":""},"categories":[25,26],"tags":[],"class_list":["post-10430","post","type-post","status-publish","format-standard","has-post-thumbnail","hentry","category-local","category-nacional"],"yoast_head":"<!-- This site is optimized with the Yoast SEO plugin v24.1 - https:\/\/yoast.com\/wordpress\/plugins\/seo\/ -->\n<title>\u201cA los Mexicanos y a las Mexicanas se nos ve como iguales, nunca de arriba a bajo\u201d : Presidenta\u00a0 Claudia Sheinbaum - sanluisinforma.com<\/title>\n<meta name=\"robots\" content=\"index, follow, max-snippet:-1, max-image-preview:large, max-video-preview:-1\" \/>\n<link rel=\"canonical\" href=\"https:\/\/sanluisinforma.com\/?p=10430\" \/>\n<meta property=\"og:locale\" content=\"es_MX\" \/>\n<meta property=\"og:type\" content=\"article\" \/>\n<meta property=\"og:title\" content=\"\u201cA los Mexicanos y a las Mexicanas se nos ve como iguales, nunca de arriba a bajo\u201d : Presidenta\u00a0 Claudia Sheinbaum - sanluisinforma.com\" \/>\n<meta property=\"og:description\" content=\"En Veracruz son 870 mil los derechohabientes del programa de Pensi\u00f3n para el Bienestar de las Personas Adultas Mayores &nbsp;\u201cVamos\" \/>\n<meta property=\"og:url\" content=\"https:\/\/sanluisinforma.com\/?p=10430\" \/>\n<meta property=\"og:site_name\" content=\"sanluisinforma.com\" \/>\n<meta property=\"article:published_time\" content=\"2025-02-16T06:45:00+00:00\" \/>\n<meta property=\"article:modified_time\" content=\"2025-02-16T04:18:18+00:00\" \/>\n<meta property=\"og:image\" content=\"https:\/\/sanluisinforma.com\/wp-content\/uploads\/2025\/02\/0b965c9f-af6d-425b-9e49-b946d7c758df.jpg\" \/>\n\t<meta property=\"og:image:width\" content=\"480\" \/>\n\t<meta property=\"og:image:height\" content=\"319\" \/>\n\t<meta property=\"og:image:type\" content=\"image\/jpeg\" \/>\n<meta name=\"author\" content=\"sanluisinforma.com\" \/>\n<meta name=\"twitter:card\" content=\"summary_large_image\" \/>\n<meta name=\"twitter:label1\" content=\"Escrito por\" \/>\n\t<meta name=\"twitter:data1\" content=\"sanluisinforma.com\" \/>\n\t<meta name=\"twitter:label2\" content=\"Tiempo de lectura\" \/>\n\t<meta name=\"twitter:data2\" content=\"3 minutos\" \/>\n<script type=\"application\/ld+json\" class=\"yoast-schema-graph\">{\"@context\":\"https:\/\/schema.org\",\"@graph\":[{\"@type\":\"Article\",\"@id\":\"https:\/\/sanluisinforma.com\/?p=10430#article\",\"isPartOf\":{\"@id\":\"https:\/\/sanluisinforma.com\/?p=10430\"},\"author\":{\"name\":\"sanluisinforma.com\",\"@id\":\"https:\/\/sanluisinforma.com\/#\/schema\/person\/c30648f71476be533b6f59d092905c8b\"},\"headline\":\"\u201cA los Mexicanos y a las Mexicanas se nos ve como iguales, nunca de arriba a bajo\u201d : Presidenta\u00a0 Claudia Sheinbaum\",\"datePublished\":\"2025-02-16T06:45:00+00:00\",\"dateModified\":\"2025-02-16T04:18:18+00:00\",\"mainEntityOfPage\":{\"@id\":\"https:\/\/sanluisinforma.com\/?p=10430\"},\"wordCount\":460,\"publisher\":{\"@id\":\"https:\/\/sanluisinforma.com\/#organization\"},\"image\":{\"@id\":\"https:\/\/sanluisinforma.com\/?p=10430#primaryimage\"},\"thumbnailUrl\":\"https:\/\/sanluisinforma.com\/wp-content\/uploads\/2025\/02\/0b965c9f-af6d-425b-9e49-b946d7c758df.jpg\",\"articleSection\":[\"Local\",\"Nacional\"],\"inLanguage\":\"es\"},{\"@type\":\"WebPage\",\"@id\":\"https:\/\/sanluisinforma.com\/?p=10430\",\"url\":\"https:\/\/sanluisinforma.com\/?p=10430\",\"name\":\"\u201cA los Mexicanos y a las Mexicanas se nos ve como iguales, nunca de arriba a bajo\u201d : Presidenta\u00a0 Claudia Sheinbaum - sanluisinforma.com\",\"isPartOf\":{\"@id\":\"https:\/\/sanluisinforma.com\/#website\"},\"primaryImageOfPage\":{\"@id\":\"https:\/\/sanluisinforma.com\/?p=10430#primaryimage\"},\"image\":{\"@id\":\"https:\/\/sanluisinforma.com\/?p=10430#primaryimage\"},\"thumbnailUrl\":\"https:\/\/sanluisinforma.com\/wp-content\/uploads\/2025\/02\/0b965c9f-af6d-425b-9e49-b946d7c758df.jpg\",\"datePublished\":\"2025-02-16T06:45:00+00:00\",\"dateModified\":\"2025-02-16T04:18:18+00:00\",\"breadcrumb\":{\"@id\":\"https:\/\/sanluisinforma.com\/?p=10430#breadcrumb\"},\"inLanguage\":\"es\",\"potentialAction\":[{\"@type\":\"ReadAction\",\"target\":[\"https:\/\/sanluisinforma.com\/?p=10430\"]}]},{\"@type\":\"ImageObject\",\"inLanguage\":\"es\",\"@id\":\"https:\/\/sanluisinforma.com\/?p=10430#primaryimage\",\"url\":\"https:\/\/sanluisinforma.com\/wp-content\/uploads\/2025\/02\/0b965c9f-af6d-425b-9e49-b946d7c758df.jpg\",\"contentUrl\":\"https:\/\/sanluisinforma.com\/wp-content\/uploads\/2025\/02\/0b965c9f-af6d-425b-9e49-b946d7c758df.jpg\",\"width\":480,\"height\":319},{\"@type\":\"BreadcrumbList\",\"@id\":\"https:\/\/sanluisinforma.com\/?p=10430#breadcrumb\",\"itemListElement\":[{\"@type\":\"ListItem\",\"position\":1,\"name\":\"Inicio\",\"item\":\"https:\/\/sanluisinforma.com\/\"},{\"@type\":\"ListItem\",\"position\":2,\"name\":\"\u201cA los Mexicanos y a las Mexicanas se nos ve como iguales, nunca de arriba a bajo\u201d : Presidenta\u00a0 Claudia Sheinbaum\"}]},{\"@type\":\"WebSite\",\"@id\":\"https:\/\/sanluisinforma.com\/#website\",\"url\":\"https:\/\/sanluisinforma.com\/\",\"name\":\"sanluisinforma.com\",\"description\":\"Periodico San Luis Informa\",\"publisher\":{\"@id\":\"https:\/\/sanluisinforma.com\/#organization\"},\"potentialAction\":[{\"@type\":\"SearchAction\",\"target\":{\"@type\":\"EntryPoint\",\"urlTemplate\":\"https:\/\/sanluisinforma.com\/?s={search_term_string}\"},\"query-input\":{\"@type\":\"PropertyValueSpecification\",\"valueRequired\":true,\"valueName\":\"search_term_string\"}}],\"inLanguage\":\"es\"},{\"@type\":\"Organization\",\"@id\":\"https:\/\/sanluisinforma.com\/#organization\",\"name\":\"sanluisinforma.com\",\"url\":\"https:\/\/sanluisinforma.com\/\",\"logo\":{\"@type\":\"ImageObject\",\"inLanguage\":\"es\",\"@id\":\"https:\/\/sanluisinforma.com\/#\/schema\/logo\/image\/\",\"url\":\"https:\/\/sanluisinforma.com\/wp-content\/uploads\/2026\/03\/sanluisinforma-V.jpg\",\"contentUrl\":\"https:\/\/sanluisinforma.com\/wp-content\/uploads\/2026\/03\/sanluisinforma-V.jpg\",\"width\":500,\"height\":156,\"caption\":\"sanluisinforma.com\"},\"image\":{\"@id\":\"https:\/\/sanluisinforma.com\/#\/schema\/logo\/image\/\"}},{\"@type\":\"Person\",\"@id\":\"https:\/\/sanluisinforma.com\/#\/schema\/person\/c30648f71476be533b6f59d092905c8b\",\"name\":\"sanluisinforma.com\",\"image\":{\"@type\":\"ImageObject\",\"inLanguage\":\"es\",\"@id\":\"https:\/\/sanluisinforma.com\/#\/schema\/person\/image\/\",\"url\":\"https:\/\/secure.gravatar.com\/avatar\/86e3114e34a1eecefb963e0a02f0093f93b092dddb2fe1517596343751081a87?s=96&d=mm&r=g\",\"contentUrl\":\"https:\/\/secure.gravatar.com\/avatar\/86e3114e34a1eecefb963e0a02f0093f93b092dddb2fe1517596343751081a87?s=96&d=mm&r=g\",\"caption\":\"sanluisinforma.com\"},\"url\":\"https:\/\/sanluisinforma.com\/?author=2\"}]}<\/script>\n<!-- \/ Yoast SEO plugin. -->","yoast_head_json":{"title":"\u201cA los Mexicanos y a las Mexicanas se nos ve como iguales, nunca de arriba a bajo\u201d : Presidenta\u00a0 Claudia Sheinbaum - sanluisinforma.com","robots":{"index":"index","follow":"follow","max-snippet":"max-snippet:-1","max-image-preview":"max-image-preview:large","max-video-preview":"max-video-preview:-1"},"canonical":"https:\/\/sanluisinforma.com\/?p=10430","og_locale":"es_MX","og_type":"article","og_title":"\u201cA los Mexicanos y a las Mexicanas se nos ve como iguales, nunca de arriba a bajo\u201d : Presidenta\u00a0 Claudia Sheinbaum - sanluisinforma.com","og_description":"En Veracruz son 870 mil los derechohabientes del programa de Pensi\u00f3n para el Bienestar de las Personas Adultas Mayores &nbsp;\u201cVamos","og_url":"https:\/\/sanluisinforma.com\/?p=10430","og_site_name":"sanluisinforma.com","article_published_time":"2025-02-16T06:45:00+00:00","article_modified_time":"2025-02-16T04:18:18+00:00","og_image":[{"width":480,"height":319,"url":"https:\/\/sanluisinforma.com\/wp-content\/uploads\/2025\/02\/0b965c9f-af6d-425b-9e49-b946d7c758df.jpg","type":"image\/jpeg"}],"author":"sanluisinforma.com","twitter_card":"summary_large_image","twitter_misc":{"Escrito por":"sanluisinforma.com","Tiempo de lectura":"3 minutos"},"schema":{"@context":"https:\/\/schema.org","@graph":[{"@type":"Article","@id":"https:\/\/sanluisinforma.com\/?p=10430#article","isPartOf":{"@id":"https:\/\/sanluisinforma.com\/?p=10430"},"author":{"name":"sanluisinforma.com","@id":"https:\/\/sanluisinforma.com\/#\/schema\/person\/c30648f71476be533b6f59d092905c8b"},"headline":"\u201cA los Mexicanos y a las Mexicanas se nos ve como iguales, nunca de arriba a bajo\u201d : Presidenta\u00a0 Claudia Sheinbaum","datePublished":"2025-02-16T06:45:00+00:00","dateModified":"2025-02-16T04:18:18+00:00","mainEntityOfPage":{"@id":"https:\/\/sanluisinforma.com\/?p=10430"},"wordCount":460,"publisher":{"@id":"https:\/\/sanluisinforma.com\/#organization"},"image":{"@id":"https:\/\/sanluisinforma.com\/?p=10430#primaryimage"},"thumbnailUrl":"https:\/\/sanluisinforma.com\/wp-content\/uploads\/2025\/02\/0b965c9f-af6d-425b-9e49-b946d7c758df.jpg","articleSection":["Local","Nacional"],"inLanguage":"es"},{"@type":"WebPage","@id":"https:\/\/sanluisinforma.com\/?p=10430","url":"https:\/\/sanluisinforma.com\/?p=10430","name":"\u201cA los Mexicanos y a las Mexicanas se nos ve como iguales, nunca de arriba a bajo\u201d : Presidenta\u00a0 Claudia Sheinbaum - sanluisinforma.com","isPartOf":{"@id":"https:\/\/sanluisinforma.com\/#website"},"primaryImageOfPage":{"@id":"https:\/\/sanluisinforma.com\/?p=10430#primaryimage"},"image":{"@id":"https:\/\/sanluisinforma.com\/?p=10430#primaryimage"},"thumbnailUrl":"https:\/\/sanluisinforma.com\/wp-content\/uploads\/2025\/02\/0b965c9f-af6d-425b-9e49-b946d7c758df.jpg","datePublished":"2025-02-16T06:45:00+00:00","dateModified":"2025-02-16T04:18:18+00:00","breadcrumb":{"@id":"https:\/\/sanluisinforma.com\/?p=10430#breadcrumb"},"inLanguage":"es","potentialAction":[{"@type":"ReadAction","target":["https:\/\/sanluisinforma.com\/?p=10430"]}]},{"@type":"ImageObject","inLanguage":"es","@id":"https:\/\/sanluisinforma.com\/?p=10430#primaryimage","url":"https:\/\/sanluisinforma.com\/wp-content\/uploads\/2025\/02\/0b965c9f-af6d-425b-9e49-b946d7c758df.jpg","contentUrl":"https:\/\/sanluisinforma.com\/wp-content\/uploads\/2025\/02\/0b965c9f-af6d-425b-9e49-b946d7c758df.jpg","width":480,"height":319},{"@type":"BreadcrumbList","@id":"https:\/\/sanluisinforma.com\/?p=10430#breadcrumb","itemListElement":[{"@type":"ListItem","position":1,"name":"Inicio","item":"https:\/\/sanluisinforma.com\/"},{"@type":"ListItem","position":2,"name":"\u201cA los Mexicanos y a las Mexicanas se nos ve como iguales, nunca de arriba a bajo\u201d : Presidenta\u00a0 Claudia Sheinbaum"}]},{"@type":"WebSite","@id":"https:\/\/sanluisinforma.com\/#website","url":"https:\/\/sanluisinforma.com\/","name":"sanluisinforma.com","description":"Periodico San Luis Informa","publisher":{"@id":"https:\/\/sanluisinforma.com\/#organization"},"potentialAction":[{"@type":"SearchAction","target":{"@type":"EntryPoint","urlTemplate":"https:\/\/sanluisinforma.com\/?s={search_term_string}"},"query-input":{"@type":"PropertyValueSpecification","valueRequired":true,"valueName":"search_term_string"}}],"inLanguage":"es"},{"@type":"Organization","@id":"https:\/\/sanluisinforma.com\/#organization","name":"sanluisinforma.com","url":"https:\/\/sanluisinforma.com\/","logo":{"@type":"ImageObject","inLanguage":"es","@id":"https:\/\/sanluisinforma.com\/#\/schema\/logo\/image\/","url":"https:\/\/sanluisinforma.com\/wp-content\/uploads\/2026\/03\/sanluisinforma-V.jpg","contentUrl":"https:\/\/sanluisinforma.com\/wp-content\/uploads\/2026\/03\/sanluisinforma-V.jpg","width":500,"height":156,"caption":"sanluisinforma.com"},"image":{"@id":"https:\/\/sanluisinforma.com\/#\/schema\/logo\/image\/"}},{"@type":"Person","@id":"https:\/\/sanluisinforma.com\/#\/schema\/person\/c30648f71476be533b6f59d092905c8b","name":"sanluisinforma.com","image":{"@type":"ImageObject","inLanguage":"es","@id":"https:\/\/sanluisinforma.com\/#\/schema\/person\/image\/","url":"https:\/\/secure.gravatar.com\/avatar\/86e3114e34a1eecefb963e0a02f0093f93b092dddb2fe1517596343751081a87?s=96&d=mm&r=g","contentUrl":"https:\/\/secure.gravatar.com\/avatar\/86e3114e34a1eecefb963e0a02f0093f93b092dddb2fe1517596343751081a87?s=96&d=mm&r=g","caption":"sanluisinforma.com"},"url":"https:\/\/sanluisinforma.com\/?author=2"}]}},"_links":{"self":[{"href":"https:\/\/sanluisinforma.com\/index.php?rest_route=\/wp\/v2\/posts\/10430","targetHints":{"allow":["GET"]}}],"collection":[{"href":"https:\/\/sanluisinforma.com\/index.php?rest_route=\/wp\/v2\/posts"}],"about":[{"href":"https:\/\/sanluisinforma.com\/index.php?rest_route=\/wp\/v2\/types\/post"}],"author":[{"embeddable":true,"href":"https:\/\/sanluisinforma.com\/index.php?rest_route=\/wp\/v2\/users\/2"}],"replies":[{"embeddable":true,"href":"https:\/\/sanluisinforma.com\/index.php?rest_route=%2Fwp%2Fv2%2Fcomments&post=10430"}],"version-history":[{"count":1,"href":"https:\/\/sanluisinforma.com\/index.php?rest_route=\/wp\/v2\/posts\/10430\/revisions"}],"predecessor-version":[{"id":10432,"href":"https:\/\/sanluisinforma.com\/index.php?rest_route=\/wp\/v2\/posts\/10430\/revisions\/10432"}],"wp:featuredmedia":[{"embeddable":true,"href":"https:\/\/sanluisinforma.com\/index.php?rest_route=\/wp\/v2\/media\/10431"}],"wp:attachment":[{"href":"https:\/\/sanluisinforma.com\/index.php?rest_route=%2Fwp%2Fv2%2Fmedia&parent=10430"}],"wp:term":[{"taxonomy":"category","embeddable":true,"href":"https:\/\/sanluisinforma.com\/index.php?rest_route=%2Fwp%2Fv2%2Fcategories&post=10430"},{"taxonomy":"post_tag","embeddable":true,"href":"https:\/\/sanluisinforma.com\/index.php?rest_route=%2Fwp%2Fv2%2Ftags&post=10430"}],"curies":[{"name":"wp","href":"https:\/\/api.w.org\/{rel}","templated":true}]}}