{"id":10437,"date":"2025-02-16T00:55:00","date_gmt":"2025-02-16T06:55:00","guid":{"rendered":"https:\/\/sanluisinforma.com\/?p=10437"},"modified":"2025-02-15T22:29:08","modified_gmt":"2025-02-16T04:29:08","slug":"arena-potosi-sera-sede-de-convencion-nacional-de-la-iglesia-pentecostal","status":"publish","type":"post","link":"https:\/\/sanluisinforma.com\/?p=10437","title":{"rendered":"Arena Potos\u00ed \u00a0ser\u00e1 Sede de Convenci\u00f3n Nacional de la Iglesia Pentecostal"},"content":{"rendered":"\n<p><\/p>\n\n\n\n<p>Este evento tendr\u00e1 lugar en agosto y dejar\u00e1 una importante derrama econ\u00f3mica para el Estado<\/p>\n\n\n\n<p>San Luis Potos\u00ed se sigue afianzando como centro de espect\u00e1culos y convenciones de talla nacional e internacional, tras confirmarse que la Arena Potos\u00ed recibir\u00e1 la convenci\u00f3n nacional de la Iglesia Pentecostal Unida de M\u00e9xico (IPUM), del 1 al 3 de agosto del 2025 contando con asistentes de toda la Rep\u00fablica Mexicana y pa\u00edses como Estados Unidos, Canad\u00e1 y de Sudam\u00e9rica.<\/p>\n\n\n\n<p>Acorde con la instrucci\u00f3n del Gobernador Ricardo Gallardo Cardona de acercar m\u00e1s apoyo y promover a San Luis Potos\u00ed como un anfitri\u00f3n de primer nivel para eventos de todo tipo, este evento contar\u00e1 con la presencia de m\u00e1s de 15 mil asistentes, inform\u00f3 el titular de la Arena Potos\u00ed, Cristopher P\u00e9rez Vargas.<\/p>\n\n\n\n<p>En la convenci\u00f3n estar\u00e1 presente el obispo presidente Steven Drost e incluir\u00e1 un programa de conferencias internacionales, al igual que otras actividades que integran una agenda muy completa para las y los asistentes.<\/p>\n\n\n\n<p>De esta forma, la majestuosa Arena Potos\u00ed se sigue posicionando como el escenario de los m\u00e1s grandes eventos, atrayendo la atenci\u00f3n de todas y todos gracias a unas instalaciones que igualan a los recintos m\u00e1s reconocidos a nivel mundial, ofreciendo una experiencia \u00fanica.<\/p>\n\n\n\n<p><\/p>\n","protected":false},"excerpt":{"rendered":"<p>Este evento tendr\u00e1 lugar en agosto y dejar\u00e1 una importante derrama econ\u00f3mica para el Estado San Luis Potos\u00ed se sigue<\/p>\n","protected":false},"author":2,"featured_media":10438,"comment_status":"closed","ping_status":"closed","sticky":false,"template":"","format":"standard","meta":{"footnotes":""},"categories":[25,30],"tags":[],"class_list":["post-10437","post","type-post","status-publish","format-standard","has-post-thumbnail","hentry","category-local","category-portada"],"yoast_head":"<!-- This site is optimized with the Yoast SEO plugin v24.1 - https:\/\/yoast.com\/wordpress\/plugins\/seo\/ -->\n<title>Arena Potos\u00ed \u00a0ser\u00e1 Sede de Convenci\u00f3n Nacional de la Iglesia Pentecostal - sanluisinforma.com<\/title>\n<meta name=\"robots\" content=\"index, follow, max-snippet:-1, max-image-preview:large, max-video-preview:-1\" \/>\n<link rel=\"canonical\" href=\"https:\/\/sanluisinforma.com\/?p=10437\" \/>\n<meta property=\"og:locale\" content=\"es_MX\" \/>\n<meta property=\"og:type\" content=\"article\" \/>\n<meta property=\"og:title\" content=\"Arena Potos\u00ed \u00a0ser\u00e1 Sede de Convenci\u00f3n Nacional de la Iglesia Pentecostal - sanluisinforma.com\" \/>\n<meta property=\"og:description\" content=\"Este evento tendr\u00e1 lugar en agosto y dejar\u00e1 una importante derrama econ\u00f3mica para el Estado San Luis Potos\u00ed se sigue\" \/>\n<meta property=\"og:url\" content=\"https:\/\/sanluisinforma.com\/?p=10437\" \/>\n<meta property=\"og:site_name\" content=\"sanluisinforma.com\" \/>\n<meta property=\"article:published_time\" content=\"2025-02-16T06:55:00+00:00\" \/>\n<meta property=\"article:modified_time\" content=\"2025-02-16T04:29:08+00:00\" \/>\n<meta property=\"og:image\" content=\"https:\/\/sanluisinforma.com\/wp-content\/uploads\/2025\/02\/17c0ef36-d8d0-4898-92bc-e73397f2f5e6.jpg\" \/>\n\t<meta property=\"og:image:width\" content=\"480\" \/>\n\t<meta property=\"og:image:height\" content=\"360\" \/>\n\t<meta property=\"og:image:type\" content=\"image\/jpeg\" \/>\n<meta name=\"author\" content=\"sanluisinforma.com\" \/>\n<meta name=\"twitter:card\" content=\"summary_large_image\" \/>\n<meta name=\"twitter:label1\" content=\"Escrito por\" \/>\n\t<meta name=\"twitter:data1\" content=\"sanluisinforma.com\" \/>\n\t<meta name=\"twitter:label2\" content=\"Tiempo de lectura\" \/>\n\t<meta name=\"twitter:data2\" content=\"2 minutos\" \/>\n<script type=\"application\/ld+json\" class=\"yoast-schema-graph\">{\"@context\":\"https:\/\/schema.org\",\"@graph\":[{\"@type\":\"Article\",\"@id\":\"https:\/\/sanluisinforma.com\/?p=10437#article\",\"isPartOf\":{\"@id\":\"https:\/\/sanluisinforma.com\/?p=10437\"},\"author\":{\"name\":\"sanluisinforma.com\",\"@id\":\"https:\/\/sanluisinforma.com\/#\/schema\/person\/c30648f71476be533b6f59d092905c8b\"},\"headline\":\"Arena Potos\u00ed \u00a0ser\u00e1 Sede de Convenci\u00f3n Nacional de la Iglesia Pentecostal\",\"datePublished\":\"2025-02-16T06:55:00+00:00\",\"dateModified\":\"2025-02-16T04:29:08+00:00\",\"mainEntityOfPage\":{\"@id\":\"https:\/\/sanluisinforma.com\/?p=10437\"},\"wordCount\":227,\"publisher\":{\"@id\":\"https:\/\/sanluisinforma.com\/#organization\"},\"image\":{\"@id\":\"https:\/\/sanluisinforma.com\/?p=10437#primaryimage\"},\"thumbnailUrl\":\"https:\/\/sanluisinforma.com\/wp-content\/uploads\/2025\/02\/17c0ef36-d8d0-4898-92bc-e73397f2f5e6.jpg\",\"articleSection\":[\"Local\",\"Portada\"],\"inLanguage\":\"es\"},{\"@type\":\"WebPage\",\"@id\":\"https:\/\/sanluisinforma.com\/?p=10437\",\"url\":\"https:\/\/sanluisinforma.com\/?p=10437\",\"name\":\"Arena Potos\u00ed \u00a0ser\u00e1 Sede de Convenci\u00f3n Nacional de la Iglesia Pentecostal - sanluisinforma.com\",\"isPartOf\":{\"@id\":\"https:\/\/sanluisinforma.com\/#website\"},\"primaryImageOfPage\":{\"@id\":\"https:\/\/sanluisinforma.com\/?p=10437#primaryimage\"},\"image\":{\"@id\":\"https:\/\/sanluisinforma.com\/?p=10437#primaryimage\"},\"thumbnailUrl\":\"https:\/\/sanluisinforma.com\/wp-content\/uploads\/2025\/02\/17c0ef36-d8d0-4898-92bc-e73397f2f5e6.jpg\",\"datePublished\":\"2025-02-16T06:55:00+00:00\",\"dateModified\":\"2025-02-16T04:29:08+00:00\",\"breadcrumb\":{\"@id\":\"https:\/\/sanluisinforma.com\/?p=10437#breadcrumb\"},\"inLanguage\":\"es\",\"potentialAction\":[{\"@type\":\"ReadAction\",\"target\":[\"https:\/\/sanluisinforma.com\/?p=10437\"]}]},{\"@type\":\"ImageObject\",\"inLanguage\":\"es\",\"@id\":\"https:\/\/sanluisinforma.com\/?p=10437#primaryimage\",\"url\":\"https:\/\/sanluisinforma.com\/wp-content\/uploads\/2025\/02\/17c0ef36-d8d0-4898-92bc-e73397f2f5e6.jpg\",\"contentUrl\":\"https:\/\/sanluisinforma.com\/wp-content\/uploads\/2025\/02\/17c0ef36-d8d0-4898-92bc-e73397f2f5e6.jpg\",\"width\":480,\"height\":360},{\"@type\":\"BreadcrumbList\",\"@id\":\"https:\/\/sanluisinforma.com\/?p=10437#breadcrumb\",\"itemListElement\":[{\"@type\":\"ListItem\",\"position\":1,\"name\":\"Inicio\",\"item\":\"https:\/\/sanluisinforma.com\/\"},{\"@type\":\"ListItem\",\"position\":2,\"name\":\"Arena Potos\u00ed \u00a0ser\u00e1 Sede de Convenci\u00f3n Nacional de la Iglesia Pentecostal\"}]},{\"@type\":\"WebSite\",\"@id\":\"https:\/\/sanluisinforma.com\/#website\",\"url\":\"https:\/\/sanluisinforma.com\/\",\"name\":\"sanluisinforma.com\",\"description\":\"Periodico San Luis Informa\",\"publisher\":{\"@id\":\"https:\/\/sanluisinforma.com\/#organization\"},\"potentialAction\":[{\"@type\":\"SearchAction\",\"target\":{\"@type\":\"EntryPoint\",\"urlTemplate\":\"https:\/\/sanluisinforma.com\/?s={search_term_string}\"},\"query-input\":{\"@type\":\"PropertyValueSpecification\",\"valueRequired\":true,\"valueName\":\"search_term_string\"}}],\"inLanguage\":\"es\"},{\"@type\":\"Organization\",\"@id\":\"https:\/\/sanluisinforma.com\/#organization\",\"name\":\"sanluisinforma.com\",\"url\":\"https:\/\/sanluisinforma.com\/\",\"logo\":{\"@type\":\"ImageObject\",\"inLanguage\":\"es\",\"@id\":\"https:\/\/sanluisinforma.com\/#\/schema\/logo\/image\/\",\"url\":\"https:\/\/sanluisinforma.com\/wp-content\/uploads\/2026\/03\/sanluisinforma-V.jpg\",\"contentUrl\":\"https:\/\/sanluisinforma.com\/wp-content\/uploads\/2026\/03\/sanluisinforma-V.jpg\",\"width\":500,\"height\":156,\"caption\":\"sanluisinforma.com\"},\"image\":{\"@id\":\"https:\/\/sanluisinforma.com\/#\/schema\/logo\/image\/\"}},{\"@type\":\"Person\",\"@id\":\"https:\/\/sanluisinforma.com\/#\/schema\/person\/c30648f71476be533b6f59d092905c8b\",\"name\":\"sanluisinforma.com\",\"image\":{\"@type\":\"ImageObject\",\"inLanguage\":\"es\",\"@id\":\"https:\/\/sanluisinforma.com\/#\/schema\/person\/image\/\",\"url\":\"https:\/\/secure.gravatar.com\/avatar\/86e3114e34a1eecefb963e0a02f0093f93b092dddb2fe1517596343751081a87?s=96&d=mm&r=g\",\"contentUrl\":\"https:\/\/secure.gravatar.com\/avatar\/86e3114e34a1eecefb963e0a02f0093f93b092dddb2fe1517596343751081a87?s=96&d=mm&r=g\",\"caption\":\"sanluisinforma.com\"},\"url\":\"https:\/\/sanluisinforma.com\/?author=2\"}]}<\/script>\n<!-- \/ Yoast SEO plugin. -->","yoast_head_json":{"title":"Arena Potos\u00ed \u00a0ser\u00e1 Sede de Convenci\u00f3n Nacional de la Iglesia Pentecostal - sanluisinforma.com","robots":{"index":"index","follow":"follow","max-snippet":"max-snippet:-1","max-image-preview":"max-image-preview:large","max-video-preview":"max-video-preview:-1"},"canonical":"https:\/\/sanluisinforma.com\/?p=10437","og_locale":"es_MX","og_type":"article","og_title":"Arena Potos\u00ed \u00a0ser\u00e1 Sede de Convenci\u00f3n Nacional de la Iglesia Pentecostal - sanluisinforma.com","og_description":"Este evento tendr\u00e1 lugar en agosto y dejar\u00e1 una importante derrama econ\u00f3mica para el Estado San Luis Potos\u00ed se sigue","og_url":"https:\/\/sanluisinforma.com\/?p=10437","og_site_name":"sanluisinforma.com","article_published_time":"2025-02-16T06:55:00+00:00","article_modified_time":"2025-02-16T04:29:08+00:00","og_image":[{"width":480,"height":360,"url":"https:\/\/sanluisinforma.com\/wp-content\/uploads\/2025\/02\/17c0ef36-d8d0-4898-92bc-e73397f2f5e6.jpg","type":"image\/jpeg"}],"author":"sanluisinforma.com","twitter_card":"summary_large_image","twitter_misc":{"Escrito por":"sanluisinforma.com","Tiempo de lectura":"2 minutos"},"schema":{"@context":"https:\/\/schema.org","@graph":[{"@type":"Article","@id":"https:\/\/sanluisinforma.com\/?p=10437#article","isPartOf":{"@id":"https:\/\/sanluisinforma.com\/?p=10437"},"author":{"name":"sanluisinforma.com","@id":"https:\/\/sanluisinforma.com\/#\/schema\/person\/c30648f71476be533b6f59d092905c8b"},"headline":"Arena Potos\u00ed \u00a0ser\u00e1 Sede de Convenci\u00f3n Nacional de la Iglesia Pentecostal","datePublished":"2025-02-16T06:55:00+00:00","dateModified":"2025-02-16T04:29:08+00:00","mainEntityOfPage":{"@id":"https:\/\/sanluisinforma.com\/?p=10437"},"wordCount":227,"publisher":{"@id":"https:\/\/sanluisinforma.com\/#organization"},"image":{"@id":"https:\/\/sanluisinforma.com\/?p=10437#primaryimage"},"thumbnailUrl":"https:\/\/sanluisinforma.com\/wp-content\/uploads\/2025\/02\/17c0ef36-d8d0-4898-92bc-e73397f2f5e6.jpg","articleSection":["Local","Portada"],"inLanguage":"es"},{"@type":"WebPage","@id":"https:\/\/sanluisinforma.com\/?p=10437","url":"https:\/\/sanluisinforma.com\/?p=10437","name":"Arena Potos\u00ed \u00a0ser\u00e1 Sede de Convenci\u00f3n Nacional de la Iglesia Pentecostal - sanluisinforma.com","isPartOf":{"@id":"https:\/\/sanluisinforma.com\/#website"},"primaryImageOfPage":{"@id":"https:\/\/sanluisinforma.com\/?p=10437#primaryimage"},"image":{"@id":"https:\/\/sanluisinforma.com\/?p=10437#primaryimage"},"thumbnailUrl":"https:\/\/sanluisinforma.com\/wp-content\/uploads\/2025\/02\/17c0ef36-d8d0-4898-92bc-e73397f2f5e6.jpg","datePublished":"2025-02-16T06:55:00+00:00","dateModified":"2025-02-16T04:29:08+00:00","breadcrumb":{"@id":"https:\/\/sanluisinforma.com\/?p=10437#breadcrumb"},"inLanguage":"es","potentialAction":[{"@type":"ReadAction","target":["https:\/\/sanluisinforma.com\/?p=10437"]}]},{"@type":"ImageObject","inLanguage":"es","@id":"https:\/\/sanluisinforma.com\/?p=10437#primaryimage","url":"https:\/\/sanluisinforma.com\/wp-content\/uploads\/2025\/02\/17c0ef36-d8d0-4898-92bc-e73397f2f5e6.jpg","contentUrl":"https:\/\/sanluisinforma.com\/wp-content\/uploads\/2025\/02\/17c0ef36-d8d0-4898-92bc-e73397f2f5e6.jpg","width":480,"height":360},{"@type":"BreadcrumbList","@id":"https:\/\/sanluisinforma.com\/?p=10437#breadcrumb","itemListElement":[{"@type":"ListItem","position":1,"name":"Inicio","item":"https:\/\/sanluisinforma.com\/"},{"@type":"ListItem","position":2,"name":"Arena Potos\u00ed \u00a0ser\u00e1 Sede de Convenci\u00f3n Nacional de la Iglesia Pentecostal"}]},{"@type":"WebSite","@id":"https:\/\/sanluisinforma.com\/#website","url":"https:\/\/sanluisinforma.com\/","name":"sanluisinforma.com","description":"Periodico San Luis Informa","publisher":{"@id":"https:\/\/sanluisinforma.com\/#organization"},"potentialAction":[{"@type":"SearchAction","target":{"@type":"EntryPoint","urlTemplate":"https:\/\/sanluisinforma.com\/?s={search_term_string}"},"query-input":{"@type":"PropertyValueSpecification","valueRequired":true,"valueName":"search_term_string"}}],"inLanguage":"es"},{"@type":"Organization","@id":"https:\/\/sanluisinforma.com\/#organization","name":"sanluisinforma.com","url":"https:\/\/sanluisinforma.com\/","logo":{"@type":"ImageObject","inLanguage":"es","@id":"https:\/\/sanluisinforma.com\/#\/schema\/logo\/image\/","url":"https:\/\/sanluisinforma.com\/wp-content\/uploads\/2026\/03\/sanluisinforma-V.jpg","contentUrl":"https:\/\/sanluisinforma.com\/wp-content\/uploads\/2026\/03\/sanluisinforma-V.jpg","width":500,"height":156,"caption":"sanluisinforma.com"},"image":{"@id":"https:\/\/sanluisinforma.com\/#\/schema\/logo\/image\/"}},{"@type":"Person","@id":"https:\/\/sanluisinforma.com\/#\/schema\/person\/c30648f71476be533b6f59d092905c8b","name":"sanluisinforma.com","image":{"@type":"ImageObject","inLanguage":"es","@id":"https:\/\/sanluisinforma.com\/#\/schema\/person\/image\/","url":"https:\/\/secure.gravatar.com\/avatar\/86e3114e34a1eecefb963e0a02f0093f93b092dddb2fe1517596343751081a87?s=96&d=mm&r=g","contentUrl":"https:\/\/secure.gravatar.com\/avatar\/86e3114e34a1eecefb963e0a02f0093f93b092dddb2fe1517596343751081a87?s=96&d=mm&r=g","caption":"sanluisinforma.com"},"url":"https:\/\/sanluisinforma.com\/?author=2"}]}},"_links":{"self":[{"href":"https:\/\/sanluisinforma.com\/index.php?rest_route=\/wp\/v2\/posts\/10437","targetHints":{"allow":["GET"]}}],"collection":[{"href":"https:\/\/sanluisinforma.com\/index.php?rest_route=\/wp\/v2\/posts"}],"about":[{"href":"https:\/\/sanluisinforma.com\/index.php?rest_route=\/wp\/v2\/types\/post"}],"author":[{"embeddable":true,"href":"https:\/\/sanluisinforma.com\/index.php?rest_route=\/wp\/v2\/users\/2"}],"replies":[{"embeddable":true,"href":"https:\/\/sanluisinforma.com\/index.php?rest_route=%2Fwp%2Fv2%2Fcomments&post=10437"}],"version-history":[{"count":1,"href":"https:\/\/sanluisinforma.com\/index.php?rest_route=\/wp\/v2\/posts\/10437\/revisions"}],"predecessor-version":[{"id":10439,"href":"https:\/\/sanluisinforma.com\/index.php?rest_route=\/wp\/v2\/posts\/10437\/revisions\/10439"}],"wp:featuredmedia":[{"embeddable":true,"href":"https:\/\/sanluisinforma.com\/index.php?rest_route=\/wp\/v2\/media\/10438"}],"wp:attachment":[{"href":"https:\/\/sanluisinforma.com\/index.php?rest_route=%2Fwp%2Fv2%2Fmedia&parent=10437"}],"wp:term":[{"taxonomy":"category","embeddable":true,"href":"https:\/\/sanluisinforma.com\/index.php?rest_route=%2Fwp%2Fv2%2Fcategories&post=10437"},{"taxonomy":"post_tag","embeddable":true,"href":"https:\/\/sanluisinforma.com\/index.php?rest_route=%2Fwp%2Fv2%2Ftags&post=10437"}],"curies":[{"name":"wp","href":"https:\/\/api.w.org\/{rel}","templated":true}]}}