{"id":10441,"date":"2025-02-17T00:50:00","date_gmt":"2025-02-17T06:50:00","guid":{"rendered":"https:\/\/sanluisinforma.com\/?p=10441"},"modified":"2025-02-16T19:55:27","modified_gmt":"2025-02-17T01:55:27","slug":"gran-exito-la-carrera-atletica-yo-amo-correr-juntos-del-gobierno-de-la-capital","status":"publish","type":"post","link":"https:\/\/sanluisinforma.com\/?p=10441","title":{"rendered":"Gran \u00e9xito la carrera atl\u00e9tica \u201cYo Amo Correr Juntos\u201d del Gobierno de la Capital\u00a0\u00a0\u00a0\u00a0"},"content":{"rendered":"\n<p><\/p>\n\n\n\n<ul class=\"wp-block-list\">\n<li>M\u00e1s de 2 mil atletas tomaron la salida la ma\u00f1ana de este domingo, tras el banderazo de arranque a cargo del presidente municipal Enrique Galindo.\u00a0\u00a0<\/li>\n<\/ul>\n\n\n\n<p>San Luis Potos\u00ed.\u2013 La pareja de Aid\u00e9 Laura Hern\u00e1ndez y Pedro Isaac Medina se llev\u00f3 la victoria absoluta en los 8 kil\u00f3metros de la carrera atl\u00e9tica denominada \u201cYo Amo Correr Juntos\u201d, a cargo del Gobierno de la Capital y donde participaron m\u00e1s de 2 mil atletas. El Alcalde Enrique Galindo Ceballos dio las palabras de bienvenida a los atletas y mencion\u00f3 que el apoyo al deporte continuar\u00e1 con eventos como \u00e9ste, donde se impulsa la activaci\u00f3n f\u00edsica.<\/p>\n\n\n\n<p>En el arranque de la carrera participaron tambi\u00e9n la maestra Estela Arriaga M\u00e1rquez, Presidenta del Sistema Municipal DIF; el Director de Deporte Municipal, Luis Fernando Alonso y las Regidoras Margarita Hern\u00e1ndez Fiscal, as\u00ed como Maritza Jenith V\u00e1zquez, quienes dieron el conteo regresivo para la competencia en medio de un colorido y un ambiente extraordinario.&nbsp;<\/p>\n\n\n\n<p>En punto de las 8:00 de la ma\u00f1ana arranc\u00f3 el primer contingente, encabezado por atletas en silla de ruedas, para luego dar paso a los corredores de las distancias de 8 y 5 kil\u00f3metros.<\/p>\n\n\n\n<p>Los ganadores absolutos fueron los siguientes, de acuerdo a su distancia y la categor\u00eda establecida.<\/p>\n\n\n\n<p>8 KIL\u00d3METROS MIXTO (HOMBRE-MUJER)<\/p>\n\n\n\n<p><a><\/a>1.- Aid\u00e9 Laura Hern\u00e1ndez \/Pedro Isaac Medina con tiempo de 32 minutos y 53 segundos. 2.- Mar\u00eda Margarita P\u00e9rez\/Juan Miguel Chavarr\u00eda con tiempo de 35:48. 3.- Mois\u00e9s L\u00f3pez \/Mar\u00eda Teresa Villegas con 36:30.<\/p>\n\n\n\n<p>8 KIL\u00d3METROS VARONIL (HOMBRE-HOMBRE)<\/p>\n\n\n\n<p>1.- Aar\u00f3n de Jes\u00fas Gonz\u00e1lez\/Horacio Gonz\u00e1lez con tiempo de 36: 06. 2.- Israel Yair Mori\/\u00c1ngel Hern\u00e1ndez con tiempo de 36: 52. 3.- Isa\u00edas Ortiz\/Luis Humberto Trist\u00e1n con tiempo de 40:29.<\/p>\n\n\n\n<p>8 KIL\u00d3METROS FEMENIL (MUJER-MUJER)<\/p>\n\n\n\n<p>1.- Mar\u00eda Fernanda Briones\/F\u00e1tima Ch\u00e1vez con tiempo de 42:06. 2.- Nancy Yareli Briones\/Diana L\u00f3pez con tiempo de 42:14. 3.- Ana Mar\u00eda Bocanegra\/Martha Alicia Mart\u00ednez con tiempo de 43:12.<\/p>\n\n\n\n<p>5 KIL\u00d3METROS LIBRE<\/p>\n\n\n\n<p>1.- Sergio Ortiz God\u00ednez\/ Juan Manuel Tovar con tiempo de 20:43. 2.- Uriel Gustavo Enr\u00edquez\/Benjam\u00edn Reza con tiempo de 25:57. 3.- Shayla Izaguirre \/Ian Emmanuel Hern\u00e1ndez con tiempo de 26:51.<\/p>\n\n\n\n<p>5 KIL\u00d3METROS DISCAPACIDAD<\/p>\n\n\n\n<p>1.- H\u00e9ctor Cancino \/Axel Torres con tiempo de 28:33. 2.- Jos\u00e9 Leonel Aguilar \/Mar\u00eda Luisa M\u00e9ndez con tiempo de 32:29. 3.- Jos\u00e9 Alberto Arellano\/Joana Pi\u00f1a con tiempo de 51:25.<\/p>\n\n\n\n<p>Al concluir el evento se realiz\u00f3 la ceremonia de premiaci\u00f3n, en la que se entregaron trofeos y obsequios especiales a las parejas ganadoras, en medio de un ambiente extraordinario en el que las familias potosinas disfrutaron de un gran domingo realizando actividad f\u00edsica.<\/p>\n","protected":false},"excerpt":{"rendered":"<p>San Luis Potos\u00ed.\u2013 La pareja de Aid\u00e9 Laura Hern\u00e1ndez y Pedro Isaac Medina se llev\u00f3 la victoria absoluta en los<\/p>\n","protected":false},"author":2,"featured_media":10442,"comment_status":"closed","ping_status":"closed","sticky":false,"template":"","format":"standard","meta":{"footnotes":""},"categories":[30],"tags":[],"class_list":["post-10441","post","type-post","status-publish","format-standard","has-post-thumbnail","hentry","category-portada"],"yoast_head":"<!-- This site is optimized with the Yoast SEO plugin v24.1 - https:\/\/yoast.com\/wordpress\/plugins\/seo\/ -->\n<title>Gran \u00e9xito la carrera atl\u00e9tica \u201cYo Amo Correr Juntos\u201d del Gobierno de la Capital\u00a0\u00a0\u00a0\u00a0 - sanluisinforma.com<\/title>\n<meta name=\"robots\" content=\"index, follow, max-snippet:-1, max-image-preview:large, max-video-preview:-1\" \/>\n<link rel=\"canonical\" href=\"https:\/\/sanluisinforma.com\/?p=10441\" \/>\n<meta property=\"og:locale\" content=\"es_MX\" \/>\n<meta property=\"og:type\" content=\"article\" \/>\n<meta property=\"og:title\" content=\"Gran \u00e9xito la carrera atl\u00e9tica \u201cYo Amo Correr Juntos\u201d del Gobierno de la Capital\u00a0\u00a0\u00a0\u00a0 - sanluisinforma.com\" \/>\n<meta property=\"og:description\" content=\"San Luis Potos\u00ed.\u2013 La pareja de Aid\u00e9 Laura Hern\u00e1ndez y Pedro Isaac Medina se llev\u00f3 la victoria absoluta en los\" \/>\n<meta property=\"og:url\" content=\"https:\/\/sanluisinforma.com\/?p=10441\" \/>\n<meta property=\"og:site_name\" content=\"sanluisinforma.com\" \/>\n<meta property=\"article:published_time\" content=\"2025-02-17T06:50:00+00:00\" \/>\n<meta property=\"article:modified_time\" content=\"2025-02-17T01:55:27+00:00\" \/>\n<meta property=\"og:image\" content=\"https:\/\/sanluisinforma.com\/wp-content\/uploads\/2025\/02\/7a60bafb-e9e6-48f0-bd27-92c9c0a56917.jpg\" \/>\n\t<meta property=\"og:image:width\" content=\"480\" \/>\n\t<meta property=\"og:image:height\" content=\"320\" \/>\n\t<meta property=\"og:image:type\" content=\"image\/jpeg\" \/>\n<meta name=\"author\" content=\"sanluisinforma.com\" \/>\n<meta name=\"twitter:card\" content=\"summary_large_image\" \/>\n<meta name=\"twitter:label1\" content=\"Escrito por\" \/>\n\t<meta name=\"twitter:data1\" content=\"sanluisinforma.com\" \/>\n\t<meta name=\"twitter:label2\" content=\"Tiempo de lectura\" \/>\n\t<meta name=\"twitter:data2\" content=\"3 minutos\" \/>\n<script type=\"application\/ld+json\" class=\"yoast-schema-graph\">{\"@context\":\"https:\/\/schema.org\",\"@graph\":[{\"@type\":\"Article\",\"@id\":\"https:\/\/sanluisinforma.com\/?p=10441#article\",\"isPartOf\":{\"@id\":\"https:\/\/sanluisinforma.com\/?p=10441\"},\"author\":{\"name\":\"sanluisinforma.com\",\"@id\":\"https:\/\/sanluisinforma.com\/#\/schema\/person\/c30648f71476be533b6f59d092905c8b\"},\"headline\":\"Gran \u00e9xito la carrera atl\u00e9tica \u201cYo Amo Correr Juntos\u201d del Gobierno de la Capital\u00a0\u00a0\u00a0\u00a0\",\"datePublished\":\"2025-02-17T06:50:00+00:00\",\"dateModified\":\"2025-02-17T01:55:27+00:00\",\"mainEntityOfPage\":{\"@id\":\"https:\/\/sanluisinforma.com\/?p=10441\"},\"wordCount\":462,\"publisher\":{\"@id\":\"https:\/\/sanluisinforma.com\/#organization\"},\"image\":{\"@id\":\"https:\/\/sanluisinforma.com\/?p=10441#primaryimage\"},\"thumbnailUrl\":\"https:\/\/sanluisinforma.com\/wp-content\/uploads\/2025\/02\/7a60bafb-e9e6-48f0-bd27-92c9c0a56917.jpg\",\"articleSection\":[\"Portada\"],\"inLanguage\":\"es\"},{\"@type\":\"WebPage\",\"@id\":\"https:\/\/sanluisinforma.com\/?p=10441\",\"url\":\"https:\/\/sanluisinforma.com\/?p=10441\",\"name\":\"Gran \u00e9xito la carrera atl\u00e9tica \u201cYo Amo Correr Juntos\u201d del Gobierno de la Capital\u00a0\u00a0\u00a0\u00a0 - sanluisinforma.com\",\"isPartOf\":{\"@id\":\"https:\/\/sanluisinforma.com\/#website\"},\"primaryImageOfPage\":{\"@id\":\"https:\/\/sanluisinforma.com\/?p=10441#primaryimage\"},\"image\":{\"@id\":\"https:\/\/sanluisinforma.com\/?p=10441#primaryimage\"},\"thumbnailUrl\":\"https:\/\/sanluisinforma.com\/wp-content\/uploads\/2025\/02\/7a60bafb-e9e6-48f0-bd27-92c9c0a56917.jpg\",\"datePublished\":\"2025-02-17T06:50:00+00:00\",\"dateModified\":\"2025-02-17T01:55:27+00:00\",\"breadcrumb\":{\"@id\":\"https:\/\/sanluisinforma.com\/?p=10441#breadcrumb\"},\"inLanguage\":\"es\",\"potentialAction\":[{\"@type\":\"ReadAction\",\"target\":[\"https:\/\/sanluisinforma.com\/?p=10441\"]}]},{\"@type\":\"ImageObject\",\"inLanguage\":\"es\",\"@id\":\"https:\/\/sanluisinforma.com\/?p=10441#primaryimage\",\"url\":\"https:\/\/sanluisinforma.com\/wp-content\/uploads\/2025\/02\/7a60bafb-e9e6-48f0-bd27-92c9c0a56917.jpg\",\"contentUrl\":\"https:\/\/sanluisinforma.com\/wp-content\/uploads\/2025\/02\/7a60bafb-e9e6-48f0-bd27-92c9c0a56917.jpg\",\"width\":480,\"height\":320},{\"@type\":\"BreadcrumbList\",\"@id\":\"https:\/\/sanluisinforma.com\/?p=10441#breadcrumb\",\"itemListElement\":[{\"@type\":\"ListItem\",\"position\":1,\"name\":\"Inicio\",\"item\":\"https:\/\/sanluisinforma.com\/\"},{\"@type\":\"ListItem\",\"position\":2,\"name\":\"Gran \u00e9xito la carrera atl\u00e9tica \u201cYo Amo Correr Juntos\u201d del Gobierno de la Capital\u00a0\u00a0\u00a0\u00a0\"}]},{\"@type\":\"WebSite\",\"@id\":\"https:\/\/sanluisinforma.com\/#website\",\"url\":\"https:\/\/sanluisinforma.com\/\",\"name\":\"sanluisinforma.com\",\"description\":\"Periodico San Luis Informa\",\"publisher\":{\"@id\":\"https:\/\/sanluisinforma.com\/#organization\"},\"potentialAction\":[{\"@type\":\"SearchAction\",\"target\":{\"@type\":\"EntryPoint\",\"urlTemplate\":\"https:\/\/sanluisinforma.com\/?s={search_term_string}\"},\"query-input\":{\"@type\":\"PropertyValueSpecification\",\"valueRequired\":true,\"valueName\":\"search_term_string\"}}],\"inLanguage\":\"es\"},{\"@type\":\"Organization\",\"@id\":\"https:\/\/sanluisinforma.com\/#organization\",\"name\":\"sanluisinforma.com\",\"url\":\"https:\/\/sanluisinforma.com\/\",\"logo\":{\"@type\":\"ImageObject\",\"inLanguage\":\"es\",\"@id\":\"https:\/\/sanluisinforma.com\/#\/schema\/logo\/image\/\",\"url\":\"https:\/\/sanluisinforma.com\/wp-content\/uploads\/2026\/03\/sanluisinforma-V.jpg\",\"contentUrl\":\"https:\/\/sanluisinforma.com\/wp-content\/uploads\/2026\/03\/sanluisinforma-V.jpg\",\"width\":500,\"height\":156,\"caption\":\"sanluisinforma.com\"},\"image\":{\"@id\":\"https:\/\/sanluisinforma.com\/#\/schema\/logo\/image\/\"}},{\"@type\":\"Person\",\"@id\":\"https:\/\/sanluisinforma.com\/#\/schema\/person\/c30648f71476be533b6f59d092905c8b\",\"name\":\"sanluisinforma.com\",\"image\":{\"@type\":\"ImageObject\",\"inLanguage\":\"es\",\"@id\":\"https:\/\/sanluisinforma.com\/#\/schema\/person\/image\/\",\"url\":\"https:\/\/secure.gravatar.com\/avatar\/86e3114e34a1eecefb963e0a02f0093f93b092dddb2fe1517596343751081a87?s=96&d=mm&r=g\",\"contentUrl\":\"https:\/\/secure.gravatar.com\/avatar\/86e3114e34a1eecefb963e0a02f0093f93b092dddb2fe1517596343751081a87?s=96&d=mm&r=g\",\"caption\":\"sanluisinforma.com\"},\"url\":\"https:\/\/sanluisinforma.com\/?author=2\"}]}<\/script>\n<!-- \/ Yoast SEO plugin. -->","yoast_head_json":{"title":"Gran \u00e9xito la carrera atl\u00e9tica \u201cYo Amo Correr Juntos\u201d del Gobierno de la Capital\u00a0\u00a0\u00a0\u00a0 - sanluisinforma.com","robots":{"index":"index","follow":"follow","max-snippet":"max-snippet:-1","max-image-preview":"max-image-preview:large","max-video-preview":"max-video-preview:-1"},"canonical":"https:\/\/sanluisinforma.com\/?p=10441","og_locale":"es_MX","og_type":"article","og_title":"Gran \u00e9xito la carrera atl\u00e9tica \u201cYo Amo Correr Juntos\u201d del Gobierno de la Capital\u00a0\u00a0\u00a0\u00a0 - sanluisinforma.com","og_description":"San Luis Potos\u00ed.\u2013 La pareja de Aid\u00e9 Laura Hern\u00e1ndez y Pedro Isaac Medina se llev\u00f3 la victoria absoluta en los","og_url":"https:\/\/sanluisinforma.com\/?p=10441","og_site_name":"sanluisinforma.com","article_published_time":"2025-02-17T06:50:00+00:00","article_modified_time":"2025-02-17T01:55:27+00:00","og_image":[{"width":480,"height":320,"url":"https:\/\/sanluisinforma.com\/wp-content\/uploads\/2025\/02\/7a60bafb-e9e6-48f0-bd27-92c9c0a56917.jpg","type":"image\/jpeg"}],"author":"sanluisinforma.com","twitter_card":"summary_large_image","twitter_misc":{"Escrito por":"sanluisinforma.com","Tiempo de lectura":"3 minutos"},"schema":{"@context":"https:\/\/schema.org","@graph":[{"@type":"Article","@id":"https:\/\/sanluisinforma.com\/?p=10441#article","isPartOf":{"@id":"https:\/\/sanluisinforma.com\/?p=10441"},"author":{"name":"sanluisinforma.com","@id":"https:\/\/sanluisinforma.com\/#\/schema\/person\/c30648f71476be533b6f59d092905c8b"},"headline":"Gran \u00e9xito la carrera atl\u00e9tica \u201cYo Amo Correr Juntos\u201d del Gobierno de la Capital\u00a0\u00a0\u00a0\u00a0","datePublished":"2025-02-17T06:50:00+00:00","dateModified":"2025-02-17T01:55:27+00:00","mainEntityOfPage":{"@id":"https:\/\/sanluisinforma.com\/?p=10441"},"wordCount":462,"publisher":{"@id":"https:\/\/sanluisinforma.com\/#organization"},"image":{"@id":"https:\/\/sanluisinforma.com\/?p=10441#primaryimage"},"thumbnailUrl":"https:\/\/sanluisinforma.com\/wp-content\/uploads\/2025\/02\/7a60bafb-e9e6-48f0-bd27-92c9c0a56917.jpg","articleSection":["Portada"],"inLanguage":"es"},{"@type":"WebPage","@id":"https:\/\/sanluisinforma.com\/?p=10441","url":"https:\/\/sanluisinforma.com\/?p=10441","name":"Gran \u00e9xito la carrera atl\u00e9tica \u201cYo Amo Correr Juntos\u201d del Gobierno de la Capital\u00a0\u00a0\u00a0\u00a0 - sanluisinforma.com","isPartOf":{"@id":"https:\/\/sanluisinforma.com\/#website"},"primaryImageOfPage":{"@id":"https:\/\/sanluisinforma.com\/?p=10441#primaryimage"},"image":{"@id":"https:\/\/sanluisinforma.com\/?p=10441#primaryimage"},"thumbnailUrl":"https:\/\/sanluisinforma.com\/wp-content\/uploads\/2025\/02\/7a60bafb-e9e6-48f0-bd27-92c9c0a56917.jpg","datePublished":"2025-02-17T06:50:00+00:00","dateModified":"2025-02-17T01:55:27+00:00","breadcrumb":{"@id":"https:\/\/sanluisinforma.com\/?p=10441#breadcrumb"},"inLanguage":"es","potentialAction":[{"@type":"ReadAction","target":["https:\/\/sanluisinforma.com\/?p=10441"]}]},{"@type":"ImageObject","inLanguage":"es","@id":"https:\/\/sanluisinforma.com\/?p=10441#primaryimage","url":"https:\/\/sanluisinforma.com\/wp-content\/uploads\/2025\/02\/7a60bafb-e9e6-48f0-bd27-92c9c0a56917.jpg","contentUrl":"https:\/\/sanluisinforma.com\/wp-content\/uploads\/2025\/02\/7a60bafb-e9e6-48f0-bd27-92c9c0a56917.jpg","width":480,"height":320},{"@type":"BreadcrumbList","@id":"https:\/\/sanluisinforma.com\/?p=10441#breadcrumb","itemListElement":[{"@type":"ListItem","position":1,"name":"Inicio","item":"https:\/\/sanluisinforma.com\/"},{"@type":"ListItem","position":2,"name":"Gran \u00e9xito la carrera atl\u00e9tica \u201cYo Amo Correr Juntos\u201d del Gobierno de la Capital\u00a0\u00a0\u00a0\u00a0"}]},{"@type":"WebSite","@id":"https:\/\/sanluisinforma.com\/#website","url":"https:\/\/sanluisinforma.com\/","name":"sanluisinforma.com","description":"Periodico San Luis Informa","publisher":{"@id":"https:\/\/sanluisinforma.com\/#organization"},"potentialAction":[{"@type":"SearchAction","target":{"@type":"EntryPoint","urlTemplate":"https:\/\/sanluisinforma.com\/?s={search_term_string}"},"query-input":{"@type":"PropertyValueSpecification","valueRequired":true,"valueName":"search_term_string"}}],"inLanguage":"es"},{"@type":"Organization","@id":"https:\/\/sanluisinforma.com\/#organization","name":"sanluisinforma.com","url":"https:\/\/sanluisinforma.com\/","logo":{"@type":"ImageObject","inLanguage":"es","@id":"https:\/\/sanluisinforma.com\/#\/schema\/logo\/image\/","url":"https:\/\/sanluisinforma.com\/wp-content\/uploads\/2026\/03\/sanluisinforma-V.jpg","contentUrl":"https:\/\/sanluisinforma.com\/wp-content\/uploads\/2026\/03\/sanluisinforma-V.jpg","width":500,"height":156,"caption":"sanluisinforma.com"},"image":{"@id":"https:\/\/sanluisinforma.com\/#\/schema\/logo\/image\/"}},{"@type":"Person","@id":"https:\/\/sanluisinforma.com\/#\/schema\/person\/c30648f71476be533b6f59d092905c8b","name":"sanluisinforma.com","image":{"@type":"ImageObject","inLanguage":"es","@id":"https:\/\/sanluisinforma.com\/#\/schema\/person\/image\/","url":"https:\/\/secure.gravatar.com\/avatar\/86e3114e34a1eecefb963e0a02f0093f93b092dddb2fe1517596343751081a87?s=96&d=mm&r=g","contentUrl":"https:\/\/secure.gravatar.com\/avatar\/86e3114e34a1eecefb963e0a02f0093f93b092dddb2fe1517596343751081a87?s=96&d=mm&r=g","caption":"sanluisinforma.com"},"url":"https:\/\/sanluisinforma.com\/?author=2"}]}},"_links":{"self":[{"href":"https:\/\/sanluisinforma.com\/index.php?rest_route=\/wp\/v2\/posts\/10441","targetHints":{"allow":["GET"]}}],"collection":[{"href":"https:\/\/sanluisinforma.com\/index.php?rest_route=\/wp\/v2\/posts"}],"about":[{"href":"https:\/\/sanluisinforma.com\/index.php?rest_route=\/wp\/v2\/types\/post"}],"author":[{"embeddable":true,"href":"https:\/\/sanluisinforma.com\/index.php?rest_route=\/wp\/v2\/users\/2"}],"replies":[{"embeddable":true,"href":"https:\/\/sanluisinforma.com\/index.php?rest_route=%2Fwp%2Fv2%2Fcomments&post=10441"}],"version-history":[{"count":1,"href":"https:\/\/sanluisinforma.com\/index.php?rest_route=\/wp\/v2\/posts\/10441\/revisions"}],"predecessor-version":[{"id":10443,"href":"https:\/\/sanluisinforma.com\/index.php?rest_route=\/wp\/v2\/posts\/10441\/revisions\/10443"}],"wp:featuredmedia":[{"embeddable":true,"href":"https:\/\/sanluisinforma.com\/index.php?rest_route=\/wp\/v2\/media\/10442"}],"wp:attachment":[{"href":"https:\/\/sanluisinforma.com\/index.php?rest_route=%2Fwp%2Fv2%2Fmedia&parent=10441"}],"wp:term":[{"taxonomy":"category","embeddable":true,"href":"https:\/\/sanluisinforma.com\/index.php?rest_route=%2Fwp%2Fv2%2Fcategories&post=10441"},{"taxonomy":"post_tag","embeddable":true,"href":"https:\/\/sanluisinforma.com\/index.php?rest_route=%2Fwp%2Fv2%2Ftags&post=10441"}],"curies":[{"name":"wp","href":"https:\/\/api.w.org\/{rel}","templated":true}]}}