{"id":10450,"date":"2025-02-17T00:50:00","date_gmt":"2025-02-17T06:50:00","guid":{"rendered":"https:\/\/sanluisinforma.com\/?p=10450"},"modified":"2025-02-16T19:58:02","modified_gmt":"2025-02-17T01:58:02","slug":"corte-admite-controversia-constitucional-sobre-facultad-municipal-de-uso-de-suelo","status":"publish","type":"post","link":"https:\/\/sanluisinforma.com\/?p=10450","title":{"rendered":"Corte admite controversia constitucional sobre facultad municipal de uso de suelo"},"content":{"rendered":"\n<ul class=\"wp-block-list\">\n<li>La Suprema Corte de Justicia de la Naci\u00f3n analizar\u00e1 posible invasi\u00f3n de facultades municipales en materia de uso de suelo.<\/li>\n<\/ul>\n\n\n\n<p><\/p>\n\n\n\n<p>El Presidente Municipal de San Luis Potos\u00ed, Enrique Galindo Ceballos, inform\u00f3 que la Suprema Corte de Justicia de la Naci\u00f3n admiti\u00f3 la controversia constitucional presentada por el Ayuntamiento en defensa de sus facultades en materia de ordenamiento territorial. Destac\u00f3 que la admisi\u00f3n de este recurso es un paso positivo en el proceso jur\u00eddico, pues la Corte consider\u00f3 que el asunto es de relevancia constitucional y debe ser analizado a fondo.<\/p>\n\n\n\n<p>Galindo Ceballos explic\u00f3 que el Ayuntamiento promovi\u00f3 esta acci\u00f3n legal debido a una invasi\u00f3n de facultades por parte del Congreso del Estado, que pretende modificar la organizaci\u00f3n del uso de suelo en la ciudad. Subray\u00f3 que la Constituci\u00f3n otorga a los municipios la responsabilidad de regular el crecimiento urbano, por lo que resulta irregular que otro orden de gobierno intente intervenir en estas decisiones, incluyendo la expedici\u00f3n de licencias de construcci\u00f3n y funcionamiento en zonas espec\u00edficas.<\/p>\n\n\n\n<p>El Alcalde reiter\u00f3 que el Ayuntamiento expuso ante la Corte que la divisi\u00f3n de la ciudad, particularmente en lo relacionado con la Zona Industrial, representa un exceso en las facultades del Congreso local. Confi\u00f3 en que la resoluci\u00f3n final ser\u00e1 favorable para el municipio, garantizando que se respete su autonom\u00eda en la gesti\u00f3n del territorio.<\/p>\n","protected":false},"excerpt":{"rendered":"<p>El Presidente Municipal de San Luis Potos\u00ed, Enrique Galindo Ceballos, inform\u00f3 que la Suprema Corte de Justicia de la Naci\u00f3n<\/p>\n","protected":false},"author":2,"featured_media":10451,"comment_status":"closed","ping_status":"closed","sticky":false,"template":"","format":"standard","meta":{"footnotes":""},"categories":[25],"tags":[],"class_list":["post-10450","post","type-post","status-publish","format-standard","has-post-thumbnail","hentry","category-local"],"yoast_head":"<!-- This site is optimized with the Yoast SEO plugin v24.1 - https:\/\/yoast.com\/wordpress\/plugins\/seo\/ -->\n<title>Corte admite controversia constitucional sobre facultad municipal de uso de suelo - sanluisinforma.com<\/title>\n<meta name=\"robots\" content=\"index, follow, max-snippet:-1, max-image-preview:large, max-video-preview:-1\" \/>\n<link rel=\"canonical\" href=\"https:\/\/sanluisinforma.com\/?p=10450\" \/>\n<meta property=\"og:locale\" content=\"es_MX\" \/>\n<meta property=\"og:type\" content=\"article\" \/>\n<meta property=\"og:title\" content=\"Corte admite controversia constitucional sobre facultad municipal de uso de suelo - sanluisinforma.com\" \/>\n<meta property=\"og:description\" content=\"El Presidente Municipal de San Luis Potos\u00ed, Enrique Galindo Ceballos, inform\u00f3 que la Suprema Corte de Justicia de la Naci\u00f3n\" \/>\n<meta property=\"og:url\" content=\"https:\/\/sanluisinforma.com\/?p=10450\" \/>\n<meta property=\"og:site_name\" content=\"sanluisinforma.com\" \/>\n<meta property=\"article:published_time\" content=\"2025-02-17T06:50:00+00:00\" \/>\n<meta property=\"article:modified_time\" content=\"2025-02-17T01:58:02+00:00\" \/>\n<meta property=\"og:image\" content=\"https:\/\/sanluisinforma.com\/wp-content\/uploads\/2025\/02\/af156c53-2986-4735-92d1-76d1b00b4df6.jpg\" \/>\n\t<meta property=\"og:image:width\" content=\"480\" \/>\n\t<meta property=\"og:image:height\" content=\"319\" \/>\n\t<meta property=\"og:image:type\" content=\"image\/jpeg\" \/>\n<meta name=\"author\" content=\"sanluisinforma.com\" \/>\n<meta name=\"twitter:card\" content=\"summary_large_image\" \/>\n<meta name=\"twitter:label1\" content=\"Escrito por\" \/>\n\t<meta name=\"twitter:data1\" content=\"sanluisinforma.com\" \/>\n\t<meta name=\"twitter:label2\" content=\"Tiempo de lectura\" \/>\n\t<meta name=\"twitter:data2\" content=\"2 minutos\" \/>\n<script type=\"application\/ld+json\" class=\"yoast-schema-graph\">{\"@context\":\"https:\/\/schema.org\",\"@graph\":[{\"@type\":\"Article\",\"@id\":\"https:\/\/sanluisinforma.com\/?p=10450#article\",\"isPartOf\":{\"@id\":\"https:\/\/sanluisinforma.com\/?p=10450\"},\"author\":{\"name\":\"sanluisinforma.com\",\"@id\":\"https:\/\/sanluisinforma.com\/#\/schema\/person\/c30648f71476be533b6f59d092905c8b\"},\"headline\":\"Corte admite controversia constitucional sobre facultad municipal de uso de suelo\",\"datePublished\":\"2025-02-17T06:50:00+00:00\",\"dateModified\":\"2025-02-17T01:58:02+00:00\",\"mainEntityOfPage\":{\"@id\":\"https:\/\/sanluisinforma.com\/?p=10450\"},\"wordCount\":248,\"publisher\":{\"@id\":\"https:\/\/sanluisinforma.com\/#organization\"},\"image\":{\"@id\":\"https:\/\/sanluisinforma.com\/?p=10450#primaryimage\"},\"thumbnailUrl\":\"https:\/\/sanluisinforma.com\/wp-content\/uploads\/2025\/02\/af156c53-2986-4735-92d1-76d1b00b4df6.jpg\",\"articleSection\":[\"Local\"],\"inLanguage\":\"es\"},{\"@type\":\"WebPage\",\"@id\":\"https:\/\/sanluisinforma.com\/?p=10450\",\"url\":\"https:\/\/sanluisinforma.com\/?p=10450\",\"name\":\"Corte admite controversia constitucional sobre facultad municipal de uso de suelo - sanluisinforma.com\",\"isPartOf\":{\"@id\":\"https:\/\/sanluisinforma.com\/#website\"},\"primaryImageOfPage\":{\"@id\":\"https:\/\/sanluisinforma.com\/?p=10450#primaryimage\"},\"image\":{\"@id\":\"https:\/\/sanluisinforma.com\/?p=10450#primaryimage\"},\"thumbnailUrl\":\"https:\/\/sanluisinforma.com\/wp-content\/uploads\/2025\/02\/af156c53-2986-4735-92d1-76d1b00b4df6.jpg\",\"datePublished\":\"2025-02-17T06:50:00+00:00\",\"dateModified\":\"2025-02-17T01:58:02+00:00\",\"breadcrumb\":{\"@id\":\"https:\/\/sanluisinforma.com\/?p=10450#breadcrumb\"},\"inLanguage\":\"es\",\"potentialAction\":[{\"@type\":\"ReadAction\",\"target\":[\"https:\/\/sanluisinforma.com\/?p=10450\"]}]},{\"@type\":\"ImageObject\",\"inLanguage\":\"es\",\"@id\":\"https:\/\/sanluisinforma.com\/?p=10450#primaryimage\",\"url\":\"https:\/\/sanluisinforma.com\/wp-content\/uploads\/2025\/02\/af156c53-2986-4735-92d1-76d1b00b4df6.jpg\",\"contentUrl\":\"https:\/\/sanluisinforma.com\/wp-content\/uploads\/2025\/02\/af156c53-2986-4735-92d1-76d1b00b4df6.jpg\",\"width\":480,\"height\":319},{\"@type\":\"BreadcrumbList\",\"@id\":\"https:\/\/sanluisinforma.com\/?p=10450#breadcrumb\",\"itemListElement\":[{\"@type\":\"ListItem\",\"position\":1,\"name\":\"Inicio\",\"item\":\"https:\/\/sanluisinforma.com\/\"},{\"@type\":\"ListItem\",\"position\":2,\"name\":\"Corte admite controversia constitucional sobre facultad municipal de uso de suelo\"}]},{\"@type\":\"WebSite\",\"@id\":\"https:\/\/sanluisinforma.com\/#website\",\"url\":\"https:\/\/sanluisinforma.com\/\",\"name\":\"sanluisinforma.com\",\"description\":\"Periodico San Luis Informa\",\"publisher\":{\"@id\":\"https:\/\/sanluisinforma.com\/#organization\"},\"potentialAction\":[{\"@type\":\"SearchAction\",\"target\":{\"@type\":\"EntryPoint\",\"urlTemplate\":\"https:\/\/sanluisinforma.com\/?s={search_term_string}\"},\"query-input\":{\"@type\":\"PropertyValueSpecification\",\"valueRequired\":true,\"valueName\":\"search_term_string\"}}],\"inLanguage\":\"es\"},{\"@type\":\"Organization\",\"@id\":\"https:\/\/sanluisinforma.com\/#organization\",\"name\":\"sanluisinforma.com\",\"url\":\"https:\/\/sanluisinforma.com\/\",\"logo\":{\"@type\":\"ImageObject\",\"inLanguage\":\"es\",\"@id\":\"https:\/\/sanluisinforma.com\/#\/schema\/logo\/image\/\",\"url\":\"https:\/\/sanluisinforma.com\/wp-content\/uploads\/2026\/03\/sanluisinforma-V.jpg\",\"contentUrl\":\"https:\/\/sanluisinforma.com\/wp-content\/uploads\/2026\/03\/sanluisinforma-V.jpg\",\"width\":500,\"height\":156,\"caption\":\"sanluisinforma.com\"},\"image\":{\"@id\":\"https:\/\/sanluisinforma.com\/#\/schema\/logo\/image\/\"}},{\"@type\":\"Person\",\"@id\":\"https:\/\/sanluisinforma.com\/#\/schema\/person\/c30648f71476be533b6f59d092905c8b\",\"name\":\"sanluisinforma.com\",\"image\":{\"@type\":\"ImageObject\",\"inLanguage\":\"es\",\"@id\":\"https:\/\/sanluisinforma.com\/#\/schema\/person\/image\/\",\"url\":\"https:\/\/secure.gravatar.com\/avatar\/86e3114e34a1eecefb963e0a02f0093f93b092dddb2fe1517596343751081a87?s=96&d=mm&r=g\",\"contentUrl\":\"https:\/\/secure.gravatar.com\/avatar\/86e3114e34a1eecefb963e0a02f0093f93b092dddb2fe1517596343751081a87?s=96&d=mm&r=g\",\"caption\":\"sanluisinforma.com\"},\"url\":\"https:\/\/sanluisinforma.com\/?author=2\"}]}<\/script>\n<!-- \/ Yoast SEO plugin. -->","yoast_head_json":{"title":"Corte admite controversia constitucional sobre facultad municipal de uso de suelo - sanluisinforma.com","robots":{"index":"index","follow":"follow","max-snippet":"max-snippet:-1","max-image-preview":"max-image-preview:large","max-video-preview":"max-video-preview:-1"},"canonical":"https:\/\/sanluisinforma.com\/?p=10450","og_locale":"es_MX","og_type":"article","og_title":"Corte admite controversia constitucional sobre facultad municipal de uso de suelo - sanluisinforma.com","og_description":"El Presidente Municipal de San Luis Potos\u00ed, Enrique Galindo Ceballos, inform\u00f3 que la Suprema Corte de Justicia de la Naci\u00f3n","og_url":"https:\/\/sanluisinforma.com\/?p=10450","og_site_name":"sanluisinforma.com","article_published_time":"2025-02-17T06:50:00+00:00","article_modified_time":"2025-02-17T01:58:02+00:00","og_image":[{"width":480,"height":319,"url":"https:\/\/sanluisinforma.com\/wp-content\/uploads\/2025\/02\/af156c53-2986-4735-92d1-76d1b00b4df6.jpg","type":"image\/jpeg"}],"author":"sanluisinforma.com","twitter_card":"summary_large_image","twitter_misc":{"Escrito por":"sanluisinforma.com","Tiempo de lectura":"2 minutos"},"schema":{"@context":"https:\/\/schema.org","@graph":[{"@type":"Article","@id":"https:\/\/sanluisinforma.com\/?p=10450#article","isPartOf":{"@id":"https:\/\/sanluisinforma.com\/?p=10450"},"author":{"name":"sanluisinforma.com","@id":"https:\/\/sanluisinforma.com\/#\/schema\/person\/c30648f71476be533b6f59d092905c8b"},"headline":"Corte admite controversia constitucional sobre facultad municipal de uso de suelo","datePublished":"2025-02-17T06:50:00+00:00","dateModified":"2025-02-17T01:58:02+00:00","mainEntityOfPage":{"@id":"https:\/\/sanluisinforma.com\/?p=10450"},"wordCount":248,"publisher":{"@id":"https:\/\/sanluisinforma.com\/#organization"},"image":{"@id":"https:\/\/sanluisinforma.com\/?p=10450#primaryimage"},"thumbnailUrl":"https:\/\/sanluisinforma.com\/wp-content\/uploads\/2025\/02\/af156c53-2986-4735-92d1-76d1b00b4df6.jpg","articleSection":["Local"],"inLanguage":"es"},{"@type":"WebPage","@id":"https:\/\/sanluisinforma.com\/?p=10450","url":"https:\/\/sanluisinforma.com\/?p=10450","name":"Corte admite controversia constitucional sobre facultad municipal de uso de suelo - sanluisinforma.com","isPartOf":{"@id":"https:\/\/sanluisinforma.com\/#website"},"primaryImageOfPage":{"@id":"https:\/\/sanluisinforma.com\/?p=10450#primaryimage"},"image":{"@id":"https:\/\/sanluisinforma.com\/?p=10450#primaryimage"},"thumbnailUrl":"https:\/\/sanluisinforma.com\/wp-content\/uploads\/2025\/02\/af156c53-2986-4735-92d1-76d1b00b4df6.jpg","datePublished":"2025-02-17T06:50:00+00:00","dateModified":"2025-02-17T01:58:02+00:00","breadcrumb":{"@id":"https:\/\/sanluisinforma.com\/?p=10450#breadcrumb"},"inLanguage":"es","potentialAction":[{"@type":"ReadAction","target":["https:\/\/sanluisinforma.com\/?p=10450"]}]},{"@type":"ImageObject","inLanguage":"es","@id":"https:\/\/sanluisinforma.com\/?p=10450#primaryimage","url":"https:\/\/sanluisinforma.com\/wp-content\/uploads\/2025\/02\/af156c53-2986-4735-92d1-76d1b00b4df6.jpg","contentUrl":"https:\/\/sanluisinforma.com\/wp-content\/uploads\/2025\/02\/af156c53-2986-4735-92d1-76d1b00b4df6.jpg","width":480,"height":319},{"@type":"BreadcrumbList","@id":"https:\/\/sanluisinforma.com\/?p=10450#breadcrumb","itemListElement":[{"@type":"ListItem","position":1,"name":"Inicio","item":"https:\/\/sanluisinforma.com\/"},{"@type":"ListItem","position":2,"name":"Corte admite controversia constitucional sobre facultad municipal de uso de suelo"}]},{"@type":"WebSite","@id":"https:\/\/sanluisinforma.com\/#website","url":"https:\/\/sanluisinforma.com\/","name":"sanluisinforma.com","description":"Periodico San Luis Informa","publisher":{"@id":"https:\/\/sanluisinforma.com\/#organization"},"potentialAction":[{"@type":"SearchAction","target":{"@type":"EntryPoint","urlTemplate":"https:\/\/sanluisinforma.com\/?s={search_term_string}"},"query-input":{"@type":"PropertyValueSpecification","valueRequired":true,"valueName":"search_term_string"}}],"inLanguage":"es"},{"@type":"Organization","@id":"https:\/\/sanluisinforma.com\/#organization","name":"sanluisinforma.com","url":"https:\/\/sanluisinforma.com\/","logo":{"@type":"ImageObject","inLanguage":"es","@id":"https:\/\/sanluisinforma.com\/#\/schema\/logo\/image\/","url":"https:\/\/sanluisinforma.com\/wp-content\/uploads\/2026\/03\/sanluisinforma-V.jpg","contentUrl":"https:\/\/sanluisinforma.com\/wp-content\/uploads\/2026\/03\/sanluisinforma-V.jpg","width":500,"height":156,"caption":"sanluisinforma.com"},"image":{"@id":"https:\/\/sanluisinforma.com\/#\/schema\/logo\/image\/"}},{"@type":"Person","@id":"https:\/\/sanluisinforma.com\/#\/schema\/person\/c30648f71476be533b6f59d092905c8b","name":"sanluisinforma.com","image":{"@type":"ImageObject","inLanguage":"es","@id":"https:\/\/sanluisinforma.com\/#\/schema\/person\/image\/","url":"https:\/\/secure.gravatar.com\/avatar\/86e3114e34a1eecefb963e0a02f0093f93b092dddb2fe1517596343751081a87?s=96&d=mm&r=g","contentUrl":"https:\/\/secure.gravatar.com\/avatar\/86e3114e34a1eecefb963e0a02f0093f93b092dddb2fe1517596343751081a87?s=96&d=mm&r=g","caption":"sanluisinforma.com"},"url":"https:\/\/sanluisinforma.com\/?author=2"}]}},"_links":{"self":[{"href":"https:\/\/sanluisinforma.com\/index.php?rest_route=\/wp\/v2\/posts\/10450","targetHints":{"allow":["GET"]}}],"collection":[{"href":"https:\/\/sanluisinforma.com\/index.php?rest_route=\/wp\/v2\/posts"}],"about":[{"href":"https:\/\/sanluisinforma.com\/index.php?rest_route=\/wp\/v2\/types\/post"}],"author":[{"embeddable":true,"href":"https:\/\/sanluisinforma.com\/index.php?rest_route=\/wp\/v2\/users\/2"}],"replies":[{"embeddable":true,"href":"https:\/\/sanluisinforma.com\/index.php?rest_route=%2Fwp%2Fv2%2Fcomments&post=10450"}],"version-history":[{"count":1,"href":"https:\/\/sanluisinforma.com\/index.php?rest_route=\/wp\/v2\/posts\/10450\/revisions"}],"predecessor-version":[{"id":10452,"href":"https:\/\/sanluisinforma.com\/index.php?rest_route=\/wp\/v2\/posts\/10450\/revisions\/10452"}],"wp:featuredmedia":[{"embeddable":true,"href":"https:\/\/sanluisinforma.com\/index.php?rest_route=\/wp\/v2\/media\/10451"}],"wp:attachment":[{"href":"https:\/\/sanluisinforma.com\/index.php?rest_route=%2Fwp%2Fv2%2Fmedia&parent=10450"}],"wp:term":[{"taxonomy":"category","embeddable":true,"href":"https:\/\/sanluisinforma.com\/index.php?rest_route=%2Fwp%2Fv2%2Fcategories&post=10450"},{"taxonomy":"post_tag","embeddable":true,"href":"https:\/\/sanluisinforma.com\/index.php?rest_route=%2Fwp%2Fv2%2Ftags&post=10450"}],"curies":[{"name":"wp","href":"https:\/\/api.w.org\/{rel}","templated":true}]}}