{"id":10462,"date":"2025-02-18T00:50:00","date_gmt":"2025-02-18T06:50:00","guid":{"rendered":"https:\/\/sanluisinforma.com\/?p=10462"},"modified":"2025-02-17T19:09:32","modified_gmt":"2025-02-18T01:09:32","slug":"balcones-del-valle-estrena-vialidad-con-el-programa-capital-al-100","status":"publish","type":"post","link":"https:\/\/sanluisinforma.com\/?p=10462","title":{"rendered":"Balcones del Valle estrena vialidad con el programa Capital al 100"},"content":{"rendered":"\n<ul class=\"wp-block-list\">\n<li><strong>El Alcalde Enrique Galindo entreg\u00f3 la pavimentaci\u00f3n de la calle Fuente de Diamante, la obra n\u00famero 51 de la presente administraci\u00f3n, con la que suman m\u00e1s de 500 colonias beneficiadas con mejoras urbanas y servicios municipales.<\/strong><\/li>\n<\/ul>\n\n\n\n<p><\/p>\n\n\n\n<p>Durante la jornada 172 del programa Capital al 100, el Alcalde Enrique Galindo entreg\u00f3 la pavimentaci\u00f3n de la calle Fuente de Diamante, en la colonia Balcones del Valle. Adem\u00e1s, se realizaron trabajos de limpieza, alumbrado y mejora de \u00e1reas verdes. Con esta acci\u00f3n, ya son m\u00e1s de 500 colonias beneficiadas con el trabajo conjunto entre ciudadanos y el Gobierno Municipal.<\/p>\n\n\n\n<p>El Presidente Municipal destac\u00f3 que con esta obra suman 51 vialidades entregadas entre el 1 de octubre y el 17 de febrero, un hecho in\u00e9dito en el inicio de una administraci\u00f3n en San Luis Potos\u00ed. Subray\u00f3 que los programas Domingos de Pilas y Capital al 100 no solo han mejorado la infraestructura urbana, sino que han fortalecido la comunicaci\u00f3n con la ciudadan\u00eda.<\/p>\n\n\n\n<p>Galindo Ceballos se\u00f1al\u00f3 que esta pavimentaci\u00f3n de la calle Fuente de Diamante, en el tramo de Urbano Villal\u00f3n a Mariano Jim\u00e9nez, era una demanda hist\u00f3rica de los vecinos, ya que era la \u00fanica calle de la colonia sin asfalto. Afirm\u00f3 que a\u00fan quedan casi tres a\u00f1os de trabajo para seguir mejorando la ciudad, con m\u00e1s obras y servicios que eleven la calidad de vida de los potosinos.<\/p>\n\n\n\n<p>El Director de Obras P\u00fablicas, Eustorgio Ch\u00e1vez Garza, inform\u00f3 que la obra cubri\u00f3 mil 600 metros cuadrados con carpeta asf\u00e1ltica e incluy\u00f3 rehabilitaci\u00f3n de redes de agua potable y drenaje, adem\u00e1s de alumbrado, banquetas, rampas para personas con discapacidad y se\u00f1al\u00e9tica. Por su parte, el Director de Servicios Municipales, Christian Azuara, anunci\u00f3 que se reforzar\u00e1 el mantenimiento de la zona con rescate de espacios p\u00fablicos y rehabilitaci\u00f3n de \u00e1reas verdes.<\/p>\n","protected":false},"excerpt":{"rendered":"<p>Durante la jornada 172 del programa Capital al 100, el Alcalde Enrique Galindo entreg\u00f3 la pavimentaci\u00f3n de la calle Fuente<\/p>\n","protected":false},"author":2,"featured_media":10463,"comment_status":"closed","ping_status":"closed","sticky":false,"template":"","format":"standard","meta":{"footnotes":""},"categories":[25,30],"tags":[],"class_list":["post-10462","post","type-post","status-publish","format-standard","has-post-thumbnail","hentry","category-local","category-portada"],"yoast_head":"<!-- This site is optimized with the Yoast SEO plugin v24.1 - https:\/\/yoast.com\/wordpress\/plugins\/seo\/ -->\n<title>Balcones del Valle estrena vialidad con el programa Capital al 100 - sanluisinforma.com<\/title>\n<meta name=\"robots\" content=\"index, follow, max-snippet:-1, max-image-preview:large, max-video-preview:-1\" \/>\n<link rel=\"canonical\" href=\"https:\/\/sanluisinforma.com\/?p=10462\" \/>\n<meta property=\"og:locale\" content=\"es_MX\" \/>\n<meta property=\"og:type\" content=\"article\" \/>\n<meta property=\"og:title\" content=\"Balcones del Valle estrena vialidad con el programa Capital al 100 - sanluisinforma.com\" \/>\n<meta property=\"og:description\" content=\"Durante la jornada 172 del programa Capital al 100, el Alcalde Enrique Galindo entreg\u00f3 la pavimentaci\u00f3n de la calle Fuente\" \/>\n<meta property=\"og:url\" content=\"https:\/\/sanluisinforma.com\/?p=10462\" \/>\n<meta property=\"og:site_name\" content=\"sanluisinforma.com\" \/>\n<meta property=\"article:published_time\" content=\"2025-02-18T06:50:00+00:00\" \/>\n<meta property=\"article:modified_time\" content=\"2025-02-18T01:09:32+00:00\" \/>\n<meta property=\"og:image\" content=\"https:\/\/sanluisinforma.com\/wp-content\/uploads\/2025\/02\/abaf17e4-8776-4314-a344-ca8f883fc076.jpg\" \/>\n\t<meta property=\"og:image:width\" content=\"480\" \/>\n\t<meta property=\"og:image:height\" content=\"319\" \/>\n\t<meta property=\"og:image:type\" content=\"image\/jpeg\" \/>\n<meta name=\"author\" content=\"sanluisinforma.com\" \/>\n<meta name=\"twitter:card\" content=\"summary_large_image\" \/>\n<meta name=\"twitter:label1\" content=\"Escrito por\" \/>\n\t<meta name=\"twitter:data1\" content=\"sanluisinforma.com\" \/>\n\t<meta name=\"twitter:label2\" content=\"Tiempo de lectura\" \/>\n\t<meta name=\"twitter:data2\" content=\"2 minutos\" \/>\n<script type=\"application\/ld+json\" class=\"yoast-schema-graph\">{\"@context\":\"https:\/\/schema.org\",\"@graph\":[{\"@type\":\"Article\",\"@id\":\"https:\/\/sanluisinforma.com\/?p=10462#article\",\"isPartOf\":{\"@id\":\"https:\/\/sanluisinforma.com\/?p=10462\"},\"author\":{\"name\":\"sanluisinforma.com\",\"@id\":\"https:\/\/sanluisinforma.com\/#\/schema\/person\/c30648f71476be533b6f59d092905c8b\"},\"headline\":\"Balcones del Valle estrena vialidad con el programa Capital al 100\",\"datePublished\":\"2025-02-18T06:50:00+00:00\",\"dateModified\":\"2025-02-18T01:09:32+00:00\",\"mainEntityOfPage\":{\"@id\":\"https:\/\/sanluisinforma.com\/?p=10462\"},\"wordCount\":324,\"publisher\":{\"@id\":\"https:\/\/sanluisinforma.com\/#organization\"},\"image\":{\"@id\":\"https:\/\/sanluisinforma.com\/?p=10462#primaryimage\"},\"thumbnailUrl\":\"https:\/\/sanluisinforma.com\/wp-content\/uploads\/2025\/02\/abaf17e4-8776-4314-a344-ca8f883fc076.jpg\",\"articleSection\":[\"Local\",\"Portada\"],\"inLanguage\":\"es\"},{\"@type\":\"WebPage\",\"@id\":\"https:\/\/sanluisinforma.com\/?p=10462\",\"url\":\"https:\/\/sanluisinforma.com\/?p=10462\",\"name\":\"Balcones del Valle estrena vialidad con el programa Capital al 100 - sanluisinforma.com\",\"isPartOf\":{\"@id\":\"https:\/\/sanluisinforma.com\/#website\"},\"primaryImageOfPage\":{\"@id\":\"https:\/\/sanluisinforma.com\/?p=10462#primaryimage\"},\"image\":{\"@id\":\"https:\/\/sanluisinforma.com\/?p=10462#primaryimage\"},\"thumbnailUrl\":\"https:\/\/sanluisinforma.com\/wp-content\/uploads\/2025\/02\/abaf17e4-8776-4314-a344-ca8f883fc076.jpg\",\"datePublished\":\"2025-02-18T06:50:00+00:00\",\"dateModified\":\"2025-02-18T01:09:32+00:00\",\"breadcrumb\":{\"@id\":\"https:\/\/sanluisinforma.com\/?p=10462#breadcrumb\"},\"inLanguage\":\"es\",\"potentialAction\":[{\"@type\":\"ReadAction\",\"target\":[\"https:\/\/sanluisinforma.com\/?p=10462\"]}]},{\"@type\":\"ImageObject\",\"inLanguage\":\"es\",\"@id\":\"https:\/\/sanluisinforma.com\/?p=10462#primaryimage\",\"url\":\"https:\/\/sanluisinforma.com\/wp-content\/uploads\/2025\/02\/abaf17e4-8776-4314-a344-ca8f883fc076.jpg\",\"contentUrl\":\"https:\/\/sanluisinforma.com\/wp-content\/uploads\/2025\/02\/abaf17e4-8776-4314-a344-ca8f883fc076.jpg\",\"width\":480,\"height\":319},{\"@type\":\"BreadcrumbList\",\"@id\":\"https:\/\/sanluisinforma.com\/?p=10462#breadcrumb\",\"itemListElement\":[{\"@type\":\"ListItem\",\"position\":1,\"name\":\"Inicio\",\"item\":\"https:\/\/sanluisinforma.com\/\"},{\"@type\":\"ListItem\",\"position\":2,\"name\":\"Balcones del Valle estrena vialidad con el programa Capital al 100\"}]},{\"@type\":\"WebSite\",\"@id\":\"https:\/\/sanluisinforma.com\/#website\",\"url\":\"https:\/\/sanluisinforma.com\/\",\"name\":\"sanluisinforma.com\",\"description\":\"Periodico San Luis Informa\",\"publisher\":{\"@id\":\"https:\/\/sanluisinforma.com\/#organization\"},\"potentialAction\":[{\"@type\":\"SearchAction\",\"target\":{\"@type\":\"EntryPoint\",\"urlTemplate\":\"https:\/\/sanluisinforma.com\/?s={search_term_string}\"},\"query-input\":{\"@type\":\"PropertyValueSpecification\",\"valueRequired\":true,\"valueName\":\"search_term_string\"}}],\"inLanguage\":\"es\"},{\"@type\":\"Organization\",\"@id\":\"https:\/\/sanluisinforma.com\/#organization\",\"name\":\"sanluisinforma.com\",\"url\":\"https:\/\/sanluisinforma.com\/\",\"logo\":{\"@type\":\"ImageObject\",\"inLanguage\":\"es\",\"@id\":\"https:\/\/sanluisinforma.com\/#\/schema\/logo\/image\/\",\"url\":\"https:\/\/sanluisinforma.com\/wp-content\/uploads\/2026\/03\/sanluisinforma-V.jpg\",\"contentUrl\":\"https:\/\/sanluisinforma.com\/wp-content\/uploads\/2026\/03\/sanluisinforma-V.jpg\",\"width\":500,\"height\":156,\"caption\":\"sanluisinforma.com\"},\"image\":{\"@id\":\"https:\/\/sanluisinforma.com\/#\/schema\/logo\/image\/\"}},{\"@type\":\"Person\",\"@id\":\"https:\/\/sanluisinforma.com\/#\/schema\/person\/c30648f71476be533b6f59d092905c8b\",\"name\":\"sanluisinforma.com\",\"image\":{\"@type\":\"ImageObject\",\"inLanguage\":\"es\",\"@id\":\"https:\/\/sanluisinforma.com\/#\/schema\/person\/image\/\",\"url\":\"https:\/\/secure.gravatar.com\/avatar\/86e3114e34a1eecefb963e0a02f0093f93b092dddb2fe1517596343751081a87?s=96&d=mm&r=g\",\"contentUrl\":\"https:\/\/secure.gravatar.com\/avatar\/86e3114e34a1eecefb963e0a02f0093f93b092dddb2fe1517596343751081a87?s=96&d=mm&r=g\",\"caption\":\"sanluisinforma.com\"},\"url\":\"https:\/\/sanluisinforma.com\/?author=2\"}]}<\/script>\n<!-- \/ Yoast SEO plugin. -->","yoast_head_json":{"title":"Balcones del Valle estrena vialidad con el programa Capital al 100 - sanluisinforma.com","robots":{"index":"index","follow":"follow","max-snippet":"max-snippet:-1","max-image-preview":"max-image-preview:large","max-video-preview":"max-video-preview:-1"},"canonical":"https:\/\/sanluisinforma.com\/?p=10462","og_locale":"es_MX","og_type":"article","og_title":"Balcones del Valle estrena vialidad con el programa Capital al 100 - sanluisinforma.com","og_description":"Durante la jornada 172 del programa Capital al 100, el Alcalde Enrique Galindo entreg\u00f3 la pavimentaci\u00f3n de la calle Fuente","og_url":"https:\/\/sanluisinforma.com\/?p=10462","og_site_name":"sanluisinforma.com","article_published_time":"2025-02-18T06:50:00+00:00","article_modified_time":"2025-02-18T01:09:32+00:00","og_image":[{"width":480,"height":319,"url":"https:\/\/sanluisinforma.com\/wp-content\/uploads\/2025\/02\/abaf17e4-8776-4314-a344-ca8f883fc076.jpg","type":"image\/jpeg"}],"author":"sanluisinforma.com","twitter_card":"summary_large_image","twitter_misc":{"Escrito por":"sanluisinforma.com","Tiempo de lectura":"2 minutos"},"schema":{"@context":"https:\/\/schema.org","@graph":[{"@type":"Article","@id":"https:\/\/sanluisinforma.com\/?p=10462#article","isPartOf":{"@id":"https:\/\/sanluisinforma.com\/?p=10462"},"author":{"name":"sanluisinforma.com","@id":"https:\/\/sanluisinforma.com\/#\/schema\/person\/c30648f71476be533b6f59d092905c8b"},"headline":"Balcones del Valle estrena vialidad con el programa Capital al 100","datePublished":"2025-02-18T06:50:00+00:00","dateModified":"2025-02-18T01:09:32+00:00","mainEntityOfPage":{"@id":"https:\/\/sanluisinforma.com\/?p=10462"},"wordCount":324,"publisher":{"@id":"https:\/\/sanluisinforma.com\/#organization"},"image":{"@id":"https:\/\/sanluisinforma.com\/?p=10462#primaryimage"},"thumbnailUrl":"https:\/\/sanluisinforma.com\/wp-content\/uploads\/2025\/02\/abaf17e4-8776-4314-a344-ca8f883fc076.jpg","articleSection":["Local","Portada"],"inLanguage":"es"},{"@type":"WebPage","@id":"https:\/\/sanluisinforma.com\/?p=10462","url":"https:\/\/sanluisinforma.com\/?p=10462","name":"Balcones del Valle estrena vialidad con el programa Capital al 100 - sanluisinforma.com","isPartOf":{"@id":"https:\/\/sanluisinforma.com\/#website"},"primaryImageOfPage":{"@id":"https:\/\/sanluisinforma.com\/?p=10462#primaryimage"},"image":{"@id":"https:\/\/sanluisinforma.com\/?p=10462#primaryimage"},"thumbnailUrl":"https:\/\/sanluisinforma.com\/wp-content\/uploads\/2025\/02\/abaf17e4-8776-4314-a344-ca8f883fc076.jpg","datePublished":"2025-02-18T06:50:00+00:00","dateModified":"2025-02-18T01:09:32+00:00","breadcrumb":{"@id":"https:\/\/sanluisinforma.com\/?p=10462#breadcrumb"},"inLanguage":"es","potentialAction":[{"@type":"ReadAction","target":["https:\/\/sanluisinforma.com\/?p=10462"]}]},{"@type":"ImageObject","inLanguage":"es","@id":"https:\/\/sanluisinforma.com\/?p=10462#primaryimage","url":"https:\/\/sanluisinforma.com\/wp-content\/uploads\/2025\/02\/abaf17e4-8776-4314-a344-ca8f883fc076.jpg","contentUrl":"https:\/\/sanluisinforma.com\/wp-content\/uploads\/2025\/02\/abaf17e4-8776-4314-a344-ca8f883fc076.jpg","width":480,"height":319},{"@type":"BreadcrumbList","@id":"https:\/\/sanluisinforma.com\/?p=10462#breadcrumb","itemListElement":[{"@type":"ListItem","position":1,"name":"Inicio","item":"https:\/\/sanluisinforma.com\/"},{"@type":"ListItem","position":2,"name":"Balcones del Valle estrena vialidad con el programa Capital al 100"}]},{"@type":"WebSite","@id":"https:\/\/sanluisinforma.com\/#website","url":"https:\/\/sanluisinforma.com\/","name":"sanluisinforma.com","description":"Periodico San Luis Informa","publisher":{"@id":"https:\/\/sanluisinforma.com\/#organization"},"potentialAction":[{"@type":"SearchAction","target":{"@type":"EntryPoint","urlTemplate":"https:\/\/sanluisinforma.com\/?s={search_term_string}"},"query-input":{"@type":"PropertyValueSpecification","valueRequired":true,"valueName":"search_term_string"}}],"inLanguage":"es"},{"@type":"Organization","@id":"https:\/\/sanluisinforma.com\/#organization","name":"sanluisinforma.com","url":"https:\/\/sanluisinforma.com\/","logo":{"@type":"ImageObject","inLanguage":"es","@id":"https:\/\/sanluisinforma.com\/#\/schema\/logo\/image\/","url":"https:\/\/sanluisinforma.com\/wp-content\/uploads\/2026\/03\/sanluisinforma-V.jpg","contentUrl":"https:\/\/sanluisinforma.com\/wp-content\/uploads\/2026\/03\/sanluisinforma-V.jpg","width":500,"height":156,"caption":"sanluisinforma.com"},"image":{"@id":"https:\/\/sanluisinforma.com\/#\/schema\/logo\/image\/"}},{"@type":"Person","@id":"https:\/\/sanluisinforma.com\/#\/schema\/person\/c30648f71476be533b6f59d092905c8b","name":"sanluisinforma.com","image":{"@type":"ImageObject","inLanguage":"es","@id":"https:\/\/sanluisinforma.com\/#\/schema\/person\/image\/","url":"https:\/\/secure.gravatar.com\/avatar\/86e3114e34a1eecefb963e0a02f0093f93b092dddb2fe1517596343751081a87?s=96&d=mm&r=g","contentUrl":"https:\/\/secure.gravatar.com\/avatar\/86e3114e34a1eecefb963e0a02f0093f93b092dddb2fe1517596343751081a87?s=96&d=mm&r=g","caption":"sanluisinforma.com"},"url":"https:\/\/sanluisinforma.com\/?author=2"}]}},"_links":{"self":[{"href":"https:\/\/sanluisinforma.com\/index.php?rest_route=\/wp\/v2\/posts\/10462","targetHints":{"allow":["GET"]}}],"collection":[{"href":"https:\/\/sanluisinforma.com\/index.php?rest_route=\/wp\/v2\/posts"}],"about":[{"href":"https:\/\/sanluisinforma.com\/index.php?rest_route=\/wp\/v2\/types\/post"}],"author":[{"embeddable":true,"href":"https:\/\/sanluisinforma.com\/index.php?rest_route=\/wp\/v2\/users\/2"}],"replies":[{"embeddable":true,"href":"https:\/\/sanluisinforma.com\/index.php?rest_route=%2Fwp%2Fv2%2Fcomments&post=10462"}],"version-history":[{"count":1,"href":"https:\/\/sanluisinforma.com\/index.php?rest_route=\/wp\/v2\/posts\/10462\/revisions"}],"predecessor-version":[{"id":10464,"href":"https:\/\/sanluisinforma.com\/index.php?rest_route=\/wp\/v2\/posts\/10462\/revisions\/10464"}],"wp:featuredmedia":[{"embeddable":true,"href":"https:\/\/sanluisinforma.com\/index.php?rest_route=\/wp\/v2\/media\/10463"}],"wp:attachment":[{"href":"https:\/\/sanluisinforma.com\/index.php?rest_route=%2Fwp%2Fv2%2Fmedia&parent=10462"}],"wp:term":[{"taxonomy":"category","embeddable":true,"href":"https:\/\/sanluisinforma.com\/index.php?rest_route=%2Fwp%2Fv2%2Fcategories&post=10462"},{"taxonomy":"post_tag","embeddable":true,"href":"https:\/\/sanluisinforma.com\/index.php?rest_route=%2Fwp%2Fv2%2Ftags&post=10462"}],"curies":[{"name":"wp","href":"https:\/\/api.w.org\/{rel}","templated":true}]}}