{"id":10465,"date":"2025-02-18T00:45:00","date_gmt":"2025-02-18T06:45:00","guid":{"rendered":"https:\/\/sanluisinforma.com\/?p=10465"},"modified":"2025-02-17T18:48:28","modified_gmt":"2025-02-18T00:48:28","slug":"ayuntamiento-celebra-en-su-dia-a-mas-de-mil-pensionados","status":"publish","type":"post","link":"https:\/\/sanluisinforma.com\/?p=10465","title":{"rendered":"Ayuntamiento celebra en su d\u00eda a m\u00e1s de mil pensionados"},"content":{"rendered":"\n<ul class=\"wp-block-list\">\n<li>El Alcalde Enrique Galindo y la Presidenta del DIF Municipal, Estela Arriaga, encabezaron el evento de agradecimiento a su entrega por la ciudad.<\/li>\n<\/ul>\n\n\n\n<p><\/p>\n\n\n\n<p>Dentro de la conmemoraci\u00f3n del D\u00eda del Pensionado Municipal que se celebra cada 15 de febrero, el Alcalde de San Luis Capital, Enrique Galindo Ceballos, y la Presidenta del DIF, Estela Arriaga M\u00e1rquez, encabezaron el evento de convivencia con las y los pensionados y jubilados, en homenaje a su entrega por tantos a\u00f1os al servicio p\u00fablico municipal: \u201cUstedes le dieron muchos a\u00f1os de dedicaci\u00f3n a la ciudad y se los queremos seguir reconociendo\u201d, apunt\u00f3.<\/p>\n\n\n\n<p>En el aspecto econ\u00f3mico, el Alcalde Enrique Galindo puntualiz\u00f3 que, desde el primer trienio de su gesti\u00f3n, se ha protegido su bienestar econ\u00f3mico y compensaci\u00f3n por su trabajo durante 30 a\u00f1os o m\u00e1s, con el incremento anual que les corresponde.<\/p>\n\n\n\n<p>Este evento en agradecimiento fue el marco para el reencuentro de trabajadoras y trabajadores que volvieron a unirse en la celebraci\u00f3n que tambi\u00e9n fue acompa\u00f1ada por miembros del Cabildo y del Gabinete Municipal.<\/p>\n","protected":false},"excerpt":{"rendered":"<p>Dentro de la conmemoraci\u00f3n del D\u00eda del Pensionado Municipal que se celebra cada 15 de febrero, el Alcalde de San<\/p>\n","protected":false},"author":2,"featured_media":10467,"comment_status":"closed","ping_status":"closed","sticky":false,"template":"","format":"standard","meta":{"footnotes":""},"categories":[30],"tags":[],"class_list":["post-10465","post","type-post","status-publish","format-standard","has-post-thumbnail","hentry","category-portada"],"yoast_head":"<!-- This site is optimized with the Yoast SEO plugin v24.1 - https:\/\/yoast.com\/wordpress\/plugins\/seo\/ -->\n<title>Ayuntamiento celebra en su d\u00eda a m\u00e1s de mil pensionados - sanluisinforma.com<\/title>\n<meta name=\"robots\" content=\"index, follow, max-snippet:-1, max-image-preview:large, max-video-preview:-1\" \/>\n<link rel=\"canonical\" href=\"https:\/\/sanluisinforma.com\/?p=10465\" \/>\n<meta property=\"og:locale\" content=\"es_MX\" \/>\n<meta property=\"og:type\" content=\"article\" \/>\n<meta property=\"og:title\" content=\"Ayuntamiento celebra en su d\u00eda a m\u00e1s de mil pensionados - sanluisinforma.com\" \/>\n<meta property=\"og:description\" content=\"Dentro de la conmemoraci\u00f3n del D\u00eda del Pensionado Municipal que se celebra cada 15 de febrero, el Alcalde de San\" \/>\n<meta property=\"og:url\" content=\"https:\/\/sanluisinforma.com\/?p=10465\" \/>\n<meta property=\"og:site_name\" content=\"sanluisinforma.com\" \/>\n<meta property=\"article:published_time\" content=\"2025-02-18T06:45:00+00:00\" \/>\n<meta property=\"article:modified_time\" content=\"2025-02-18T00:48:28+00:00\" \/>\n<meta property=\"og:image\" content=\"https:\/\/sanluisinforma.com\/wp-content\/uploads\/2025\/02\/819b2453-497a-4c94-a0aa-b4443b2d94ca-1.jpg\" \/>\n\t<meta property=\"og:image:width\" content=\"336\" \/>\n\t<meta property=\"og:image:height\" content=\"504\" \/>\n\t<meta property=\"og:image:type\" content=\"image\/jpeg\" \/>\n<meta name=\"author\" content=\"sanluisinforma.com\" \/>\n<meta name=\"twitter:card\" content=\"summary_large_image\" \/>\n<meta name=\"twitter:label1\" content=\"Escrito por\" \/>\n\t<meta name=\"twitter:data1\" content=\"sanluisinforma.com\" \/>\n\t<meta name=\"twitter:label2\" content=\"Tiempo de lectura\" \/>\n\t<meta name=\"twitter:data2\" content=\"1 minuto\" \/>\n<script type=\"application\/ld+json\" class=\"yoast-schema-graph\">{\"@context\":\"https:\/\/schema.org\",\"@graph\":[{\"@type\":\"Article\",\"@id\":\"https:\/\/sanluisinforma.com\/?p=10465#article\",\"isPartOf\":{\"@id\":\"https:\/\/sanluisinforma.com\/?p=10465\"},\"author\":{\"name\":\"sanluisinforma.com\",\"@id\":\"https:\/\/sanluisinforma.com\/#\/schema\/person\/c30648f71476be533b6f59d092905c8b\"},\"headline\":\"Ayuntamiento celebra en su d\u00eda a m\u00e1s de mil pensionados\",\"datePublished\":\"2025-02-18T06:45:00+00:00\",\"dateModified\":\"2025-02-18T00:48:28+00:00\",\"mainEntityOfPage\":{\"@id\":\"https:\/\/sanluisinforma.com\/?p=10465\"},\"wordCount\":196,\"publisher\":{\"@id\":\"https:\/\/sanluisinforma.com\/#organization\"},\"image\":{\"@id\":\"https:\/\/sanluisinforma.com\/?p=10465#primaryimage\"},\"thumbnailUrl\":\"https:\/\/sanluisinforma.com\/wp-content\/uploads\/2025\/02\/819b2453-497a-4c94-a0aa-b4443b2d94ca-1.jpg\",\"articleSection\":[\"Portada\"],\"inLanguage\":\"es\"},{\"@type\":\"WebPage\",\"@id\":\"https:\/\/sanluisinforma.com\/?p=10465\",\"url\":\"https:\/\/sanluisinforma.com\/?p=10465\",\"name\":\"Ayuntamiento celebra en su d\u00eda a m\u00e1s de mil pensionados - sanluisinforma.com\",\"isPartOf\":{\"@id\":\"https:\/\/sanluisinforma.com\/#website\"},\"primaryImageOfPage\":{\"@id\":\"https:\/\/sanluisinforma.com\/?p=10465#primaryimage\"},\"image\":{\"@id\":\"https:\/\/sanluisinforma.com\/?p=10465#primaryimage\"},\"thumbnailUrl\":\"https:\/\/sanluisinforma.com\/wp-content\/uploads\/2025\/02\/819b2453-497a-4c94-a0aa-b4443b2d94ca-1.jpg\",\"datePublished\":\"2025-02-18T06:45:00+00:00\",\"dateModified\":\"2025-02-18T00:48:28+00:00\",\"breadcrumb\":{\"@id\":\"https:\/\/sanluisinforma.com\/?p=10465#breadcrumb\"},\"inLanguage\":\"es\",\"potentialAction\":[{\"@type\":\"ReadAction\",\"target\":[\"https:\/\/sanluisinforma.com\/?p=10465\"]}]},{\"@type\":\"ImageObject\",\"inLanguage\":\"es\",\"@id\":\"https:\/\/sanluisinforma.com\/?p=10465#primaryimage\",\"url\":\"https:\/\/sanluisinforma.com\/wp-content\/uploads\/2025\/02\/819b2453-497a-4c94-a0aa-b4443b2d94ca-1.jpg\",\"contentUrl\":\"https:\/\/sanluisinforma.com\/wp-content\/uploads\/2025\/02\/819b2453-497a-4c94-a0aa-b4443b2d94ca-1.jpg\",\"width\":336,\"height\":504},{\"@type\":\"BreadcrumbList\",\"@id\":\"https:\/\/sanluisinforma.com\/?p=10465#breadcrumb\",\"itemListElement\":[{\"@type\":\"ListItem\",\"position\":1,\"name\":\"Inicio\",\"item\":\"https:\/\/sanluisinforma.com\/\"},{\"@type\":\"ListItem\",\"position\":2,\"name\":\"Ayuntamiento celebra en su d\u00eda a m\u00e1s de mil pensionados\"}]},{\"@type\":\"WebSite\",\"@id\":\"https:\/\/sanluisinforma.com\/#website\",\"url\":\"https:\/\/sanluisinforma.com\/\",\"name\":\"sanluisinforma.com\",\"description\":\"Periodico San Luis Informa\",\"publisher\":{\"@id\":\"https:\/\/sanluisinforma.com\/#organization\"},\"potentialAction\":[{\"@type\":\"SearchAction\",\"target\":{\"@type\":\"EntryPoint\",\"urlTemplate\":\"https:\/\/sanluisinforma.com\/?s={search_term_string}\"},\"query-input\":{\"@type\":\"PropertyValueSpecification\",\"valueRequired\":true,\"valueName\":\"search_term_string\"}}],\"inLanguage\":\"es\"},{\"@type\":\"Organization\",\"@id\":\"https:\/\/sanluisinforma.com\/#organization\",\"name\":\"sanluisinforma.com\",\"url\":\"https:\/\/sanluisinforma.com\/\",\"logo\":{\"@type\":\"ImageObject\",\"inLanguage\":\"es\",\"@id\":\"https:\/\/sanluisinforma.com\/#\/schema\/logo\/image\/\",\"url\":\"https:\/\/sanluisinforma.com\/wp-content\/uploads\/2026\/03\/sanluisinforma-V.jpg\",\"contentUrl\":\"https:\/\/sanluisinforma.com\/wp-content\/uploads\/2026\/03\/sanluisinforma-V.jpg\",\"width\":500,\"height\":156,\"caption\":\"sanluisinforma.com\"},\"image\":{\"@id\":\"https:\/\/sanluisinforma.com\/#\/schema\/logo\/image\/\"}},{\"@type\":\"Person\",\"@id\":\"https:\/\/sanluisinforma.com\/#\/schema\/person\/c30648f71476be533b6f59d092905c8b\",\"name\":\"sanluisinforma.com\",\"image\":{\"@type\":\"ImageObject\",\"inLanguage\":\"es\",\"@id\":\"https:\/\/sanluisinforma.com\/#\/schema\/person\/image\/\",\"url\":\"https:\/\/secure.gravatar.com\/avatar\/86e3114e34a1eecefb963e0a02f0093f93b092dddb2fe1517596343751081a87?s=96&d=mm&r=g\",\"contentUrl\":\"https:\/\/secure.gravatar.com\/avatar\/86e3114e34a1eecefb963e0a02f0093f93b092dddb2fe1517596343751081a87?s=96&d=mm&r=g\",\"caption\":\"sanluisinforma.com\"},\"url\":\"https:\/\/sanluisinforma.com\/?author=2\"}]}<\/script>\n<!-- \/ Yoast SEO plugin. -->","yoast_head_json":{"title":"Ayuntamiento celebra en su d\u00eda a m\u00e1s de mil pensionados - sanluisinforma.com","robots":{"index":"index","follow":"follow","max-snippet":"max-snippet:-1","max-image-preview":"max-image-preview:large","max-video-preview":"max-video-preview:-1"},"canonical":"https:\/\/sanluisinforma.com\/?p=10465","og_locale":"es_MX","og_type":"article","og_title":"Ayuntamiento celebra en su d\u00eda a m\u00e1s de mil pensionados - sanluisinforma.com","og_description":"Dentro de la conmemoraci\u00f3n del D\u00eda del Pensionado Municipal que se celebra cada 15 de febrero, el Alcalde de San","og_url":"https:\/\/sanluisinforma.com\/?p=10465","og_site_name":"sanluisinforma.com","article_published_time":"2025-02-18T06:45:00+00:00","article_modified_time":"2025-02-18T00:48:28+00:00","og_image":[{"width":336,"height":504,"url":"https:\/\/sanluisinforma.com\/wp-content\/uploads\/2025\/02\/819b2453-497a-4c94-a0aa-b4443b2d94ca-1.jpg","type":"image\/jpeg"}],"author":"sanluisinforma.com","twitter_card":"summary_large_image","twitter_misc":{"Escrito por":"sanluisinforma.com","Tiempo de lectura":"1 minuto"},"schema":{"@context":"https:\/\/schema.org","@graph":[{"@type":"Article","@id":"https:\/\/sanluisinforma.com\/?p=10465#article","isPartOf":{"@id":"https:\/\/sanluisinforma.com\/?p=10465"},"author":{"name":"sanluisinforma.com","@id":"https:\/\/sanluisinforma.com\/#\/schema\/person\/c30648f71476be533b6f59d092905c8b"},"headline":"Ayuntamiento celebra en su d\u00eda a m\u00e1s de mil pensionados","datePublished":"2025-02-18T06:45:00+00:00","dateModified":"2025-02-18T00:48:28+00:00","mainEntityOfPage":{"@id":"https:\/\/sanluisinforma.com\/?p=10465"},"wordCount":196,"publisher":{"@id":"https:\/\/sanluisinforma.com\/#organization"},"image":{"@id":"https:\/\/sanluisinforma.com\/?p=10465#primaryimage"},"thumbnailUrl":"https:\/\/sanluisinforma.com\/wp-content\/uploads\/2025\/02\/819b2453-497a-4c94-a0aa-b4443b2d94ca-1.jpg","articleSection":["Portada"],"inLanguage":"es"},{"@type":"WebPage","@id":"https:\/\/sanluisinforma.com\/?p=10465","url":"https:\/\/sanluisinforma.com\/?p=10465","name":"Ayuntamiento celebra en su d\u00eda a m\u00e1s de mil pensionados - sanluisinforma.com","isPartOf":{"@id":"https:\/\/sanluisinforma.com\/#website"},"primaryImageOfPage":{"@id":"https:\/\/sanluisinforma.com\/?p=10465#primaryimage"},"image":{"@id":"https:\/\/sanluisinforma.com\/?p=10465#primaryimage"},"thumbnailUrl":"https:\/\/sanluisinforma.com\/wp-content\/uploads\/2025\/02\/819b2453-497a-4c94-a0aa-b4443b2d94ca-1.jpg","datePublished":"2025-02-18T06:45:00+00:00","dateModified":"2025-02-18T00:48:28+00:00","breadcrumb":{"@id":"https:\/\/sanluisinforma.com\/?p=10465#breadcrumb"},"inLanguage":"es","potentialAction":[{"@type":"ReadAction","target":["https:\/\/sanluisinforma.com\/?p=10465"]}]},{"@type":"ImageObject","inLanguage":"es","@id":"https:\/\/sanluisinforma.com\/?p=10465#primaryimage","url":"https:\/\/sanluisinforma.com\/wp-content\/uploads\/2025\/02\/819b2453-497a-4c94-a0aa-b4443b2d94ca-1.jpg","contentUrl":"https:\/\/sanluisinforma.com\/wp-content\/uploads\/2025\/02\/819b2453-497a-4c94-a0aa-b4443b2d94ca-1.jpg","width":336,"height":504},{"@type":"BreadcrumbList","@id":"https:\/\/sanluisinforma.com\/?p=10465#breadcrumb","itemListElement":[{"@type":"ListItem","position":1,"name":"Inicio","item":"https:\/\/sanluisinforma.com\/"},{"@type":"ListItem","position":2,"name":"Ayuntamiento celebra en su d\u00eda a m\u00e1s de mil pensionados"}]},{"@type":"WebSite","@id":"https:\/\/sanluisinforma.com\/#website","url":"https:\/\/sanluisinforma.com\/","name":"sanluisinforma.com","description":"Periodico San Luis Informa","publisher":{"@id":"https:\/\/sanluisinforma.com\/#organization"},"potentialAction":[{"@type":"SearchAction","target":{"@type":"EntryPoint","urlTemplate":"https:\/\/sanluisinforma.com\/?s={search_term_string}"},"query-input":{"@type":"PropertyValueSpecification","valueRequired":true,"valueName":"search_term_string"}}],"inLanguage":"es"},{"@type":"Organization","@id":"https:\/\/sanluisinforma.com\/#organization","name":"sanluisinforma.com","url":"https:\/\/sanluisinforma.com\/","logo":{"@type":"ImageObject","inLanguage":"es","@id":"https:\/\/sanluisinforma.com\/#\/schema\/logo\/image\/","url":"https:\/\/sanluisinforma.com\/wp-content\/uploads\/2026\/03\/sanluisinforma-V.jpg","contentUrl":"https:\/\/sanluisinforma.com\/wp-content\/uploads\/2026\/03\/sanluisinforma-V.jpg","width":500,"height":156,"caption":"sanluisinforma.com"},"image":{"@id":"https:\/\/sanluisinforma.com\/#\/schema\/logo\/image\/"}},{"@type":"Person","@id":"https:\/\/sanluisinforma.com\/#\/schema\/person\/c30648f71476be533b6f59d092905c8b","name":"sanluisinforma.com","image":{"@type":"ImageObject","inLanguage":"es","@id":"https:\/\/sanluisinforma.com\/#\/schema\/person\/image\/","url":"https:\/\/secure.gravatar.com\/avatar\/86e3114e34a1eecefb963e0a02f0093f93b092dddb2fe1517596343751081a87?s=96&d=mm&r=g","contentUrl":"https:\/\/secure.gravatar.com\/avatar\/86e3114e34a1eecefb963e0a02f0093f93b092dddb2fe1517596343751081a87?s=96&d=mm&r=g","caption":"sanluisinforma.com"},"url":"https:\/\/sanluisinforma.com\/?author=2"}]}},"_links":{"self":[{"href":"https:\/\/sanluisinforma.com\/index.php?rest_route=\/wp\/v2\/posts\/10465","targetHints":{"allow":["GET"]}}],"collection":[{"href":"https:\/\/sanluisinforma.com\/index.php?rest_route=\/wp\/v2\/posts"}],"about":[{"href":"https:\/\/sanluisinforma.com\/index.php?rest_route=\/wp\/v2\/types\/post"}],"author":[{"embeddable":true,"href":"https:\/\/sanluisinforma.com\/index.php?rest_route=\/wp\/v2\/users\/2"}],"replies":[{"embeddable":true,"href":"https:\/\/sanluisinforma.com\/index.php?rest_route=%2Fwp%2Fv2%2Fcomments&post=10465"}],"version-history":[{"count":1,"href":"https:\/\/sanluisinforma.com\/index.php?rest_route=\/wp\/v2\/posts\/10465\/revisions"}],"predecessor-version":[{"id":10468,"href":"https:\/\/sanluisinforma.com\/index.php?rest_route=\/wp\/v2\/posts\/10465\/revisions\/10468"}],"wp:featuredmedia":[{"embeddable":true,"href":"https:\/\/sanluisinforma.com\/index.php?rest_route=\/wp\/v2\/media\/10467"}],"wp:attachment":[{"href":"https:\/\/sanluisinforma.com\/index.php?rest_route=%2Fwp%2Fv2%2Fmedia&parent=10465"}],"wp:term":[{"taxonomy":"category","embeddable":true,"href":"https:\/\/sanluisinforma.com\/index.php?rest_route=%2Fwp%2Fv2%2Fcategories&post=10465"},{"taxonomy":"post_tag","embeddable":true,"href":"https:\/\/sanluisinforma.com\/index.php?rest_route=%2Fwp%2Fv2%2Ftags&post=10465"}],"curies":[{"name":"wp","href":"https:\/\/api.w.org\/{rel}","templated":true}]}}