{"id":10478,"date":"2025-02-18T00:55:00","date_gmt":"2025-02-18T06:55:00","guid":{"rendered":"https:\/\/sanluisinforma.com\/?p=10478"},"modified":"2025-02-17T19:16:09","modified_gmt":"2025-02-18T01:16:09","slug":"gobierno-estatal-arranca-certificacion-en-equinoterapia","status":"publish","type":"post","link":"https:\/\/sanluisinforma.com\/?p=10478","title":{"rendered":"Gobierno Estatal Arranca Certificaci\u00f3n en Equinoterapia"},"content":{"rendered":"\n<p>La certificaci\u00f3n contribuir\u00e1 a una mejor rehabilitaci\u00f3n y brindar\u00e1 m\u00e1s apoyo a las familias potosinas<\/p>\n\n\n\n<p>Por segundo a\u00f1o consecutivo, el Sistema Estatal para el Desarrollo Integral de la Familia (DIF), realiza la Certificaci\u00f3n Internacional \u201cEquinoterapia y Emprendimiento\u201d en el Centro de Equinoterapia ubicado en las instalaciones de la Feria Nacional Potosina (Fenapo), cuyo objetivo es crear una nueva generaci\u00f3n de personas expertas en la rehabilitaci\u00f3n asistida por caballos.<\/p>\n\n\n\n<p>Desde hace tres a\u00f1os, por instrucci\u00f3n del Gobernador de San Luis Potos\u00ed, Ricardo Gallardo Cardona, el DIF Estatal puso en operaci\u00f3n el Centro de Equinoterapia como un referente en la rehabilitaci\u00f3n alternativa de personas con discapacidad, con instalaciones de primer nivel y personal capacitado que brindan m\u00e1s apoyo en mejorar la calidad de vida de las personas vulnerables.<\/p>\n\n\n\n<p>La directora general, Virginia Z\u00fa\u00f1iga Maldonado, mencion\u00f3 que, el DIF Estatal, cree firmemente en la equinoterapia como una herramienta poderosa que transforma vidas, con impacto en la rehabilitaci\u00f3n f\u00edsica, emocional y cognitiva de ni\u00f1as, ni\u00f1os y adolescentes.<\/p>\n\n\n\n<p>Por ello, destac\u00f3 su orgullo de impulsar espacios como este, donde el conocimiento se expande y donde quienes se dedican a esta noble labor adquieren nuevas herramientas para fortalecer su trabajo en beneficio de las personas con discapacidad.<\/p>\n","protected":false},"excerpt":{"rendered":"<p>La certificaci\u00f3n contribuir\u00e1 a una mejor rehabilitaci\u00f3n y brindar\u00e1 m\u00e1s apoyo a las familias potosinas Por segundo a\u00f1o consecutivo, el<\/p>\n","protected":false},"author":2,"featured_media":10479,"comment_status":"closed","ping_status":"closed","sticky":false,"template":"","format":"standard","meta":{"footnotes":""},"categories":[25,30],"tags":[],"class_list":["post-10478","post","type-post","status-publish","format-standard","has-post-thumbnail","hentry","category-local","category-portada"],"yoast_head":"<!-- This site is optimized with the Yoast SEO plugin v24.1 - https:\/\/yoast.com\/wordpress\/plugins\/seo\/ -->\n<title>Gobierno Estatal Arranca Certificaci\u00f3n en Equinoterapia - sanluisinforma.com<\/title>\n<meta name=\"robots\" content=\"index, follow, max-snippet:-1, max-image-preview:large, max-video-preview:-1\" \/>\n<link rel=\"canonical\" href=\"https:\/\/sanluisinforma.com\/?p=10478\" \/>\n<meta property=\"og:locale\" content=\"es_MX\" \/>\n<meta property=\"og:type\" content=\"article\" \/>\n<meta property=\"og:title\" content=\"Gobierno Estatal Arranca Certificaci\u00f3n en Equinoterapia - sanluisinforma.com\" \/>\n<meta property=\"og:description\" content=\"La certificaci\u00f3n contribuir\u00e1 a una mejor rehabilitaci\u00f3n y brindar\u00e1 m\u00e1s apoyo a las familias potosinas Por segundo a\u00f1o consecutivo, el\" \/>\n<meta property=\"og:url\" content=\"https:\/\/sanluisinforma.com\/?p=10478\" \/>\n<meta property=\"og:site_name\" content=\"sanluisinforma.com\" \/>\n<meta property=\"article:published_time\" content=\"2025-02-18T06:55:00+00:00\" \/>\n<meta property=\"article:modified_time\" content=\"2025-02-18T01:16:09+00:00\" \/>\n<meta property=\"og:image\" content=\"https:\/\/sanluisinforma.com\/wp-content\/uploads\/2025\/02\/f58f641a-65db-4a90-b5ca-f9fe385da81c.jpg\" \/>\n\t<meta property=\"og:image:width\" content=\"480\" \/>\n\t<meta property=\"og:image:height\" content=\"320\" \/>\n\t<meta property=\"og:image:type\" content=\"image\/jpeg\" \/>\n<meta name=\"author\" content=\"sanluisinforma.com\" \/>\n<meta name=\"twitter:card\" content=\"summary_large_image\" \/>\n<meta name=\"twitter:label1\" content=\"Escrito por\" \/>\n\t<meta name=\"twitter:data1\" content=\"sanluisinforma.com\" \/>\n\t<meta name=\"twitter:label2\" content=\"Tiempo de lectura\" \/>\n\t<meta name=\"twitter:data2\" content=\"2 minutos\" \/>\n<script type=\"application\/ld+json\" class=\"yoast-schema-graph\">{\"@context\":\"https:\/\/schema.org\",\"@graph\":[{\"@type\":\"Article\",\"@id\":\"https:\/\/sanluisinforma.com\/?p=10478#article\",\"isPartOf\":{\"@id\":\"https:\/\/sanluisinforma.com\/?p=10478\"},\"author\":{\"name\":\"sanluisinforma.com\",\"@id\":\"https:\/\/sanluisinforma.com\/#\/schema\/person\/c30648f71476be533b6f59d092905c8b\"},\"headline\":\"Gobierno Estatal Arranca Certificaci\u00f3n en Equinoterapia\",\"datePublished\":\"2025-02-18T06:55:00+00:00\",\"dateModified\":\"2025-02-18T01:16:09+00:00\",\"mainEntityOfPage\":{\"@id\":\"https:\/\/sanluisinforma.com\/?p=10478\"},\"wordCount\":225,\"publisher\":{\"@id\":\"https:\/\/sanluisinforma.com\/#organization\"},\"image\":{\"@id\":\"https:\/\/sanluisinforma.com\/?p=10478#primaryimage\"},\"thumbnailUrl\":\"https:\/\/sanluisinforma.com\/wp-content\/uploads\/2025\/02\/f58f641a-65db-4a90-b5ca-f9fe385da81c.jpg\",\"articleSection\":[\"Local\",\"Portada\"],\"inLanguage\":\"es\"},{\"@type\":\"WebPage\",\"@id\":\"https:\/\/sanluisinforma.com\/?p=10478\",\"url\":\"https:\/\/sanluisinforma.com\/?p=10478\",\"name\":\"Gobierno Estatal Arranca Certificaci\u00f3n en Equinoterapia - sanluisinforma.com\",\"isPartOf\":{\"@id\":\"https:\/\/sanluisinforma.com\/#website\"},\"primaryImageOfPage\":{\"@id\":\"https:\/\/sanluisinforma.com\/?p=10478#primaryimage\"},\"image\":{\"@id\":\"https:\/\/sanluisinforma.com\/?p=10478#primaryimage\"},\"thumbnailUrl\":\"https:\/\/sanluisinforma.com\/wp-content\/uploads\/2025\/02\/f58f641a-65db-4a90-b5ca-f9fe385da81c.jpg\",\"datePublished\":\"2025-02-18T06:55:00+00:00\",\"dateModified\":\"2025-02-18T01:16:09+00:00\",\"breadcrumb\":{\"@id\":\"https:\/\/sanluisinforma.com\/?p=10478#breadcrumb\"},\"inLanguage\":\"es\",\"potentialAction\":[{\"@type\":\"ReadAction\",\"target\":[\"https:\/\/sanluisinforma.com\/?p=10478\"]}]},{\"@type\":\"ImageObject\",\"inLanguage\":\"es\",\"@id\":\"https:\/\/sanluisinforma.com\/?p=10478#primaryimage\",\"url\":\"https:\/\/sanluisinforma.com\/wp-content\/uploads\/2025\/02\/f58f641a-65db-4a90-b5ca-f9fe385da81c.jpg\",\"contentUrl\":\"https:\/\/sanluisinforma.com\/wp-content\/uploads\/2025\/02\/f58f641a-65db-4a90-b5ca-f9fe385da81c.jpg\",\"width\":480,\"height\":320},{\"@type\":\"BreadcrumbList\",\"@id\":\"https:\/\/sanluisinforma.com\/?p=10478#breadcrumb\",\"itemListElement\":[{\"@type\":\"ListItem\",\"position\":1,\"name\":\"Inicio\",\"item\":\"https:\/\/sanluisinforma.com\/\"},{\"@type\":\"ListItem\",\"position\":2,\"name\":\"Gobierno Estatal Arranca Certificaci\u00f3n en Equinoterapia\"}]},{\"@type\":\"WebSite\",\"@id\":\"https:\/\/sanluisinforma.com\/#website\",\"url\":\"https:\/\/sanluisinforma.com\/\",\"name\":\"sanluisinforma.com\",\"description\":\"Periodico San Luis Informa\",\"publisher\":{\"@id\":\"https:\/\/sanluisinforma.com\/#organization\"},\"potentialAction\":[{\"@type\":\"SearchAction\",\"target\":{\"@type\":\"EntryPoint\",\"urlTemplate\":\"https:\/\/sanluisinforma.com\/?s={search_term_string}\"},\"query-input\":{\"@type\":\"PropertyValueSpecification\",\"valueRequired\":true,\"valueName\":\"search_term_string\"}}],\"inLanguage\":\"es\"},{\"@type\":\"Organization\",\"@id\":\"https:\/\/sanluisinforma.com\/#organization\",\"name\":\"sanluisinforma.com\",\"url\":\"https:\/\/sanluisinforma.com\/\",\"logo\":{\"@type\":\"ImageObject\",\"inLanguage\":\"es\",\"@id\":\"https:\/\/sanluisinforma.com\/#\/schema\/logo\/image\/\",\"url\":\"https:\/\/sanluisinforma.com\/wp-content\/uploads\/2026\/03\/sanluisinforma-V.jpg\",\"contentUrl\":\"https:\/\/sanluisinforma.com\/wp-content\/uploads\/2026\/03\/sanluisinforma-V.jpg\",\"width\":500,\"height\":156,\"caption\":\"sanluisinforma.com\"},\"image\":{\"@id\":\"https:\/\/sanluisinforma.com\/#\/schema\/logo\/image\/\"}},{\"@type\":\"Person\",\"@id\":\"https:\/\/sanluisinforma.com\/#\/schema\/person\/c30648f71476be533b6f59d092905c8b\",\"name\":\"sanluisinforma.com\",\"image\":{\"@type\":\"ImageObject\",\"inLanguage\":\"es\",\"@id\":\"https:\/\/sanluisinforma.com\/#\/schema\/person\/image\/\",\"url\":\"https:\/\/secure.gravatar.com\/avatar\/86e3114e34a1eecefb963e0a02f0093f93b092dddb2fe1517596343751081a87?s=96&d=mm&r=g\",\"contentUrl\":\"https:\/\/secure.gravatar.com\/avatar\/86e3114e34a1eecefb963e0a02f0093f93b092dddb2fe1517596343751081a87?s=96&d=mm&r=g\",\"caption\":\"sanluisinforma.com\"},\"url\":\"https:\/\/sanluisinforma.com\/?author=2\"}]}<\/script>\n<!-- \/ Yoast SEO plugin. -->","yoast_head_json":{"title":"Gobierno Estatal Arranca Certificaci\u00f3n en Equinoterapia - sanluisinforma.com","robots":{"index":"index","follow":"follow","max-snippet":"max-snippet:-1","max-image-preview":"max-image-preview:large","max-video-preview":"max-video-preview:-1"},"canonical":"https:\/\/sanluisinforma.com\/?p=10478","og_locale":"es_MX","og_type":"article","og_title":"Gobierno Estatal Arranca Certificaci\u00f3n en Equinoterapia - sanluisinforma.com","og_description":"La certificaci\u00f3n contribuir\u00e1 a una mejor rehabilitaci\u00f3n y brindar\u00e1 m\u00e1s apoyo a las familias potosinas Por segundo a\u00f1o consecutivo, el","og_url":"https:\/\/sanluisinforma.com\/?p=10478","og_site_name":"sanluisinforma.com","article_published_time":"2025-02-18T06:55:00+00:00","article_modified_time":"2025-02-18T01:16:09+00:00","og_image":[{"width":480,"height":320,"url":"https:\/\/sanluisinforma.com\/wp-content\/uploads\/2025\/02\/f58f641a-65db-4a90-b5ca-f9fe385da81c.jpg","type":"image\/jpeg"}],"author":"sanluisinforma.com","twitter_card":"summary_large_image","twitter_misc":{"Escrito por":"sanluisinforma.com","Tiempo de lectura":"2 minutos"},"schema":{"@context":"https:\/\/schema.org","@graph":[{"@type":"Article","@id":"https:\/\/sanluisinforma.com\/?p=10478#article","isPartOf":{"@id":"https:\/\/sanluisinforma.com\/?p=10478"},"author":{"name":"sanluisinforma.com","@id":"https:\/\/sanluisinforma.com\/#\/schema\/person\/c30648f71476be533b6f59d092905c8b"},"headline":"Gobierno Estatal Arranca Certificaci\u00f3n en Equinoterapia","datePublished":"2025-02-18T06:55:00+00:00","dateModified":"2025-02-18T01:16:09+00:00","mainEntityOfPage":{"@id":"https:\/\/sanluisinforma.com\/?p=10478"},"wordCount":225,"publisher":{"@id":"https:\/\/sanluisinforma.com\/#organization"},"image":{"@id":"https:\/\/sanluisinforma.com\/?p=10478#primaryimage"},"thumbnailUrl":"https:\/\/sanluisinforma.com\/wp-content\/uploads\/2025\/02\/f58f641a-65db-4a90-b5ca-f9fe385da81c.jpg","articleSection":["Local","Portada"],"inLanguage":"es"},{"@type":"WebPage","@id":"https:\/\/sanluisinforma.com\/?p=10478","url":"https:\/\/sanluisinforma.com\/?p=10478","name":"Gobierno Estatal Arranca Certificaci\u00f3n en Equinoterapia - sanluisinforma.com","isPartOf":{"@id":"https:\/\/sanluisinforma.com\/#website"},"primaryImageOfPage":{"@id":"https:\/\/sanluisinforma.com\/?p=10478#primaryimage"},"image":{"@id":"https:\/\/sanluisinforma.com\/?p=10478#primaryimage"},"thumbnailUrl":"https:\/\/sanluisinforma.com\/wp-content\/uploads\/2025\/02\/f58f641a-65db-4a90-b5ca-f9fe385da81c.jpg","datePublished":"2025-02-18T06:55:00+00:00","dateModified":"2025-02-18T01:16:09+00:00","breadcrumb":{"@id":"https:\/\/sanluisinforma.com\/?p=10478#breadcrumb"},"inLanguage":"es","potentialAction":[{"@type":"ReadAction","target":["https:\/\/sanluisinforma.com\/?p=10478"]}]},{"@type":"ImageObject","inLanguage":"es","@id":"https:\/\/sanluisinforma.com\/?p=10478#primaryimage","url":"https:\/\/sanluisinforma.com\/wp-content\/uploads\/2025\/02\/f58f641a-65db-4a90-b5ca-f9fe385da81c.jpg","contentUrl":"https:\/\/sanluisinforma.com\/wp-content\/uploads\/2025\/02\/f58f641a-65db-4a90-b5ca-f9fe385da81c.jpg","width":480,"height":320},{"@type":"BreadcrumbList","@id":"https:\/\/sanluisinforma.com\/?p=10478#breadcrumb","itemListElement":[{"@type":"ListItem","position":1,"name":"Inicio","item":"https:\/\/sanluisinforma.com\/"},{"@type":"ListItem","position":2,"name":"Gobierno Estatal Arranca Certificaci\u00f3n en Equinoterapia"}]},{"@type":"WebSite","@id":"https:\/\/sanluisinforma.com\/#website","url":"https:\/\/sanluisinforma.com\/","name":"sanluisinforma.com","description":"Periodico San Luis Informa","publisher":{"@id":"https:\/\/sanluisinforma.com\/#organization"},"potentialAction":[{"@type":"SearchAction","target":{"@type":"EntryPoint","urlTemplate":"https:\/\/sanluisinforma.com\/?s={search_term_string}"},"query-input":{"@type":"PropertyValueSpecification","valueRequired":true,"valueName":"search_term_string"}}],"inLanguage":"es"},{"@type":"Organization","@id":"https:\/\/sanluisinforma.com\/#organization","name":"sanluisinforma.com","url":"https:\/\/sanluisinforma.com\/","logo":{"@type":"ImageObject","inLanguage":"es","@id":"https:\/\/sanluisinforma.com\/#\/schema\/logo\/image\/","url":"https:\/\/sanluisinforma.com\/wp-content\/uploads\/2026\/03\/sanluisinforma-V.jpg","contentUrl":"https:\/\/sanluisinforma.com\/wp-content\/uploads\/2026\/03\/sanluisinforma-V.jpg","width":500,"height":156,"caption":"sanluisinforma.com"},"image":{"@id":"https:\/\/sanluisinforma.com\/#\/schema\/logo\/image\/"}},{"@type":"Person","@id":"https:\/\/sanluisinforma.com\/#\/schema\/person\/c30648f71476be533b6f59d092905c8b","name":"sanluisinforma.com","image":{"@type":"ImageObject","inLanguage":"es","@id":"https:\/\/sanluisinforma.com\/#\/schema\/person\/image\/","url":"https:\/\/secure.gravatar.com\/avatar\/86e3114e34a1eecefb963e0a02f0093f93b092dddb2fe1517596343751081a87?s=96&d=mm&r=g","contentUrl":"https:\/\/secure.gravatar.com\/avatar\/86e3114e34a1eecefb963e0a02f0093f93b092dddb2fe1517596343751081a87?s=96&d=mm&r=g","caption":"sanluisinforma.com"},"url":"https:\/\/sanluisinforma.com\/?author=2"}]}},"_links":{"self":[{"href":"https:\/\/sanluisinforma.com\/index.php?rest_route=\/wp\/v2\/posts\/10478","targetHints":{"allow":["GET"]}}],"collection":[{"href":"https:\/\/sanluisinforma.com\/index.php?rest_route=\/wp\/v2\/posts"}],"about":[{"href":"https:\/\/sanluisinforma.com\/index.php?rest_route=\/wp\/v2\/types\/post"}],"author":[{"embeddable":true,"href":"https:\/\/sanluisinforma.com\/index.php?rest_route=\/wp\/v2\/users\/2"}],"replies":[{"embeddable":true,"href":"https:\/\/sanluisinforma.com\/index.php?rest_route=%2Fwp%2Fv2%2Fcomments&post=10478"}],"version-history":[{"count":1,"href":"https:\/\/sanluisinforma.com\/index.php?rest_route=\/wp\/v2\/posts\/10478\/revisions"}],"predecessor-version":[{"id":10480,"href":"https:\/\/sanluisinforma.com\/index.php?rest_route=\/wp\/v2\/posts\/10478\/revisions\/10480"}],"wp:featuredmedia":[{"embeddable":true,"href":"https:\/\/sanluisinforma.com\/index.php?rest_route=\/wp\/v2\/media\/10479"}],"wp:attachment":[{"href":"https:\/\/sanluisinforma.com\/index.php?rest_route=%2Fwp%2Fv2%2Fmedia&parent=10478"}],"wp:term":[{"taxonomy":"category","embeddable":true,"href":"https:\/\/sanluisinforma.com\/index.php?rest_route=%2Fwp%2Fv2%2Fcategories&post=10478"},{"taxonomy":"post_tag","embeddable":true,"href":"https:\/\/sanluisinforma.com\/index.php?rest_route=%2Fwp%2Fv2%2Ftags&post=10478"}],"curies":[{"name":"wp","href":"https:\/\/api.w.org\/{rel}","templated":true}]}}