{"id":10483,"date":"2025-02-19T00:50:00","date_gmt":"2025-02-19T06:50:00","guid":{"rendered":"https:\/\/sanluisinforma.com\/?p=10483"},"modified":"2025-02-18T18:27:20","modified_gmt":"2025-02-19T00:27:20","slug":"honeywell-y-gobierno-de-la-capital-unidos-por-la-inclusion-laboral","status":"publish","type":"post","link":"https:\/\/sanluisinforma.com\/?p=10483","title":{"rendered":"Honeywell y Gobierno de la Capital, unidos por la inclusi\u00f3n laboral"},"content":{"rendered":"\n<p><\/p>\n\n\n\n<p>El DIF Municipal de SLP y la empresa suman esfuerzos para generar entornos de trabajo accesibles y equitativos, con un convenio de colaboraci\u00f3n firmado por el Alcalde Enrique Galindo y por Arturo Campos, Vicepresidente de Recursos Humanos de Latinoam\u00e9rica de Honeywell; para que el organismo imparta talleres de sensibilizaci\u00f3n en lengua de se\u00f1as e integraci\u00f3n de personas con discapacidad.<\/p>\n\n\n\n<p>Con el objetivo de fomentar la inclusi\u00f3n laboral de personas con discapacidad, el Ayuntamiento de San Luis Potos\u00ed, a trav\u00e9s del Sistema Municipal DIF, representados por el Alcalde Enrique Galindo Ceballos y la Directora del DIF Municipal, Jessica Albarr\u00e1n Ram\u00edrez; firm\u00f3 un convenio de colaboraci\u00f3n con Honeywell Automotive de M\u00e9xico, representada por Arturo Campos, Vicepresidente de Recursos Humanos de Latinoam\u00e9rica y Amaro Insua, L\u00edder de sitio. Como parte de este acuerdo, el DIF Municipal, que preside la maestra Estela Arriaga M\u00e1rquez, impartir\u00e1 diversos talleres de sensibilizaci\u00f3n dirigidos a empleados, l\u00edderes y directivos de Honeywell, abarcando temas como lengua de se\u00f1as, integraci\u00f3n laboral de personas con discapacidad y espacios libres de violencia, con la finalidad de generar un ambiente laboral m\u00e1s incluyente y accesible.<\/p>\n\n\n\n<p>El Presidente Municipal de San Luis Potos\u00ed, Enrique Galindo Ceballos, destac\u00f3 la importancia de esta colaboraci\u00f3n para fortalecer la cultura de inclusi\u00f3n en el sector privado. &#8220;Desde el Ayuntamiento, seguimos impulsando alianzas con empresas comprometidas con la diversidad e inclusi\u00f3n. Este convenio sensibiliza a los trabajadores, pero tambi\u00e9n abre puertas para que las personas con discapacidad tengan mayores oportunidades de desarrollo profesional&#8221;.<\/p>\n\n\n\n<p>\u201cComo autoridades, queremos ser un puente entre la comunidad y las grandes empresas, compa\u00f1\u00edas tan reconocidas, tan importantes, donde buscamos compartir nuestra experiencia, ahora que est\u00e1n instalados en San Luis Potos\u00ed. Agradecemos mucho la apertura para poder colaborar, para construir una sociedad m\u00e1s justa y equitativa\u201d, se\u00f1al\u00f3 el Alcalde Enrique Galindo en su mensaje.<\/p>\n\n\n\n<p>En representaci\u00f3n de Honeywell, Arturo Campos, vicepresidente de Recursos Humanos de Latinoam\u00e9rica, reafirm\u00f3 el compromiso de la empresa con la diversidad e inclusi\u00f3n. &#8220;En Honeywell creemos que la diversidad fortalece nuestra cultura y nos permite innovar. Con este convenio, reafirmamos nuestro compromiso de ofrecer un ambiente laboral en el que todos se sientan valorados y apoyados. Sabemos que, a trav\u00e9s de la capacitaci\u00f3n y la sensibilizaci\u00f3n, podemos eliminar barreras y generar oportunidades para que m\u00e1s personas puedan desarrollarse en espacios laborales equitativos&#8221;.<\/p>\n\n\n\n<p><\/p>\n\n\n\n<p><\/p>\n\n\n\n<p><\/p>\n\n\n\n<p><\/p>\n\n\n\n<p><\/p>\n","protected":false},"excerpt":{"rendered":"<p>El DIF Municipal de SLP y la empresa suman esfuerzos para generar entornos de trabajo accesibles y equitativos, con un<\/p>\n","protected":false},"author":2,"featured_media":10484,"comment_status":"closed","ping_status":"closed","sticky":false,"template":"","format":"standard","meta":{"footnotes":""},"categories":[25,30],"tags":[],"class_list":["post-10483","post","type-post","status-publish","format-standard","has-post-thumbnail","hentry","category-local","category-portada"],"yoast_head":"<!-- This site is optimized with the Yoast SEO plugin v24.1 - https:\/\/yoast.com\/wordpress\/plugins\/seo\/ -->\n<title>Honeywell y Gobierno de la Capital, unidos por la inclusi\u00f3n laboral - sanluisinforma.com<\/title>\n<meta name=\"robots\" content=\"index, follow, max-snippet:-1, max-image-preview:large, max-video-preview:-1\" \/>\n<link rel=\"canonical\" href=\"https:\/\/sanluisinforma.com\/?p=10483\" \/>\n<meta property=\"og:locale\" content=\"es_MX\" \/>\n<meta property=\"og:type\" content=\"article\" \/>\n<meta property=\"og:title\" content=\"Honeywell y Gobierno de la Capital, unidos por la inclusi\u00f3n laboral - sanluisinforma.com\" \/>\n<meta property=\"og:description\" content=\"El DIF Municipal de SLP y la empresa suman esfuerzos para generar entornos de trabajo accesibles y equitativos, con un\" \/>\n<meta property=\"og:url\" content=\"https:\/\/sanluisinforma.com\/?p=10483\" \/>\n<meta property=\"og:site_name\" content=\"sanluisinforma.com\" \/>\n<meta property=\"article:published_time\" content=\"2025-02-19T06:50:00+00:00\" \/>\n<meta property=\"article:modified_time\" content=\"2025-02-19T00:27:20+00:00\" \/>\n<meta property=\"og:image\" content=\"https:\/\/sanluisinforma.com\/wp-content\/uploads\/2025\/02\/5e0018e1-bf21-4590-b2b6-9bfa46ea87eb.jpg\" \/>\n\t<meta property=\"og:image:width\" content=\"480\" \/>\n\t<meta property=\"og:image:height\" content=\"319\" \/>\n\t<meta property=\"og:image:type\" content=\"image\/jpeg\" \/>\n<meta name=\"author\" content=\"sanluisinforma.com\" \/>\n<meta name=\"twitter:card\" content=\"summary_large_image\" \/>\n<meta name=\"twitter:label1\" content=\"Escrito por\" \/>\n\t<meta name=\"twitter:data1\" content=\"sanluisinforma.com\" \/>\n\t<meta name=\"twitter:label2\" content=\"Tiempo de lectura\" \/>\n\t<meta name=\"twitter:data2\" content=\"2 minutos\" \/>\n<script type=\"application\/ld+json\" class=\"yoast-schema-graph\">{\"@context\":\"https:\/\/schema.org\",\"@graph\":[{\"@type\":\"Article\",\"@id\":\"https:\/\/sanluisinforma.com\/?p=10483#article\",\"isPartOf\":{\"@id\":\"https:\/\/sanluisinforma.com\/?p=10483\"},\"author\":{\"name\":\"sanluisinforma.com\",\"@id\":\"https:\/\/sanluisinforma.com\/#\/schema\/person\/c30648f71476be533b6f59d092905c8b\"},\"headline\":\"Honeywell y Gobierno de la Capital, unidos por la inclusi\u00f3n laboral\",\"datePublished\":\"2025-02-19T06:50:00+00:00\",\"dateModified\":\"2025-02-19T00:27:20+00:00\",\"mainEntityOfPage\":{\"@id\":\"https:\/\/sanluisinforma.com\/?p=10483\"},\"wordCount\":426,\"publisher\":{\"@id\":\"https:\/\/sanluisinforma.com\/#organization\"},\"image\":{\"@id\":\"https:\/\/sanluisinforma.com\/?p=10483#primaryimage\"},\"thumbnailUrl\":\"https:\/\/sanluisinforma.com\/wp-content\/uploads\/2025\/02\/5e0018e1-bf21-4590-b2b6-9bfa46ea87eb.jpg\",\"articleSection\":[\"Local\",\"Portada\"],\"inLanguage\":\"es\"},{\"@type\":\"WebPage\",\"@id\":\"https:\/\/sanluisinforma.com\/?p=10483\",\"url\":\"https:\/\/sanluisinforma.com\/?p=10483\",\"name\":\"Honeywell y Gobierno de la Capital, unidos por la inclusi\u00f3n laboral - sanluisinforma.com\",\"isPartOf\":{\"@id\":\"https:\/\/sanluisinforma.com\/#website\"},\"primaryImageOfPage\":{\"@id\":\"https:\/\/sanluisinforma.com\/?p=10483#primaryimage\"},\"image\":{\"@id\":\"https:\/\/sanluisinforma.com\/?p=10483#primaryimage\"},\"thumbnailUrl\":\"https:\/\/sanluisinforma.com\/wp-content\/uploads\/2025\/02\/5e0018e1-bf21-4590-b2b6-9bfa46ea87eb.jpg\",\"datePublished\":\"2025-02-19T06:50:00+00:00\",\"dateModified\":\"2025-02-19T00:27:20+00:00\",\"breadcrumb\":{\"@id\":\"https:\/\/sanluisinforma.com\/?p=10483#breadcrumb\"},\"inLanguage\":\"es\",\"potentialAction\":[{\"@type\":\"ReadAction\",\"target\":[\"https:\/\/sanluisinforma.com\/?p=10483\"]}]},{\"@type\":\"ImageObject\",\"inLanguage\":\"es\",\"@id\":\"https:\/\/sanluisinforma.com\/?p=10483#primaryimage\",\"url\":\"https:\/\/sanluisinforma.com\/wp-content\/uploads\/2025\/02\/5e0018e1-bf21-4590-b2b6-9bfa46ea87eb.jpg\",\"contentUrl\":\"https:\/\/sanluisinforma.com\/wp-content\/uploads\/2025\/02\/5e0018e1-bf21-4590-b2b6-9bfa46ea87eb.jpg\",\"width\":480,\"height\":319},{\"@type\":\"BreadcrumbList\",\"@id\":\"https:\/\/sanluisinforma.com\/?p=10483#breadcrumb\",\"itemListElement\":[{\"@type\":\"ListItem\",\"position\":1,\"name\":\"Inicio\",\"item\":\"https:\/\/sanluisinforma.com\/\"},{\"@type\":\"ListItem\",\"position\":2,\"name\":\"Honeywell y Gobierno de la Capital, unidos por la inclusi\u00f3n laboral\"}]},{\"@type\":\"WebSite\",\"@id\":\"https:\/\/sanluisinforma.com\/#website\",\"url\":\"https:\/\/sanluisinforma.com\/\",\"name\":\"sanluisinforma.com\",\"description\":\"Periodico San Luis Informa\",\"publisher\":{\"@id\":\"https:\/\/sanluisinforma.com\/#organization\"},\"potentialAction\":[{\"@type\":\"SearchAction\",\"target\":{\"@type\":\"EntryPoint\",\"urlTemplate\":\"https:\/\/sanluisinforma.com\/?s={search_term_string}\"},\"query-input\":{\"@type\":\"PropertyValueSpecification\",\"valueRequired\":true,\"valueName\":\"search_term_string\"}}],\"inLanguage\":\"es\"},{\"@type\":\"Organization\",\"@id\":\"https:\/\/sanluisinforma.com\/#organization\",\"name\":\"sanluisinforma.com\",\"url\":\"https:\/\/sanluisinforma.com\/\",\"logo\":{\"@type\":\"ImageObject\",\"inLanguage\":\"es\",\"@id\":\"https:\/\/sanluisinforma.com\/#\/schema\/logo\/image\/\",\"url\":\"https:\/\/sanluisinforma.com\/wp-content\/uploads\/2026\/03\/sanluisinforma-V.jpg\",\"contentUrl\":\"https:\/\/sanluisinforma.com\/wp-content\/uploads\/2026\/03\/sanluisinforma-V.jpg\",\"width\":500,\"height\":156,\"caption\":\"sanluisinforma.com\"},\"image\":{\"@id\":\"https:\/\/sanluisinforma.com\/#\/schema\/logo\/image\/\"}},{\"@type\":\"Person\",\"@id\":\"https:\/\/sanluisinforma.com\/#\/schema\/person\/c30648f71476be533b6f59d092905c8b\",\"name\":\"sanluisinforma.com\",\"image\":{\"@type\":\"ImageObject\",\"inLanguage\":\"es\",\"@id\":\"https:\/\/sanluisinforma.com\/#\/schema\/person\/image\/\",\"url\":\"https:\/\/secure.gravatar.com\/avatar\/86e3114e34a1eecefb963e0a02f0093f93b092dddb2fe1517596343751081a87?s=96&d=mm&r=g\",\"contentUrl\":\"https:\/\/secure.gravatar.com\/avatar\/86e3114e34a1eecefb963e0a02f0093f93b092dddb2fe1517596343751081a87?s=96&d=mm&r=g\",\"caption\":\"sanluisinforma.com\"},\"url\":\"https:\/\/sanluisinforma.com\/?author=2\"}]}<\/script>\n<!-- \/ Yoast SEO plugin. -->","yoast_head_json":{"title":"Honeywell y Gobierno de la Capital, unidos por la inclusi\u00f3n laboral - sanluisinforma.com","robots":{"index":"index","follow":"follow","max-snippet":"max-snippet:-1","max-image-preview":"max-image-preview:large","max-video-preview":"max-video-preview:-1"},"canonical":"https:\/\/sanluisinforma.com\/?p=10483","og_locale":"es_MX","og_type":"article","og_title":"Honeywell y Gobierno de la Capital, unidos por la inclusi\u00f3n laboral - sanluisinforma.com","og_description":"El DIF Municipal de SLP y la empresa suman esfuerzos para generar entornos de trabajo accesibles y equitativos, con un","og_url":"https:\/\/sanluisinforma.com\/?p=10483","og_site_name":"sanluisinforma.com","article_published_time":"2025-02-19T06:50:00+00:00","article_modified_time":"2025-02-19T00:27:20+00:00","og_image":[{"width":480,"height":319,"url":"https:\/\/sanluisinforma.com\/wp-content\/uploads\/2025\/02\/5e0018e1-bf21-4590-b2b6-9bfa46ea87eb.jpg","type":"image\/jpeg"}],"author":"sanluisinforma.com","twitter_card":"summary_large_image","twitter_misc":{"Escrito por":"sanluisinforma.com","Tiempo de lectura":"2 minutos"},"schema":{"@context":"https:\/\/schema.org","@graph":[{"@type":"Article","@id":"https:\/\/sanluisinforma.com\/?p=10483#article","isPartOf":{"@id":"https:\/\/sanluisinforma.com\/?p=10483"},"author":{"name":"sanluisinforma.com","@id":"https:\/\/sanluisinforma.com\/#\/schema\/person\/c30648f71476be533b6f59d092905c8b"},"headline":"Honeywell y Gobierno de la Capital, unidos por la inclusi\u00f3n laboral","datePublished":"2025-02-19T06:50:00+00:00","dateModified":"2025-02-19T00:27:20+00:00","mainEntityOfPage":{"@id":"https:\/\/sanluisinforma.com\/?p=10483"},"wordCount":426,"publisher":{"@id":"https:\/\/sanluisinforma.com\/#organization"},"image":{"@id":"https:\/\/sanluisinforma.com\/?p=10483#primaryimage"},"thumbnailUrl":"https:\/\/sanluisinforma.com\/wp-content\/uploads\/2025\/02\/5e0018e1-bf21-4590-b2b6-9bfa46ea87eb.jpg","articleSection":["Local","Portada"],"inLanguage":"es"},{"@type":"WebPage","@id":"https:\/\/sanluisinforma.com\/?p=10483","url":"https:\/\/sanluisinforma.com\/?p=10483","name":"Honeywell y Gobierno de la Capital, unidos por la inclusi\u00f3n laboral - sanluisinforma.com","isPartOf":{"@id":"https:\/\/sanluisinforma.com\/#website"},"primaryImageOfPage":{"@id":"https:\/\/sanluisinforma.com\/?p=10483#primaryimage"},"image":{"@id":"https:\/\/sanluisinforma.com\/?p=10483#primaryimage"},"thumbnailUrl":"https:\/\/sanluisinforma.com\/wp-content\/uploads\/2025\/02\/5e0018e1-bf21-4590-b2b6-9bfa46ea87eb.jpg","datePublished":"2025-02-19T06:50:00+00:00","dateModified":"2025-02-19T00:27:20+00:00","breadcrumb":{"@id":"https:\/\/sanluisinforma.com\/?p=10483#breadcrumb"},"inLanguage":"es","potentialAction":[{"@type":"ReadAction","target":["https:\/\/sanluisinforma.com\/?p=10483"]}]},{"@type":"ImageObject","inLanguage":"es","@id":"https:\/\/sanluisinforma.com\/?p=10483#primaryimage","url":"https:\/\/sanluisinforma.com\/wp-content\/uploads\/2025\/02\/5e0018e1-bf21-4590-b2b6-9bfa46ea87eb.jpg","contentUrl":"https:\/\/sanluisinforma.com\/wp-content\/uploads\/2025\/02\/5e0018e1-bf21-4590-b2b6-9bfa46ea87eb.jpg","width":480,"height":319},{"@type":"BreadcrumbList","@id":"https:\/\/sanluisinforma.com\/?p=10483#breadcrumb","itemListElement":[{"@type":"ListItem","position":1,"name":"Inicio","item":"https:\/\/sanluisinforma.com\/"},{"@type":"ListItem","position":2,"name":"Honeywell y Gobierno de la Capital, unidos por la inclusi\u00f3n laboral"}]},{"@type":"WebSite","@id":"https:\/\/sanluisinforma.com\/#website","url":"https:\/\/sanluisinforma.com\/","name":"sanluisinforma.com","description":"Periodico San Luis Informa","publisher":{"@id":"https:\/\/sanluisinforma.com\/#organization"},"potentialAction":[{"@type":"SearchAction","target":{"@type":"EntryPoint","urlTemplate":"https:\/\/sanluisinforma.com\/?s={search_term_string}"},"query-input":{"@type":"PropertyValueSpecification","valueRequired":true,"valueName":"search_term_string"}}],"inLanguage":"es"},{"@type":"Organization","@id":"https:\/\/sanluisinforma.com\/#organization","name":"sanluisinforma.com","url":"https:\/\/sanluisinforma.com\/","logo":{"@type":"ImageObject","inLanguage":"es","@id":"https:\/\/sanluisinforma.com\/#\/schema\/logo\/image\/","url":"https:\/\/sanluisinforma.com\/wp-content\/uploads\/2026\/03\/sanluisinforma-V.jpg","contentUrl":"https:\/\/sanluisinforma.com\/wp-content\/uploads\/2026\/03\/sanluisinforma-V.jpg","width":500,"height":156,"caption":"sanluisinforma.com"},"image":{"@id":"https:\/\/sanluisinforma.com\/#\/schema\/logo\/image\/"}},{"@type":"Person","@id":"https:\/\/sanluisinforma.com\/#\/schema\/person\/c30648f71476be533b6f59d092905c8b","name":"sanluisinforma.com","image":{"@type":"ImageObject","inLanguage":"es","@id":"https:\/\/sanluisinforma.com\/#\/schema\/person\/image\/","url":"https:\/\/secure.gravatar.com\/avatar\/86e3114e34a1eecefb963e0a02f0093f93b092dddb2fe1517596343751081a87?s=96&d=mm&r=g","contentUrl":"https:\/\/secure.gravatar.com\/avatar\/86e3114e34a1eecefb963e0a02f0093f93b092dddb2fe1517596343751081a87?s=96&d=mm&r=g","caption":"sanluisinforma.com"},"url":"https:\/\/sanluisinforma.com\/?author=2"}]}},"_links":{"self":[{"href":"https:\/\/sanluisinforma.com\/index.php?rest_route=\/wp\/v2\/posts\/10483","targetHints":{"allow":["GET"]}}],"collection":[{"href":"https:\/\/sanluisinforma.com\/index.php?rest_route=\/wp\/v2\/posts"}],"about":[{"href":"https:\/\/sanluisinforma.com\/index.php?rest_route=\/wp\/v2\/types\/post"}],"author":[{"embeddable":true,"href":"https:\/\/sanluisinforma.com\/index.php?rest_route=\/wp\/v2\/users\/2"}],"replies":[{"embeddable":true,"href":"https:\/\/sanluisinforma.com\/index.php?rest_route=%2Fwp%2Fv2%2Fcomments&post=10483"}],"version-history":[{"count":1,"href":"https:\/\/sanluisinforma.com\/index.php?rest_route=\/wp\/v2\/posts\/10483\/revisions"}],"predecessor-version":[{"id":10485,"href":"https:\/\/sanluisinforma.com\/index.php?rest_route=\/wp\/v2\/posts\/10483\/revisions\/10485"}],"wp:featuredmedia":[{"embeddable":true,"href":"https:\/\/sanluisinforma.com\/index.php?rest_route=\/wp\/v2\/media\/10484"}],"wp:attachment":[{"href":"https:\/\/sanluisinforma.com\/index.php?rest_route=%2Fwp%2Fv2%2Fmedia&parent=10483"}],"wp:term":[{"taxonomy":"category","embeddable":true,"href":"https:\/\/sanluisinforma.com\/index.php?rest_route=%2Fwp%2Fv2%2Fcategories&post=10483"},{"taxonomy":"post_tag","embeddable":true,"href":"https:\/\/sanluisinforma.com\/index.php?rest_route=%2Fwp%2Fv2%2Ftags&post=10483"}],"curies":[{"name":"wp","href":"https:\/\/api.w.org\/{rel}","templated":true}]}}