{"id":10486,"date":"2025-02-19T00:45:00","date_gmt":"2025-02-19T06:45:00","guid":{"rendered":"https:\/\/sanluisinforma.com\/?p=10486"},"modified":"2025-02-18T18:38:41","modified_gmt":"2025-02-19T00:38:41","slug":"dif-municipal-invita-a-conferencia-el-lenguaje-oculto-de-la-autolesion","status":"publish","type":"post","link":"https:\/\/sanluisinforma.com\/?p=10486","title":{"rendered":"DIF Municipal invita a conferencia \u201cEl lenguaje oculto de la autolesi\u00f3n\u201d"},"content":{"rendered":"\n<ul class=\"wp-block-list\">\n<li>\u201cSe estima que al menos el 30% de las y los adolescentes se han autolesionado al menos una vez en su vida\u201d: Estela Arriaga, Presidenta del DIF Capitalino.<\/li>\n\n\n\n<li>La entrada ser\u00e1 gratuita en Palacio Municipal. Mayores informes: 4448151307 y 4448155118.<\/li>\n<\/ul>\n\n\n\n<p><\/p>\n\n\n\n<p>SLP.- El Sistema Municipal DIF de SLP impulsa la prevenci\u00f3n de la autoagresi\u00f3n con la conferencia &#8220;El lenguaje oculto de la autolesi\u00f3n&#8221; que se llevar\u00e1 a cabo el 27 de febrero a las 12:00 horas en el Palacio Municipal, en el marco del D\u00eda Mundial de la Concienciaci\u00f3n sobre la Autolesi\u00f3n que se conmemora el 1 de marzo.<\/p>\n\n\n\n<p>\u201cEl prop\u00f3sito es generar un espacio de reflexi\u00f3n y sensibilizaci\u00f3n, con el fin de desmitificar la autolesi\u00f3n, exponer sus riesgos y prevalencia en la poblaci\u00f3n, as\u00ed como ofrecer informaci\u00f3n clave sobre c\u00f3mo detectarla y qu\u00e9 medidas tomar para brindar apoyo a quienes la padecen\u201d, dijo la titular del DIF Capitalino, Estela Arriaga M\u00e1rquez.<\/p>\n\n\n\n<p>Agreg\u00f3 que diversos estudios indican que aproximadamente el 30% de las y los adolescentes, han experimentado autolesi\u00f3n al menos una vez en su vida. Esta conducta, en muchas ocasiones, es vista como un mecanismo de escape ante emociones no gestionadas, lo que puede generar un patr\u00f3n dif\u00edcil de erradicar.<\/p>\n\n\n\n<p>Durante la conferencia se abordar\u00e1n temas como la definici\u00f3n y tipos de autolesi\u00f3n, los indicadores de riesgo, los mitos asociados, as\u00ed como estrategias de prevenci\u00f3n y actuaci\u00f3n en caso de detectar esta pr\u00e1ctica.<\/p>\n\n\n\n<p>La invitaci\u00f3n es para sumar esfuerzos con la ciudadan\u00eda para crear espacios seguros y de apoyo para quienes enfrentan esta problem\u00e1tica; \u201cporque queremos fortalecer a las familias en este San Luis Amable y solo poniendo atenci\u00f3n en la prevenci\u00f3n de estas problem\u00e1ticas es como avanzaremos en mejorar la sociedad\u201d, dijo Estela Arriaga quien agreg\u00f3 que la entrada es libre y gratuita. Mayores informes: 444 8151307 y 444 8155118.<\/p>\n","protected":false},"excerpt":{"rendered":"<p>SLP.- El Sistema Municipal DIF de SLP impulsa la prevenci\u00f3n de la autoagresi\u00f3n con la conferencia &#8220;El lenguaje oculto de<\/p>\n","protected":false},"author":2,"featured_media":10487,"comment_status":"closed","ping_status":"closed","sticky":false,"template":"","format":"standard","meta":{"footnotes":""},"categories":[30],"tags":[],"class_list":["post-10486","post","type-post","status-publish","format-standard","has-post-thumbnail","hentry","category-portada"],"yoast_head":"<!-- This site is optimized with the Yoast SEO plugin v24.1 - https:\/\/yoast.com\/wordpress\/plugins\/seo\/ -->\n<title>DIF Municipal invita a conferencia \u201cEl lenguaje oculto de la autolesi\u00f3n\u201d - sanluisinforma.com<\/title>\n<meta name=\"robots\" content=\"index, follow, max-snippet:-1, max-image-preview:large, max-video-preview:-1\" \/>\n<link rel=\"canonical\" href=\"https:\/\/sanluisinforma.com\/?p=10486\" \/>\n<meta property=\"og:locale\" content=\"es_MX\" \/>\n<meta property=\"og:type\" content=\"article\" \/>\n<meta property=\"og:title\" content=\"DIF Municipal invita a conferencia \u201cEl lenguaje oculto de la autolesi\u00f3n\u201d - sanluisinforma.com\" \/>\n<meta property=\"og:description\" content=\"SLP.- El Sistema Municipal DIF de SLP impulsa la prevenci\u00f3n de la autoagresi\u00f3n con la conferencia &#8220;El lenguaje oculto de\" \/>\n<meta property=\"og:url\" content=\"https:\/\/sanluisinforma.com\/?p=10486\" \/>\n<meta property=\"og:site_name\" content=\"sanluisinforma.com\" \/>\n<meta property=\"article:published_time\" content=\"2025-02-19T06:45:00+00:00\" \/>\n<meta property=\"article:modified_time\" content=\"2025-02-19T00:38:41+00:00\" \/>\n<meta property=\"og:image\" content=\"https:\/\/sanluisinforma.com\/wp-content\/uploads\/2025\/02\/b41975dc-598b-403c-885b-c77c24fc3cc2.jpg\" \/>\n\t<meta property=\"og:image:width\" content=\"480\" \/>\n\t<meta property=\"og:image:height\" content=\"764\" \/>\n\t<meta property=\"og:image:type\" content=\"image\/jpeg\" \/>\n<meta name=\"author\" content=\"sanluisinforma.com\" \/>\n<meta name=\"twitter:card\" content=\"summary_large_image\" \/>\n<meta name=\"twitter:label1\" content=\"Escrito por\" \/>\n\t<meta name=\"twitter:data1\" content=\"sanluisinforma.com\" \/>\n\t<meta name=\"twitter:label2\" content=\"Tiempo de lectura\" \/>\n\t<meta name=\"twitter:data2\" content=\"2 minutos\" \/>\n<script type=\"application\/ld+json\" class=\"yoast-schema-graph\">{\"@context\":\"https:\/\/schema.org\",\"@graph\":[{\"@type\":\"Article\",\"@id\":\"https:\/\/sanluisinforma.com\/?p=10486#article\",\"isPartOf\":{\"@id\":\"https:\/\/sanluisinforma.com\/?p=10486\"},\"author\":{\"name\":\"sanluisinforma.com\",\"@id\":\"https:\/\/sanluisinforma.com\/#\/schema\/person\/c30648f71476be533b6f59d092905c8b\"},\"headline\":\"DIF Municipal invita a conferencia \u201cEl lenguaje oculto de la autolesi\u00f3n\u201d\",\"datePublished\":\"2025-02-19T06:45:00+00:00\",\"dateModified\":\"2025-02-19T00:38:41+00:00\",\"mainEntityOfPage\":{\"@id\":\"https:\/\/sanluisinforma.com\/?p=10486\"},\"wordCount\":332,\"publisher\":{\"@id\":\"https:\/\/sanluisinforma.com\/#organization\"},\"image\":{\"@id\":\"https:\/\/sanluisinforma.com\/?p=10486#primaryimage\"},\"thumbnailUrl\":\"https:\/\/sanluisinforma.com\/wp-content\/uploads\/2025\/02\/b41975dc-598b-403c-885b-c77c24fc3cc2.jpg\",\"articleSection\":[\"Portada\"],\"inLanguage\":\"es\"},{\"@type\":\"WebPage\",\"@id\":\"https:\/\/sanluisinforma.com\/?p=10486\",\"url\":\"https:\/\/sanluisinforma.com\/?p=10486\",\"name\":\"DIF Municipal invita a conferencia \u201cEl lenguaje oculto de la autolesi\u00f3n\u201d - sanluisinforma.com\",\"isPartOf\":{\"@id\":\"https:\/\/sanluisinforma.com\/#website\"},\"primaryImageOfPage\":{\"@id\":\"https:\/\/sanluisinforma.com\/?p=10486#primaryimage\"},\"image\":{\"@id\":\"https:\/\/sanluisinforma.com\/?p=10486#primaryimage\"},\"thumbnailUrl\":\"https:\/\/sanluisinforma.com\/wp-content\/uploads\/2025\/02\/b41975dc-598b-403c-885b-c77c24fc3cc2.jpg\",\"datePublished\":\"2025-02-19T06:45:00+00:00\",\"dateModified\":\"2025-02-19T00:38:41+00:00\",\"breadcrumb\":{\"@id\":\"https:\/\/sanluisinforma.com\/?p=10486#breadcrumb\"},\"inLanguage\":\"es\",\"potentialAction\":[{\"@type\":\"ReadAction\",\"target\":[\"https:\/\/sanluisinforma.com\/?p=10486\"]}]},{\"@type\":\"ImageObject\",\"inLanguage\":\"es\",\"@id\":\"https:\/\/sanluisinforma.com\/?p=10486#primaryimage\",\"url\":\"https:\/\/sanluisinforma.com\/wp-content\/uploads\/2025\/02\/b41975dc-598b-403c-885b-c77c24fc3cc2.jpg\",\"contentUrl\":\"https:\/\/sanluisinforma.com\/wp-content\/uploads\/2025\/02\/b41975dc-598b-403c-885b-c77c24fc3cc2.jpg\",\"width\":480,\"height\":764},{\"@type\":\"BreadcrumbList\",\"@id\":\"https:\/\/sanluisinforma.com\/?p=10486#breadcrumb\",\"itemListElement\":[{\"@type\":\"ListItem\",\"position\":1,\"name\":\"Inicio\",\"item\":\"https:\/\/sanluisinforma.com\/\"},{\"@type\":\"ListItem\",\"position\":2,\"name\":\"DIF Municipal invita a conferencia \u201cEl lenguaje oculto de la autolesi\u00f3n\u201d\"}]},{\"@type\":\"WebSite\",\"@id\":\"https:\/\/sanluisinforma.com\/#website\",\"url\":\"https:\/\/sanluisinforma.com\/\",\"name\":\"sanluisinforma.com\",\"description\":\"Periodico San Luis Informa\",\"publisher\":{\"@id\":\"https:\/\/sanluisinforma.com\/#organization\"},\"potentialAction\":[{\"@type\":\"SearchAction\",\"target\":{\"@type\":\"EntryPoint\",\"urlTemplate\":\"https:\/\/sanluisinforma.com\/?s={search_term_string}\"},\"query-input\":{\"@type\":\"PropertyValueSpecification\",\"valueRequired\":true,\"valueName\":\"search_term_string\"}}],\"inLanguage\":\"es\"},{\"@type\":\"Organization\",\"@id\":\"https:\/\/sanluisinforma.com\/#organization\",\"name\":\"sanluisinforma.com\",\"url\":\"https:\/\/sanluisinforma.com\/\",\"logo\":{\"@type\":\"ImageObject\",\"inLanguage\":\"es\",\"@id\":\"https:\/\/sanluisinforma.com\/#\/schema\/logo\/image\/\",\"url\":\"https:\/\/sanluisinforma.com\/wp-content\/uploads\/2026\/03\/sanluisinforma-V.jpg\",\"contentUrl\":\"https:\/\/sanluisinforma.com\/wp-content\/uploads\/2026\/03\/sanluisinforma-V.jpg\",\"width\":500,\"height\":156,\"caption\":\"sanluisinforma.com\"},\"image\":{\"@id\":\"https:\/\/sanluisinforma.com\/#\/schema\/logo\/image\/\"}},{\"@type\":\"Person\",\"@id\":\"https:\/\/sanluisinforma.com\/#\/schema\/person\/c30648f71476be533b6f59d092905c8b\",\"name\":\"sanluisinforma.com\",\"image\":{\"@type\":\"ImageObject\",\"inLanguage\":\"es\",\"@id\":\"https:\/\/sanluisinforma.com\/#\/schema\/person\/image\/\",\"url\":\"https:\/\/secure.gravatar.com\/avatar\/86e3114e34a1eecefb963e0a02f0093f93b092dddb2fe1517596343751081a87?s=96&d=mm&r=g\",\"contentUrl\":\"https:\/\/secure.gravatar.com\/avatar\/86e3114e34a1eecefb963e0a02f0093f93b092dddb2fe1517596343751081a87?s=96&d=mm&r=g\",\"caption\":\"sanluisinforma.com\"},\"url\":\"https:\/\/sanluisinforma.com\/?author=2\"}]}<\/script>\n<!-- \/ Yoast SEO plugin. -->","yoast_head_json":{"title":"DIF Municipal invita a conferencia \u201cEl lenguaje oculto de la autolesi\u00f3n\u201d - sanluisinforma.com","robots":{"index":"index","follow":"follow","max-snippet":"max-snippet:-1","max-image-preview":"max-image-preview:large","max-video-preview":"max-video-preview:-1"},"canonical":"https:\/\/sanluisinforma.com\/?p=10486","og_locale":"es_MX","og_type":"article","og_title":"DIF Municipal invita a conferencia \u201cEl lenguaje oculto de la autolesi\u00f3n\u201d - sanluisinforma.com","og_description":"SLP.- El Sistema Municipal DIF de SLP impulsa la prevenci\u00f3n de la autoagresi\u00f3n con la conferencia &#8220;El lenguaje oculto de","og_url":"https:\/\/sanluisinforma.com\/?p=10486","og_site_name":"sanluisinforma.com","article_published_time":"2025-02-19T06:45:00+00:00","article_modified_time":"2025-02-19T00:38:41+00:00","og_image":[{"width":480,"height":764,"url":"https:\/\/sanluisinforma.com\/wp-content\/uploads\/2025\/02\/b41975dc-598b-403c-885b-c77c24fc3cc2.jpg","type":"image\/jpeg"}],"author":"sanluisinforma.com","twitter_card":"summary_large_image","twitter_misc":{"Escrito por":"sanluisinforma.com","Tiempo de lectura":"2 minutos"},"schema":{"@context":"https:\/\/schema.org","@graph":[{"@type":"Article","@id":"https:\/\/sanluisinforma.com\/?p=10486#article","isPartOf":{"@id":"https:\/\/sanluisinforma.com\/?p=10486"},"author":{"name":"sanluisinforma.com","@id":"https:\/\/sanluisinforma.com\/#\/schema\/person\/c30648f71476be533b6f59d092905c8b"},"headline":"DIF Municipal invita a conferencia \u201cEl lenguaje oculto de la autolesi\u00f3n\u201d","datePublished":"2025-02-19T06:45:00+00:00","dateModified":"2025-02-19T00:38:41+00:00","mainEntityOfPage":{"@id":"https:\/\/sanluisinforma.com\/?p=10486"},"wordCount":332,"publisher":{"@id":"https:\/\/sanluisinforma.com\/#organization"},"image":{"@id":"https:\/\/sanluisinforma.com\/?p=10486#primaryimage"},"thumbnailUrl":"https:\/\/sanluisinforma.com\/wp-content\/uploads\/2025\/02\/b41975dc-598b-403c-885b-c77c24fc3cc2.jpg","articleSection":["Portada"],"inLanguage":"es"},{"@type":"WebPage","@id":"https:\/\/sanluisinforma.com\/?p=10486","url":"https:\/\/sanluisinforma.com\/?p=10486","name":"DIF Municipal invita a conferencia \u201cEl lenguaje oculto de la autolesi\u00f3n\u201d - sanluisinforma.com","isPartOf":{"@id":"https:\/\/sanluisinforma.com\/#website"},"primaryImageOfPage":{"@id":"https:\/\/sanluisinforma.com\/?p=10486#primaryimage"},"image":{"@id":"https:\/\/sanluisinforma.com\/?p=10486#primaryimage"},"thumbnailUrl":"https:\/\/sanluisinforma.com\/wp-content\/uploads\/2025\/02\/b41975dc-598b-403c-885b-c77c24fc3cc2.jpg","datePublished":"2025-02-19T06:45:00+00:00","dateModified":"2025-02-19T00:38:41+00:00","breadcrumb":{"@id":"https:\/\/sanluisinforma.com\/?p=10486#breadcrumb"},"inLanguage":"es","potentialAction":[{"@type":"ReadAction","target":["https:\/\/sanluisinforma.com\/?p=10486"]}]},{"@type":"ImageObject","inLanguage":"es","@id":"https:\/\/sanluisinforma.com\/?p=10486#primaryimage","url":"https:\/\/sanluisinforma.com\/wp-content\/uploads\/2025\/02\/b41975dc-598b-403c-885b-c77c24fc3cc2.jpg","contentUrl":"https:\/\/sanluisinforma.com\/wp-content\/uploads\/2025\/02\/b41975dc-598b-403c-885b-c77c24fc3cc2.jpg","width":480,"height":764},{"@type":"BreadcrumbList","@id":"https:\/\/sanluisinforma.com\/?p=10486#breadcrumb","itemListElement":[{"@type":"ListItem","position":1,"name":"Inicio","item":"https:\/\/sanluisinforma.com\/"},{"@type":"ListItem","position":2,"name":"DIF Municipal invita a conferencia \u201cEl lenguaje oculto de la autolesi\u00f3n\u201d"}]},{"@type":"WebSite","@id":"https:\/\/sanluisinforma.com\/#website","url":"https:\/\/sanluisinforma.com\/","name":"sanluisinforma.com","description":"Periodico San Luis Informa","publisher":{"@id":"https:\/\/sanluisinforma.com\/#organization"},"potentialAction":[{"@type":"SearchAction","target":{"@type":"EntryPoint","urlTemplate":"https:\/\/sanluisinforma.com\/?s={search_term_string}"},"query-input":{"@type":"PropertyValueSpecification","valueRequired":true,"valueName":"search_term_string"}}],"inLanguage":"es"},{"@type":"Organization","@id":"https:\/\/sanluisinforma.com\/#organization","name":"sanluisinforma.com","url":"https:\/\/sanluisinforma.com\/","logo":{"@type":"ImageObject","inLanguage":"es","@id":"https:\/\/sanluisinforma.com\/#\/schema\/logo\/image\/","url":"https:\/\/sanluisinforma.com\/wp-content\/uploads\/2026\/03\/sanluisinforma-V.jpg","contentUrl":"https:\/\/sanluisinforma.com\/wp-content\/uploads\/2026\/03\/sanluisinforma-V.jpg","width":500,"height":156,"caption":"sanluisinforma.com"},"image":{"@id":"https:\/\/sanluisinforma.com\/#\/schema\/logo\/image\/"}},{"@type":"Person","@id":"https:\/\/sanluisinforma.com\/#\/schema\/person\/c30648f71476be533b6f59d092905c8b","name":"sanluisinforma.com","image":{"@type":"ImageObject","inLanguage":"es","@id":"https:\/\/sanluisinforma.com\/#\/schema\/person\/image\/","url":"https:\/\/secure.gravatar.com\/avatar\/86e3114e34a1eecefb963e0a02f0093f93b092dddb2fe1517596343751081a87?s=96&d=mm&r=g","contentUrl":"https:\/\/secure.gravatar.com\/avatar\/86e3114e34a1eecefb963e0a02f0093f93b092dddb2fe1517596343751081a87?s=96&d=mm&r=g","caption":"sanluisinforma.com"},"url":"https:\/\/sanluisinforma.com\/?author=2"}]}},"_links":{"self":[{"href":"https:\/\/sanluisinforma.com\/index.php?rest_route=\/wp\/v2\/posts\/10486","targetHints":{"allow":["GET"]}}],"collection":[{"href":"https:\/\/sanluisinforma.com\/index.php?rest_route=\/wp\/v2\/posts"}],"about":[{"href":"https:\/\/sanluisinforma.com\/index.php?rest_route=\/wp\/v2\/types\/post"}],"author":[{"embeddable":true,"href":"https:\/\/sanluisinforma.com\/index.php?rest_route=\/wp\/v2\/users\/2"}],"replies":[{"embeddable":true,"href":"https:\/\/sanluisinforma.com\/index.php?rest_route=%2Fwp%2Fv2%2Fcomments&post=10486"}],"version-history":[{"count":1,"href":"https:\/\/sanluisinforma.com\/index.php?rest_route=\/wp\/v2\/posts\/10486\/revisions"}],"predecessor-version":[{"id":10488,"href":"https:\/\/sanluisinforma.com\/index.php?rest_route=\/wp\/v2\/posts\/10486\/revisions\/10488"}],"wp:featuredmedia":[{"embeddable":true,"href":"https:\/\/sanluisinforma.com\/index.php?rest_route=\/wp\/v2\/media\/10487"}],"wp:attachment":[{"href":"https:\/\/sanluisinforma.com\/index.php?rest_route=%2Fwp%2Fv2%2Fmedia&parent=10486"}],"wp:term":[{"taxonomy":"category","embeddable":true,"href":"https:\/\/sanluisinforma.com\/index.php?rest_route=%2Fwp%2Fv2%2Fcategories&post=10486"},{"taxonomy":"post_tag","embeddable":true,"href":"https:\/\/sanluisinforma.com\/index.php?rest_route=%2Fwp%2Fv2%2Ftags&post=10486"}],"curies":[{"name":"wp","href":"https:\/\/api.w.org\/{rel}","templated":true}]}}