{"id":10507,"date":"2025-02-20T00:50:00","date_gmt":"2025-02-20T06:50:00","guid":{"rendered":"https:\/\/sanluisinforma.com\/?p=10507"},"modified":"2025-02-19T17:03:32","modified_gmt":"2025-02-19T23:03:32","slug":"luz-y-seguridad-para-tequis-alcalde-galindo-enciende-alumbrado-tactico","status":"publish","type":"post","link":"https:\/\/sanluisinforma.com\/?p=10507","title":{"rendered":"Luz y seguridad para Tequis: Alcalde Galindo enciende Alumbrado T\u00e1ctico"},"content":{"rendered":"\n<p>El nuevo Alumbrado T\u00e1ctico en la calle Mariano Arista y la Plaza del Milenio est\u00e1 dise\u00f1ado para iluminar principalmente las banquetas, brindando mayor seguridad a los peatones y reforzando la vigilancia en la zona.<\/p>\n\n\n\n<p><\/p>\n\n\n\n<p>Como parte del programa Capital al 100, el Presidente Municipal de San Luis Potos\u00ed, Enrique Galindo Ceballos, puso en marcha el nuevo Alumbrado T\u00e1ctico en el Jard\u00edn de Tequis, adem\u00e1s de la calle Mariano Arista, desde Mariano \u00c1vila hasta Uresti, as\u00ed como la Plaza del Milenio. Este sistema de iluminaci\u00f3n tiene la caracter\u00edstica de enfocarse en las banquetas para mejorar la seguridad de los peatones, porque anteriormente se priorizaba los veh\u00edculos.<\/p>\n\n\n\n<p>Durante el evento, el Alcalde Enrique Galindo destac\u00f3 que la seguridad p\u00fablica es una de las prioridades del Gobierno Municipal y que el alumbrado es una herramienta fundamental para garantizarla. \u201cUna de las formas m\u00e1s efectivas de fortalecer la vigilancia y la tranquilidad de la ciudadan\u00eda es con calles bien iluminadas, que adem\u00e1s cuenten con la presencia de las autoridades municipales\u201d, se\u00f1al\u00f3. Tambi\u00e9n felicit\u00f3 a los vecinos por su participaci\u00f3n activa en el cuidado de estos espacios.<\/p>\n\n\n\n<p>En la calle Mariano Arista, se instalaron 59 faroles LED de punta de poste, tres reflectores de 300 watts, adem\u00e1s de realizar un estudio fotom\u00e9trico y mantenimiento a la red el\u00e9ctrica. Mientras que en la Plaza del Milenio, se colocaron 57 faroles de 100 watts, dos reflectores de 200 watts, se hicieron adecuaciones en bases de faroles y mantenimiento a los circuitos el\u00e9ctricos.<\/p>\n\n\n\n<p>La jornada del programa Capital al 100 cont\u00f3 con la anfitrion\u00eda de la Direcci\u00f3n General de Gesti\u00f3n Territorial y Catastro, encabezada por \u00c1ngeles Rodr\u00edguez Aguirre, quien supervis\u00f3 las instalaciones junto con personal t\u00e9cnico. Con estas mejoras, se refuerza la seguridad en puntos clave de la ciudad, garantizando espacios mejor iluminados y m\u00e1s seguros para los habitantes y visitantes.<\/p>\n","protected":false},"excerpt":{"rendered":"<p>El nuevo Alumbrado T\u00e1ctico en la calle Mariano Arista y la Plaza del Milenio est\u00e1 dise\u00f1ado para iluminar principalmente las<\/p>\n","protected":false},"author":2,"featured_media":10508,"comment_status":"closed","ping_status":"closed","sticky":false,"template":"","format":"standard","meta":{"footnotes":""},"categories":[25,30],"tags":[],"class_list":["post-10507","post","type-post","status-publish","format-standard","has-post-thumbnail","hentry","category-local","category-portada"],"yoast_head":"<!-- This site is optimized with the Yoast SEO plugin v24.1 - https:\/\/yoast.com\/wordpress\/plugins\/seo\/ -->\n<title>Luz y seguridad para Tequis: Alcalde Galindo enciende Alumbrado T\u00e1ctico - sanluisinforma.com<\/title>\n<meta name=\"robots\" content=\"index, follow, max-snippet:-1, max-image-preview:large, max-video-preview:-1\" \/>\n<link rel=\"canonical\" href=\"https:\/\/sanluisinforma.com\/?p=10507\" \/>\n<meta property=\"og:locale\" content=\"es_MX\" \/>\n<meta property=\"og:type\" content=\"article\" \/>\n<meta property=\"og:title\" content=\"Luz y seguridad para Tequis: Alcalde Galindo enciende Alumbrado T\u00e1ctico - sanluisinforma.com\" \/>\n<meta property=\"og:description\" content=\"El nuevo Alumbrado T\u00e1ctico en la calle Mariano Arista y la Plaza del Milenio est\u00e1 dise\u00f1ado para iluminar principalmente las\" \/>\n<meta property=\"og:url\" content=\"https:\/\/sanluisinforma.com\/?p=10507\" \/>\n<meta property=\"og:site_name\" content=\"sanluisinforma.com\" \/>\n<meta property=\"article:published_time\" content=\"2025-02-20T06:50:00+00:00\" \/>\n<meta property=\"article:modified_time\" content=\"2025-02-19T23:03:32+00:00\" \/>\n<meta property=\"og:image\" content=\"https:\/\/sanluisinforma.com\/wp-content\/uploads\/2025\/02\/578b784b-7e78-4902-aac3-19069cbf132c.jpg\" \/>\n\t<meta property=\"og:image:width\" content=\"480\" \/>\n\t<meta property=\"og:image:height\" content=\"319\" \/>\n\t<meta property=\"og:image:type\" content=\"image\/jpeg\" \/>\n<meta name=\"author\" content=\"sanluisinforma.com\" \/>\n<meta name=\"twitter:card\" content=\"summary_large_image\" \/>\n<meta name=\"twitter:label1\" content=\"Escrito por\" \/>\n\t<meta name=\"twitter:data1\" content=\"sanluisinforma.com\" \/>\n\t<meta name=\"twitter:label2\" content=\"Tiempo de lectura\" \/>\n\t<meta name=\"twitter:data2\" content=\"1 minuto\" \/>\n<script type=\"application\/ld+json\" class=\"yoast-schema-graph\">{\"@context\":\"https:\/\/schema.org\",\"@graph\":[{\"@type\":\"Article\",\"@id\":\"https:\/\/sanluisinforma.com\/?p=10507#article\",\"isPartOf\":{\"@id\":\"https:\/\/sanluisinforma.com\/?p=10507\"},\"author\":{\"name\":\"sanluisinforma.com\",\"@id\":\"https:\/\/sanluisinforma.com\/#\/schema\/person\/c30648f71476be533b6f59d092905c8b\"},\"headline\":\"Luz y seguridad para Tequis: Alcalde Galindo enciende Alumbrado T\u00e1ctico\",\"datePublished\":\"2025-02-20T06:50:00+00:00\",\"dateModified\":\"2025-02-19T23:03:32+00:00\",\"mainEntityOfPage\":{\"@id\":\"https:\/\/sanluisinforma.com\/?p=10507\"},\"wordCount\":332,\"publisher\":{\"@id\":\"https:\/\/sanluisinforma.com\/#organization\"},\"image\":{\"@id\":\"https:\/\/sanluisinforma.com\/?p=10507#primaryimage\"},\"thumbnailUrl\":\"https:\/\/sanluisinforma.com\/wp-content\/uploads\/2025\/02\/578b784b-7e78-4902-aac3-19069cbf132c.jpg\",\"articleSection\":[\"Local\",\"Portada\"],\"inLanguage\":\"es\"},{\"@type\":\"WebPage\",\"@id\":\"https:\/\/sanluisinforma.com\/?p=10507\",\"url\":\"https:\/\/sanluisinforma.com\/?p=10507\",\"name\":\"Luz y seguridad para Tequis: Alcalde Galindo enciende Alumbrado T\u00e1ctico - sanluisinforma.com\",\"isPartOf\":{\"@id\":\"https:\/\/sanluisinforma.com\/#website\"},\"primaryImageOfPage\":{\"@id\":\"https:\/\/sanluisinforma.com\/?p=10507#primaryimage\"},\"image\":{\"@id\":\"https:\/\/sanluisinforma.com\/?p=10507#primaryimage\"},\"thumbnailUrl\":\"https:\/\/sanluisinforma.com\/wp-content\/uploads\/2025\/02\/578b784b-7e78-4902-aac3-19069cbf132c.jpg\",\"datePublished\":\"2025-02-20T06:50:00+00:00\",\"dateModified\":\"2025-02-19T23:03:32+00:00\",\"breadcrumb\":{\"@id\":\"https:\/\/sanluisinforma.com\/?p=10507#breadcrumb\"},\"inLanguage\":\"es\",\"potentialAction\":[{\"@type\":\"ReadAction\",\"target\":[\"https:\/\/sanluisinforma.com\/?p=10507\"]}]},{\"@type\":\"ImageObject\",\"inLanguage\":\"es\",\"@id\":\"https:\/\/sanluisinforma.com\/?p=10507#primaryimage\",\"url\":\"https:\/\/sanluisinforma.com\/wp-content\/uploads\/2025\/02\/578b784b-7e78-4902-aac3-19069cbf132c.jpg\",\"contentUrl\":\"https:\/\/sanluisinforma.com\/wp-content\/uploads\/2025\/02\/578b784b-7e78-4902-aac3-19069cbf132c.jpg\",\"width\":480,\"height\":319},{\"@type\":\"BreadcrumbList\",\"@id\":\"https:\/\/sanluisinforma.com\/?p=10507#breadcrumb\",\"itemListElement\":[{\"@type\":\"ListItem\",\"position\":1,\"name\":\"Inicio\",\"item\":\"https:\/\/sanluisinforma.com\/\"},{\"@type\":\"ListItem\",\"position\":2,\"name\":\"Luz y seguridad para Tequis: Alcalde Galindo enciende Alumbrado T\u00e1ctico\"}]},{\"@type\":\"WebSite\",\"@id\":\"https:\/\/sanluisinforma.com\/#website\",\"url\":\"https:\/\/sanluisinforma.com\/\",\"name\":\"sanluisinforma.com\",\"description\":\"Periodico San Luis Informa\",\"publisher\":{\"@id\":\"https:\/\/sanluisinforma.com\/#organization\"},\"potentialAction\":[{\"@type\":\"SearchAction\",\"target\":{\"@type\":\"EntryPoint\",\"urlTemplate\":\"https:\/\/sanluisinforma.com\/?s={search_term_string}\"},\"query-input\":{\"@type\":\"PropertyValueSpecification\",\"valueRequired\":true,\"valueName\":\"search_term_string\"}}],\"inLanguage\":\"es\"},{\"@type\":\"Organization\",\"@id\":\"https:\/\/sanluisinforma.com\/#organization\",\"name\":\"sanluisinforma.com\",\"url\":\"https:\/\/sanluisinforma.com\/\",\"logo\":{\"@type\":\"ImageObject\",\"inLanguage\":\"es\",\"@id\":\"https:\/\/sanluisinforma.com\/#\/schema\/logo\/image\/\",\"url\":\"https:\/\/sanluisinforma.com\/wp-content\/uploads\/2026\/03\/sanluisinforma-V.jpg\",\"contentUrl\":\"https:\/\/sanluisinforma.com\/wp-content\/uploads\/2026\/03\/sanluisinforma-V.jpg\",\"width\":500,\"height\":156,\"caption\":\"sanluisinforma.com\"},\"image\":{\"@id\":\"https:\/\/sanluisinforma.com\/#\/schema\/logo\/image\/\"}},{\"@type\":\"Person\",\"@id\":\"https:\/\/sanluisinforma.com\/#\/schema\/person\/c30648f71476be533b6f59d092905c8b\",\"name\":\"sanluisinforma.com\",\"image\":{\"@type\":\"ImageObject\",\"inLanguage\":\"es\",\"@id\":\"https:\/\/sanluisinforma.com\/#\/schema\/person\/image\/\",\"url\":\"https:\/\/secure.gravatar.com\/avatar\/86e3114e34a1eecefb963e0a02f0093f93b092dddb2fe1517596343751081a87?s=96&d=mm&r=g\",\"contentUrl\":\"https:\/\/secure.gravatar.com\/avatar\/86e3114e34a1eecefb963e0a02f0093f93b092dddb2fe1517596343751081a87?s=96&d=mm&r=g\",\"caption\":\"sanluisinforma.com\"},\"url\":\"https:\/\/sanluisinforma.com\/?author=2\"}]}<\/script>\n<!-- \/ Yoast SEO plugin. -->","yoast_head_json":{"title":"Luz y seguridad para Tequis: Alcalde Galindo enciende Alumbrado T\u00e1ctico - sanluisinforma.com","robots":{"index":"index","follow":"follow","max-snippet":"max-snippet:-1","max-image-preview":"max-image-preview:large","max-video-preview":"max-video-preview:-1"},"canonical":"https:\/\/sanluisinforma.com\/?p=10507","og_locale":"es_MX","og_type":"article","og_title":"Luz y seguridad para Tequis: Alcalde Galindo enciende Alumbrado T\u00e1ctico - sanluisinforma.com","og_description":"El nuevo Alumbrado T\u00e1ctico en la calle Mariano Arista y la Plaza del Milenio est\u00e1 dise\u00f1ado para iluminar principalmente las","og_url":"https:\/\/sanluisinforma.com\/?p=10507","og_site_name":"sanluisinforma.com","article_published_time":"2025-02-20T06:50:00+00:00","article_modified_time":"2025-02-19T23:03:32+00:00","og_image":[{"width":480,"height":319,"url":"https:\/\/sanluisinforma.com\/wp-content\/uploads\/2025\/02\/578b784b-7e78-4902-aac3-19069cbf132c.jpg","type":"image\/jpeg"}],"author":"sanluisinforma.com","twitter_card":"summary_large_image","twitter_misc":{"Escrito por":"sanluisinforma.com","Tiempo de lectura":"1 minuto"},"schema":{"@context":"https:\/\/schema.org","@graph":[{"@type":"Article","@id":"https:\/\/sanluisinforma.com\/?p=10507#article","isPartOf":{"@id":"https:\/\/sanluisinforma.com\/?p=10507"},"author":{"name":"sanluisinforma.com","@id":"https:\/\/sanluisinforma.com\/#\/schema\/person\/c30648f71476be533b6f59d092905c8b"},"headline":"Luz y seguridad para Tequis: Alcalde Galindo enciende Alumbrado T\u00e1ctico","datePublished":"2025-02-20T06:50:00+00:00","dateModified":"2025-02-19T23:03:32+00:00","mainEntityOfPage":{"@id":"https:\/\/sanluisinforma.com\/?p=10507"},"wordCount":332,"publisher":{"@id":"https:\/\/sanluisinforma.com\/#organization"},"image":{"@id":"https:\/\/sanluisinforma.com\/?p=10507#primaryimage"},"thumbnailUrl":"https:\/\/sanluisinforma.com\/wp-content\/uploads\/2025\/02\/578b784b-7e78-4902-aac3-19069cbf132c.jpg","articleSection":["Local","Portada"],"inLanguage":"es"},{"@type":"WebPage","@id":"https:\/\/sanluisinforma.com\/?p=10507","url":"https:\/\/sanluisinforma.com\/?p=10507","name":"Luz y seguridad para Tequis: Alcalde Galindo enciende Alumbrado T\u00e1ctico - sanluisinforma.com","isPartOf":{"@id":"https:\/\/sanluisinforma.com\/#website"},"primaryImageOfPage":{"@id":"https:\/\/sanluisinforma.com\/?p=10507#primaryimage"},"image":{"@id":"https:\/\/sanluisinforma.com\/?p=10507#primaryimage"},"thumbnailUrl":"https:\/\/sanluisinforma.com\/wp-content\/uploads\/2025\/02\/578b784b-7e78-4902-aac3-19069cbf132c.jpg","datePublished":"2025-02-20T06:50:00+00:00","dateModified":"2025-02-19T23:03:32+00:00","breadcrumb":{"@id":"https:\/\/sanluisinforma.com\/?p=10507#breadcrumb"},"inLanguage":"es","potentialAction":[{"@type":"ReadAction","target":["https:\/\/sanluisinforma.com\/?p=10507"]}]},{"@type":"ImageObject","inLanguage":"es","@id":"https:\/\/sanluisinforma.com\/?p=10507#primaryimage","url":"https:\/\/sanluisinforma.com\/wp-content\/uploads\/2025\/02\/578b784b-7e78-4902-aac3-19069cbf132c.jpg","contentUrl":"https:\/\/sanluisinforma.com\/wp-content\/uploads\/2025\/02\/578b784b-7e78-4902-aac3-19069cbf132c.jpg","width":480,"height":319},{"@type":"BreadcrumbList","@id":"https:\/\/sanluisinforma.com\/?p=10507#breadcrumb","itemListElement":[{"@type":"ListItem","position":1,"name":"Inicio","item":"https:\/\/sanluisinforma.com\/"},{"@type":"ListItem","position":2,"name":"Luz y seguridad para Tequis: Alcalde Galindo enciende Alumbrado T\u00e1ctico"}]},{"@type":"WebSite","@id":"https:\/\/sanluisinforma.com\/#website","url":"https:\/\/sanluisinforma.com\/","name":"sanluisinforma.com","description":"Periodico San Luis Informa","publisher":{"@id":"https:\/\/sanluisinforma.com\/#organization"},"potentialAction":[{"@type":"SearchAction","target":{"@type":"EntryPoint","urlTemplate":"https:\/\/sanluisinforma.com\/?s={search_term_string}"},"query-input":{"@type":"PropertyValueSpecification","valueRequired":true,"valueName":"search_term_string"}}],"inLanguage":"es"},{"@type":"Organization","@id":"https:\/\/sanluisinforma.com\/#organization","name":"sanluisinforma.com","url":"https:\/\/sanluisinforma.com\/","logo":{"@type":"ImageObject","inLanguage":"es","@id":"https:\/\/sanluisinforma.com\/#\/schema\/logo\/image\/","url":"https:\/\/sanluisinforma.com\/wp-content\/uploads\/2026\/03\/sanluisinforma-V.jpg","contentUrl":"https:\/\/sanluisinforma.com\/wp-content\/uploads\/2026\/03\/sanluisinforma-V.jpg","width":500,"height":156,"caption":"sanluisinforma.com"},"image":{"@id":"https:\/\/sanluisinforma.com\/#\/schema\/logo\/image\/"}},{"@type":"Person","@id":"https:\/\/sanluisinforma.com\/#\/schema\/person\/c30648f71476be533b6f59d092905c8b","name":"sanluisinforma.com","image":{"@type":"ImageObject","inLanguage":"es","@id":"https:\/\/sanluisinforma.com\/#\/schema\/person\/image\/","url":"https:\/\/secure.gravatar.com\/avatar\/86e3114e34a1eecefb963e0a02f0093f93b092dddb2fe1517596343751081a87?s=96&d=mm&r=g","contentUrl":"https:\/\/secure.gravatar.com\/avatar\/86e3114e34a1eecefb963e0a02f0093f93b092dddb2fe1517596343751081a87?s=96&d=mm&r=g","caption":"sanluisinforma.com"},"url":"https:\/\/sanluisinforma.com\/?author=2"}]}},"_links":{"self":[{"href":"https:\/\/sanluisinforma.com\/index.php?rest_route=\/wp\/v2\/posts\/10507","targetHints":{"allow":["GET"]}}],"collection":[{"href":"https:\/\/sanluisinforma.com\/index.php?rest_route=\/wp\/v2\/posts"}],"about":[{"href":"https:\/\/sanluisinforma.com\/index.php?rest_route=\/wp\/v2\/types\/post"}],"author":[{"embeddable":true,"href":"https:\/\/sanluisinforma.com\/index.php?rest_route=\/wp\/v2\/users\/2"}],"replies":[{"embeddable":true,"href":"https:\/\/sanluisinforma.com\/index.php?rest_route=%2Fwp%2Fv2%2Fcomments&post=10507"}],"version-history":[{"count":2,"href":"https:\/\/sanluisinforma.com\/index.php?rest_route=\/wp\/v2\/posts\/10507\/revisions"}],"predecessor-version":[{"id":10510,"href":"https:\/\/sanluisinforma.com\/index.php?rest_route=\/wp\/v2\/posts\/10507\/revisions\/10510"}],"wp:featuredmedia":[{"embeddable":true,"href":"https:\/\/sanluisinforma.com\/index.php?rest_route=\/wp\/v2\/media\/10508"}],"wp:attachment":[{"href":"https:\/\/sanluisinforma.com\/index.php?rest_route=%2Fwp%2Fv2%2Fmedia&parent=10507"}],"wp:term":[{"taxonomy":"category","embeddable":true,"href":"https:\/\/sanluisinforma.com\/index.php?rest_route=%2Fwp%2Fv2%2Fcategories&post=10507"},{"taxonomy":"post_tag","embeddable":true,"href":"https:\/\/sanluisinforma.com\/index.php?rest_route=%2Fwp%2Fv2%2Ftags&post=10507"}],"curies":[{"name":"wp","href":"https:\/\/api.w.org\/{rel}","templated":true}]}}