{"id":10520,"date":"2025-02-20T00:55:00","date_gmt":"2025-02-20T06:55:00","guid":{"rendered":"https:\/\/sanluisinforma.com\/?p=10520"},"modified":"2025-02-19T22:41:17","modified_gmt":"2025-02-20T04:41:17","slug":"por-concluir-inscripciones-para-potosina-del-ano-2025","status":"publish","type":"post","link":"https:\/\/sanluisinforma.com\/?p=10520","title":{"rendered":"Por Concluir Inscripciones para Potosina del A\u00f1o 2025"},"content":{"rendered":"\n<p>El viernes 21 de febrero de 2025 cierran inscripciones, y el 8 de marzo ser\u00e1 la premiaci\u00f3n en el marco del D\u00eda Internacional de la Mujer<\/p>\n\n\n\n<p>El Instituto de las Mujeres del Estado (Imes), invita a registrar a mujeres destacadas por su contribuci\u00f3n a la igualdad sustantiva en las cuatro regiones, para que participen en el certamen Potosina del A\u00f1o 2025, en el marco del D\u00eda Internacional de la Mujer, el pr\u00f3ximo 8 de marzo, por lo que anunci\u00f3 que este viernes 21 de febrero ser\u00e1 el \u00faltimo d\u00eda para la inscripci\u00f3n.<\/p>\n\n\n\n<p>Para continuar impulsando acciones que favorezcan el empoderamiento de las mujeres potosinas, tal como lo ha promovido el Gobernador del Estado, Ricardo Gallardo Cardona, la titular del Imes, Gloria Serrato S\u00e1nchez, detall\u00f3 que el certamen forma parte de las actividades para la eliminaci\u00f3n de cualquier tipo de violencia, conforme a las pol\u00edticas de cero tolerancia contra la violencia de g\u00e9nero, y que las propuestas ser\u00e1n recibidas hasta este viernes el 21 de febrero.<\/p>\n\n\n\n<p>Destac\u00f3 que, para acercar m\u00e1s apoyo y reconocimiento a las mujeres de las cuatro regiones, podr\u00e1n ser propuestas potosinas por la ciudadan\u00eda, organizaciones de la sociedad civil o instituciones de car\u00e1cter p\u00fablico o privado, por lo que deber\u00e1n sustentar la trayectoria de las candidatas, misma que refleje un avance significativo para la comunidad.<\/p>\n\n\n\n<p>El registro puede realizarse en la p\u00e1gina: https:\/\/imes-fua.com.mx\/potosina\/, y para m\u00e1s informaci\u00f3n, las personas interesadas pueden escribir al correo: imes.planeacion.vinculacion@gmail.com o comunicarse al tel\u00e9fono 444 144 2920, extensi\u00f3n 271, de 8:00 a 21:00 horas.<\/p>\n\n\n\n<p><\/p>\n\n\n\n<p><\/p>\n","protected":false},"excerpt":{"rendered":"<p>El viernes 21 de febrero de 2025 cierran inscripciones, y el 8 de marzo ser\u00e1 la premiaci\u00f3n en el marco<\/p>\n","protected":false},"author":2,"featured_media":10521,"comment_status":"closed","ping_status":"closed","sticky":false,"template":"","format":"standard","meta":{"footnotes":""},"categories":[30],"tags":[],"class_list":["post-10520","post","type-post","status-publish","format-standard","has-post-thumbnail","hentry","category-portada"],"yoast_head":"<!-- This site is optimized with the Yoast SEO plugin v24.1 - https:\/\/yoast.com\/wordpress\/plugins\/seo\/ -->\n<title>Por Concluir Inscripciones para Potosina del A\u00f1o 2025 - sanluisinforma.com<\/title>\n<meta name=\"robots\" content=\"index, follow, max-snippet:-1, max-image-preview:large, max-video-preview:-1\" \/>\n<link rel=\"canonical\" href=\"https:\/\/sanluisinforma.com\/?p=10520\" \/>\n<meta property=\"og:locale\" content=\"es_MX\" \/>\n<meta property=\"og:type\" content=\"article\" \/>\n<meta property=\"og:title\" content=\"Por Concluir Inscripciones para Potosina del A\u00f1o 2025 - sanluisinforma.com\" \/>\n<meta property=\"og:description\" content=\"El viernes 21 de febrero de 2025 cierran inscripciones, y el 8 de marzo ser\u00e1 la premiaci\u00f3n en el marco\" \/>\n<meta property=\"og:url\" content=\"https:\/\/sanluisinforma.com\/?p=10520\" \/>\n<meta property=\"og:site_name\" content=\"sanluisinforma.com\" \/>\n<meta property=\"article:published_time\" content=\"2025-02-20T06:55:00+00:00\" \/>\n<meta property=\"article:modified_time\" content=\"2025-02-20T04:41:17+00:00\" \/>\n<meta property=\"og:image\" content=\"https:\/\/sanluisinforma.com\/wp-content\/uploads\/2025\/02\/b329c13f-522c-4f5b-918b-09aa7cfb8dee.jpg\" \/>\n\t<meta property=\"og:image:width\" content=\"480\" \/>\n\t<meta property=\"og:image:height\" content=\"477\" \/>\n\t<meta property=\"og:image:type\" content=\"image\/jpeg\" \/>\n<meta name=\"author\" content=\"sanluisinforma.com\" \/>\n<meta name=\"twitter:card\" content=\"summary_large_image\" \/>\n<meta name=\"twitter:label1\" content=\"Escrito por\" \/>\n\t<meta name=\"twitter:data1\" content=\"sanluisinforma.com\" \/>\n\t<meta name=\"twitter:label2\" content=\"Tiempo de lectura\" \/>\n\t<meta name=\"twitter:data2\" content=\"2 minutos\" \/>\n<script type=\"application\/ld+json\" class=\"yoast-schema-graph\">{\"@context\":\"https:\/\/schema.org\",\"@graph\":[{\"@type\":\"Article\",\"@id\":\"https:\/\/sanluisinforma.com\/?p=10520#article\",\"isPartOf\":{\"@id\":\"https:\/\/sanluisinforma.com\/?p=10520\"},\"author\":{\"name\":\"sanluisinforma.com\",\"@id\":\"https:\/\/sanluisinforma.com\/#\/schema\/person\/c30648f71476be533b6f59d092905c8b\"},\"headline\":\"Por Concluir Inscripciones para Potosina del A\u00f1o 2025\",\"datePublished\":\"2025-02-20T06:55:00+00:00\",\"dateModified\":\"2025-02-20T04:41:17+00:00\",\"mainEntityOfPage\":{\"@id\":\"https:\/\/sanluisinforma.com\/?p=10520\"},\"wordCount\":279,\"publisher\":{\"@id\":\"https:\/\/sanluisinforma.com\/#organization\"},\"image\":{\"@id\":\"https:\/\/sanluisinforma.com\/?p=10520#primaryimage\"},\"thumbnailUrl\":\"https:\/\/sanluisinforma.com\/wp-content\/uploads\/2025\/02\/b329c13f-522c-4f5b-918b-09aa7cfb8dee.jpg\",\"articleSection\":[\"Portada\"],\"inLanguage\":\"es\"},{\"@type\":\"WebPage\",\"@id\":\"https:\/\/sanluisinforma.com\/?p=10520\",\"url\":\"https:\/\/sanluisinforma.com\/?p=10520\",\"name\":\"Por Concluir Inscripciones para Potosina del A\u00f1o 2025 - sanluisinforma.com\",\"isPartOf\":{\"@id\":\"https:\/\/sanluisinforma.com\/#website\"},\"primaryImageOfPage\":{\"@id\":\"https:\/\/sanluisinforma.com\/?p=10520#primaryimage\"},\"image\":{\"@id\":\"https:\/\/sanluisinforma.com\/?p=10520#primaryimage\"},\"thumbnailUrl\":\"https:\/\/sanluisinforma.com\/wp-content\/uploads\/2025\/02\/b329c13f-522c-4f5b-918b-09aa7cfb8dee.jpg\",\"datePublished\":\"2025-02-20T06:55:00+00:00\",\"dateModified\":\"2025-02-20T04:41:17+00:00\",\"breadcrumb\":{\"@id\":\"https:\/\/sanluisinforma.com\/?p=10520#breadcrumb\"},\"inLanguage\":\"es\",\"potentialAction\":[{\"@type\":\"ReadAction\",\"target\":[\"https:\/\/sanluisinforma.com\/?p=10520\"]}]},{\"@type\":\"ImageObject\",\"inLanguage\":\"es\",\"@id\":\"https:\/\/sanluisinforma.com\/?p=10520#primaryimage\",\"url\":\"https:\/\/sanluisinforma.com\/wp-content\/uploads\/2025\/02\/b329c13f-522c-4f5b-918b-09aa7cfb8dee.jpg\",\"contentUrl\":\"https:\/\/sanluisinforma.com\/wp-content\/uploads\/2025\/02\/b329c13f-522c-4f5b-918b-09aa7cfb8dee.jpg\",\"width\":480,\"height\":477},{\"@type\":\"BreadcrumbList\",\"@id\":\"https:\/\/sanluisinforma.com\/?p=10520#breadcrumb\",\"itemListElement\":[{\"@type\":\"ListItem\",\"position\":1,\"name\":\"Inicio\",\"item\":\"https:\/\/sanluisinforma.com\/\"},{\"@type\":\"ListItem\",\"position\":2,\"name\":\"Por Concluir Inscripciones para Potosina del A\u00f1o 2025\"}]},{\"@type\":\"WebSite\",\"@id\":\"https:\/\/sanluisinforma.com\/#website\",\"url\":\"https:\/\/sanluisinforma.com\/\",\"name\":\"sanluisinforma.com\",\"description\":\"Periodico San Luis Informa\",\"publisher\":{\"@id\":\"https:\/\/sanluisinforma.com\/#organization\"},\"potentialAction\":[{\"@type\":\"SearchAction\",\"target\":{\"@type\":\"EntryPoint\",\"urlTemplate\":\"https:\/\/sanluisinforma.com\/?s={search_term_string}\"},\"query-input\":{\"@type\":\"PropertyValueSpecification\",\"valueRequired\":true,\"valueName\":\"search_term_string\"}}],\"inLanguage\":\"es\"},{\"@type\":\"Organization\",\"@id\":\"https:\/\/sanluisinforma.com\/#organization\",\"name\":\"sanluisinforma.com\",\"url\":\"https:\/\/sanluisinforma.com\/\",\"logo\":{\"@type\":\"ImageObject\",\"inLanguage\":\"es\",\"@id\":\"https:\/\/sanluisinforma.com\/#\/schema\/logo\/image\/\",\"url\":\"https:\/\/sanluisinforma.com\/wp-content\/uploads\/2026\/03\/sanluisinforma-V.jpg\",\"contentUrl\":\"https:\/\/sanluisinforma.com\/wp-content\/uploads\/2026\/03\/sanluisinforma-V.jpg\",\"width\":500,\"height\":156,\"caption\":\"sanluisinforma.com\"},\"image\":{\"@id\":\"https:\/\/sanluisinforma.com\/#\/schema\/logo\/image\/\"}},{\"@type\":\"Person\",\"@id\":\"https:\/\/sanluisinforma.com\/#\/schema\/person\/c30648f71476be533b6f59d092905c8b\",\"name\":\"sanluisinforma.com\",\"image\":{\"@type\":\"ImageObject\",\"inLanguage\":\"es\",\"@id\":\"https:\/\/sanluisinforma.com\/#\/schema\/person\/image\/\",\"url\":\"https:\/\/secure.gravatar.com\/avatar\/86e3114e34a1eecefb963e0a02f0093f93b092dddb2fe1517596343751081a87?s=96&d=mm&r=g\",\"contentUrl\":\"https:\/\/secure.gravatar.com\/avatar\/86e3114e34a1eecefb963e0a02f0093f93b092dddb2fe1517596343751081a87?s=96&d=mm&r=g\",\"caption\":\"sanluisinforma.com\"},\"url\":\"https:\/\/sanluisinforma.com\/?author=2\"}]}<\/script>\n<!-- \/ Yoast SEO plugin. -->","yoast_head_json":{"title":"Por Concluir Inscripciones para Potosina del A\u00f1o 2025 - sanluisinforma.com","robots":{"index":"index","follow":"follow","max-snippet":"max-snippet:-1","max-image-preview":"max-image-preview:large","max-video-preview":"max-video-preview:-1"},"canonical":"https:\/\/sanluisinforma.com\/?p=10520","og_locale":"es_MX","og_type":"article","og_title":"Por Concluir Inscripciones para Potosina del A\u00f1o 2025 - sanluisinforma.com","og_description":"El viernes 21 de febrero de 2025 cierran inscripciones, y el 8 de marzo ser\u00e1 la premiaci\u00f3n en el marco","og_url":"https:\/\/sanluisinforma.com\/?p=10520","og_site_name":"sanluisinforma.com","article_published_time":"2025-02-20T06:55:00+00:00","article_modified_time":"2025-02-20T04:41:17+00:00","og_image":[{"width":480,"height":477,"url":"https:\/\/sanluisinforma.com\/wp-content\/uploads\/2025\/02\/b329c13f-522c-4f5b-918b-09aa7cfb8dee.jpg","type":"image\/jpeg"}],"author":"sanluisinforma.com","twitter_card":"summary_large_image","twitter_misc":{"Escrito por":"sanluisinforma.com","Tiempo de lectura":"2 minutos"},"schema":{"@context":"https:\/\/schema.org","@graph":[{"@type":"Article","@id":"https:\/\/sanluisinforma.com\/?p=10520#article","isPartOf":{"@id":"https:\/\/sanluisinforma.com\/?p=10520"},"author":{"name":"sanluisinforma.com","@id":"https:\/\/sanluisinforma.com\/#\/schema\/person\/c30648f71476be533b6f59d092905c8b"},"headline":"Por Concluir Inscripciones para Potosina del A\u00f1o 2025","datePublished":"2025-02-20T06:55:00+00:00","dateModified":"2025-02-20T04:41:17+00:00","mainEntityOfPage":{"@id":"https:\/\/sanluisinforma.com\/?p=10520"},"wordCount":279,"publisher":{"@id":"https:\/\/sanluisinforma.com\/#organization"},"image":{"@id":"https:\/\/sanluisinforma.com\/?p=10520#primaryimage"},"thumbnailUrl":"https:\/\/sanluisinforma.com\/wp-content\/uploads\/2025\/02\/b329c13f-522c-4f5b-918b-09aa7cfb8dee.jpg","articleSection":["Portada"],"inLanguage":"es"},{"@type":"WebPage","@id":"https:\/\/sanluisinforma.com\/?p=10520","url":"https:\/\/sanluisinforma.com\/?p=10520","name":"Por Concluir Inscripciones para Potosina del A\u00f1o 2025 - sanluisinforma.com","isPartOf":{"@id":"https:\/\/sanluisinforma.com\/#website"},"primaryImageOfPage":{"@id":"https:\/\/sanluisinforma.com\/?p=10520#primaryimage"},"image":{"@id":"https:\/\/sanluisinforma.com\/?p=10520#primaryimage"},"thumbnailUrl":"https:\/\/sanluisinforma.com\/wp-content\/uploads\/2025\/02\/b329c13f-522c-4f5b-918b-09aa7cfb8dee.jpg","datePublished":"2025-02-20T06:55:00+00:00","dateModified":"2025-02-20T04:41:17+00:00","breadcrumb":{"@id":"https:\/\/sanluisinforma.com\/?p=10520#breadcrumb"},"inLanguage":"es","potentialAction":[{"@type":"ReadAction","target":["https:\/\/sanluisinforma.com\/?p=10520"]}]},{"@type":"ImageObject","inLanguage":"es","@id":"https:\/\/sanluisinforma.com\/?p=10520#primaryimage","url":"https:\/\/sanluisinforma.com\/wp-content\/uploads\/2025\/02\/b329c13f-522c-4f5b-918b-09aa7cfb8dee.jpg","contentUrl":"https:\/\/sanluisinforma.com\/wp-content\/uploads\/2025\/02\/b329c13f-522c-4f5b-918b-09aa7cfb8dee.jpg","width":480,"height":477},{"@type":"BreadcrumbList","@id":"https:\/\/sanluisinforma.com\/?p=10520#breadcrumb","itemListElement":[{"@type":"ListItem","position":1,"name":"Inicio","item":"https:\/\/sanluisinforma.com\/"},{"@type":"ListItem","position":2,"name":"Por Concluir Inscripciones para Potosina del A\u00f1o 2025"}]},{"@type":"WebSite","@id":"https:\/\/sanluisinforma.com\/#website","url":"https:\/\/sanluisinforma.com\/","name":"sanluisinforma.com","description":"Periodico San Luis Informa","publisher":{"@id":"https:\/\/sanluisinforma.com\/#organization"},"potentialAction":[{"@type":"SearchAction","target":{"@type":"EntryPoint","urlTemplate":"https:\/\/sanluisinforma.com\/?s={search_term_string}"},"query-input":{"@type":"PropertyValueSpecification","valueRequired":true,"valueName":"search_term_string"}}],"inLanguage":"es"},{"@type":"Organization","@id":"https:\/\/sanluisinforma.com\/#organization","name":"sanluisinforma.com","url":"https:\/\/sanluisinforma.com\/","logo":{"@type":"ImageObject","inLanguage":"es","@id":"https:\/\/sanluisinforma.com\/#\/schema\/logo\/image\/","url":"https:\/\/sanluisinforma.com\/wp-content\/uploads\/2026\/03\/sanluisinforma-V.jpg","contentUrl":"https:\/\/sanluisinforma.com\/wp-content\/uploads\/2026\/03\/sanluisinforma-V.jpg","width":500,"height":156,"caption":"sanluisinforma.com"},"image":{"@id":"https:\/\/sanluisinforma.com\/#\/schema\/logo\/image\/"}},{"@type":"Person","@id":"https:\/\/sanluisinforma.com\/#\/schema\/person\/c30648f71476be533b6f59d092905c8b","name":"sanluisinforma.com","image":{"@type":"ImageObject","inLanguage":"es","@id":"https:\/\/sanluisinforma.com\/#\/schema\/person\/image\/","url":"https:\/\/secure.gravatar.com\/avatar\/86e3114e34a1eecefb963e0a02f0093f93b092dddb2fe1517596343751081a87?s=96&d=mm&r=g","contentUrl":"https:\/\/secure.gravatar.com\/avatar\/86e3114e34a1eecefb963e0a02f0093f93b092dddb2fe1517596343751081a87?s=96&d=mm&r=g","caption":"sanluisinforma.com"},"url":"https:\/\/sanluisinforma.com\/?author=2"}]}},"_links":{"self":[{"href":"https:\/\/sanluisinforma.com\/index.php?rest_route=\/wp\/v2\/posts\/10520","targetHints":{"allow":["GET"]}}],"collection":[{"href":"https:\/\/sanluisinforma.com\/index.php?rest_route=\/wp\/v2\/posts"}],"about":[{"href":"https:\/\/sanluisinforma.com\/index.php?rest_route=\/wp\/v2\/types\/post"}],"author":[{"embeddable":true,"href":"https:\/\/sanluisinforma.com\/index.php?rest_route=\/wp\/v2\/users\/2"}],"replies":[{"embeddable":true,"href":"https:\/\/sanluisinforma.com\/index.php?rest_route=%2Fwp%2Fv2%2Fcomments&post=10520"}],"version-history":[{"count":1,"href":"https:\/\/sanluisinforma.com\/index.php?rest_route=\/wp\/v2\/posts\/10520\/revisions"}],"predecessor-version":[{"id":10522,"href":"https:\/\/sanluisinforma.com\/index.php?rest_route=\/wp\/v2\/posts\/10520\/revisions\/10522"}],"wp:featuredmedia":[{"embeddable":true,"href":"https:\/\/sanluisinforma.com\/index.php?rest_route=\/wp\/v2\/media\/10521"}],"wp:attachment":[{"href":"https:\/\/sanluisinforma.com\/index.php?rest_route=%2Fwp%2Fv2%2Fmedia&parent=10520"}],"wp:term":[{"taxonomy":"category","embeddable":true,"href":"https:\/\/sanluisinforma.com\/index.php?rest_route=%2Fwp%2Fv2%2Fcategories&post=10520"},{"taxonomy":"post_tag","embeddable":true,"href":"https:\/\/sanluisinforma.com\/index.php?rest_route=%2Fwp%2Fv2%2Ftags&post=10520"}],"curies":[{"name":"wp","href":"https:\/\/api.w.org\/{rel}","templated":true}]}}