{"id":10523,"date":"2025-02-20T00:58:00","date_gmt":"2025-02-20T06:58:00","guid":{"rendered":"https:\/\/sanluisinforma.com\/?p=10523"},"modified":"2025-02-20T18:34:43","modified_gmt":"2025-02-21T00:34:43","slug":"ricardo-gallardo-celebra-dia-del-ejercito-y-anuncia-apoyo-a-familias-de-militares-caidos","status":"publish","type":"post","link":"https:\/\/sanluisinforma.com\/?p=10523","title":{"rendered":"Ricardo Gallardo Celebra D\u00eda del Ej\u00e9rcito y Anuncia apoyo a Familias de Militares ca\u00eddos"},"content":{"rendered":"\n<p><\/p>\n\n\n\n<p>El Gobernador del Estado, firm\u00f3 un convenio de colaboraci\u00f3n con la Secretar\u00eda de la Defensa Nacional<\/p>\n\n\n\n<p>Al asistir como invitado al 112 aniversario de la formaci\u00f3n del Ej\u00e9rcito Mexicano, en la XII Zona Militar, el Gobernador de San Luis Potos\u00ed Ricardo Gallardo Cardona, reconoci\u00f3 a las y los integrantes de las fuerzas armadas, y firm\u00f3 un convenio de colaboraci\u00f3n con la Secretar\u00eda de la Defensa Nacional (Sedena), para que familias de militares que fallezcan en cumplimiento a su deber, accedan a una vivienda propia como un patrimonio seguro.<\/p>\n\n\n\n<p>El Mandatario Estatal refiri\u00f3 que el Gobierno del Estado cubrir\u00e1 una casa habitaci\u00f3n para las familias, porque su sacrificio no puede quedar en el olvido y porque su entrega merece ser reconocida con hechos, como un acto de justicia y gratitud, tras considerar que el Ej\u00e9rcito es una de las instituciones m\u00e1s queridas y respetadas de M\u00e9xico.<\/p>\n\n\n\n<p>Resultado de la coordinaci\u00f3n con la doceava Zona Militar, el Estado es un lugar m\u00e1s seguro y con mayor tranquilidad, a pesar del deficiente trabajo de la herencia maldita, con un esfuerzo permanente del Gobierno del Estado, el Ej\u00e9rcito y la Guardia Nacional, para devolverle la paz a las familias y reafirm\u00f3 su compromiso de fortalecer esta alianza para seguir avanzando, dijo el Gobernador Estatal.<\/p>\n\n\n\n<p>Por su parte, el General de Brigada Diplomado de Estado Mayor, Jos\u00e9 Felipe Padilla Casta\u00f1eda, comandante de la doceava zona militar, extern\u00f3 que parte de la labor del Ej\u00e9rcito es defender la vida institucional y soberan\u00eda de la naci\u00f3n, con esp\u00edritu de servicio y solidaridad con el pueblo, al tiempo de mantener el respeto al orden democr\u00e1tico, lo que hace que en su gran mayor\u00eda la poblaci\u00f3n manifieste confianza en esta magna instituci\u00f3n, luego de hacer un reconocimiento p\u00fablico a cada persona integrante de las fuerzas nacionales.<\/p>\n\n\n\n<p>El Gobernador Ricardo Gallardo record\u00f3 que, a lo largo de la historia, las Fuerzas Armadas han sido el pilar fundamental en la defensa de la soberan\u00eda nacional y en la construcci\u00f3n de la paz, que ha protegido a la naci\u00f3n en momentos de crisis, y siempre al lado del pueblo, demostrando su compromiso con M\u00e9xico en el campo de batalla, y en cada emergencia y misi\u00f3n humanitaria con el Plan DN-III-E, que ha salvado incontables vidas, finaliz\u00f3.<\/p>\n","protected":false},"excerpt":{"rendered":"<p>El Gobernador del Estado, firm\u00f3 un convenio de colaboraci\u00f3n con la Secretar\u00eda de la Defensa Nacional Al asistir como invitado<\/p>\n","protected":false},"author":2,"featured_media":10524,"comment_status":"closed","ping_status":"closed","sticky":false,"template":"","format":"standard","meta":{"footnotes":""},"categories":[25,30],"tags":[],"class_list":["post-10523","post","type-post","status-publish","format-standard","has-post-thumbnail","hentry","category-local","category-portada"],"yoast_head":"<!-- This site is optimized with the Yoast SEO plugin v24.1 - https:\/\/yoast.com\/wordpress\/plugins\/seo\/ -->\n<title>Ricardo Gallardo Celebra D\u00eda del Ej\u00e9rcito y Anuncia apoyo a Familias de Militares ca\u00eddos - sanluisinforma.com<\/title>\n<meta name=\"robots\" content=\"index, follow, max-snippet:-1, max-image-preview:large, max-video-preview:-1\" \/>\n<link rel=\"canonical\" href=\"https:\/\/sanluisinforma.com\/?p=10523\" \/>\n<meta property=\"og:locale\" content=\"es_MX\" \/>\n<meta property=\"og:type\" content=\"article\" \/>\n<meta property=\"og:title\" content=\"Ricardo Gallardo Celebra D\u00eda del Ej\u00e9rcito y Anuncia apoyo a Familias de Militares ca\u00eddos - sanluisinforma.com\" \/>\n<meta property=\"og:description\" content=\"El Gobernador del Estado, firm\u00f3 un convenio de colaboraci\u00f3n con la Secretar\u00eda de la Defensa Nacional Al asistir como invitado\" \/>\n<meta property=\"og:url\" content=\"https:\/\/sanluisinforma.com\/?p=10523\" \/>\n<meta property=\"og:site_name\" content=\"sanluisinforma.com\" \/>\n<meta property=\"article:published_time\" content=\"2025-02-20T06:58:00+00:00\" \/>\n<meta property=\"article:modified_time\" content=\"2025-02-21T00:34:43+00:00\" \/>\n<meta property=\"og:image\" content=\"https:\/\/sanluisinforma.com\/wp-content\/uploads\/2025\/02\/6a2a6a0f-d4ef-43e0-bcad-a3ebac6c64d9.jpg\" \/>\n\t<meta property=\"og:image:width\" content=\"480\" \/>\n\t<meta property=\"og:image:height\" content=\"320\" \/>\n\t<meta property=\"og:image:type\" content=\"image\/jpeg\" \/>\n<meta name=\"author\" content=\"sanluisinforma.com\" \/>\n<meta name=\"twitter:card\" content=\"summary_large_image\" \/>\n<meta name=\"twitter:label1\" content=\"Escrito por\" \/>\n\t<meta name=\"twitter:data1\" content=\"sanluisinforma.com\" \/>\n\t<meta name=\"twitter:label2\" content=\"Tiempo de lectura\" \/>\n\t<meta name=\"twitter:data2\" content=\"2 minutos\" \/>\n<script type=\"application\/ld+json\" class=\"yoast-schema-graph\">{\"@context\":\"https:\/\/schema.org\",\"@graph\":[{\"@type\":\"Article\",\"@id\":\"https:\/\/sanluisinforma.com\/?p=10523#article\",\"isPartOf\":{\"@id\":\"https:\/\/sanluisinforma.com\/?p=10523\"},\"author\":{\"name\":\"sanluisinforma.com\",\"@id\":\"https:\/\/sanluisinforma.com\/#\/schema\/person\/c30648f71476be533b6f59d092905c8b\"},\"headline\":\"Ricardo Gallardo Celebra D\u00eda del Ej\u00e9rcito y Anuncia apoyo a Familias de Militares ca\u00eddos\",\"datePublished\":\"2025-02-20T06:58:00+00:00\",\"dateModified\":\"2025-02-21T00:34:43+00:00\",\"mainEntityOfPage\":{\"@id\":\"https:\/\/sanluisinforma.com\/?p=10523\"},\"wordCount\":418,\"publisher\":{\"@id\":\"https:\/\/sanluisinforma.com\/#organization\"},\"image\":{\"@id\":\"https:\/\/sanluisinforma.com\/?p=10523#primaryimage\"},\"thumbnailUrl\":\"https:\/\/sanluisinforma.com\/wp-content\/uploads\/2025\/02\/6a2a6a0f-d4ef-43e0-bcad-a3ebac6c64d9.jpg\",\"articleSection\":[\"Local\",\"Portada\"],\"inLanguage\":\"es\"},{\"@type\":\"WebPage\",\"@id\":\"https:\/\/sanluisinforma.com\/?p=10523\",\"url\":\"https:\/\/sanluisinforma.com\/?p=10523\",\"name\":\"Ricardo Gallardo Celebra D\u00eda del Ej\u00e9rcito y Anuncia apoyo a Familias de Militares ca\u00eddos - sanluisinforma.com\",\"isPartOf\":{\"@id\":\"https:\/\/sanluisinforma.com\/#website\"},\"primaryImageOfPage\":{\"@id\":\"https:\/\/sanluisinforma.com\/?p=10523#primaryimage\"},\"image\":{\"@id\":\"https:\/\/sanluisinforma.com\/?p=10523#primaryimage\"},\"thumbnailUrl\":\"https:\/\/sanluisinforma.com\/wp-content\/uploads\/2025\/02\/6a2a6a0f-d4ef-43e0-bcad-a3ebac6c64d9.jpg\",\"datePublished\":\"2025-02-20T06:58:00+00:00\",\"dateModified\":\"2025-02-21T00:34:43+00:00\",\"breadcrumb\":{\"@id\":\"https:\/\/sanluisinforma.com\/?p=10523#breadcrumb\"},\"inLanguage\":\"es\",\"potentialAction\":[{\"@type\":\"ReadAction\",\"target\":[\"https:\/\/sanluisinforma.com\/?p=10523\"]}]},{\"@type\":\"ImageObject\",\"inLanguage\":\"es\",\"@id\":\"https:\/\/sanluisinforma.com\/?p=10523#primaryimage\",\"url\":\"https:\/\/sanluisinforma.com\/wp-content\/uploads\/2025\/02\/6a2a6a0f-d4ef-43e0-bcad-a3ebac6c64d9.jpg\",\"contentUrl\":\"https:\/\/sanluisinforma.com\/wp-content\/uploads\/2025\/02\/6a2a6a0f-d4ef-43e0-bcad-a3ebac6c64d9.jpg\",\"width\":480,\"height\":320},{\"@type\":\"BreadcrumbList\",\"@id\":\"https:\/\/sanluisinforma.com\/?p=10523#breadcrumb\",\"itemListElement\":[{\"@type\":\"ListItem\",\"position\":1,\"name\":\"Inicio\",\"item\":\"https:\/\/sanluisinforma.com\/\"},{\"@type\":\"ListItem\",\"position\":2,\"name\":\"Ricardo Gallardo Celebra D\u00eda del Ej\u00e9rcito y Anuncia apoyo a Familias de Militares ca\u00eddos\"}]},{\"@type\":\"WebSite\",\"@id\":\"https:\/\/sanluisinforma.com\/#website\",\"url\":\"https:\/\/sanluisinforma.com\/\",\"name\":\"sanluisinforma.com\",\"description\":\"Periodico San Luis Informa\",\"publisher\":{\"@id\":\"https:\/\/sanluisinforma.com\/#organization\"},\"potentialAction\":[{\"@type\":\"SearchAction\",\"target\":{\"@type\":\"EntryPoint\",\"urlTemplate\":\"https:\/\/sanluisinforma.com\/?s={search_term_string}\"},\"query-input\":{\"@type\":\"PropertyValueSpecification\",\"valueRequired\":true,\"valueName\":\"search_term_string\"}}],\"inLanguage\":\"es\"},{\"@type\":\"Organization\",\"@id\":\"https:\/\/sanluisinforma.com\/#organization\",\"name\":\"sanluisinforma.com\",\"url\":\"https:\/\/sanluisinforma.com\/\",\"logo\":{\"@type\":\"ImageObject\",\"inLanguage\":\"es\",\"@id\":\"https:\/\/sanluisinforma.com\/#\/schema\/logo\/image\/\",\"url\":\"https:\/\/sanluisinforma.com\/wp-content\/uploads\/2026\/03\/sanluisinforma-V.jpg\",\"contentUrl\":\"https:\/\/sanluisinforma.com\/wp-content\/uploads\/2026\/03\/sanluisinforma-V.jpg\",\"width\":500,\"height\":156,\"caption\":\"sanluisinforma.com\"},\"image\":{\"@id\":\"https:\/\/sanluisinforma.com\/#\/schema\/logo\/image\/\"}},{\"@type\":\"Person\",\"@id\":\"https:\/\/sanluisinforma.com\/#\/schema\/person\/c30648f71476be533b6f59d092905c8b\",\"name\":\"sanluisinforma.com\",\"image\":{\"@type\":\"ImageObject\",\"inLanguage\":\"es\",\"@id\":\"https:\/\/sanluisinforma.com\/#\/schema\/person\/image\/\",\"url\":\"https:\/\/secure.gravatar.com\/avatar\/86e3114e34a1eecefb963e0a02f0093f93b092dddb2fe1517596343751081a87?s=96&d=mm&r=g\",\"contentUrl\":\"https:\/\/secure.gravatar.com\/avatar\/86e3114e34a1eecefb963e0a02f0093f93b092dddb2fe1517596343751081a87?s=96&d=mm&r=g\",\"caption\":\"sanluisinforma.com\"},\"url\":\"https:\/\/sanluisinforma.com\/?author=2\"}]}<\/script>\n<!-- \/ Yoast SEO plugin. -->","yoast_head_json":{"title":"Ricardo Gallardo Celebra D\u00eda del Ej\u00e9rcito y Anuncia apoyo a Familias de Militares ca\u00eddos - sanluisinforma.com","robots":{"index":"index","follow":"follow","max-snippet":"max-snippet:-1","max-image-preview":"max-image-preview:large","max-video-preview":"max-video-preview:-1"},"canonical":"https:\/\/sanluisinforma.com\/?p=10523","og_locale":"es_MX","og_type":"article","og_title":"Ricardo Gallardo Celebra D\u00eda del Ej\u00e9rcito y Anuncia apoyo a Familias de Militares ca\u00eddos - sanluisinforma.com","og_description":"El Gobernador del Estado, firm\u00f3 un convenio de colaboraci\u00f3n con la Secretar\u00eda de la Defensa Nacional Al asistir como invitado","og_url":"https:\/\/sanluisinforma.com\/?p=10523","og_site_name":"sanluisinforma.com","article_published_time":"2025-02-20T06:58:00+00:00","article_modified_time":"2025-02-21T00:34:43+00:00","og_image":[{"width":480,"height":320,"url":"https:\/\/sanluisinforma.com\/wp-content\/uploads\/2025\/02\/6a2a6a0f-d4ef-43e0-bcad-a3ebac6c64d9.jpg","type":"image\/jpeg"}],"author":"sanluisinforma.com","twitter_card":"summary_large_image","twitter_misc":{"Escrito por":"sanluisinforma.com","Tiempo de lectura":"2 minutos"},"schema":{"@context":"https:\/\/schema.org","@graph":[{"@type":"Article","@id":"https:\/\/sanluisinforma.com\/?p=10523#article","isPartOf":{"@id":"https:\/\/sanluisinforma.com\/?p=10523"},"author":{"name":"sanluisinforma.com","@id":"https:\/\/sanluisinforma.com\/#\/schema\/person\/c30648f71476be533b6f59d092905c8b"},"headline":"Ricardo Gallardo Celebra D\u00eda del Ej\u00e9rcito y Anuncia apoyo a Familias de Militares ca\u00eddos","datePublished":"2025-02-20T06:58:00+00:00","dateModified":"2025-02-21T00:34:43+00:00","mainEntityOfPage":{"@id":"https:\/\/sanluisinforma.com\/?p=10523"},"wordCount":418,"publisher":{"@id":"https:\/\/sanluisinforma.com\/#organization"},"image":{"@id":"https:\/\/sanluisinforma.com\/?p=10523#primaryimage"},"thumbnailUrl":"https:\/\/sanluisinforma.com\/wp-content\/uploads\/2025\/02\/6a2a6a0f-d4ef-43e0-bcad-a3ebac6c64d9.jpg","articleSection":["Local","Portada"],"inLanguage":"es"},{"@type":"WebPage","@id":"https:\/\/sanluisinforma.com\/?p=10523","url":"https:\/\/sanluisinforma.com\/?p=10523","name":"Ricardo Gallardo Celebra D\u00eda del Ej\u00e9rcito y Anuncia apoyo a Familias de Militares ca\u00eddos - sanluisinforma.com","isPartOf":{"@id":"https:\/\/sanluisinforma.com\/#website"},"primaryImageOfPage":{"@id":"https:\/\/sanluisinforma.com\/?p=10523#primaryimage"},"image":{"@id":"https:\/\/sanluisinforma.com\/?p=10523#primaryimage"},"thumbnailUrl":"https:\/\/sanluisinforma.com\/wp-content\/uploads\/2025\/02\/6a2a6a0f-d4ef-43e0-bcad-a3ebac6c64d9.jpg","datePublished":"2025-02-20T06:58:00+00:00","dateModified":"2025-02-21T00:34:43+00:00","breadcrumb":{"@id":"https:\/\/sanluisinforma.com\/?p=10523#breadcrumb"},"inLanguage":"es","potentialAction":[{"@type":"ReadAction","target":["https:\/\/sanluisinforma.com\/?p=10523"]}]},{"@type":"ImageObject","inLanguage":"es","@id":"https:\/\/sanluisinforma.com\/?p=10523#primaryimage","url":"https:\/\/sanluisinforma.com\/wp-content\/uploads\/2025\/02\/6a2a6a0f-d4ef-43e0-bcad-a3ebac6c64d9.jpg","contentUrl":"https:\/\/sanluisinforma.com\/wp-content\/uploads\/2025\/02\/6a2a6a0f-d4ef-43e0-bcad-a3ebac6c64d9.jpg","width":480,"height":320},{"@type":"BreadcrumbList","@id":"https:\/\/sanluisinforma.com\/?p=10523#breadcrumb","itemListElement":[{"@type":"ListItem","position":1,"name":"Inicio","item":"https:\/\/sanluisinforma.com\/"},{"@type":"ListItem","position":2,"name":"Ricardo Gallardo Celebra D\u00eda del Ej\u00e9rcito y Anuncia apoyo a Familias de Militares ca\u00eddos"}]},{"@type":"WebSite","@id":"https:\/\/sanluisinforma.com\/#website","url":"https:\/\/sanluisinforma.com\/","name":"sanluisinforma.com","description":"Periodico San Luis Informa","publisher":{"@id":"https:\/\/sanluisinforma.com\/#organization"},"potentialAction":[{"@type":"SearchAction","target":{"@type":"EntryPoint","urlTemplate":"https:\/\/sanluisinforma.com\/?s={search_term_string}"},"query-input":{"@type":"PropertyValueSpecification","valueRequired":true,"valueName":"search_term_string"}}],"inLanguage":"es"},{"@type":"Organization","@id":"https:\/\/sanluisinforma.com\/#organization","name":"sanluisinforma.com","url":"https:\/\/sanluisinforma.com\/","logo":{"@type":"ImageObject","inLanguage":"es","@id":"https:\/\/sanluisinforma.com\/#\/schema\/logo\/image\/","url":"https:\/\/sanluisinforma.com\/wp-content\/uploads\/2026\/03\/sanluisinforma-V.jpg","contentUrl":"https:\/\/sanluisinforma.com\/wp-content\/uploads\/2026\/03\/sanluisinforma-V.jpg","width":500,"height":156,"caption":"sanluisinforma.com"},"image":{"@id":"https:\/\/sanluisinforma.com\/#\/schema\/logo\/image\/"}},{"@type":"Person","@id":"https:\/\/sanluisinforma.com\/#\/schema\/person\/c30648f71476be533b6f59d092905c8b","name":"sanluisinforma.com","image":{"@type":"ImageObject","inLanguage":"es","@id":"https:\/\/sanluisinforma.com\/#\/schema\/person\/image\/","url":"https:\/\/secure.gravatar.com\/avatar\/86e3114e34a1eecefb963e0a02f0093f93b092dddb2fe1517596343751081a87?s=96&d=mm&r=g","contentUrl":"https:\/\/secure.gravatar.com\/avatar\/86e3114e34a1eecefb963e0a02f0093f93b092dddb2fe1517596343751081a87?s=96&d=mm&r=g","caption":"sanluisinforma.com"},"url":"https:\/\/sanluisinforma.com\/?author=2"}]}},"_links":{"self":[{"href":"https:\/\/sanluisinforma.com\/index.php?rest_route=\/wp\/v2\/posts\/10523","targetHints":{"allow":["GET"]}}],"collection":[{"href":"https:\/\/sanluisinforma.com\/index.php?rest_route=\/wp\/v2\/posts"}],"about":[{"href":"https:\/\/sanluisinforma.com\/index.php?rest_route=\/wp\/v2\/types\/post"}],"author":[{"embeddable":true,"href":"https:\/\/sanluisinforma.com\/index.php?rest_route=\/wp\/v2\/users\/2"}],"replies":[{"embeddable":true,"href":"https:\/\/sanluisinforma.com\/index.php?rest_route=%2Fwp%2Fv2%2Fcomments&post=10523"}],"version-history":[{"count":1,"href":"https:\/\/sanluisinforma.com\/index.php?rest_route=\/wp\/v2\/posts\/10523\/revisions"}],"predecessor-version":[{"id":10525,"href":"https:\/\/sanluisinforma.com\/index.php?rest_route=\/wp\/v2\/posts\/10523\/revisions\/10525"}],"wp:featuredmedia":[{"embeddable":true,"href":"https:\/\/sanluisinforma.com\/index.php?rest_route=\/wp\/v2\/media\/10524"}],"wp:attachment":[{"href":"https:\/\/sanluisinforma.com\/index.php?rest_route=%2Fwp%2Fv2%2Fmedia&parent=10523"}],"wp:term":[{"taxonomy":"category","embeddable":true,"href":"https:\/\/sanluisinforma.com\/index.php?rest_route=%2Fwp%2Fv2%2Fcategories&post=10523"},{"taxonomy":"post_tag","embeddable":true,"href":"https:\/\/sanluisinforma.com\/index.php?rest_route=%2Fwp%2Fv2%2Ftags&post=10523"}],"curies":[{"name":"wp","href":"https:\/\/api.w.org\/{rel}","templated":true}]}}