{"id":10533,"date":"2025-02-21T00:45:00","date_gmt":"2025-02-21T06:45:00","guid":{"rendered":"https:\/\/sanluisinforma.com\/?p=10533"},"modified":"2025-02-20T18:44:45","modified_gmt":"2025-02-21T00:44:45","slug":"nascar-mexico-ratifica-a-san-luis-capital-del-automovilismo","status":"publish","type":"post","link":"https:\/\/sanluisinforma.com\/?p=10533","title":{"rendered":"Nascar M\u00e9xico ratifica a San Luis, Capital del automovilismo"},"content":{"rendered":"\n<p>Con el respaldo del Gobierno de la Capital, que encabeza el Alcalde Enrique Galindo, este evento proyectar\u00e1 a San Luis Potos\u00ed a nivel internacional; el 1 y 2 de marzo, el S\u00faper \u00d3valo Potosino ser\u00e1 sede de la primera fecha de la Nascar M\u00e9xico Series 2025, generando una derrama econ\u00f3mica superior a los 30 millones de pesos.<\/p>\n\n\n\n<p>San Luis Potos\u00ed ser\u00e1 el punto de partida de la Nascar M\u00e9xico Series 2025, consolid\u00e1ndose una vez m\u00e1s como Capital del automovilismo deportivo a nivel internacional. El Alcalde Enrique Galindo Ceballos destac\u00f3 que la primera fecha del serial, programada para los d\u00edas 1 y 2 de marzo en el S\u00faper \u00d3valo Potosino, proyectar\u00e1 a la ciudad en los 17 pa\u00edses donde se transmitir\u00e1 el evento, adem\u00e1s de generar una importante derrama econ\u00f3mica.<\/p>\n\n\n\n<p>El Presidente Municipal resalt\u00f3 que este es uno de los m\u00e1s de 40 eventos de gran relevancia que San Luis Capital albergar\u00e1 este a\u00f1o, fortaleciendo su imagen global. Agradeci\u00f3 a los organizadores por elegir nuevamente a la ciudad para iniciar la temporada, ya que este tipo de competencias reafirman el posicionamiento de San Luis Potos\u00ed como un destino donde el deporte y la cultura tienen un papel protag\u00f3nico, especialmente en el a\u00f1o en que ostenta el t\u00edtulo de Capital Americana de la Cultura.<\/p>\n\n\n\n<p>Durante la presentaci\u00f3n del evento, el Director de Operaciones de Nascar M\u00e9xico Series, Humberto Garc\u00eda, junto con patrocinadores y pilotos que participaron de manera remota, reconocieron el respaldo del Gobierno Municipal para hacer posible esta fecha inaugural. Asimismo, invitaron a la afici\u00f3n potosina a disfrutar de la competencia y vivir la emoci\u00f3n de una de las categor\u00edas m\u00e1s importantes del automovilismo en el pa\u00eds.<\/p>\n\n\n\n<p>La Nascar M\u00e9xico Series 2025 traer\u00e1 un impacto positivo en el turismo, el deporte y la econom\u00eda de San Luis Potos\u00ed. La Directora de Turismo, Claudia Lorena Peralta Antiga, destac\u00f3 que el evento reunir\u00e1 a m\u00e1s de 60 pilotos y un equipo de mil personas, generando una derrama econ\u00f3mica superior a los 30 millones de pesos en un solo fin de semana, adem\u00e1s de proyectar a la ciudad internacionalmente con su transmisi\u00f3n en 17 pa\u00edses. Por su parte, el Director de Deporte Municipal, Luis Fernando Alonso Molina, resalt\u00f3 que la llegada de la Nascar reafirma el compromiso de la administraci\u00f3n del Alcalde Enrique Galindo con el desarrollo deportivo, consolidando a San Luis Capital como un referente del automovilismo nacional.<\/p>\n\n\n\n<p><\/p>\n\n\n\n<p><\/p>\n\n\n\n<p><\/p>\n","protected":false},"excerpt":{"rendered":"<p>Con el respaldo del Gobierno de la Capital, que encabeza el Alcalde Enrique Galindo, este evento proyectar\u00e1 a San Luis<\/p>\n","protected":false},"author":2,"featured_media":10534,"comment_status":"closed","ping_status":"closed","sticky":false,"template":"","format":"standard","meta":{"footnotes":""},"categories":[30],"tags":[],"class_list":["post-10533","post","type-post","status-publish","format-standard","has-post-thumbnail","hentry","category-portada"],"yoast_head":"<!-- This site is optimized with the Yoast SEO plugin v24.1 - https:\/\/yoast.com\/wordpress\/plugins\/seo\/ -->\n<title>Nascar M\u00e9xico ratifica a San Luis, Capital del automovilismo - sanluisinforma.com<\/title>\n<meta name=\"robots\" content=\"index, follow, max-snippet:-1, max-image-preview:large, max-video-preview:-1\" \/>\n<link rel=\"canonical\" href=\"https:\/\/sanluisinforma.com\/?p=10533\" \/>\n<meta property=\"og:locale\" content=\"es_MX\" \/>\n<meta property=\"og:type\" content=\"article\" \/>\n<meta property=\"og:title\" content=\"Nascar M\u00e9xico ratifica a San Luis, Capital del automovilismo - sanluisinforma.com\" \/>\n<meta property=\"og:description\" content=\"Con el respaldo del Gobierno de la Capital, que encabeza el Alcalde Enrique Galindo, este evento proyectar\u00e1 a San Luis\" \/>\n<meta property=\"og:url\" content=\"https:\/\/sanluisinforma.com\/?p=10533\" \/>\n<meta property=\"og:site_name\" content=\"sanluisinforma.com\" \/>\n<meta property=\"article:published_time\" content=\"2025-02-21T06:45:00+00:00\" \/>\n<meta property=\"article:modified_time\" content=\"2025-02-21T00:44:45+00:00\" \/>\n<meta property=\"og:image\" content=\"https:\/\/sanluisinforma.com\/wp-content\/uploads\/2025\/02\/3134a4a5-6faa-4c07-88c6-467b4a134b2b.jpg\" \/>\n\t<meta property=\"og:image:width\" content=\"480\" \/>\n\t<meta property=\"og:image:height\" content=\"319\" \/>\n\t<meta property=\"og:image:type\" content=\"image\/jpeg\" \/>\n<meta name=\"author\" content=\"sanluisinforma.com\" \/>\n<meta name=\"twitter:card\" content=\"summary_large_image\" \/>\n<meta name=\"twitter:label1\" content=\"Escrito por\" \/>\n\t<meta name=\"twitter:data1\" content=\"sanluisinforma.com\" \/>\n\t<meta name=\"twitter:label2\" content=\"Tiempo de lectura\" \/>\n\t<meta name=\"twitter:data2\" content=\"3 minutos\" \/>\n<script type=\"application\/ld+json\" class=\"yoast-schema-graph\">{\"@context\":\"https:\/\/schema.org\",\"@graph\":[{\"@type\":\"Article\",\"@id\":\"https:\/\/sanluisinforma.com\/?p=10533#article\",\"isPartOf\":{\"@id\":\"https:\/\/sanluisinforma.com\/?p=10533\"},\"author\":{\"name\":\"sanluisinforma.com\",\"@id\":\"https:\/\/sanluisinforma.com\/#\/schema\/person\/c30648f71476be533b6f59d092905c8b\"},\"headline\":\"Nascar M\u00e9xico ratifica a San Luis, Capital del automovilismo\",\"datePublished\":\"2025-02-21T06:45:00+00:00\",\"dateModified\":\"2025-02-21T00:44:45+00:00\",\"mainEntityOfPage\":{\"@id\":\"https:\/\/sanluisinforma.com\/?p=10533\"},\"wordCount\":424,\"publisher\":{\"@id\":\"https:\/\/sanluisinforma.com\/#organization\"},\"image\":{\"@id\":\"https:\/\/sanluisinforma.com\/?p=10533#primaryimage\"},\"thumbnailUrl\":\"https:\/\/sanluisinforma.com\/wp-content\/uploads\/2025\/02\/3134a4a5-6faa-4c07-88c6-467b4a134b2b.jpg\",\"articleSection\":[\"Portada\"],\"inLanguage\":\"es\"},{\"@type\":\"WebPage\",\"@id\":\"https:\/\/sanluisinforma.com\/?p=10533\",\"url\":\"https:\/\/sanluisinforma.com\/?p=10533\",\"name\":\"Nascar M\u00e9xico ratifica a San Luis, Capital del automovilismo - sanluisinforma.com\",\"isPartOf\":{\"@id\":\"https:\/\/sanluisinforma.com\/#website\"},\"primaryImageOfPage\":{\"@id\":\"https:\/\/sanluisinforma.com\/?p=10533#primaryimage\"},\"image\":{\"@id\":\"https:\/\/sanluisinforma.com\/?p=10533#primaryimage\"},\"thumbnailUrl\":\"https:\/\/sanluisinforma.com\/wp-content\/uploads\/2025\/02\/3134a4a5-6faa-4c07-88c6-467b4a134b2b.jpg\",\"datePublished\":\"2025-02-21T06:45:00+00:00\",\"dateModified\":\"2025-02-21T00:44:45+00:00\",\"breadcrumb\":{\"@id\":\"https:\/\/sanluisinforma.com\/?p=10533#breadcrumb\"},\"inLanguage\":\"es\",\"potentialAction\":[{\"@type\":\"ReadAction\",\"target\":[\"https:\/\/sanluisinforma.com\/?p=10533\"]}]},{\"@type\":\"ImageObject\",\"inLanguage\":\"es\",\"@id\":\"https:\/\/sanluisinforma.com\/?p=10533#primaryimage\",\"url\":\"https:\/\/sanluisinforma.com\/wp-content\/uploads\/2025\/02\/3134a4a5-6faa-4c07-88c6-467b4a134b2b.jpg\",\"contentUrl\":\"https:\/\/sanluisinforma.com\/wp-content\/uploads\/2025\/02\/3134a4a5-6faa-4c07-88c6-467b4a134b2b.jpg\",\"width\":480,\"height\":319},{\"@type\":\"BreadcrumbList\",\"@id\":\"https:\/\/sanluisinforma.com\/?p=10533#breadcrumb\",\"itemListElement\":[{\"@type\":\"ListItem\",\"position\":1,\"name\":\"Inicio\",\"item\":\"https:\/\/sanluisinforma.com\/\"},{\"@type\":\"ListItem\",\"position\":2,\"name\":\"Nascar M\u00e9xico ratifica a San Luis, Capital del automovilismo\"}]},{\"@type\":\"WebSite\",\"@id\":\"https:\/\/sanluisinforma.com\/#website\",\"url\":\"https:\/\/sanluisinforma.com\/\",\"name\":\"sanluisinforma.com\",\"description\":\"Periodico San Luis Informa\",\"publisher\":{\"@id\":\"https:\/\/sanluisinforma.com\/#organization\"},\"potentialAction\":[{\"@type\":\"SearchAction\",\"target\":{\"@type\":\"EntryPoint\",\"urlTemplate\":\"https:\/\/sanluisinforma.com\/?s={search_term_string}\"},\"query-input\":{\"@type\":\"PropertyValueSpecification\",\"valueRequired\":true,\"valueName\":\"search_term_string\"}}],\"inLanguage\":\"es\"},{\"@type\":\"Organization\",\"@id\":\"https:\/\/sanluisinforma.com\/#organization\",\"name\":\"sanluisinforma.com\",\"url\":\"https:\/\/sanluisinforma.com\/\",\"logo\":{\"@type\":\"ImageObject\",\"inLanguage\":\"es\",\"@id\":\"https:\/\/sanluisinforma.com\/#\/schema\/logo\/image\/\",\"url\":\"https:\/\/sanluisinforma.com\/wp-content\/uploads\/2026\/03\/sanluisinforma-V.jpg\",\"contentUrl\":\"https:\/\/sanluisinforma.com\/wp-content\/uploads\/2026\/03\/sanluisinforma-V.jpg\",\"width\":500,\"height\":156,\"caption\":\"sanluisinforma.com\"},\"image\":{\"@id\":\"https:\/\/sanluisinforma.com\/#\/schema\/logo\/image\/\"}},{\"@type\":\"Person\",\"@id\":\"https:\/\/sanluisinforma.com\/#\/schema\/person\/c30648f71476be533b6f59d092905c8b\",\"name\":\"sanluisinforma.com\",\"image\":{\"@type\":\"ImageObject\",\"inLanguage\":\"es\",\"@id\":\"https:\/\/sanluisinforma.com\/#\/schema\/person\/image\/\",\"url\":\"https:\/\/secure.gravatar.com\/avatar\/86e3114e34a1eecefb963e0a02f0093f93b092dddb2fe1517596343751081a87?s=96&d=mm&r=g\",\"contentUrl\":\"https:\/\/secure.gravatar.com\/avatar\/86e3114e34a1eecefb963e0a02f0093f93b092dddb2fe1517596343751081a87?s=96&d=mm&r=g\",\"caption\":\"sanluisinforma.com\"},\"url\":\"https:\/\/sanluisinforma.com\/?author=2\"}]}<\/script>\n<!-- \/ Yoast SEO plugin. -->","yoast_head_json":{"title":"Nascar M\u00e9xico ratifica a San Luis, Capital del automovilismo - sanluisinforma.com","robots":{"index":"index","follow":"follow","max-snippet":"max-snippet:-1","max-image-preview":"max-image-preview:large","max-video-preview":"max-video-preview:-1"},"canonical":"https:\/\/sanluisinforma.com\/?p=10533","og_locale":"es_MX","og_type":"article","og_title":"Nascar M\u00e9xico ratifica a San Luis, Capital del automovilismo - sanluisinforma.com","og_description":"Con el respaldo del Gobierno de la Capital, que encabeza el Alcalde Enrique Galindo, este evento proyectar\u00e1 a San Luis","og_url":"https:\/\/sanluisinforma.com\/?p=10533","og_site_name":"sanluisinforma.com","article_published_time":"2025-02-21T06:45:00+00:00","article_modified_time":"2025-02-21T00:44:45+00:00","og_image":[{"width":480,"height":319,"url":"https:\/\/sanluisinforma.com\/wp-content\/uploads\/2025\/02\/3134a4a5-6faa-4c07-88c6-467b4a134b2b.jpg","type":"image\/jpeg"}],"author":"sanluisinforma.com","twitter_card":"summary_large_image","twitter_misc":{"Escrito por":"sanluisinforma.com","Tiempo de lectura":"3 minutos"},"schema":{"@context":"https:\/\/schema.org","@graph":[{"@type":"Article","@id":"https:\/\/sanluisinforma.com\/?p=10533#article","isPartOf":{"@id":"https:\/\/sanluisinforma.com\/?p=10533"},"author":{"name":"sanluisinforma.com","@id":"https:\/\/sanluisinforma.com\/#\/schema\/person\/c30648f71476be533b6f59d092905c8b"},"headline":"Nascar M\u00e9xico ratifica a San Luis, Capital del automovilismo","datePublished":"2025-02-21T06:45:00+00:00","dateModified":"2025-02-21T00:44:45+00:00","mainEntityOfPage":{"@id":"https:\/\/sanluisinforma.com\/?p=10533"},"wordCount":424,"publisher":{"@id":"https:\/\/sanluisinforma.com\/#organization"},"image":{"@id":"https:\/\/sanluisinforma.com\/?p=10533#primaryimage"},"thumbnailUrl":"https:\/\/sanluisinforma.com\/wp-content\/uploads\/2025\/02\/3134a4a5-6faa-4c07-88c6-467b4a134b2b.jpg","articleSection":["Portada"],"inLanguage":"es"},{"@type":"WebPage","@id":"https:\/\/sanluisinforma.com\/?p=10533","url":"https:\/\/sanluisinforma.com\/?p=10533","name":"Nascar M\u00e9xico ratifica a San Luis, Capital del automovilismo - sanluisinforma.com","isPartOf":{"@id":"https:\/\/sanluisinforma.com\/#website"},"primaryImageOfPage":{"@id":"https:\/\/sanluisinforma.com\/?p=10533#primaryimage"},"image":{"@id":"https:\/\/sanluisinforma.com\/?p=10533#primaryimage"},"thumbnailUrl":"https:\/\/sanluisinforma.com\/wp-content\/uploads\/2025\/02\/3134a4a5-6faa-4c07-88c6-467b4a134b2b.jpg","datePublished":"2025-02-21T06:45:00+00:00","dateModified":"2025-02-21T00:44:45+00:00","breadcrumb":{"@id":"https:\/\/sanluisinforma.com\/?p=10533#breadcrumb"},"inLanguage":"es","potentialAction":[{"@type":"ReadAction","target":["https:\/\/sanluisinforma.com\/?p=10533"]}]},{"@type":"ImageObject","inLanguage":"es","@id":"https:\/\/sanluisinforma.com\/?p=10533#primaryimage","url":"https:\/\/sanluisinforma.com\/wp-content\/uploads\/2025\/02\/3134a4a5-6faa-4c07-88c6-467b4a134b2b.jpg","contentUrl":"https:\/\/sanluisinforma.com\/wp-content\/uploads\/2025\/02\/3134a4a5-6faa-4c07-88c6-467b4a134b2b.jpg","width":480,"height":319},{"@type":"BreadcrumbList","@id":"https:\/\/sanluisinforma.com\/?p=10533#breadcrumb","itemListElement":[{"@type":"ListItem","position":1,"name":"Inicio","item":"https:\/\/sanluisinforma.com\/"},{"@type":"ListItem","position":2,"name":"Nascar M\u00e9xico ratifica a San Luis, Capital del automovilismo"}]},{"@type":"WebSite","@id":"https:\/\/sanluisinforma.com\/#website","url":"https:\/\/sanluisinforma.com\/","name":"sanluisinforma.com","description":"Periodico San Luis Informa","publisher":{"@id":"https:\/\/sanluisinforma.com\/#organization"},"potentialAction":[{"@type":"SearchAction","target":{"@type":"EntryPoint","urlTemplate":"https:\/\/sanluisinforma.com\/?s={search_term_string}"},"query-input":{"@type":"PropertyValueSpecification","valueRequired":true,"valueName":"search_term_string"}}],"inLanguage":"es"},{"@type":"Organization","@id":"https:\/\/sanluisinforma.com\/#organization","name":"sanluisinforma.com","url":"https:\/\/sanluisinforma.com\/","logo":{"@type":"ImageObject","inLanguage":"es","@id":"https:\/\/sanluisinforma.com\/#\/schema\/logo\/image\/","url":"https:\/\/sanluisinforma.com\/wp-content\/uploads\/2026\/03\/sanluisinforma-V.jpg","contentUrl":"https:\/\/sanluisinforma.com\/wp-content\/uploads\/2026\/03\/sanluisinforma-V.jpg","width":500,"height":156,"caption":"sanluisinforma.com"},"image":{"@id":"https:\/\/sanluisinforma.com\/#\/schema\/logo\/image\/"}},{"@type":"Person","@id":"https:\/\/sanluisinforma.com\/#\/schema\/person\/c30648f71476be533b6f59d092905c8b","name":"sanluisinforma.com","image":{"@type":"ImageObject","inLanguage":"es","@id":"https:\/\/sanluisinforma.com\/#\/schema\/person\/image\/","url":"https:\/\/secure.gravatar.com\/avatar\/86e3114e34a1eecefb963e0a02f0093f93b092dddb2fe1517596343751081a87?s=96&d=mm&r=g","contentUrl":"https:\/\/secure.gravatar.com\/avatar\/86e3114e34a1eecefb963e0a02f0093f93b092dddb2fe1517596343751081a87?s=96&d=mm&r=g","caption":"sanluisinforma.com"},"url":"https:\/\/sanluisinforma.com\/?author=2"}]}},"_links":{"self":[{"href":"https:\/\/sanluisinforma.com\/index.php?rest_route=\/wp\/v2\/posts\/10533","targetHints":{"allow":["GET"]}}],"collection":[{"href":"https:\/\/sanluisinforma.com\/index.php?rest_route=\/wp\/v2\/posts"}],"about":[{"href":"https:\/\/sanluisinforma.com\/index.php?rest_route=\/wp\/v2\/types\/post"}],"author":[{"embeddable":true,"href":"https:\/\/sanluisinforma.com\/index.php?rest_route=\/wp\/v2\/users\/2"}],"replies":[{"embeddable":true,"href":"https:\/\/sanluisinforma.com\/index.php?rest_route=%2Fwp%2Fv2%2Fcomments&post=10533"}],"version-history":[{"count":1,"href":"https:\/\/sanluisinforma.com\/index.php?rest_route=\/wp\/v2\/posts\/10533\/revisions"}],"predecessor-version":[{"id":10535,"href":"https:\/\/sanluisinforma.com\/index.php?rest_route=\/wp\/v2\/posts\/10533\/revisions\/10535"}],"wp:featuredmedia":[{"embeddable":true,"href":"https:\/\/sanluisinforma.com\/index.php?rest_route=\/wp\/v2\/media\/10534"}],"wp:attachment":[{"href":"https:\/\/sanluisinforma.com\/index.php?rest_route=%2Fwp%2Fv2%2Fmedia&parent=10533"}],"wp:term":[{"taxonomy":"category","embeddable":true,"href":"https:\/\/sanluisinforma.com\/index.php?rest_route=%2Fwp%2Fv2%2Fcategories&post=10533"},{"taxonomy":"post_tag","embeddable":true,"href":"https:\/\/sanluisinforma.com\/index.php?rest_route=%2Fwp%2Fv2%2Ftags&post=10533"}],"curies":[{"name":"wp","href":"https:\/\/api.w.org\/{rel}","templated":true}]}}