{"id":10578,"date":"2025-02-22T00:55:00","date_gmt":"2025-02-22T06:55:00","guid":{"rendered":"https:\/\/sanluisinforma.com\/?p=10578"},"modified":"2025-02-21T23:16:23","modified_gmt":"2025-02-22T05:16:23","slug":"el-presunto-esta-vinculado-a-diversos-hechos-delictivos-como-extorsion-secuestro-desaparicion-de-personas-cobro-de-piso-y-narcomenudeo","status":"publish","type":"post","link":"https:\/\/sanluisinforma.com\/?p=10578","title":{"rendered":"El presunto est\u00e1 vinculado a diversos hechos delictivos como: extorsi\u00f3n, secuestro, desaparici\u00f3n de personas, \u201ccobro de piso\u201d y narcomenudeo"},"content":{"rendered":"\n<p><\/p>\n\n\n\n<p>C\u00e1rdenas, SLP.- Como parte de los resultados contundentes en el combate a la delincuencia, agentes de la Guardia Civil Estatal (GCE), en coordinaci\u00f3n con efectivos de la Secretar\u00eda de la Defensa Nacional (Sedena) y Guardia Nacional, asestaron un fuerte golpe a c\u00e9lula criminal, tras la detenci\u00f3n de su presunto l\u00edder, quien fue capturado con m\u00e1s de un kilo de marihuana, dosis de metanfetaminas, armamento, entre otros objetos constitutivos de delito.<\/p>\n\n\n\n<p>Labores operativas y de inteligencia, desplegadas por la c\u00e9lula BOMI de la regi\u00f3n Media, derivaron en la captura de este importante objetivo criminal, quien fue detectado en el barrio de San Isidro, a bordo de una camioneta Nissan Kicks, color blanco, misma que tras una consulta arroj\u00f3 contar con reporte de robo en el barrio de Guadalupe, perteneciente a Ray\u00f3n.<\/p>\n\n\n\n<p>Al momento de su detenci\u00f3n, a H\u00e9ctor \u201cN\u201d de 39 a\u00f1os de edad, se le decomisaron un arma de fuego larga, un cargador, 24 cartuchos \u00fatiles, un kilo con 430 gramos de marihuana, distribuido en 94 bolsas pl\u00e1sticas, 15 dosis de \u201ccristal\u201d o metanfetamina, as\u00ed como dos garrafas de 20 litros, con un l\u00edquido y la leyenda \u201csosa\u201d.<\/p>\n\n\n\n<p>Cabe se\u00f1alar que la reacci\u00f3n oportuna de los tres \u00f3rdenes de Gobierno, permiti\u00f3 establecer a dicha persona, luego de diversos reportes de actos il\u00edcitos en este sector, tales como: narcomenudeo, extorsi\u00f3n, privaci\u00f3n de la libertad, \u201ccobro de piso\u201d, as\u00ed como desaparici\u00f3n de personas, en donde ser\u00e1 la autoridad competente, quien inicie con las averiguaciones de estos hechos il\u00edcitos y su posible v\u00ednculo a ellas.<\/p>\n\n\n\n<p>Dicha persona fue puesta a disposici\u00f3n de la autoridad competente para lo que determine procedente.<\/p>\n\n\n\n<p>Con estas acciones, la Guardia Civil Estatal, en coordinaci\u00f3n con los tres \u00f3rdenes de Gobierno, garantiza el combate a la delincuencia, lo que permite garantizar el orden y la paz p\u00fablica en el territorio potosino.<\/p>\n","protected":false},"excerpt":{"rendered":"<p>C\u00e1rdenas, SLP.- Como parte de los resultados contundentes en el combate a la delincuencia, agentes de la Guardia Civil Estatal<\/p>\n","protected":false},"author":2,"featured_media":10579,"comment_status":"closed","ping_status":"closed","sticky":false,"template":"","format":"standard","meta":{"footnotes":""},"categories":[25],"tags":[],"class_list":["post-10578","post","type-post","status-publish","format-standard","has-post-thumbnail","hentry","category-local"],"yoast_head":"<!-- This site is optimized with the Yoast SEO plugin v24.1 - https:\/\/yoast.com\/wordpress\/plugins\/seo\/ -->\n<title>El presunto est\u00e1 vinculado a diversos hechos delictivos como: extorsi\u00f3n, secuestro, desaparici\u00f3n de personas, \u201ccobro de piso\u201d y narcomenudeo - sanluisinforma.com<\/title>\n<meta name=\"robots\" content=\"index, follow, max-snippet:-1, max-image-preview:large, max-video-preview:-1\" \/>\n<link rel=\"canonical\" href=\"https:\/\/sanluisinforma.com\/?p=10578\" \/>\n<meta property=\"og:locale\" content=\"es_MX\" \/>\n<meta property=\"og:type\" content=\"article\" \/>\n<meta property=\"og:title\" content=\"El presunto est\u00e1 vinculado a diversos hechos delictivos como: extorsi\u00f3n, secuestro, desaparici\u00f3n de personas, \u201ccobro de piso\u201d y narcomenudeo - sanluisinforma.com\" \/>\n<meta property=\"og:description\" content=\"C\u00e1rdenas, SLP.- Como parte de los resultados contundentes en el combate a la delincuencia, agentes de la Guardia Civil Estatal\" \/>\n<meta property=\"og:url\" content=\"https:\/\/sanluisinforma.com\/?p=10578\" \/>\n<meta property=\"og:site_name\" content=\"sanluisinforma.com\" \/>\n<meta property=\"article:published_time\" content=\"2025-02-22T06:55:00+00:00\" \/>\n<meta property=\"article:modified_time\" content=\"2025-02-22T05:16:23+00:00\" \/>\n<meta property=\"og:image\" content=\"https:\/\/sanluisinforma.com\/wp-content\/uploads\/2025\/02\/f6464314-7ffd-4631-a108-b2b9f93facb7.jpg\" \/>\n\t<meta property=\"og:image:width\" content=\"480\" \/>\n\t<meta property=\"og:image:height\" content=\"360\" \/>\n\t<meta property=\"og:image:type\" content=\"image\/jpeg\" \/>\n<meta name=\"author\" content=\"sanluisinforma.com\" \/>\n<meta name=\"twitter:card\" content=\"summary_large_image\" \/>\n<meta name=\"twitter:label1\" content=\"Escrito por\" \/>\n\t<meta name=\"twitter:data1\" content=\"sanluisinforma.com\" \/>\n\t<meta name=\"twitter:label2\" content=\"Tiempo de lectura\" \/>\n\t<meta name=\"twitter:data2\" content=\"2 minutos\" \/>\n<script type=\"application\/ld+json\" class=\"yoast-schema-graph\">{\"@context\":\"https:\/\/schema.org\",\"@graph\":[{\"@type\":\"Article\",\"@id\":\"https:\/\/sanluisinforma.com\/?p=10578#article\",\"isPartOf\":{\"@id\":\"https:\/\/sanluisinforma.com\/?p=10578\"},\"author\":{\"name\":\"sanluisinforma.com\",\"@id\":\"https:\/\/sanluisinforma.com\/#\/schema\/person\/c30648f71476be533b6f59d092905c8b\"},\"headline\":\"El presunto est\u00e1 vinculado a diversos hechos delictivos como: extorsi\u00f3n, secuestro, desaparici\u00f3n de personas, \u201ccobro de piso\u201d y narcomenudeo\",\"datePublished\":\"2025-02-22T06:55:00+00:00\",\"dateModified\":\"2025-02-22T05:16:23+00:00\",\"mainEntityOfPage\":{\"@id\":\"https:\/\/sanluisinforma.com\/?p=10578\"},\"wordCount\":344,\"publisher\":{\"@id\":\"https:\/\/sanluisinforma.com\/#organization\"},\"image\":{\"@id\":\"https:\/\/sanluisinforma.com\/?p=10578#primaryimage\"},\"thumbnailUrl\":\"https:\/\/sanluisinforma.com\/wp-content\/uploads\/2025\/02\/f6464314-7ffd-4631-a108-b2b9f93facb7.jpg\",\"articleSection\":[\"Local\"],\"inLanguage\":\"es\"},{\"@type\":\"WebPage\",\"@id\":\"https:\/\/sanluisinforma.com\/?p=10578\",\"url\":\"https:\/\/sanluisinforma.com\/?p=10578\",\"name\":\"El presunto est\u00e1 vinculado a diversos hechos delictivos como: extorsi\u00f3n, secuestro, desaparici\u00f3n de personas, \u201ccobro de piso\u201d y narcomenudeo - sanluisinforma.com\",\"isPartOf\":{\"@id\":\"https:\/\/sanluisinforma.com\/#website\"},\"primaryImageOfPage\":{\"@id\":\"https:\/\/sanluisinforma.com\/?p=10578#primaryimage\"},\"image\":{\"@id\":\"https:\/\/sanluisinforma.com\/?p=10578#primaryimage\"},\"thumbnailUrl\":\"https:\/\/sanluisinforma.com\/wp-content\/uploads\/2025\/02\/f6464314-7ffd-4631-a108-b2b9f93facb7.jpg\",\"datePublished\":\"2025-02-22T06:55:00+00:00\",\"dateModified\":\"2025-02-22T05:16:23+00:00\",\"breadcrumb\":{\"@id\":\"https:\/\/sanluisinforma.com\/?p=10578#breadcrumb\"},\"inLanguage\":\"es\",\"potentialAction\":[{\"@type\":\"ReadAction\",\"target\":[\"https:\/\/sanluisinforma.com\/?p=10578\"]}]},{\"@type\":\"ImageObject\",\"inLanguage\":\"es\",\"@id\":\"https:\/\/sanluisinforma.com\/?p=10578#primaryimage\",\"url\":\"https:\/\/sanluisinforma.com\/wp-content\/uploads\/2025\/02\/f6464314-7ffd-4631-a108-b2b9f93facb7.jpg\",\"contentUrl\":\"https:\/\/sanluisinforma.com\/wp-content\/uploads\/2025\/02\/f6464314-7ffd-4631-a108-b2b9f93facb7.jpg\",\"width\":480,\"height\":360},{\"@type\":\"BreadcrumbList\",\"@id\":\"https:\/\/sanluisinforma.com\/?p=10578#breadcrumb\",\"itemListElement\":[{\"@type\":\"ListItem\",\"position\":1,\"name\":\"Inicio\",\"item\":\"https:\/\/sanluisinforma.com\/\"},{\"@type\":\"ListItem\",\"position\":2,\"name\":\"El presunto est\u00e1 vinculado a diversos hechos delictivos como: extorsi\u00f3n, secuestro, desaparici\u00f3n de personas, \u201ccobro de piso\u201d y narcomenudeo\"}]},{\"@type\":\"WebSite\",\"@id\":\"https:\/\/sanluisinforma.com\/#website\",\"url\":\"https:\/\/sanluisinforma.com\/\",\"name\":\"sanluisinforma.com\",\"description\":\"Periodico San Luis Informa\",\"publisher\":{\"@id\":\"https:\/\/sanluisinforma.com\/#organization\"},\"potentialAction\":[{\"@type\":\"SearchAction\",\"target\":{\"@type\":\"EntryPoint\",\"urlTemplate\":\"https:\/\/sanluisinforma.com\/?s={search_term_string}\"},\"query-input\":{\"@type\":\"PropertyValueSpecification\",\"valueRequired\":true,\"valueName\":\"search_term_string\"}}],\"inLanguage\":\"es\"},{\"@type\":\"Organization\",\"@id\":\"https:\/\/sanluisinforma.com\/#organization\",\"name\":\"sanluisinforma.com\",\"url\":\"https:\/\/sanluisinforma.com\/\",\"logo\":{\"@type\":\"ImageObject\",\"inLanguage\":\"es\",\"@id\":\"https:\/\/sanluisinforma.com\/#\/schema\/logo\/image\/\",\"url\":\"https:\/\/sanluisinforma.com\/wp-content\/uploads\/2026\/03\/sanluisinforma-V.jpg\",\"contentUrl\":\"https:\/\/sanluisinforma.com\/wp-content\/uploads\/2026\/03\/sanluisinforma-V.jpg\",\"width\":500,\"height\":156,\"caption\":\"sanluisinforma.com\"},\"image\":{\"@id\":\"https:\/\/sanluisinforma.com\/#\/schema\/logo\/image\/\"}},{\"@type\":\"Person\",\"@id\":\"https:\/\/sanluisinforma.com\/#\/schema\/person\/c30648f71476be533b6f59d092905c8b\",\"name\":\"sanluisinforma.com\",\"image\":{\"@type\":\"ImageObject\",\"inLanguage\":\"es\",\"@id\":\"https:\/\/sanluisinforma.com\/#\/schema\/person\/image\/\",\"url\":\"https:\/\/secure.gravatar.com\/avatar\/86e3114e34a1eecefb963e0a02f0093f93b092dddb2fe1517596343751081a87?s=96&d=mm&r=g\",\"contentUrl\":\"https:\/\/secure.gravatar.com\/avatar\/86e3114e34a1eecefb963e0a02f0093f93b092dddb2fe1517596343751081a87?s=96&d=mm&r=g\",\"caption\":\"sanluisinforma.com\"},\"url\":\"https:\/\/sanluisinforma.com\/?author=2\"}]}<\/script>\n<!-- \/ Yoast SEO plugin. -->","yoast_head_json":{"title":"El presunto est\u00e1 vinculado a diversos hechos delictivos como: extorsi\u00f3n, secuestro, desaparici\u00f3n de personas, \u201ccobro de piso\u201d y narcomenudeo - sanluisinforma.com","robots":{"index":"index","follow":"follow","max-snippet":"max-snippet:-1","max-image-preview":"max-image-preview:large","max-video-preview":"max-video-preview:-1"},"canonical":"https:\/\/sanluisinforma.com\/?p=10578","og_locale":"es_MX","og_type":"article","og_title":"El presunto est\u00e1 vinculado a diversos hechos delictivos como: extorsi\u00f3n, secuestro, desaparici\u00f3n de personas, \u201ccobro de piso\u201d y narcomenudeo - sanluisinforma.com","og_description":"C\u00e1rdenas, SLP.- Como parte de los resultados contundentes en el combate a la delincuencia, agentes de la Guardia Civil Estatal","og_url":"https:\/\/sanluisinforma.com\/?p=10578","og_site_name":"sanluisinforma.com","article_published_time":"2025-02-22T06:55:00+00:00","article_modified_time":"2025-02-22T05:16:23+00:00","og_image":[{"width":480,"height":360,"url":"https:\/\/sanluisinforma.com\/wp-content\/uploads\/2025\/02\/f6464314-7ffd-4631-a108-b2b9f93facb7.jpg","type":"image\/jpeg"}],"author":"sanluisinforma.com","twitter_card":"summary_large_image","twitter_misc":{"Escrito por":"sanluisinforma.com","Tiempo de lectura":"2 minutos"},"schema":{"@context":"https:\/\/schema.org","@graph":[{"@type":"Article","@id":"https:\/\/sanluisinforma.com\/?p=10578#article","isPartOf":{"@id":"https:\/\/sanluisinforma.com\/?p=10578"},"author":{"name":"sanluisinforma.com","@id":"https:\/\/sanluisinforma.com\/#\/schema\/person\/c30648f71476be533b6f59d092905c8b"},"headline":"El presunto est\u00e1 vinculado a diversos hechos delictivos como: extorsi\u00f3n, secuestro, desaparici\u00f3n de personas, \u201ccobro de piso\u201d y narcomenudeo","datePublished":"2025-02-22T06:55:00+00:00","dateModified":"2025-02-22T05:16:23+00:00","mainEntityOfPage":{"@id":"https:\/\/sanluisinforma.com\/?p=10578"},"wordCount":344,"publisher":{"@id":"https:\/\/sanluisinforma.com\/#organization"},"image":{"@id":"https:\/\/sanluisinforma.com\/?p=10578#primaryimage"},"thumbnailUrl":"https:\/\/sanluisinforma.com\/wp-content\/uploads\/2025\/02\/f6464314-7ffd-4631-a108-b2b9f93facb7.jpg","articleSection":["Local"],"inLanguage":"es"},{"@type":"WebPage","@id":"https:\/\/sanluisinforma.com\/?p=10578","url":"https:\/\/sanluisinforma.com\/?p=10578","name":"El presunto est\u00e1 vinculado a diversos hechos delictivos como: extorsi\u00f3n, secuestro, desaparici\u00f3n de personas, \u201ccobro de piso\u201d y narcomenudeo - sanluisinforma.com","isPartOf":{"@id":"https:\/\/sanluisinforma.com\/#website"},"primaryImageOfPage":{"@id":"https:\/\/sanluisinforma.com\/?p=10578#primaryimage"},"image":{"@id":"https:\/\/sanluisinforma.com\/?p=10578#primaryimage"},"thumbnailUrl":"https:\/\/sanluisinforma.com\/wp-content\/uploads\/2025\/02\/f6464314-7ffd-4631-a108-b2b9f93facb7.jpg","datePublished":"2025-02-22T06:55:00+00:00","dateModified":"2025-02-22T05:16:23+00:00","breadcrumb":{"@id":"https:\/\/sanluisinforma.com\/?p=10578#breadcrumb"},"inLanguage":"es","potentialAction":[{"@type":"ReadAction","target":["https:\/\/sanluisinforma.com\/?p=10578"]}]},{"@type":"ImageObject","inLanguage":"es","@id":"https:\/\/sanluisinforma.com\/?p=10578#primaryimage","url":"https:\/\/sanluisinforma.com\/wp-content\/uploads\/2025\/02\/f6464314-7ffd-4631-a108-b2b9f93facb7.jpg","contentUrl":"https:\/\/sanluisinforma.com\/wp-content\/uploads\/2025\/02\/f6464314-7ffd-4631-a108-b2b9f93facb7.jpg","width":480,"height":360},{"@type":"BreadcrumbList","@id":"https:\/\/sanluisinforma.com\/?p=10578#breadcrumb","itemListElement":[{"@type":"ListItem","position":1,"name":"Inicio","item":"https:\/\/sanluisinforma.com\/"},{"@type":"ListItem","position":2,"name":"El presunto est\u00e1 vinculado a diversos hechos delictivos como: extorsi\u00f3n, secuestro, desaparici\u00f3n de personas, \u201ccobro de piso\u201d y narcomenudeo"}]},{"@type":"WebSite","@id":"https:\/\/sanluisinforma.com\/#website","url":"https:\/\/sanluisinforma.com\/","name":"sanluisinforma.com","description":"Periodico San Luis Informa","publisher":{"@id":"https:\/\/sanluisinforma.com\/#organization"},"potentialAction":[{"@type":"SearchAction","target":{"@type":"EntryPoint","urlTemplate":"https:\/\/sanluisinforma.com\/?s={search_term_string}"},"query-input":{"@type":"PropertyValueSpecification","valueRequired":true,"valueName":"search_term_string"}}],"inLanguage":"es"},{"@type":"Organization","@id":"https:\/\/sanluisinforma.com\/#organization","name":"sanluisinforma.com","url":"https:\/\/sanluisinforma.com\/","logo":{"@type":"ImageObject","inLanguage":"es","@id":"https:\/\/sanluisinforma.com\/#\/schema\/logo\/image\/","url":"https:\/\/sanluisinforma.com\/wp-content\/uploads\/2026\/03\/sanluisinforma-V.jpg","contentUrl":"https:\/\/sanluisinforma.com\/wp-content\/uploads\/2026\/03\/sanluisinforma-V.jpg","width":500,"height":156,"caption":"sanluisinforma.com"},"image":{"@id":"https:\/\/sanluisinforma.com\/#\/schema\/logo\/image\/"}},{"@type":"Person","@id":"https:\/\/sanluisinforma.com\/#\/schema\/person\/c30648f71476be533b6f59d092905c8b","name":"sanluisinforma.com","image":{"@type":"ImageObject","inLanguage":"es","@id":"https:\/\/sanluisinforma.com\/#\/schema\/person\/image\/","url":"https:\/\/secure.gravatar.com\/avatar\/86e3114e34a1eecefb963e0a02f0093f93b092dddb2fe1517596343751081a87?s=96&d=mm&r=g","contentUrl":"https:\/\/secure.gravatar.com\/avatar\/86e3114e34a1eecefb963e0a02f0093f93b092dddb2fe1517596343751081a87?s=96&d=mm&r=g","caption":"sanluisinforma.com"},"url":"https:\/\/sanluisinforma.com\/?author=2"}]}},"_links":{"self":[{"href":"https:\/\/sanluisinforma.com\/index.php?rest_route=\/wp\/v2\/posts\/10578","targetHints":{"allow":["GET"]}}],"collection":[{"href":"https:\/\/sanluisinforma.com\/index.php?rest_route=\/wp\/v2\/posts"}],"about":[{"href":"https:\/\/sanluisinforma.com\/index.php?rest_route=\/wp\/v2\/types\/post"}],"author":[{"embeddable":true,"href":"https:\/\/sanluisinforma.com\/index.php?rest_route=\/wp\/v2\/users\/2"}],"replies":[{"embeddable":true,"href":"https:\/\/sanluisinforma.com\/index.php?rest_route=%2Fwp%2Fv2%2Fcomments&post=10578"}],"version-history":[{"count":1,"href":"https:\/\/sanluisinforma.com\/index.php?rest_route=\/wp\/v2\/posts\/10578\/revisions"}],"predecessor-version":[{"id":10580,"href":"https:\/\/sanluisinforma.com\/index.php?rest_route=\/wp\/v2\/posts\/10578\/revisions\/10580"}],"wp:featuredmedia":[{"embeddable":true,"href":"https:\/\/sanluisinforma.com\/index.php?rest_route=\/wp\/v2\/media\/10579"}],"wp:attachment":[{"href":"https:\/\/sanluisinforma.com\/index.php?rest_route=%2Fwp%2Fv2%2Fmedia&parent=10578"}],"wp:term":[{"taxonomy":"category","embeddable":true,"href":"https:\/\/sanluisinforma.com\/index.php?rest_route=%2Fwp%2Fv2%2Fcategories&post=10578"},{"taxonomy":"post_tag","embeddable":true,"href":"https:\/\/sanluisinforma.com\/index.php?rest_route=%2Fwp%2Fv2%2Ftags&post=10578"}],"curies":[{"name":"wp","href":"https:\/\/api.w.org\/{rel}","templated":true}]}}