{"id":10581,"date":"2025-02-23T00:50:00","date_gmt":"2025-02-23T06:50:00","guid":{"rendered":"https:\/\/sanluisinforma.com\/?p=10581"},"modified":"2025-02-22T23:32:17","modified_gmt":"2025-02-23T05:32:17","slug":"san-luis-capital-se-rinde-al-ritmo-de-oscar-dleon-en-una-noche-de-baile-y-sabor","status":"publish","type":"post","link":"https:\/\/sanluisinforma.com\/?p=10581","title":{"rendered":"San Luis Capital se rinde al ritmo de \u00d3scar D\u2019Le\u00f3n en una noche de baile y sabor"},"content":{"rendered":"\n<ul class=\"wp-block-list\">\n<li>La Plaza de Fundadores se convirti\u00f3 en un sals\u00f3dromo en este evento, que fue un exitoso cierre del Encuentro Internacional de Salsa, organizado por el Gobierno de la Capital; el Alcalde Enrique Galindo destac\u00f3 que San Luis Potos\u00ed, como Capital Americana de la Cultura 2025, demuestra su grandeza con eventos que celebran la m\u00fasica y la inclusi\u00f3n.<\/li>\n<\/ul>\n\n\n\n<p><\/p>\n\n\n\n<p>San Luis Capital vivi\u00f3 una noche inolvidable con la presentaci\u00f3n de \u00d3scar D\u2019Le\u00f3n en la Plaza de Fundadores, que se convirti\u00f3 en un aut\u00e9ntico sals\u00f3dromo en el cierre del exitoso Encuentro Internacional de Salsa. Miles de personas se entregaron al ritmo del \u201cSonero del Mundo\u201d, bailando sin parar al comp\u00e1s de su inconfundible voz y su energ\u00eda desbordante, en el marco de San Luis Amable como Capital Americana de la Cultura 2025.<\/p>\n\n\n\n<p>El Alcalde Enrique Galindo Ceballos resalt\u00f3 la belleza de una ciudad que vibra con el arte en una noche tan especial y destac\u00f3 que, como todos los eventos culturales del Gobierno de la Capital, esta gran fiesta fue 100% inclusiva para personas con discapacidad. \u201cSan Luis brilla cuando su gente disfruta la cultura, y hoy nuestra Plaza de Fundadores se convirti\u00f3 en el coraz\u00f3n del baile y la alegr\u00eda\u201d, expres\u00f3.<\/p>\n\n\n\n<p>El repertorio del maestro \u00d3scar D\u2019Le\u00f3n no decepcion\u00f3. Cl\u00e1sicos como Llorar\u00e1s, Detalles, Ven Morena y Yo quisiera pusieron a cantar a los asistentes, mientras los mejores pasos de salsa se adue\u00f1aban del escenario natural que brind\u00f3 el Centro Hist\u00f3rico potosino.<\/p>\n\n\n\n<p>Antes del gran espect\u00e1culo, la fiesta arranc\u00f3 con una exhibici\u00f3n internacional de baile que mostr\u00f3 la riqueza de los ritmos latinos de la regi\u00f3n. Tambi\u00e9n se present\u00f3 el grupo Combo Ninguno, que hizo disfrutar a toda la Plaza de Fundadores.<\/p>\n","protected":false},"excerpt":{"rendered":"<p>San Luis Capital vivi\u00f3 una noche inolvidable con la presentaci\u00f3n de \u00d3scar D\u2019Le\u00f3n en la Plaza de Fundadores, que se<\/p>\n","protected":false},"author":2,"featured_media":10584,"comment_status":"closed","ping_status":"closed","sticky":false,"template":"","format":"standard","meta":{"footnotes":""},"categories":[25,30],"tags":[],"class_list":["post-10581","post","type-post","status-publish","format-standard","has-post-thumbnail","hentry","category-local","category-portada"],"yoast_head":"<!-- This site is optimized with the Yoast SEO plugin v24.1 - https:\/\/yoast.com\/wordpress\/plugins\/seo\/ -->\n<title>San Luis Capital se rinde al ritmo de \u00d3scar D\u2019Le\u00f3n en una noche de baile y sabor - sanluisinforma.com<\/title>\n<meta name=\"robots\" content=\"index, follow, max-snippet:-1, max-image-preview:large, max-video-preview:-1\" \/>\n<link rel=\"canonical\" href=\"https:\/\/sanluisinforma.com\/?p=10581\" \/>\n<meta property=\"og:locale\" content=\"es_MX\" \/>\n<meta property=\"og:type\" content=\"article\" \/>\n<meta property=\"og:title\" content=\"San Luis Capital se rinde al ritmo de \u00d3scar D\u2019Le\u00f3n en una noche de baile y sabor - sanluisinforma.com\" \/>\n<meta property=\"og:description\" content=\"San Luis Capital vivi\u00f3 una noche inolvidable con la presentaci\u00f3n de \u00d3scar D\u2019Le\u00f3n en la Plaza de Fundadores, que se\" \/>\n<meta property=\"og:url\" content=\"https:\/\/sanluisinforma.com\/?p=10581\" \/>\n<meta property=\"og:site_name\" content=\"sanluisinforma.com\" \/>\n<meta property=\"article:published_time\" content=\"2025-02-23T06:50:00+00:00\" \/>\n<meta property=\"article:modified_time\" content=\"2025-02-23T05:32:17+00:00\" \/>\n<meta property=\"og:image\" content=\"https:\/\/sanluisinforma.com\/wp-content\/uploads\/2025\/02\/eba21a64-4de9-4962-843d-ab88e80bc8c0.jpg\" \/>\n\t<meta property=\"og:image:width\" content=\"480\" \/>\n\t<meta property=\"og:image:height\" content=\"319\" \/>\n\t<meta property=\"og:image:type\" content=\"image\/jpeg\" \/>\n<meta name=\"author\" content=\"sanluisinforma.com\" \/>\n<meta name=\"twitter:card\" content=\"summary_large_image\" \/>\n<meta name=\"twitter:label1\" content=\"Escrito por\" \/>\n\t<meta name=\"twitter:data1\" content=\"sanluisinforma.com\" \/>\n\t<meta name=\"twitter:label2\" content=\"Tiempo de lectura\" \/>\n\t<meta name=\"twitter:data2\" content=\"2 minutos\" \/>\n<script type=\"application\/ld+json\" class=\"yoast-schema-graph\">{\"@context\":\"https:\/\/schema.org\",\"@graph\":[{\"@type\":\"Article\",\"@id\":\"https:\/\/sanluisinforma.com\/?p=10581#article\",\"isPartOf\":{\"@id\":\"https:\/\/sanluisinforma.com\/?p=10581\"},\"author\":{\"name\":\"sanluisinforma.com\",\"@id\":\"https:\/\/sanluisinforma.com\/#\/schema\/person\/c30648f71476be533b6f59d092905c8b\"},\"headline\":\"San Luis Capital se rinde al ritmo de \u00d3scar D\u2019Le\u00f3n en una noche de baile y sabor\",\"datePublished\":\"2025-02-23T06:50:00+00:00\",\"dateModified\":\"2025-02-23T05:32:17+00:00\",\"mainEntityOfPage\":{\"@id\":\"https:\/\/sanluisinforma.com\/?p=10581\"},\"wordCount\":317,\"publisher\":{\"@id\":\"https:\/\/sanluisinforma.com\/#organization\"},\"image\":{\"@id\":\"https:\/\/sanluisinforma.com\/?p=10581#primaryimage\"},\"thumbnailUrl\":\"https:\/\/sanluisinforma.com\/wp-content\/uploads\/2025\/02\/eba21a64-4de9-4962-843d-ab88e80bc8c0.jpg\",\"articleSection\":[\"Local\",\"Portada\"],\"inLanguage\":\"es\"},{\"@type\":\"WebPage\",\"@id\":\"https:\/\/sanluisinforma.com\/?p=10581\",\"url\":\"https:\/\/sanluisinforma.com\/?p=10581\",\"name\":\"San Luis Capital se rinde al ritmo de \u00d3scar D\u2019Le\u00f3n en una noche de baile y sabor - sanluisinforma.com\",\"isPartOf\":{\"@id\":\"https:\/\/sanluisinforma.com\/#website\"},\"primaryImageOfPage\":{\"@id\":\"https:\/\/sanluisinforma.com\/?p=10581#primaryimage\"},\"image\":{\"@id\":\"https:\/\/sanluisinforma.com\/?p=10581#primaryimage\"},\"thumbnailUrl\":\"https:\/\/sanluisinforma.com\/wp-content\/uploads\/2025\/02\/eba21a64-4de9-4962-843d-ab88e80bc8c0.jpg\",\"datePublished\":\"2025-02-23T06:50:00+00:00\",\"dateModified\":\"2025-02-23T05:32:17+00:00\",\"breadcrumb\":{\"@id\":\"https:\/\/sanluisinforma.com\/?p=10581#breadcrumb\"},\"inLanguage\":\"es\",\"potentialAction\":[{\"@type\":\"ReadAction\",\"target\":[\"https:\/\/sanluisinforma.com\/?p=10581\"]}]},{\"@type\":\"ImageObject\",\"inLanguage\":\"es\",\"@id\":\"https:\/\/sanluisinforma.com\/?p=10581#primaryimage\",\"url\":\"https:\/\/sanluisinforma.com\/wp-content\/uploads\/2025\/02\/eba21a64-4de9-4962-843d-ab88e80bc8c0.jpg\",\"contentUrl\":\"https:\/\/sanluisinforma.com\/wp-content\/uploads\/2025\/02\/eba21a64-4de9-4962-843d-ab88e80bc8c0.jpg\",\"width\":480,\"height\":319},{\"@type\":\"BreadcrumbList\",\"@id\":\"https:\/\/sanluisinforma.com\/?p=10581#breadcrumb\",\"itemListElement\":[{\"@type\":\"ListItem\",\"position\":1,\"name\":\"Inicio\",\"item\":\"https:\/\/sanluisinforma.com\/\"},{\"@type\":\"ListItem\",\"position\":2,\"name\":\"San Luis Capital se rinde al ritmo de \u00d3scar D\u2019Le\u00f3n en una noche de baile y sabor\"}]},{\"@type\":\"WebSite\",\"@id\":\"https:\/\/sanluisinforma.com\/#website\",\"url\":\"https:\/\/sanluisinforma.com\/\",\"name\":\"sanluisinforma.com\",\"description\":\"Periodico San Luis Informa\",\"publisher\":{\"@id\":\"https:\/\/sanluisinforma.com\/#organization\"},\"potentialAction\":[{\"@type\":\"SearchAction\",\"target\":{\"@type\":\"EntryPoint\",\"urlTemplate\":\"https:\/\/sanluisinforma.com\/?s={search_term_string}\"},\"query-input\":{\"@type\":\"PropertyValueSpecification\",\"valueRequired\":true,\"valueName\":\"search_term_string\"}}],\"inLanguage\":\"es\"},{\"@type\":\"Organization\",\"@id\":\"https:\/\/sanluisinforma.com\/#organization\",\"name\":\"sanluisinforma.com\",\"url\":\"https:\/\/sanluisinforma.com\/\",\"logo\":{\"@type\":\"ImageObject\",\"inLanguage\":\"es\",\"@id\":\"https:\/\/sanluisinforma.com\/#\/schema\/logo\/image\/\",\"url\":\"https:\/\/sanluisinforma.com\/wp-content\/uploads\/2026\/03\/sanluisinforma-V.jpg\",\"contentUrl\":\"https:\/\/sanluisinforma.com\/wp-content\/uploads\/2026\/03\/sanluisinforma-V.jpg\",\"width\":500,\"height\":156,\"caption\":\"sanluisinforma.com\"},\"image\":{\"@id\":\"https:\/\/sanluisinforma.com\/#\/schema\/logo\/image\/\"}},{\"@type\":\"Person\",\"@id\":\"https:\/\/sanluisinforma.com\/#\/schema\/person\/c30648f71476be533b6f59d092905c8b\",\"name\":\"sanluisinforma.com\",\"image\":{\"@type\":\"ImageObject\",\"inLanguage\":\"es\",\"@id\":\"https:\/\/sanluisinforma.com\/#\/schema\/person\/image\/\",\"url\":\"https:\/\/secure.gravatar.com\/avatar\/86e3114e34a1eecefb963e0a02f0093f93b092dddb2fe1517596343751081a87?s=96&d=mm&r=g\",\"contentUrl\":\"https:\/\/secure.gravatar.com\/avatar\/86e3114e34a1eecefb963e0a02f0093f93b092dddb2fe1517596343751081a87?s=96&d=mm&r=g\",\"caption\":\"sanluisinforma.com\"},\"url\":\"https:\/\/sanluisinforma.com\/?author=2\"}]}<\/script>\n<!-- \/ Yoast SEO plugin. -->","yoast_head_json":{"title":"San Luis Capital se rinde al ritmo de \u00d3scar D\u2019Le\u00f3n en una noche de baile y sabor - sanluisinforma.com","robots":{"index":"index","follow":"follow","max-snippet":"max-snippet:-1","max-image-preview":"max-image-preview:large","max-video-preview":"max-video-preview:-1"},"canonical":"https:\/\/sanluisinforma.com\/?p=10581","og_locale":"es_MX","og_type":"article","og_title":"San Luis Capital se rinde al ritmo de \u00d3scar D\u2019Le\u00f3n en una noche de baile y sabor - sanluisinforma.com","og_description":"San Luis Capital vivi\u00f3 una noche inolvidable con la presentaci\u00f3n de \u00d3scar D\u2019Le\u00f3n en la Plaza de Fundadores, que se","og_url":"https:\/\/sanluisinforma.com\/?p=10581","og_site_name":"sanluisinforma.com","article_published_time":"2025-02-23T06:50:00+00:00","article_modified_time":"2025-02-23T05:32:17+00:00","og_image":[{"width":480,"height":319,"url":"https:\/\/sanluisinforma.com\/wp-content\/uploads\/2025\/02\/eba21a64-4de9-4962-843d-ab88e80bc8c0.jpg","type":"image\/jpeg"}],"author":"sanluisinforma.com","twitter_card":"summary_large_image","twitter_misc":{"Escrito por":"sanluisinforma.com","Tiempo de lectura":"2 minutos"},"schema":{"@context":"https:\/\/schema.org","@graph":[{"@type":"Article","@id":"https:\/\/sanluisinforma.com\/?p=10581#article","isPartOf":{"@id":"https:\/\/sanluisinforma.com\/?p=10581"},"author":{"name":"sanluisinforma.com","@id":"https:\/\/sanluisinforma.com\/#\/schema\/person\/c30648f71476be533b6f59d092905c8b"},"headline":"San Luis Capital se rinde al ritmo de \u00d3scar D\u2019Le\u00f3n en una noche de baile y sabor","datePublished":"2025-02-23T06:50:00+00:00","dateModified":"2025-02-23T05:32:17+00:00","mainEntityOfPage":{"@id":"https:\/\/sanluisinforma.com\/?p=10581"},"wordCount":317,"publisher":{"@id":"https:\/\/sanluisinforma.com\/#organization"},"image":{"@id":"https:\/\/sanluisinforma.com\/?p=10581#primaryimage"},"thumbnailUrl":"https:\/\/sanluisinforma.com\/wp-content\/uploads\/2025\/02\/eba21a64-4de9-4962-843d-ab88e80bc8c0.jpg","articleSection":["Local","Portada"],"inLanguage":"es"},{"@type":"WebPage","@id":"https:\/\/sanluisinforma.com\/?p=10581","url":"https:\/\/sanluisinforma.com\/?p=10581","name":"San Luis Capital se rinde al ritmo de \u00d3scar D\u2019Le\u00f3n en una noche de baile y sabor - sanluisinforma.com","isPartOf":{"@id":"https:\/\/sanluisinforma.com\/#website"},"primaryImageOfPage":{"@id":"https:\/\/sanluisinforma.com\/?p=10581#primaryimage"},"image":{"@id":"https:\/\/sanluisinforma.com\/?p=10581#primaryimage"},"thumbnailUrl":"https:\/\/sanluisinforma.com\/wp-content\/uploads\/2025\/02\/eba21a64-4de9-4962-843d-ab88e80bc8c0.jpg","datePublished":"2025-02-23T06:50:00+00:00","dateModified":"2025-02-23T05:32:17+00:00","breadcrumb":{"@id":"https:\/\/sanluisinforma.com\/?p=10581#breadcrumb"},"inLanguage":"es","potentialAction":[{"@type":"ReadAction","target":["https:\/\/sanluisinforma.com\/?p=10581"]}]},{"@type":"ImageObject","inLanguage":"es","@id":"https:\/\/sanluisinforma.com\/?p=10581#primaryimage","url":"https:\/\/sanluisinforma.com\/wp-content\/uploads\/2025\/02\/eba21a64-4de9-4962-843d-ab88e80bc8c0.jpg","contentUrl":"https:\/\/sanluisinforma.com\/wp-content\/uploads\/2025\/02\/eba21a64-4de9-4962-843d-ab88e80bc8c0.jpg","width":480,"height":319},{"@type":"BreadcrumbList","@id":"https:\/\/sanluisinforma.com\/?p=10581#breadcrumb","itemListElement":[{"@type":"ListItem","position":1,"name":"Inicio","item":"https:\/\/sanluisinforma.com\/"},{"@type":"ListItem","position":2,"name":"San Luis Capital se rinde al ritmo de \u00d3scar D\u2019Le\u00f3n en una noche de baile y sabor"}]},{"@type":"WebSite","@id":"https:\/\/sanluisinforma.com\/#website","url":"https:\/\/sanluisinforma.com\/","name":"sanluisinforma.com","description":"Periodico San Luis Informa","publisher":{"@id":"https:\/\/sanluisinforma.com\/#organization"},"potentialAction":[{"@type":"SearchAction","target":{"@type":"EntryPoint","urlTemplate":"https:\/\/sanluisinforma.com\/?s={search_term_string}"},"query-input":{"@type":"PropertyValueSpecification","valueRequired":true,"valueName":"search_term_string"}}],"inLanguage":"es"},{"@type":"Organization","@id":"https:\/\/sanluisinforma.com\/#organization","name":"sanluisinforma.com","url":"https:\/\/sanluisinforma.com\/","logo":{"@type":"ImageObject","inLanguage":"es","@id":"https:\/\/sanluisinforma.com\/#\/schema\/logo\/image\/","url":"https:\/\/sanluisinforma.com\/wp-content\/uploads\/2026\/03\/sanluisinforma-V.jpg","contentUrl":"https:\/\/sanluisinforma.com\/wp-content\/uploads\/2026\/03\/sanluisinforma-V.jpg","width":500,"height":156,"caption":"sanluisinforma.com"},"image":{"@id":"https:\/\/sanluisinforma.com\/#\/schema\/logo\/image\/"}},{"@type":"Person","@id":"https:\/\/sanluisinforma.com\/#\/schema\/person\/c30648f71476be533b6f59d092905c8b","name":"sanluisinforma.com","image":{"@type":"ImageObject","inLanguage":"es","@id":"https:\/\/sanluisinforma.com\/#\/schema\/person\/image\/","url":"https:\/\/secure.gravatar.com\/avatar\/86e3114e34a1eecefb963e0a02f0093f93b092dddb2fe1517596343751081a87?s=96&d=mm&r=g","contentUrl":"https:\/\/secure.gravatar.com\/avatar\/86e3114e34a1eecefb963e0a02f0093f93b092dddb2fe1517596343751081a87?s=96&d=mm&r=g","caption":"sanluisinforma.com"},"url":"https:\/\/sanluisinforma.com\/?author=2"}]}},"_links":{"self":[{"href":"https:\/\/sanluisinforma.com\/index.php?rest_route=\/wp\/v2\/posts\/10581","targetHints":{"allow":["GET"]}}],"collection":[{"href":"https:\/\/sanluisinforma.com\/index.php?rest_route=\/wp\/v2\/posts"}],"about":[{"href":"https:\/\/sanluisinforma.com\/index.php?rest_route=\/wp\/v2\/types\/post"}],"author":[{"embeddable":true,"href":"https:\/\/sanluisinforma.com\/index.php?rest_route=\/wp\/v2\/users\/2"}],"replies":[{"embeddable":true,"href":"https:\/\/sanluisinforma.com\/index.php?rest_route=%2Fwp%2Fv2%2Fcomments&post=10581"}],"version-history":[{"count":1,"href":"https:\/\/sanluisinforma.com\/index.php?rest_route=\/wp\/v2\/posts\/10581\/revisions"}],"predecessor-version":[{"id":10582,"href":"https:\/\/sanluisinforma.com\/index.php?rest_route=\/wp\/v2\/posts\/10581\/revisions\/10582"}],"wp:featuredmedia":[{"embeddable":true,"href":"https:\/\/sanluisinforma.com\/index.php?rest_route=\/wp\/v2\/media\/10584"}],"wp:attachment":[{"href":"https:\/\/sanluisinforma.com\/index.php?rest_route=%2Fwp%2Fv2%2Fmedia&parent=10581"}],"wp:term":[{"taxonomy":"category","embeddable":true,"href":"https:\/\/sanluisinforma.com\/index.php?rest_route=%2Fwp%2Fv2%2Fcategories&post=10581"},{"taxonomy":"post_tag","embeddable":true,"href":"https:\/\/sanluisinforma.com\/index.php?rest_route=%2Fwp%2Fv2%2Ftags&post=10581"}],"curies":[{"name":"wp","href":"https:\/\/api.w.org\/{rel}","templated":true}]}}