{"id":10592,"date":"2025-02-23T00:58:00","date_gmt":"2025-02-23T06:58:00","guid":{"rendered":"https:\/\/sanluisinforma.com\/?p=10592"},"modified":"2025-02-22T23:47:49","modified_gmt":"2025-02-23T05:47:49","slug":"ricardo-gallardo-anuncia-pavimentacion-de-mas-de-calles-en-pozos","status":"publish","type":"post","link":"https:\/\/sanluisinforma.com\/?p=10592","title":{"rendered":"Ricardo Gallardo anuncia pavimentaci\u00f3n de m\u00e1s de calles en Pozos"},"content":{"rendered":"\n<p><\/p>\n\n\n\n<p>El Gobernador dijo que las y los poce\u00f1os tendr\u00e1n calles dignas, m\u00e1s seguras, iluminadas y modernas<\/p>\n\n\n\n<p>Las y los habitantes de Villa de Pozos, acceder\u00e1n a la modernidad con la pavimentaci\u00f3n de m\u00e1s calles que mejorar\u00e1n la imagen de sus colonias, brindar\u00e1n mayor seguridad y dinamizar\u00e1n la movilidad luego de d\u00e9cadas de abandono por parte de la herencia maldita.<\/p>\n\n\n\n<p>As\u00ed lo inform\u00f3 el Gobernador de San Luis Potos\u00ed Ricardo Gallardo Cardona, tras acudir al arranque de la pavimentaci\u00f3n de la avenida Molino Rojo en la colonia San Xavier, quien anunci\u00f3 que una vez concluida la obra ser\u00e1n pavimentadas 10 calles m\u00e1s, \u201cestamos contentos de poder transformar Pozos, por cuarenta a\u00f1os mantuvieron las calles en mal estado, pero hoy las y los poce\u00f1os tienen nuestro apoyo\u201d.<\/p>\n\n\n\n<p>El Gobernador dijo que las y los habitantes de esta colonia que hoy cuentan con calles sin pavimentar, tendr\u00e1n una v\u00eda digna, iluminada, segura y \u00e1gil que, adem\u00e1s de dinamizar los traslados, incrementar\u00e1 la plusval\u00eda de las propiedades.<\/p>\n\n\n\n<p>Finalmente, Gallardo Cardona agreg\u00f3 que, adem\u00e1s de la renovaci\u00f3n de las 10 calles colindantes con la avenida a la Libertad en Villa de Pozos, priorizar\u00e1n el recate de calles en colonias de la capital como Arbolitos, Sim\u00f3n D\u00edaz y Sat\u00e9lite, con obras que les permitan a las familias potosinas mejorar su calidad de vida.<\/p>\n","protected":false},"excerpt":{"rendered":"<p>El Gobernador dijo que las y los poce\u00f1os tendr\u00e1n calles dignas, m\u00e1s seguras, iluminadas y modernas Las y los habitantes<\/p>\n","protected":false},"author":2,"featured_media":10593,"comment_status":"closed","ping_status":"closed","sticky":false,"template":"","format":"standard","meta":{"footnotes":""},"categories":[25,30],"tags":[],"class_list":["post-10592","post","type-post","status-publish","format-standard","has-post-thumbnail","hentry","category-local","category-portada"],"yoast_head":"<!-- This site is optimized with the Yoast SEO plugin v24.1 - https:\/\/yoast.com\/wordpress\/plugins\/seo\/ -->\n<title>Ricardo Gallardo anuncia pavimentaci\u00f3n de m\u00e1s de calles en Pozos - sanluisinforma.com<\/title>\n<meta name=\"robots\" content=\"index, follow, max-snippet:-1, max-image-preview:large, max-video-preview:-1\" \/>\n<link rel=\"canonical\" href=\"https:\/\/sanluisinforma.com\/?p=10592\" \/>\n<meta property=\"og:locale\" content=\"es_MX\" \/>\n<meta property=\"og:type\" content=\"article\" \/>\n<meta property=\"og:title\" content=\"Ricardo Gallardo anuncia pavimentaci\u00f3n de m\u00e1s de calles en Pozos - sanluisinforma.com\" \/>\n<meta property=\"og:description\" content=\"El Gobernador dijo que las y los poce\u00f1os tendr\u00e1n calles dignas, m\u00e1s seguras, iluminadas y modernas Las y los habitantes\" \/>\n<meta property=\"og:url\" content=\"https:\/\/sanluisinforma.com\/?p=10592\" \/>\n<meta property=\"og:site_name\" content=\"sanluisinforma.com\" \/>\n<meta property=\"article:published_time\" content=\"2025-02-23T06:58:00+00:00\" \/>\n<meta property=\"article:modified_time\" content=\"2025-02-23T05:47:49+00:00\" \/>\n<meta property=\"og:image\" content=\"https:\/\/sanluisinforma.com\/wp-content\/uploads\/2025\/02\/7f6e9056-4a40-4ef1-a848-fd956b16a53e.jpg\" \/>\n\t<meta property=\"og:image:width\" content=\"480\" \/>\n\t<meta property=\"og:image:height\" content=\"320\" \/>\n\t<meta property=\"og:image:type\" content=\"image\/jpeg\" \/>\n<meta name=\"author\" content=\"sanluisinforma.com\" \/>\n<meta name=\"twitter:card\" content=\"summary_large_image\" \/>\n<meta name=\"twitter:label1\" content=\"Escrito por\" \/>\n\t<meta name=\"twitter:data1\" content=\"sanluisinforma.com\" \/>\n\t<meta name=\"twitter:label2\" content=\"Tiempo de lectura\" \/>\n\t<meta name=\"twitter:data2\" content=\"2 minutos\" \/>\n<script type=\"application\/ld+json\" class=\"yoast-schema-graph\">{\"@context\":\"https:\/\/schema.org\",\"@graph\":[{\"@type\":\"Article\",\"@id\":\"https:\/\/sanluisinforma.com\/?p=10592#article\",\"isPartOf\":{\"@id\":\"https:\/\/sanluisinforma.com\/?p=10592\"},\"author\":{\"name\":\"sanluisinforma.com\",\"@id\":\"https:\/\/sanluisinforma.com\/#\/schema\/person\/c30648f71476be533b6f59d092905c8b\"},\"headline\":\"Ricardo Gallardo anuncia pavimentaci\u00f3n de m\u00e1s de calles en Pozos\",\"datePublished\":\"2025-02-23T06:58:00+00:00\",\"dateModified\":\"2025-02-23T05:47:49+00:00\",\"mainEntityOfPage\":{\"@id\":\"https:\/\/sanluisinforma.com\/?p=10592\"},\"wordCount\":252,\"publisher\":{\"@id\":\"https:\/\/sanluisinforma.com\/#organization\"},\"image\":{\"@id\":\"https:\/\/sanluisinforma.com\/?p=10592#primaryimage\"},\"thumbnailUrl\":\"https:\/\/sanluisinforma.com\/wp-content\/uploads\/2025\/02\/7f6e9056-4a40-4ef1-a848-fd956b16a53e.jpg\",\"articleSection\":[\"Local\",\"Portada\"],\"inLanguage\":\"es\"},{\"@type\":\"WebPage\",\"@id\":\"https:\/\/sanluisinforma.com\/?p=10592\",\"url\":\"https:\/\/sanluisinforma.com\/?p=10592\",\"name\":\"Ricardo Gallardo anuncia pavimentaci\u00f3n de m\u00e1s de calles en Pozos - sanluisinforma.com\",\"isPartOf\":{\"@id\":\"https:\/\/sanluisinforma.com\/#website\"},\"primaryImageOfPage\":{\"@id\":\"https:\/\/sanluisinforma.com\/?p=10592#primaryimage\"},\"image\":{\"@id\":\"https:\/\/sanluisinforma.com\/?p=10592#primaryimage\"},\"thumbnailUrl\":\"https:\/\/sanluisinforma.com\/wp-content\/uploads\/2025\/02\/7f6e9056-4a40-4ef1-a848-fd956b16a53e.jpg\",\"datePublished\":\"2025-02-23T06:58:00+00:00\",\"dateModified\":\"2025-02-23T05:47:49+00:00\",\"breadcrumb\":{\"@id\":\"https:\/\/sanluisinforma.com\/?p=10592#breadcrumb\"},\"inLanguage\":\"es\",\"potentialAction\":[{\"@type\":\"ReadAction\",\"target\":[\"https:\/\/sanluisinforma.com\/?p=10592\"]}]},{\"@type\":\"ImageObject\",\"inLanguage\":\"es\",\"@id\":\"https:\/\/sanluisinforma.com\/?p=10592#primaryimage\",\"url\":\"https:\/\/sanluisinforma.com\/wp-content\/uploads\/2025\/02\/7f6e9056-4a40-4ef1-a848-fd956b16a53e.jpg\",\"contentUrl\":\"https:\/\/sanluisinforma.com\/wp-content\/uploads\/2025\/02\/7f6e9056-4a40-4ef1-a848-fd956b16a53e.jpg\",\"width\":480,\"height\":320},{\"@type\":\"BreadcrumbList\",\"@id\":\"https:\/\/sanluisinforma.com\/?p=10592#breadcrumb\",\"itemListElement\":[{\"@type\":\"ListItem\",\"position\":1,\"name\":\"Inicio\",\"item\":\"https:\/\/sanluisinforma.com\/\"},{\"@type\":\"ListItem\",\"position\":2,\"name\":\"Ricardo Gallardo anuncia pavimentaci\u00f3n de m\u00e1s de calles en Pozos\"}]},{\"@type\":\"WebSite\",\"@id\":\"https:\/\/sanluisinforma.com\/#website\",\"url\":\"https:\/\/sanluisinforma.com\/\",\"name\":\"sanluisinforma.com\",\"description\":\"Periodico San Luis Informa\",\"publisher\":{\"@id\":\"https:\/\/sanluisinforma.com\/#organization\"},\"potentialAction\":[{\"@type\":\"SearchAction\",\"target\":{\"@type\":\"EntryPoint\",\"urlTemplate\":\"https:\/\/sanluisinforma.com\/?s={search_term_string}\"},\"query-input\":{\"@type\":\"PropertyValueSpecification\",\"valueRequired\":true,\"valueName\":\"search_term_string\"}}],\"inLanguage\":\"es\"},{\"@type\":\"Organization\",\"@id\":\"https:\/\/sanluisinforma.com\/#organization\",\"name\":\"sanluisinforma.com\",\"url\":\"https:\/\/sanluisinforma.com\/\",\"logo\":{\"@type\":\"ImageObject\",\"inLanguage\":\"es\",\"@id\":\"https:\/\/sanluisinforma.com\/#\/schema\/logo\/image\/\",\"url\":\"https:\/\/sanluisinforma.com\/wp-content\/uploads\/2026\/03\/sanluisinforma-V.jpg\",\"contentUrl\":\"https:\/\/sanluisinforma.com\/wp-content\/uploads\/2026\/03\/sanluisinforma-V.jpg\",\"width\":500,\"height\":156,\"caption\":\"sanluisinforma.com\"},\"image\":{\"@id\":\"https:\/\/sanluisinforma.com\/#\/schema\/logo\/image\/\"}},{\"@type\":\"Person\",\"@id\":\"https:\/\/sanluisinforma.com\/#\/schema\/person\/c30648f71476be533b6f59d092905c8b\",\"name\":\"sanluisinforma.com\",\"image\":{\"@type\":\"ImageObject\",\"inLanguage\":\"es\",\"@id\":\"https:\/\/sanluisinforma.com\/#\/schema\/person\/image\/\",\"url\":\"https:\/\/secure.gravatar.com\/avatar\/86e3114e34a1eecefb963e0a02f0093f93b092dddb2fe1517596343751081a87?s=96&d=mm&r=g\",\"contentUrl\":\"https:\/\/secure.gravatar.com\/avatar\/86e3114e34a1eecefb963e0a02f0093f93b092dddb2fe1517596343751081a87?s=96&d=mm&r=g\",\"caption\":\"sanluisinforma.com\"},\"url\":\"https:\/\/sanluisinforma.com\/?author=2\"}]}<\/script>\n<!-- \/ Yoast SEO plugin. -->","yoast_head_json":{"title":"Ricardo Gallardo anuncia pavimentaci\u00f3n de m\u00e1s de calles en Pozos - sanluisinforma.com","robots":{"index":"index","follow":"follow","max-snippet":"max-snippet:-1","max-image-preview":"max-image-preview:large","max-video-preview":"max-video-preview:-1"},"canonical":"https:\/\/sanluisinforma.com\/?p=10592","og_locale":"es_MX","og_type":"article","og_title":"Ricardo Gallardo anuncia pavimentaci\u00f3n de m\u00e1s de calles en Pozos - sanluisinforma.com","og_description":"El Gobernador dijo que las y los poce\u00f1os tendr\u00e1n calles dignas, m\u00e1s seguras, iluminadas y modernas Las y los habitantes","og_url":"https:\/\/sanluisinforma.com\/?p=10592","og_site_name":"sanluisinforma.com","article_published_time":"2025-02-23T06:58:00+00:00","article_modified_time":"2025-02-23T05:47:49+00:00","og_image":[{"width":480,"height":320,"url":"https:\/\/sanluisinforma.com\/wp-content\/uploads\/2025\/02\/7f6e9056-4a40-4ef1-a848-fd956b16a53e.jpg","type":"image\/jpeg"}],"author":"sanluisinforma.com","twitter_card":"summary_large_image","twitter_misc":{"Escrito por":"sanluisinforma.com","Tiempo de lectura":"2 minutos"},"schema":{"@context":"https:\/\/schema.org","@graph":[{"@type":"Article","@id":"https:\/\/sanluisinforma.com\/?p=10592#article","isPartOf":{"@id":"https:\/\/sanluisinforma.com\/?p=10592"},"author":{"name":"sanluisinforma.com","@id":"https:\/\/sanluisinforma.com\/#\/schema\/person\/c30648f71476be533b6f59d092905c8b"},"headline":"Ricardo Gallardo anuncia pavimentaci\u00f3n de m\u00e1s de calles en Pozos","datePublished":"2025-02-23T06:58:00+00:00","dateModified":"2025-02-23T05:47:49+00:00","mainEntityOfPage":{"@id":"https:\/\/sanluisinforma.com\/?p=10592"},"wordCount":252,"publisher":{"@id":"https:\/\/sanluisinforma.com\/#organization"},"image":{"@id":"https:\/\/sanluisinforma.com\/?p=10592#primaryimage"},"thumbnailUrl":"https:\/\/sanluisinforma.com\/wp-content\/uploads\/2025\/02\/7f6e9056-4a40-4ef1-a848-fd956b16a53e.jpg","articleSection":["Local","Portada"],"inLanguage":"es"},{"@type":"WebPage","@id":"https:\/\/sanluisinforma.com\/?p=10592","url":"https:\/\/sanluisinforma.com\/?p=10592","name":"Ricardo Gallardo anuncia pavimentaci\u00f3n de m\u00e1s de calles en Pozos - sanluisinforma.com","isPartOf":{"@id":"https:\/\/sanluisinforma.com\/#website"},"primaryImageOfPage":{"@id":"https:\/\/sanluisinforma.com\/?p=10592#primaryimage"},"image":{"@id":"https:\/\/sanluisinforma.com\/?p=10592#primaryimage"},"thumbnailUrl":"https:\/\/sanluisinforma.com\/wp-content\/uploads\/2025\/02\/7f6e9056-4a40-4ef1-a848-fd956b16a53e.jpg","datePublished":"2025-02-23T06:58:00+00:00","dateModified":"2025-02-23T05:47:49+00:00","breadcrumb":{"@id":"https:\/\/sanluisinforma.com\/?p=10592#breadcrumb"},"inLanguage":"es","potentialAction":[{"@type":"ReadAction","target":["https:\/\/sanluisinforma.com\/?p=10592"]}]},{"@type":"ImageObject","inLanguage":"es","@id":"https:\/\/sanluisinforma.com\/?p=10592#primaryimage","url":"https:\/\/sanluisinforma.com\/wp-content\/uploads\/2025\/02\/7f6e9056-4a40-4ef1-a848-fd956b16a53e.jpg","contentUrl":"https:\/\/sanluisinforma.com\/wp-content\/uploads\/2025\/02\/7f6e9056-4a40-4ef1-a848-fd956b16a53e.jpg","width":480,"height":320},{"@type":"BreadcrumbList","@id":"https:\/\/sanluisinforma.com\/?p=10592#breadcrumb","itemListElement":[{"@type":"ListItem","position":1,"name":"Inicio","item":"https:\/\/sanluisinforma.com\/"},{"@type":"ListItem","position":2,"name":"Ricardo Gallardo anuncia pavimentaci\u00f3n de m\u00e1s de calles en Pozos"}]},{"@type":"WebSite","@id":"https:\/\/sanluisinforma.com\/#website","url":"https:\/\/sanluisinforma.com\/","name":"sanluisinforma.com","description":"Periodico San Luis Informa","publisher":{"@id":"https:\/\/sanluisinforma.com\/#organization"},"potentialAction":[{"@type":"SearchAction","target":{"@type":"EntryPoint","urlTemplate":"https:\/\/sanluisinforma.com\/?s={search_term_string}"},"query-input":{"@type":"PropertyValueSpecification","valueRequired":true,"valueName":"search_term_string"}}],"inLanguage":"es"},{"@type":"Organization","@id":"https:\/\/sanluisinforma.com\/#organization","name":"sanluisinforma.com","url":"https:\/\/sanluisinforma.com\/","logo":{"@type":"ImageObject","inLanguage":"es","@id":"https:\/\/sanluisinforma.com\/#\/schema\/logo\/image\/","url":"https:\/\/sanluisinforma.com\/wp-content\/uploads\/2026\/03\/sanluisinforma-V.jpg","contentUrl":"https:\/\/sanluisinforma.com\/wp-content\/uploads\/2026\/03\/sanluisinforma-V.jpg","width":500,"height":156,"caption":"sanluisinforma.com"},"image":{"@id":"https:\/\/sanluisinforma.com\/#\/schema\/logo\/image\/"}},{"@type":"Person","@id":"https:\/\/sanluisinforma.com\/#\/schema\/person\/c30648f71476be533b6f59d092905c8b","name":"sanluisinforma.com","image":{"@type":"ImageObject","inLanguage":"es","@id":"https:\/\/sanluisinforma.com\/#\/schema\/person\/image\/","url":"https:\/\/secure.gravatar.com\/avatar\/86e3114e34a1eecefb963e0a02f0093f93b092dddb2fe1517596343751081a87?s=96&d=mm&r=g","contentUrl":"https:\/\/secure.gravatar.com\/avatar\/86e3114e34a1eecefb963e0a02f0093f93b092dddb2fe1517596343751081a87?s=96&d=mm&r=g","caption":"sanluisinforma.com"},"url":"https:\/\/sanluisinforma.com\/?author=2"}]}},"_links":{"self":[{"href":"https:\/\/sanluisinforma.com\/index.php?rest_route=\/wp\/v2\/posts\/10592","targetHints":{"allow":["GET"]}}],"collection":[{"href":"https:\/\/sanluisinforma.com\/index.php?rest_route=\/wp\/v2\/posts"}],"about":[{"href":"https:\/\/sanluisinforma.com\/index.php?rest_route=\/wp\/v2\/types\/post"}],"author":[{"embeddable":true,"href":"https:\/\/sanluisinforma.com\/index.php?rest_route=\/wp\/v2\/users\/2"}],"replies":[{"embeddable":true,"href":"https:\/\/sanluisinforma.com\/index.php?rest_route=%2Fwp%2Fv2%2Fcomments&post=10592"}],"version-history":[{"count":1,"href":"https:\/\/sanluisinforma.com\/index.php?rest_route=\/wp\/v2\/posts\/10592\/revisions"}],"predecessor-version":[{"id":10594,"href":"https:\/\/sanluisinforma.com\/index.php?rest_route=\/wp\/v2\/posts\/10592\/revisions\/10594"}],"wp:featuredmedia":[{"embeddable":true,"href":"https:\/\/sanluisinforma.com\/index.php?rest_route=\/wp\/v2\/media\/10593"}],"wp:attachment":[{"href":"https:\/\/sanluisinforma.com\/index.php?rest_route=%2Fwp%2Fv2%2Fmedia&parent=10592"}],"wp:term":[{"taxonomy":"category","embeddable":true,"href":"https:\/\/sanluisinforma.com\/index.php?rest_route=%2Fwp%2Fv2%2Fcategories&post=10592"},{"taxonomy":"post_tag","embeddable":true,"href":"https:\/\/sanluisinforma.com\/index.php?rest_route=%2Fwp%2Fv2%2Ftags&post=10592"}],"curies":[{"name":"wp","href":"https:\/\/api.w.org\/{rel}","templated":true}]}}