{"id":10595,"date":"2025-02-23T00:55:00","date_gmt":"2025-02-23T06:55:00","guid":{"rendered":"https:\/\/sanluisinforma.com\/?p=10595"},"modified":"2025-02-22T23:53:45","modified_gmt":"2025-02-23T05:53:45","slug":"el-estado-brinda-mas-apoyo-a-adolecentes-con-acciones-de-prevencion","status":"publish","type":"post","link":"https:\/\/sanluisinforma.com\/?p=10595","title":{"rendered":"El Estado brinda m\u00e1s apoyo a Adolecentes con Acciones de Prevenci\u00f3n"},"content":{"rendered":"\n<p><\/p>\n\n\n\n<p>* La Coordinaci\u00f3n Especializada en Justicia Penal para Adolescentes promueve programa de concientizaci\u00f3n en escuelas del nivel b\u00e1sico<\/p>\n\n\n\n<p>La Secretar\u00eda de Seguridad y Protecci\u00f3n Ciudadana del Estado (SSPCE), acerca m\u00e1s apoyo a las y los j\u00f3venes a trav\u00e9s de talleres y conferencias en instituciones educativas de nivel b\u00e1sico, para brindar informaci\u00f3n en prevenci\u00f3n y evitar que sean v\u00edctimas de delito y alejarlos de las adicciones y la delincuencia.<\/p>\n\n\n\n<p>En cumplimiento a la instrucci\u00f3n del Gobernador Ricardo Gallardo Cardona, de brindar m\u00e1s apoyo en protecci\u00f3n a las y los j\u00f3venes, la Coordinaci\u00f3n Especializada de Justicia Penal para Adolescentes, acerc\u00f3 estas pl\u00e1ticas a la escuela secundaria T\u00e9cnica 35, que promueven su desarrollo integral y brindan ayuda a las y los alumnos que as\u00ed lo necesitan, dando seguimiento a sus respectivos casos.<\/p>\n\n\n\n<p>A trav\u00e9s de este tipo de actividades la SSPCE cumple con los acuerdos realizados en cumplimiento con la estrategia nacional de seguridad de dar atenci\u00f3n a las causas que generan la violencia como un m\u00e9todo para que las futuras generaciones se desarrollen, con una nueva visi\u00f3n de la vida y en un entorno seguro y libre de violencia y adicciones.<\/p>\n","protected":false},"excerpt":{"rendered":"<p>* La Coordinaci\u00f3n Especializada en Justicia Penal para Adolescentes promueve programa de concientizaci\u00f3n en escuelas del nivel b\u00e1sico La Secretar\u00eda<\/p>\n","protected":false},"author":2,"featured_media":10596,"comment_status":"closed","ping_status":"closed","sticky":false,"template":"","format":"standard","meta":{"footnotes":""},"categories":[25,30],"tags":[],"class_list":["post-10595","post","type-post","status-publish","format-standard","has-post-thumbnail","hentry","category-local","category-portada"],"yoast_head":"<!-- This site is optimized with the Yoast SEO plugin v24.1 - https:\/\/yoast.com\/wordpress\/plugins\/seo\/ -->\n<title>El Estado brinda m\u00e1s apoyo a Adolecentes con Acciones de Prevenci\u00f3n - sanluisinforma.com<\/title>\n<meta name=\"robots\" content=\"index, follow, max-snippet:-1, max-image-preview:large, max-video-preview:-1\" \/>\n<link rel=\"canonical\" href=\"https:\/\/sanluisinforma.com\/?p=10595\" \/>\n<meta property=\"og:locale\" content=\"es_MX\" \/>\n<meta property=\"og:type\" content=\"article\" \/>\n<meta property=\"og:title\" content=\"El Estado brinda m\u00e1s apoyo a Adolecentes con Acciones de Prevenci\u00f3n - sanluisinforma.com\" \/>\n<meta property=\"og:description\" content=\"* La Coordinaci\u00f3n Especializada en Justicia Penal para Adolescentes promueve programa de concientizaci\u00f3n en escuelas del nivel b\u00e1sico La Secretar\u00eda\" \/>\n<meta property=\"og:url\" content=\"https:\/\/sanluisinforma.com\/?p=10595\" \/>\n<meta property=\"og:site_name\" content=\"sanluisinforma.com\" \/>\n<meta property=\"article:published_time\" content=\"2025-02-23T06:55:00+00:00\" \/>\n<meta property=\"article:modified_time\" content=\"2025-02-23T05:53:45+00:00\" \/>\n<meta property=\"og:image\" content=\"https:\/\/sanluisinforma.com\/wp-content\/uploads\/2025\/02\/42434c11-4073-4859-a1a8-15460c18a818.jpg\" \/>\n\t<meta property=\"og:image:width\" content=\"480\" \/>\n\t<meta property=\"og:image:height\" content=\"319\" \/>\n\t<meta property=\"og:image:type\" content=\"image\/jpeg\" \/>\n<meta name=\"author\" content=\"sanluisinforma.com\" \/>\n<meta name=\"twitter:card\" content=\"summary_large_image\" \/>\n<meta name=\"twitter:label1\" content=\"Escrito por\" \/>\n\t<meta name=\"twitter:data1\" content=\"sanluisinforma.com\" \/>\n\t<meta name=\"twitter:label2\" content=\"Tiempo de lectura\" \/>\n\t<meta name=\"twitter:data2\" content=\"2 minutos\" \/>\n<script type=\"application\/ld+json\" class=\"yoast-schema-graph\">{\"@context\":\"https:\/\/schema.org\",\"@graph\":[{\"@type\":\"Article\",\"@id\":\"https:\/\/sanluisinforma.com\/?p=10595#article\",\"isPartOf\":{\"@id\":\"https:\/\/sanluisinforma.com\/?p=10595\"},\"author\":{\"name\":\"sanluisinforma.com\",\"@id\":\"https:\/\/sanluisinforma.com\/#\/schema\/person\/c30648f71476be533b6f59d092905c8b\"},\"headline\":\"El Estado brinda m\u00e1s apoyo a Adolecentes con Acciones de Prevenci\u00f3n\",\"datePublished\":\"2025-02-23T06:55:00+00:00\",\"dateModified\":\"2025-02-23T05:53:45+00:00\",\"mainEntityOfPage\":{\"@id\":\"https:\/\/sanluisinforma.com\/?p=10595\"},\"wordCount\":223,\"publisher\":{\"@id\":\"https:\/\/sanluisinforma.com\/#organization\"},\"image\":{\"@id\":\"https:\/\/sanluisinforma.com\/?p=10595#primaryimage\"},\"thumbnailUrl\":\"https:\/\/sanluisinforma.com\/wp-content\/uploads\/2025\/02\/42434c11-4073-4859-a1a8-15460c18a818.jpg\",\"articleSection\":[\"Local\",\"Portada\"],\"inLanguage\":\"es\"},{\"@type\":\"WebPage\",\"@id\":\"https:\/\/sanluisinforma.com\/?p=10595\",\"url\":\"https:\/\/sanluisinforma.com\/?p=10595\",\"name\":\"El Estado brinda m\u00e1s apoyo a Adolecentes con Acciones de Prevenci\u00f3n - sanluisinforma.com\",\"isPartOf\":{\"@id\":\"https:\/\/sanluisinforma.com\/#website\"},\"primaryImageOfPage\":{\"@id\":\"https:\/\/sanluisinforma.com\/?p=10595#primaryimage\"},\"image\":{\"@id\":\"https:\/\/sanluisinforma.com\/?p=10595#primaryimage\"},\"thumbnailUrl\":\"https:\/\/sanluisinforma.com\/wp-content\/uploads\/2025\/02\/42434c11-4073-4859-a1a8-15460c18a818.jpg\",\"datePublished\":\"2025-02-23T06:55:00+00:00\",\"dateModified\":\"2025-02-23T05:53:45+00:00\",\"breadcrumb\":{\"@id\":\"https:\/\/sanluisinforma.com\/?p=10595#breadcrumb\"},\"inLanguage\":\"es\",\"potentialAction\":[{\"@type\":\"ReadAction\",\"target\":[\"https:\/\/sanluisinforma.com\/?p=10595\"]}]},{\"@type\":\"ImageObject\",\"inLanguage\":\"es\",\"@id\":\"https:\/\/sanluisinforma.com\/?p=10595#primaryimage\",\"url\":\"https:\/\/sanluisinforma.com\/wp-content\/uploads\/2025\/02\/42434c11-4073-4859-a1a8-15460c18a818.jpg\",\"contentUrl\":\"https:\/\/sanluisinforma.com\/wp-content\/uploads\/2025\/02\/42434c11-4073-4859-a1a8-15460c18a818.jpg\",\"width\":480,\"height\":319},{\"@type\":\"BreadcrumbList\",\"@id\":\"https:\/\/sanluisinforma.com\/?p=10595#breadcrumb\",\"itemListElement\":[{\"@type\":\"ListItem\",\"position\":1,\"name\":\"Inicio\",\"item\":\"https:\/\/sanluisinforma.com\/\"},{\"@type\":\"ListItem\",\"position\":2,\"name\":\"El Estado brinda m\u00e1s apoyo a Adolecentes con Acciones de Prevenci\u00f3n\"}]},{\"@type\":\"WebSite\",\"@id\":\"https:\/\/sanluisinforma.com\/#website\",\"url\":\"https:\/\/sanluisinforma.com\/\",\"name\":\"sanluisinforma.com\",\"description\":\"Periodico San Luis Informa\",\"publisher\":{\"@id\":\"https:\/\/sanluisinforma.com\/#organization\"},\"potentialAction\":[{\"@type\":\"SearchAction\",\"target\":{\"@type\":\"EntryPoint\",\"urlTemplate\":\"https:\/\/sanluisinforma.com\/?s={search_term_string}\"},\"query-input\":{\"@type\":\"PropertyValueSpecification\",\"valueRequired\":true,\"valueName\":\"search_term_string\"}}],\"inLanguage\":\"es\"},{\"@type\":\"Organization\",\"@id\":\"https:\/\/sanluisinforma.com\/#organization\",\"name\":\"sanluisinforma.com\",\"url\":\"https:\/\/sanluisinforma.com\/\",\"logo\":{\"@type\":\"ImageObject\",\"inLanguage\":\"es\",\"@id\":\"https:\/\/sanluisinforma.com\/#\/schema\/logo\/image\/\",\"url\":\"https:\/\/sanluisinforma.com\/wp-content\/uploads\/2026\/03\/sanluisinforma-V.jpg\",\"contentUrl\":\"https:\/\/sanluisinforma.com\/wp-content\/uploads\/2026\/03\/sanluisinforma-V.jpg\",\"width\":500,\"height\":156,\"caption\":\"sanluisinforma.com\"},\"image\":{\"@id\":\"https:\/\/sanluisinforma.com\/#\/schema\/logo\/image\/\"}},{\"@type\":\"Person\",\"@id\":\"https:\/\/sanluisinforma.com\/#\/schema\/person\/c30648f71476be533b6f59d092905c8b\",\"name\":\"sanluisinforma.com\",\"image\":{\"@type\":\"ImageObject\",\"inLanguage\":\"es\",\"@id\":\"https:\/\/sanluisinforma.com\/#\/schema\/person\/image\/\",\"url\":\"https:\/\/secure.gravatar.com\/avatar\/86e3114e34a1eecefb963e0a02f0093f93b092dddb2fe1517596343751081a87?s=96&d=mm&r=g\",\"contentUrl\":\"https:\/\/secure.gravatar.com\/avatar\/86e3114e34a1eecefb963e0a02f0093f93b092dddb2fe1517596343751081a87?s=96&d=mm&r=g\",\"caption\":\"sanluisinforma.com\"},\"url\":\"https:\/\/sanluisinforma.com\/?author=2\"}]}<\/script>\n<!-- \/ Yoast SEO plugin. -->","yoast_head_json":{"title":"El Estado brinda m\u00e1s apoyo a Adolecentes con Acciones de Prevenci\u00f3n - sanluisinforma.com","robots":{"index":"index","follow":"follow","max-snippet":"max-snippet:-1","max-image-preview":"max-image-preview:large","max-video-preview":"max-video-preview:-1"},"canonical":"https:\/\/sanluisinforma.com\/?p=10595","og_locale":"es_MX","og_type":"article","og_title":"El Estado brinda m\u00e1s apoyo a Adolecentes con Acciones de Prevenci\u00f3n - sanluisinforma.com","og_description":"* La Coordinaci\u00f3n Especializada en Justicia Penal para Adolescentes promueve programa de concientizaci\u00f3n en escuelas del nivel b\u00e1sico La Secretar\u00eda","og_url":"https:\/\/sanluisinforma.com\/?p=10595","og_site_name":"sanluisinforma.com","article_published_time":"2025-02-23T06:55:00+00:00","article_modified_time":"2025-02-23T05:53:45+00:00","og_image":[{"width":480,"height":319,"url":"https:\/\/sanluisinforma.com\/wp-content\/uploads\/2025\/02\/42434c11-4073-4859-a1a8-15460c18a818.jpg","type":"image\/jpeg"}],"author":"sanluisinforma.com","twitter_card":"summary_large_image","twitter_misc":{"Escrito por":"sanluisinforma.com","Tiempo de lectura":"2 minutos"},"schema":{"@context":"https:\/\/schema.org","@graph":[{"@type":"Article","@id":"https:\/\/sanluisinforma.com\/?p=10595#article","isPartOf":{"@id":"https:\/\/sanluisinforma.com\/?p=10595"},"author":{"name":"sanluisinforma.com","@id":"https:\/\/sanluisinforma.com\/#\/schema\/person\/c30648f71476be533b6f59d092905c8b"},"headline":"El Estado brinda m\u00e1s apoyo a Adolecentes con Acciones de Prevenci\u00f3n","datePublished":"2025-02-23T06:55:00+00:00","dateModified":"2025-02-23T05:53:45+00:00","mainEntityOfPage":{"@id":"https:\/\/sanluisinforma.com\/?p=10595"},"wordCount":223,"publisher":{"@id":"https:\/\/sanluisinforma.com\/#organization"},"image":{"@id":"https:\/\/sanluisinforma.com\/?p=10595#primaryimage"},"thumbnailUrl":"https:\/\/sanluisinforma.com\/wp-content\/uploads\/2025\/02\/42434c11-4073-4859-a1a8-15460c18a818.jpg","articleSection":["Local","Portada"],"inLanguage":"es"},{"@type":"WebPage","@id":"https:\/\/sanluisinforma.com\/?p=10595","url":"https:\/\/sanluisinforma.com\/?p=10595","name":"El Estado brinda m\u00e1s apoyo a Adolecentes con Acciones de Prevenci\u00f3n - sanluisinforma.com","isPartOf":{"@id":"https:\/\/sanluisinforma.com\/#website"},"primaryImageOfPage":{"@id":"https:\/\/sanluisinforma.com\/?p=10595#primaryimage"},"image":{"@id":"https:\/\/sanluisinforma.com\/?p=10595#primaryimage"},"thumbnailUrl":"https:\/\/sanluisinforma.com\/wp-content\/uploads\/2025\/02\/42434c11-4073-4859-a1a8-15460c18a818.jpg","datePublished":"2025-02-23T06:55:00+00:00","dateModified":"2025-02-23T05:53:45+00:00","breadcrumb":{"@id":"https:\/\/sanluisinforma.com\/?p=10595#breadcrumb"},"inLanguage":"es","potentialAction":[{"@type":"ReadAction","target":["https:\/\/sanluisinforma.com\/?p=10595"]}]},{"@type":"ImageObject","inLanguage":"es","@id":"https:\/\/sanluisinforma.com\/?p=10595#primaryimage","url":"https:\/\/sanluisinforma.com\/wp-content\/uploads\/2025\/02\/42434c11-4073-4859-a1a8-15460c18a818.jpg","contentUrl":"https:\/\/sanluisinforma.com\/wp-content\/uploads\/2025\/02\/42434c11-4073-4859-a1a8-15460c18a818.jpg","width":480,"height":319},{"@type":"BreadcrumbList","@id":"https:\/\/sanluisinforma.com\/?p=10595#breadcrumb","itemListElement":[{"@type":"ListItem","position":1,"name":"Inicio","item":"https:\/\/sanluisinforma.com\/"},{"@type":"ListItem","position":2,"name":"El Estado brinda m\u00e1s apoyo a Adolecentes con Acciones de Prevenci\u00f3n"}]},{"@type":"WebSite","@id":"https:\/\/sanluisinforma.com\/#website","url":"https:\/\/sanluisinforma.com\/","name":"sanluisinforma.com","description":"Periodico San Luis Informa","publisher":{"@id":"https:\/\/sanluisinforma.com\/#organization"},"potentialAction":[{"@type":"SearchAction","target":{"@type":"EntryPoint","urlTemplate":"https:\/\/sanluisinforma.com\/?s={search_term_string}"},"query-input":{"@type":"PropertyValueSpecification","valueRequired":true,"valueName":"search_term_string"}}],"inLanguage":"es"},{"@type":"Organization","@id":"https:\/\/sanluisinforma.com\/#organization","name":"sanluisinforma.com","url":"https:\/\/sanluisinforma.com\/","logo":{"@type":"ImageObject","inLanguage":"es","@id":"https:\/\/sanluisinforma.com\/#\/schema\/logo\/image\/","url":"https:\/\/sanluisinforma.com\/wp-content\/uploads\/2026\/03\/sanluisinforma-V.jpg","contentUrl":"https:\/\/sanluisinforma.com\/wp-content\/uploads\/2026\/03\/sanluisinforma-V.jpg","width":500,"height":156,"caption":"sanluisinforma.com"},"image":{"@id":"https:\/\/sanluisinforma.com\/#\/schema\/logo\/image\/"}},{"@type":"Person","@id":"https:\/\/sanluisinforma.com\/#\/schema\/person\/c30648f71476be533b6f59d092905c8b","name":"sanluisinforma.com","image":{"@type":"ImageObject","inLanguage":"es","@id":"https:\/\/sanluisinforma.com\/#\/schema\/person\/image\/","url":"https:\/\/secure.gravatar.com\/avatar\/86e3114e34a1eecefb963e0a02f0093f93b092dddb2fe1517596343751081a87?s=96&d=mm&r=g","contentUrl":"https:\/\/secure.gravatar.com\/avatar\/86e3114e34a1eecefb963e0a02f0093f93b092dddb2fe1517596343751081a87?s=96&d=mm&r=g","caption":"sanluisinforma.com"},"url":"https:\/\/sanluisinforma.com\/?author=2"}]}},"_links":{"self":[{"href":"https:\/\/sanluisinforma.com\/index.php?rest_route=\/wp\/v2\/posts\/10595","targetHints":{"allow":["GET"]}}],"collection":[{"href":"https:\/\/sanluisinforma.com\/index.php?rest_route=\/wp\/v2\/posts"}],"about":[{"href":"https:\/\/sanluisinforma.com\/index.php?rest_route=\/wp\/v2\/types\/post"}],"author":[{"embeddable":true,"href":"https:\/\/sanluisinforma.com\/index.php?rest_route=\/wp\/v2\/users\/2"}],"replies":[{"embeddable":true,"href":"https:\/\/sanluisinforma.com\/index.php?rest_route=%2Fwp%2Fv2%2Fcomments&post=10595"}],"version-history":[{"count":1,"href":"https:\/\/sanluisinforma.com\/index.php?rest_route=\/wp\/v2\/posts\/10595\/revisions"}],"predecessor-version":[{"id":10597,"href":"https:\/\/sanluisinforma.com\/index.php?rest_route=\/wp\/v2\/posts\/10595\/revisions\/10597"}],"wp:featuredmedia":[{"embeddable":true,"href":"https:\/\/sanluisinforma.com\/index.php?rest_route=\/wp\/v2\/media\/10596"}],"wp:attachment":[{"href":"https:\/\/sanluisinforma.com\/index.php?rest_route=%2Fwp%2Fv2%2Fmedia&parent=10595"}],"wp:term":[{"taxonomy":"category","embeddable":true,"href":"https:\/\/sanluisinforma.com\/index.php?rest_route=%2Fwp%2Fv2%2Fcategories&post=10595"},{"taxonomy":"post_tag","embeddable":true,"href":"https:\/\/sanluisinforma.com\/index.php?rest_route=%2Fwp%2Fv2%2Ftags&post=10595"}],"curies":[{"name":"wp","href":"https:\/\/api.w.org\/{rel}","templated":true}]}}