{"id":10598,"date":"2025-02-24T00:50:00","date_gmt":"2025-02-24T06:50:00","guid":{"rendered":"https:\/\/sanluisinforma.com\/?p=10598"},"modified":"2025-02-23T19:57:36","modified_gmt":"2025-02-24T01:57:36","slug":"impulso-ecoturistico-a-la-canada-del-lobo-anuncia-el-alcalde-enrique-galindo","status":"publish","type":"post","link":"https:\/\/sanluisinforma.com\/?p=10598","title":{"rendered":"Impulso ecotur\u00edstico a la Ca\u00f1ada del Lobo, anuncia el Alcalde Enrique Galindo"},"content":{"rendered":"\n<ul class=\"wp-block-list\">\n<li>Durante el Domingo de Pilas, el Gobierno de la Capital realiz\u00f3 acciones de limpieza, pintura y remozamiento para revitalizar la Ca\u00f1ada del Lobo, como parte de su rescate y conservaci\u00f3n, realizada durante el programa Capital al 100.<\/li>\n<\/ul>\n\n\n\n<p><\/p>\n\n\n\n<p>En el Domingo de Pilas n\u00famero 167, el Alcalde Enrique Galindo Ceballos regres\u00f3 a la Ca\u00f1ada del Lobo para continuar con los trabajos de limpieza y mantenimiento, reafirmando su compromiso de rescatar este emblem\u00e1tico espacio natural para las familias potosinas.Durante la jornada, el Presidente Municipal anunci\u00f3 el arranque de un proyecto ecotur\u00edstico que permitir\u00e1 convertir la Ca\u00f1ada del Lobo en un espacio limpio, seguro y adecuado para la convivencia y el esparcimiento.<\/p>\n\n\n\n<p>Explic\u00f3 que este plan se desarrollar\u00e1 en conjunto con las Direcciones de Turismo y Deporte, con el objetivo de impulsar el turismo deportivo y aprovechar el potencial natural de la zona. Esto dar\u00e1 un impulso a la econom\u00eda de las familias de la zona. Durante este Domingo de Pilas, trabajadores del Gobierno de la Capital realizaron acciones de recuperaci\u00f3n del espacio social, con remozamiento y pintura, entre otras labores de rescate.<\/p>\n\n\n\n<p>El Presidente Municipal Enrique Galindo Ceballos record\u00f3 que su administraci\u00f3n es la primera en apostar decididamente por la recuperaci\u00f3n de este pulm\u00f3n verde, sumando esfuerzos para su conservaci\u00f3n y mantenimiento. Como muestra de este compromiso, destac\u00f3 las recientes pavimentaciones en Tierra Blanca, que mejoran la conectividad con la Ca\u00f1ada del Lobo y facilitan el acceso de visitantes.<\/p>\n\n\n\n<p>El Alcalde subray\u00f3 que con acciones concretas y el trabajo en equipo, su gobierno sigue transformando la ciudad a trav\u00e9s del programa <em>Capital al 100<\/em>. \u201cNo solo limpiamos y rehabilitamos; estamos creando una nueva historia para la Ca\u00f1ada del Lobo, un espacio digno de amar y disfrutar\u201d, concluy\u00f3.<\/p>\n","protected":false},"excerpt":{"rendered":"<p>En el Domingo de Pilas n\u00famero 167, el Alcalde Enrique Galindo Ceballos regres\u00f3 a la Ca\u00f1ada del Lobo para continuar<\/p>\n","protected":false},"author":2,"featured_media":10599,"comment_status":"closed","ping_status":"closed","sticky":false,"template":"","format":"standard","meta":{"footnotes":""},"categories":[25,30],"tags":[],"class_list":["post-10598","post","type-post","status-publish","format-standard","has-post-thumbnail","hentry","category-local","category-portada"],"yoast_head":"<!-- This site is optimized with the Yoast SEO plugin v24.1 - https:\/\/yoast.com\/wordpress\/plugins\/seo\/ -->\n<title>Impulso ecotur\u00edstico a la Ca\u00f1ada del Lobo, anuncia el Alcalde Enrique Galindo - sanluisinforma.com<\/title>\n<meta name=\"robots\" content=\"index, follow, max-snippet:-1, max-image-preview:large, max-video-preview:-1\" \/>\n<link rel=\"canonical\" href=\"https:\/\/sanluisinforma.com\/?p=10598\" \/>\n<meta property=\"og:locale\" content=\"es_MX\" \/>\n<meta property=\"og:type\" content=\"article\" \/>\n<meta property=\"og:title\" content=\"Impulso ecotur\u00edstico a la Ca\u00f1ada del Lobo, anuncia el Alcalde Enrique Galindo - sanluisinforma.com\" \/>\n<meta property=\"og:description\" content=\"En el Domingo de Pilas n\u00famero 167, el Alcalde Enrique Galindo Ceballos regres\u00f3 a la Ca\u00f1ada del Lobo para continuar\" \/>\n<meta property=\"og:url\" content=\"https:\/\/sanluisinforma.com\/?p=10598\" \/>\n<meta property=\"og:site_name\" content=\"sanluisinforma.com\" \/>\n<meta property=\"article:published_time\" content=\"2025-02-24T06:50:00+00:00\" \/>\n<meta property=\"article:modified_time\" content=\"2025-02-24T01:57:36+00:00\" \/>\n<meta property=\"og:image\" content=\"https:\/\/sanluisinforma.com\/wp-content\/uploads\/2025\/02\/49dc4f75-d3b3-4e11-890e-4604ccdb590a.jpg\" \/>\n\t<meta property=\"og:image:width\" content=\"480\" \/>\n\t<meta property=\"og:image:height\" content=\"319\" \/>\n\t<meta property=\"og:image:type\" content=\"image\/jpeg\" \/>\n<meta name=\"author\" content=\"sanluisinforma.com\" \/>\n<meta name=\"twitter:card\" content=\"summary_large_image\" \/>\n<meta name=\"twitter:label1\" content=\"Escrito por\" \/>\n\t<meta name=\"twitter:data1\" content=\"sanluisinforma.com\" \/>\n\t<meta name=\"twitter:label2\" content=\"Tiempo de lectura\" \/>\n\t<meta name=\"twitter:data2\" content=\"2 minutos\" \/>\n<script type=\"application\/ld+json\" class=\"yoast-schema-graph\">{\"@context\":\"https:\/\/schema.org\",\"@graph\":[{\"@type\":\"Article\",\"@id\":\"https:\/\/sanluisinforma.com\/?p=10598#article\",\"isPartOf\":{\"@id\":\"https:\/\/sanluisinforma.com\/?p=10598\"},\"author\":{\"name\":\"sanluisinforma.com\",\"@id\":\"https:\/\/sanluisinforma.com\/#\/schema\/person\/c30648f71476be533b6f59d092905c8b\"},\"headline\":\"Impulso ecotur\u00edstico a la Ca\u00f1ada del Lobo, anuncia el Alcalde Enrique Galindo\",\"datePublished\":\"2025-02-24T06:50:00+00:00\",\"dateModified\":\"2025-02-24T01:57:36+00:00\",\"mainEntityOfPage\":{\"@id\":\"https:\/\/sanluisinforma.com\/?p=10598\"},\"wordCount\":313,\"publisher\":{\"@id\":\"https:\/\/sanluisinforma.com\/#organization\"},\"image\":{\"@id\":\"https:\/\/sanluisinforma.com\/?p=10598#primaryimage\"},\"thumbnailUrl\":\"https:\/\/sanluisinforma.com\/wp-content\/uploads\/2025\/02\/49dc4f75-d3b3-4e11-890e-4604ccdb590a.jpg\",\"articleSection\":[\"Local\",\"Portada\"],\"inLanguage\":\"es\"},{\"@type\":\"WebPage\",\"@id\":\"https:\/\/sanluisinforma.com\/?p=10598\",\"url\":\"https:\/\/sanluisinforma.com\/?p=10598\",\"name\":\"Impulso ecotur\u00edstico a la Ca\u00f1ada del Lobo, anuncia el Alcalde Enrique Galindo - sanluisinforma.com\",\"isPartOf\":{\"@id\":\"https:\/\/sanluisinforma.com\/#website\"},\"primaryImageOfPage\":{\"@id\":\"https:\/\/sanluisinforma.com\/?p=10598#primaryimage\"},\"image\":{\"@id\":\"https:\/\/sanluisinforma.com\/?p=10598#primaryimage\"},\"thumbnailUrl\":\"https:\/\/sanluisinforma.com\/wp-content\/uploads\/2025\/02\/49dc4f75-d3b3-4e11-890e-4604ccdb590a.jpg\",\"datePublished\":\"2025-02-24T06:50:00+00:00\",\"dateModified\":\"2025-02-24T01:57:36+00:00\",\"breadcrumb\":{\"@id\":\"https:\/\/sanluisinforma.com\/?p=10598#breadcrumb\"},\"inLanguage\":\"es\",\"potentialAction\":[{\"@type\":\"ReadAction\",\"target\":[\"https:\/\/sanluisinforma.com\/?p=10598\"]}]},{\"@type\":\"ImageObject\",\"inLanguage\":\"es\",\"@id\":\"https:\/\/sanluisinforma.com\/?p=10598#primaryimage\",\"url\":\"https:\/\/sanluisinforma.com\/wp-content\/uploads\/2025\/02\/49dc4f75-d3b3-4e11-890e-4604ccdb590a.jpg\",\"contentUrl\":\"https:\/\/sanluisinforma.com\/wp-content\/uploads\/2025\/02\/49dc4f75-d3b3-4e11-890e-4604ccdb590a.jpg\",\"width\":480,\"height\":319},{\"@type\":\"BreadcrumbList\",\"@id\":\"https:\/\/sanluisinforma.com\/?p=10598#breadcrumb\",\"itemListElement\":[{\"@type\":\"ListItem\",\"position\":1,\"name\":\"Inicio\",\"item\":\"https:\/\/sanluisinforma.com\/\"},{\"@type\":\"ListItem\",\"position\":2,\"name\":\"Impulso ecotur\u00edstico a la Ca\u00f1ada del Lobo, anuncia el Alcalde Enrique Galindo\"}]},{\"@type\":\"WebSite\",\"@id\":\"https:\/\/sanluisinforma.com\/#website\",\"url\":\"https:\/\/sanluisinforma.com\/\",\"name\":\"sanluisinforma.com\",\"description\":\"Periodico San Luis Informa\",\"publisher\":{\"@id\":\"https:\/\/sanluisinforma.com\/#organization\"},\"potentialAction\":[{\"@type\":\"SearchAction\",\"target\":{\"@type\":\"EntryPoint\",\"urlTemplate\":\"https:\/\/sanluisinforma.com\/?s={search_term_string}\"},\"query-input\":{\"@type\":\"PropertyValueSpecification\",\"valueRequired\":true,\"valueName\":\"search_term_string\"}}],\"inLanguage\":\"es\"},{\"@type\":\"Organization\",\"@id\":\"https:\/\/sanluisinforma.com\/#organization\",\"name\":\"sanluisinforma.com\",\"url\":\"https:\/\/sanluisinforma.com\/\",\"logo\":{\"@type\":\"ImageObject\",\"inLanguage\":\"es\",\"@id\":\"https:\/\/sanluisinforma.com\/#\/schema\/logo\/image\/\",\"url\":\"https:\/\/sanluisinforma.com\/wp-content\/uploads\/2026\/03\/sanluisinforma-V.jpg\",\"contentUrl\":\"https:\/\/sanluisinforma.com\/wp-content\/uploads\/2026\/03\/sanluisinforma-V.jpg\",\"width\":500,\"height\":156,\"caption\":\"sanluisinforma.com\"},\"image\":{\"@id\":\"https:\/\/sanluisinforma.com\/#\/schema\/logo\/image\/\"}},{\"@type\":\"Person\",\"@id\":\"https:\/\/sanluisinforma.com\/#\/schema\/person\/c30648f71476be533b6f59d092905c8b\",\"name\":\"sanluisinforma.com\",\"image\":{\"@type\":\"ImageObject\",\"inLanguage\":\"es\",\"@id\":\"https:\/\/sanluisinforma.com\/#\/schema\/person\/image\/\",\"url\":\"https:\/\/secure.gravatar.com\/avatar\/86e3114e34a1eecefb963e0a02f0093f93b092dddb2fe1517596343751081a87?s=96&d=mm&r=g\",\"contentUrl\":\"https:\/\/secure.gravatar.com\/avatar\/86e3114e34a1eecefb963e0a02f0093f93b092dddb2fe1517596343751081a87?s=96&d=mm&r=g\",\"caption\":\"sanluisinforma.com\"},\"url\":\"https:\/\/sanluisinforma.com\/?author=2\"}]}<\/script>\n<!-- \/ Yoast SEO plugin. -->","yoast_head_json":{"title":"Impulso ecotur\u00edstico a la Ca\u00f1ada del Lobo, anuncia el Alcalde Enrique Galindo - sanluisinforma.com","robots":{"index":"index","follow":"follow","max-snippet":"max-snippet:-1","max-image-preview":"max-image-preview:large","max-video-preview":"max-video-preview:-1"},"canonical":"https:\/\/sanluisinforma.com\/?p=10598","og_locale":"es_MX","og_type":"article","og_title":"Impulso ecotur\u00edstico a la Ca\u00f1ada del Lobo, anuncia el Alcalde Enrique Galindo - sanluisinforma.com","og_description":"En el Domingo de Pilas n\u00famero 167, el Alcalde Enrique Galindo Ceballos regres\u00f3 a la Ca\u00f1ada del Lobo para continuar","og_url":"https:\/\/sanluisinforma.com\/?p=10598","og_site_name":"sanluisinforma.com","article_published_time":"2025-02-24T06:50:00+00:00","article_modified_time":"2025-02-24T01:57:36+00:00","og_image":[{"width":480,"height":319,"url":"https:\/\/sanluisinforma.com\/wp-content\/uploads\/2025\/02\/49dc4f75-d3b3-4e11-890e-4604ccdb590a.jpg","type":"image\/jpeg"}],"author":"sanluisinforma.com","twitter_card":"summary_large_image","twitter_misc":{"Escrito por":"sanluisinforma.com","Tiempo de lectura":"2 minutos"},"schema":{"@context":"https:\/\/schema.org","@graph":[{"@type":"Article","@id":"https:\/\/sanluisinforma.com\/?p=10598#article","isPartOf":{"@id":"https:\/\/sanluisinforma.com\/?p=10598"},"author":{"name":"sanluisinforma.com","@id":"https:\/\/sanluisinforma.com\/#\/schema\/person\/c30648f71476be533b6f59d092905c8b"},"headline":"Impulso ecotur\u00edstico a la Ca\u00f1ada del Lobo, anuncia el Alcalde Enrique Galindo","datePublished":"2025-02-24T06:50:00+00:00","dateModified":"2025-02-24T01:57:36+00:00","mainEntityOfPage":{"@id":"https:\/\/sanluisinforma.com\/?p=10598"},"wordCount":313,"publisher":{"@id":"https:\/\/sanluisinforma.com\/#organization"},"image":{"@id":"https:\/\/sanluisinforma.com\/?p=10598#primaryimage"},"thumbnailUrl":"https:\/\/sanluisinforma.com\/wp-content\/uploads\/2025\/02\/49dc4f75-d3b3-4e11-890e-4604ccdb590a.jpg","articleSection":["Local","Portada"],"inLanguage":"es"},{"@type":"WebPage","@id":"https:\/\/sanluisinforma.com\/?p=10598","url":"https:\/\/sanluisinforma.com\/?p=10598","name":"Impulso ecotur\u00edstico a la Ca\u00f1ada del Lobo, anuncia el Alcalde Enrique Galindo - sanluisinforma.com","isPartOf":{"@id":"https:\/\/sanluisinforma.com\/#website"},"primaryImageOfPage":{"@id":"https:\/\/sanluisinforma.com\/?p=10598#primaryimage"},"image":{"@id":"https:\/\/sanluisinforma.com\/?p=10598#primaryimage"},"thumbnailUrl":"https:\/\/sanluisinforma.com\/wp-content\/uploads\/2025\/02\/49dc4f75-d3b3-4e11-890e-4604ccdb590a.jpg","datePublished":"2025-02-24T06:50:00+00:00","dateModified":"2025-02-24T01:57:36+00:00","breadcrumb":{"@id":"https:\/\/sanluisinforma.com\/?p=10598#breadcrumb"},"inLanguage":"es","potentialAction":[{"@type":"ReadAction","target":["https:\/\/sanluisinforma.com\/?p=10598"]}]},{"@type":"ImageObject","inLanguage":"es","@id":"https:\/\/sanluisinforma.com\/?p=10598#primaryimage","url":"https:\/\/sanluisinforma.com\/wp-content\/uploads\/2025\/02\/49dc4f75-d3b3-4e11-890e-4604ccdb590a.jpg","contentUrl":"https:\/\/sanluisinforma.com\/wp-content\/uploads\/2025\/02\/49dc4f75-d3b3-4e11-890e-4604ccdb590a.jpg","width":480,"height":319},{"@type":"BreadcrumbList","@id":"https:\/\/sanluisinforma.com\/?p=10598#breadcrumb","itemListElement":[{"@type":"ListItem","position":1,"name":"Inicio","item":"https:\/\/sanluisinforma.com\/"},{"@type":"ListItem","position":2,"name":"Impulso ecotur\u00edstico a la Ca\u00f1ada del Lobo, anuncia el Alcalde Enrique Galindo"}]},{"@type":"WebSite","@id":"https:\/\/sanluisinforma.com\/#website","url":"https:\/\/sanluisinforma.com\/","name":"sanluisinforma.com","description":"Periodico San Luis Informa","publisher":{"@id":"https:\/\/sanluisinforma.com\/#organization"},"potentialAction":[{"@type":"SearchAction","target":{"@type":"EntryPoint","urlTemplate":"https:\/\/sanluisinforma.com\/?s={search_term_string}"},"query-input":{"@type":"PropertyValueSpecification","valueRequired":true,"valueName":"search_term_string"}}],"inLanguage":"es"},{"@type":"Organization","@id":"https:\/\/sanluisinforma.com\/#organization","name":"sanluisinforma.com","url":"https:\/\/sanluisinforma.com\/","logo":{"@type":"ImageObject","inLanguage":"es","@id":"https:\/\/sanluisinforma.com\/#\/schema\/logo\/image\/","url":"https:\/\/sanluisinforma.com\/wp-content\/uploads\/2026\/03\/sanluisinforma-V.jpg","contentUrl":"https:\/\/sanluisinforma.com\/wp-content\/uploads\/2026\/03\/sanluisinforma-V.jpg","width":500,"height":156,"caption":"sanluisinforma.com"},"image":{"@id":"https:\/\/sanluisinforma.com\/#\/schema\/logo\/image\/"}},{"@type":"Person","@id":"https:\/\/sanluisinforma.com\/#\/schema\/person\/c30648f71476be533b6f59d092905c8b","name":"sanluisinforma.com","image":{"@type":"ImageObject","inLanguage":"es","@id":"https:\/\/sanluisinforma.com\/#\/schema\/person\/image\/","url":"https:\/\/secure.gravatar.com\/avatar\/86e3114e34a1eecefb963e0a02f0093f93b092dddb2fe1517596343751081a87?s=96&d=mm&r=g","contentUrl":"https:\/\/secure.gravatar.com\/avatar\/86e3114e34a1eecefb963e0a02f0093f93b092dddb2fe1517596343751081a87?s=96&d=mm&r=g","caption":"sanluisinforma.com"},"url":"https:\/\/sanluisinforma.com\/?author=2"}]}},"_links":{"self":[{"href":"https:\/\/sanluisinforma.com\/index.php?rest_route=\/wp\/v2\/posts\/10598","targetHints":{"allow":["GET"]}}],"collection":[{"href":"https:\/\/sanluisinforma.com\/index.php?rest_route=\/wp\/v2\/posts"}],"about":[{"href":"https:\/\/sanluisinforma.com\/index.php?rest_route=\/wp\/v2\/types\/post"}],"author":[{"embeddable":true,"href":"https:\/\/sanluisinforma.com\/index.php?rest_route=\/wp\/v2\/users\/2"}],"replies":[{"embeddable":true,"href":"https:\/\/sanluisinforma.com\/index.php?rest_route=%2Fwp%2Fv2%2Fcomments&post=10598"}],"version-history":[{"count":1,"href":"https:\/\/sanluisinforma.com\/index.php?rest_route=\/wp\/v2\/posts\/10598\/revisions"}],"predecessor-version":[{"id":10600,"href":"https:\/\/sanluisinforma.com\/index.php?rest_route=\/wp\/v2\/posts\/10598\/revisions\/10600"}],"wp:featuredmedia":[{"embeddable":true,"href":"https:\/\/sanluisinforma.com\/index.php?rest_route=\/wp\/v2\/media\/10599"}],"wp:attachment":[{"href":"https:\/\/sanluisinforma.com\/index.php?rest_route=%2Fwp%2Fv2%2Fmedia&parent=10598"}],"wp:term":[{"taxonomy":"category","embeddable":true,"href":"https:\/\/sanluisinforma.com\/index.php?rest_route=%2Fwp%2Fv2%2Fcategories&post=10598"},{"taxonomy":"post_tag","embeddable":true,"href":"https:\/\/sanluisinforma.com\/index.php?rest_route=%2Fwp%2Fv2%2Ftags&post=10598"}],"curies":[{"name":"wp","href":"https:\/\/api.w.org\/{rel}","templated":true}]}}