{"id":10607,"date":"2025-02-24T00:30:00","date_gmt":"2025-02-24T06:30:00","guid":{"rendered":"https:\/\/sanluisinforma.com\/?p=10607"},"modified":"2025-02-23T20:10:23","modified_gmt":"2025-02-24T02:10:23","slug":"con-captura-de-objetivos-criminales-de-alto-impacto-guardia-civil-termina-semana","status":"publish","type":"post","link":"https:\/\/sanluisinforma.com\/?p=10607","title":{"rendered":"Con captura de Objetivos Criminales de Alto Impacto\u00a0 Guardia Civil; \u00a0termina semana."},"content":{"rendered":"\n<p><\/p>\n\n\n\n<p>* En el municipio de C\u00e1rdenas se logr\u00f3 la captura de un \u201ccabecilla\u201d de supuesta c\u00e9lula delictiva en la zona Media, tras asegurarle armamento, droga y un veh\u00edculo robado<\/p>\n\n\n\n<p>Destacadas detenciones y aseguramientos se dieron en esta semana, por parte de la Guardia Civil Estatal (GEC), quienes informaron sobre la detenci\u00f3n de 269 personas, en el periodo del 15 al 21 de febrero del presente a\u00f1o, donde destaca la captura de importantes objetivos criminales de alto impacto. De las personas detenidas, siete quedaron a disposici\u00f3n de la Fiscal\u00eda General de la Rep\u00fablica y 262 ante la Fiscal\u00eda General del Estado.<\/p>\n\n\n\n<p>La corporaci\u00f3n estatal indic\u00f3 que, mediante los operativos para la recuperaci\u00f3n de veh\u00edculos con reporte de robo, en esta semana se localizaron 26 unidades de carga, como de uso particular, de las cuales 17 son automotores y nueve son motocicletas. Adem\u00e1s de estos aseguramientos, se efectu\u00f3 la detenci\u00f3n de siete personas, por el probable delito de robo de veh\u00edculo.<\/p>\n\n\n\n<p>La Divisi\u00f3n Caminos de la GCE ubic\u00f3 un predio, mediante la gu\u00eda de la polic\u00eda especializada del C5i2, donde dos unidades de carga, con probable reporte de robo, se encontraban; adem\u00e1s, auxili\u00f3 al conductor de un tractocami\u00f3n, quien narr\u00f3 que presuntos desconocidos trataron de despojarle de su unidad de carga, sin embargo, ante la reacci\u00f3n inmediata de las fuerzas estatales, se impidi\u00f3 que este delito fuera cometido.<\/p>\n\n\n\n<p>Con resultados hist\u00f3ricos, cerr\u00f3 esta semana, luego del decomiso de varias dosis de narc\u00f3ticos, siendo cuatro kilos con 301 gramos de marihuana; 370 dosis de \u201ccristal\u201d o metanfetamina; 20 de coca\u00edna y 12 pastillas psicotr\u00f3picas, de este hecho, un hombre fue detenido, por la Divisi\u00f3n Caminos de la GCE, luego de no mostrar una receta m\u00e9dica que le avalara para la posesi\u00f3n legal del medicamento controlado.<\/p>\n\n\n\n<p>Un total de once presuntos vendedores de narc\u00f3ticos fueron capturados en diferentes operativos de inteligencia de la GCE, logrando desmantelar varios \u201cpuntos\u201d de venta de droga de la delincuencia, as\u00ed como debilitar el ingreso monetario por la venta de diversos narc\u00f3ticos en la Entidad potosina.<\/p>\n\n\n\n<p>Operativos para el combate sin distingo a la delincuencia, permiti\u00f3 que se desarticulara una c\u00e9lula criminal conformada por cuatro menores de edad y un adulto, provenientes de Nuevo Le\u00f3n y Durango, tras los dispositivos en Charcas, mientras que, en Guadalc\u00e1zar se logr\u00f3 el aseguramiento de cartuchos, cargadores y explosivos, de una supuesta c\u00e9lula crimina. En la capital potosina, dos presuntos con armas de fuego fueron detenidos, uno de ellos ubicado en la colonia Colinas del Parque, tras el se\u00f1alamiento ciudadano sobre el probable amedrentamiento a un ciclista.<\/p>\n\n\n\n<p>Al interior del Estado, en el municipio de C\u00e1rdenas, un importante objetivo criminal fue capturado por la GCE, resultando ser el presunto l\u00edder de un grupo delictivo en la regi\u00f3n Media, en donde se le despoj\u00f3 de gran cantidad de narc\u00f3ticos, un veh\u00edculo robado y armamento.<\/p>\n\n\n\n<p>Estas acciones, en conjunto, permitieron el decomiso de un total de nueve armas de fuego largas, tres armas de fuego cortas, 19 cargadores, 355 cartuchos \u00fatiles, 164 artefactos de varilla, conocidos como \u201cponcha llantas\u201d, 16 armas prohibidas y mil 200 litros de hidrocarburo, producto de la detenci\u00f3n de un masculino, tras no poder comprobar la posesi\u00f3n legal del combustible.<\/p>\n\n\n\n<p>En operativos para el combate a delitos patrimoniales, en esta semana se detuvo a un importante objetivo delincuencial, vinculado al atraco a m\u00e1s de 11 diferentes tiendas de conveniencia, ubicadas en el sector sur de la capital potosina, con ello se dio seguimiento a los reportes ciudadanos que, a su vez, ser\u00e1n procesados por medio de las denuncias correspondientes, para evitar que este presunto criminal c\u2026<\/p>\n","protected":false},"excerpt":{"rendered":"<p>* En el municipio de C\u00e1rdenas se logr\u00f3 la captura de un \u201ccabecilla\u201d de supuesta c\u00e9lula delictiva en la zona<\/p>\n","protected":false},"author":2,"featured_media":10608,"comment_status":"closed","ping_status":"closed","sticky":false,"template":"","format":"standard","meta":{"footnotes":""},"categories":[25],"tags":[],"class_list":["post-10607","post","type-post","status-publish","format-standard","has-post-thumbnail","hentry","category-local"],"yoast_head":"<!-- This site is optimized with the Yoast SEO plugin v24.1 - https:\/\/yoast.com\/wordpress\/plugins\/seo\/ -->\n<title>Con captura de Objetivos Criminales de Alto Impacto\u00a0 Guardia Civil; \u00a0termina semana. - sanluisinforma.com<\/title>\n<meta name=\"robots\" content=\"index, follow, max-snippet:-1, max-image-preview:large, max-video-preview:-1\" \/>\n<link rel=\"canonical\" href=\"https:\/\/sanluisinforma.com\/?p=10607\" \/>\n<meta property=\"og:locale\" content=\"es_MX\" \/>\n<meta property=\"og:type\" content=\"article\" \/>\n<meta property=\"og:title\" content=\"Con captura de Objetivos Criminales de Alto Impacto\u00a0 Guardia Civil; \u00a0termina semana. - sanluisinforma.com\" \/>\n<meta property=\"og:description\" content=\"* En el municipio de C\u00e1rdenas se logr\u00f3 la captura de un \u201ccabecilla\u201d de supuesta c\u00e9lula delictiva en la zona\" \/>\n<meta property=\"og:url\" content=\"https:\/\/sanluisinforma.com\/?p=10607\" \/>\n<meta property=\"og:site_name\" content=\"sanluisinforma.com\" \/>\n<meta property=\"article:published_time\" content=\"2025-02-24T06:30:00+00:00\" \/>\n<meta property=\"article:modified_time\" content=\"2025-02-24T02:10:23+00:00\" \/>\n<meta property=\"og:image\" content=\"https:\/\/sanluisinforma.com\/wp-content\/uploads\/2025\/02\/e3622085-ad61-40b8-97f2-ce255b85b13b.jpg\" \/>\n\t<meta property=\"og:image:width\" content=\"480\" \/>\n\t<meta property=\"og:image:height\" content=\"221\" \/>\n\t<meta property=\"og:image:type\" content=\"image\/jpeg\" \/>\n<meta name=\"author\" content=\"sanluisinforma.com\" \/>\n<meta name=\"twitter:card\" content=\"summary_large_image\" \/>\n<meta name=\"twitter:label1\" content=\"Escrito por\" \/>\n\t<meta name=\"twitter:data1\" content=\"sanluisinforma.com\" \/>\n\t<meta name=\"twitter:label2\" content=\"Tiempo de lectura\" \/>\n\t<meta name=\"twitter:data2\" content=\"3 minutos\" \/>\n<script type=\"application\/ld+json\" class=\"yoast-schema-graph\">{\"@context\":\"https:\/\/schema.org\",\"@graph\":[{\"@type\":\"Article\",\"@id\":\"https:\/\/sanluisinforma.com\/?p=10607#article\",\"isPartOf\":{\"@id\":\"https:\/\/sanluisinforma.com\/?p=10607\"},\"author\":{\"name\":\"sanluisinforma.com\",\"@id\":\"https:\/\/sanluisinforma.com\/#\/schema\/person\/c30648f71476be533b6f59d092905c8b\"},\"headline\":\"Con captura de Objetivos Criminales de Alto Impacto\u00a0 Guardia Civil; \u00a0termina semana.\",\"datePublished\":\"2025-02-24T06:30:00+00:00\",\"dateModified\":\"2025-02-24T02:10:23+00:00\",\"mainEntityOfPage\":{\"@id\":\"https:\/\/sanluisinforma.com\/?p=10607\"},\"wordCount\":635,\"publisher\":{\"@id\":\"https:\/\/sanluisinforma.com\/#organization\"},\"image\":{\"@id\":\"https:\/\/sanluisinforma.com\/?p=10607#primaryimage\"},\"thumbnailUrl\":\"https:\/\/sanluisinforma.com\/wp-content\/uploads\/2025\/02\/e3622085-ad61-40b8-97f2-ce255b85b13b.jpg\",\"articleSection\":[\"Local\"],\"inLanguage\":\"es\"},{\"@type\":\"WebPage\",\"@id\":\"https:\/\/sanluisinforma.com\/?p=10607\",\"url\":\"https:\/\/sanluisinforma.com\/?p=10607\",\"name\":\"Con captura de Objetivos Criminales de Alto Impacto\u00a0 Guardia Civil; \u00a0termina semana. - sanluisinforma.com\",\"isPartOf\":{\"@id\":\"https:\/\/sanluisinforma.com\/#website\"},\"primaryImageOfPage\":{\"@id\":\"https:\/\/sanluisinforma.com\/?p=10607#primaryimage\"},\"image\":{\"@id\":\"https:\/\/sanluisinforma.com\/?p=10607#primaryimage\"},\"thumbnailUrl\":\"https:\/\/sanluisinforma.com\/wp-content\/uploads\/2025\/02\/e3622085-ad61-40b8-97f2-ce255b85b13b.jpg\",\"datePublished\":\"2025-02-24T06:30:00+00:00\",\"dateModified\":\"2025-02-24T02:10:23+00:00\",\"breadcrumb\":{\"@id\":\"https:\/\/sanluisinforma.com\/?p=10607#breadcrumb\"},\"inLanguage\":\"es\",\"potentialAction\":[{\"@type\":\"ReadAction\",\"target\":[\"https:\/\/sanluisinforma.com\/?p=10607\"]}]},{\"@type\":\"ImageObject\",\"inLanguage\":\"es\",\"@id\":\"https:\/\/sanluisinforma.com\/?p=10607#primaryimage\",\"url\":\"https:\/\/sanluisinforma.com\/wp-content\/uploads\/2025\/02\/e3622085-ad61-40b8-97f2-ce255b85b13b.jpg\",\"contentUrl\":\"https:\/\/sanluisinforma.com\/wp-content\/uploads\/2025\/02\/e3622085-ad61-40b8-97f2-ce255b85b13b.jpg\",\"width\":480,\"height\":221},{\"@type\":\"BreadcrumbList\",\"@id\":\"https:\/\/sanluisinforma.com\/?p=10607#breadcrumb\",\"itemListElement\":[{\"@type\":\"ListItem\",\"position\":1,\"name\":\"Inicio\",\"item\":\"https:\/\/sanluisinforma.com\/\"},{\"@type\":\"ListItem\",\"position\":2,\"name\":\"Con captura de Objetivos Criminales de Alto Impacto\u00a0 Guardia Civil; \u00a0termina semana.\"}]},{\"@type\":\"WebSite\",\"@id\":\"https:\/\/sanluisinforma.com\/#website\",\"url\":\"https:\/\/sanluisinforma.com\/\",\"name\":\"sanluisinforma.com\",\"description\":\"Periodico San Luis Informa\",\"publisher\":{\"@id\":\"https:\/\/sanluisinforma.com\/#organization\"},\"potentialAction\":[{\"@type\":\"SearchAction\",\"target\":{\"@type\":\"EntryPoint\",\"urlTemplate\":\"https:\/\/sanluisinforma.com\/?s={search_term_string}\"},\"query-input\":{\"@type\":\"PropertyValueSpecification\",\"valueRequired\":true,\"valueName\":\"search_term_string\"}}],\"inLanguage\":\"es\"},{\"@type\":\"Organization\",\"@id\":\"https:\/\/sanluisinforma.com\/#organization\",\"name\":\"sanluisinforma.com\",\"url\":\"https:\/\/sanluisinforma.com\/\",\"logo\":{\"@type\":\"ImageObject\",\"inLanguage\":\"es\",\"@id\":\"https:\/\/sanluisinforma.com\/#\/schema\/logo\/image\/\",\"url\":\"https:\/\/sanluisinforma.com\/wp-content\/uploads\/2026\/03\/sanluisinforma-V.jpg\",\"contentUrl\":\"https:\/\/sanluisinforma.com\/wp-content\/uploads\/2026\/03\/sanluisinforma-V.jpg\",\"width\":500,\"height\":156,\"caption\":\"sanluisinforma.com\"},\"image\":{\"@id\":\"https:\/\/sanluisinforma.com\/#\/schema\/logo\/image\/\"}},{\"@type\":\"Person\",\"@id\":\"https:\/\/sanluisinforma.com\/#\/schema\/person\/c30648f71476be533b6f59d092905c8b\",\"name\":\"sanluisinforma.com\",\"image\":{\"@type\":\"ImageObject\",\"inLanguage\":\"es\",\"@id\":\"https:\/\/sanluisinforma.com\/#\/schema\/person\/image\/\",\"url\":\"https:\/\/secure.gravatar.com\/avatar\/86e3114e34a1eecefb963e0a02f0093f93b092dddb2fe1517596343751081a87?s=96&d=mm&r=g\",\"contentUrl\":\"https:\/\/secure.gravatar.com\/avatar\/86e3114e34a1eecefb963e0a02f0093f93b092dddb2fe1517596343751081a87?s=96&d=mm&r=g\",\"caption\":\"sanluisinforma.com\"},\"url\":\"https:\/\/sanluisinforma.com\/?author=2\"}]}<\/script>\n<!-- \/ Yoast SEO plugin. -->","yoast_head_json":{"title":"Con captura de Objetivos Criminales de Alto Impacto\u00a0 Guardia Civil; \u00a0termina semana. - sanluisinforma.com","robots":{"index":"index","follow":"follow","max-snippet":"max-snippet:-1","max-image-preview":"max-image-preview:large","max-video-preview":"max-video-preview:-1"},"canonical":"https:\/\/sanluisinforma.com\/?p=10607","og_locale":"es_MX","og_type":"article","og_title":"Con captura de Objetivos Criminales de Alto Impacto\u00a0 Guardia Civil; \u00a0termina semana. - sanluisinforma.com","og_description":"* En el municipio de C\u00e1rdenas se logr\u00f3 la captura de un \u201ccabecilla\u201d de supuesta c\u00e9lula delictiva en la zona","og_url":"https:\/\/sanluisinforma.com\/?p=10607","og_site_name":"sanluisinforma.com","article_published_time":"2025-02-24T06:30:00+00:00","article_modified_time":"2025-02-24T02:10:23+00:00","og_image":[{"width":480,"height":221,"url":"https:\/\/sanluisinforma.com\/wp-content\/uploads\/2025\/02\/e3622085-ad61-40b8-97f2-ce255b85b13b.jpg","type":"image\/jpeg"}],"author":"sanluisinforma.com","twitter_card":"summary_large_image","twitter_misc":{"Escrito por":"sanluisinforma.com","Tiempo de lectura":"3 minutos"},"schema":{"@context":"https:\/\/schema.org","@graph":[{"@type":"Article","@id":"https:\/\/sanluisinforma.com\/?p=10607#article","isPartOf":{"@id":"https:\/\/sanluisinforma.com\/?p=10607"},"author":{"name":"sanluisinforma.com","@id":"https:\/\/sanluisinforma.com\/#\/schema\/person\/c30648f71476be533b6f59d092905c8b"},"headline":"Con captura de Objetivos Criminales de Alto Impacto\u00a0 Guardia Civil; \u00a0termina semana.","datePublished":"2025-02-24T06:30:00+00:00","dateModified":"2025-02-24T02:10:23+00:00","mainEntityOfPage":{"@id":"https:\/\/sanluisinforma.com\/?p=10607"},"wordCount":635,"publisher":{"@id":"https:\/\/sanluisinforma.com\/#organization"},"image":{"@id":"https:\/\/sanluisinforma.com\/?p=10607#primaryimage"},"thumbnailUrl":"https:\/\/sanluisinforma.com\/wp-content\/uploads\/2025\/02\/e3622085-ad61-40b8-97f2-ce255b85b13b.jpg","articleSection":["Local"],"inLanguage":"es"},{"@type":"WebPage","@id":"https:\/\/sanluisinforma.com\/?p=10607","url":"https:\/\/sanluisinforma.com\/?p=10607","name":"Con captura de Objetivos Criminales de Alto Impacto\u00a0 Guardia Civil; \u00a0termina semana. - sanluisinforma.com","isPartOf":{"@id":"https:\/\/sanluisinforma.com\/#website"},"primaryImageOfPage":{"@id":"https:\/\/sanluisinforma.com\/?p=10607#primaryimage"},"image":{"@id":"https:\/\/sanluisinforma.com\/?p=10607#primaryimage"},"thumbnailUrl":"https:\/\/sanluisinforma.com\/wp-content\/uploads\/2025\/02\/e3622085-ad61-40b8-97f2-ce255b85b13b.jpg","datePublished":"2025-02-24T06:30:00+00:00","dateModified":"2025-02-24T02:10:23+00:00","breadcrumb":{"@id":"https:\/\/sanluisinforma.com\/?p=10607#breadcrumb"},"inLanguage":"es","potentialAction":[{"@type":"ReadAction","target":["https:\/\/sanluisinforma.com\/?p=10607"]}]},{"@type":"ImageObject","inLanguage":"es","@id":"https:\/\/sanluisinforma.com\/?p=10607#primaryimage","url":"https:\/\/sanluisinforma.com\/wp-content\/uploads\/2025\/02\/e3622085-ad61-40b8-97f2-ce255b85b13b.jpg","contentUrl":"https:\/\/sanluisinforma.com\/wp-content\/uploads\/2025\/02\/e3622085-ad61-40b8-97f2-ce255b85b13b.jpg","width":480,"height":221},{"@type":"BreadcrumbList","@id":"https:\/\/sanluisinforma.com\/?p=10607#breadcrumb","itemListElement":[{"@type":"ListItem","position":1,"name":"Inicio","item":"https:\/\/sanluisinforma.com\/"},{"@type":"ListItem","position":2,"name":"Con captura de Objetivos Criminales de Alto Impacto\u00a0 Guardia Civil; \u00a0termina semana."}]},{"@type":"WebSite","@id":"https:\/\/sanluisinforma.com\/#website","url":"https:\/\/sanluisinforma.com\/","name":"sanluisinforma.com","description":"Periodico San Luis Informa","publisher":{"@id":"https:\/\/sanluisinforma.com\/#organization"},"potentialAction":[{"@type":"SearchAction","target":{"@type":"EntryPoint","urlTemplate":"https:\/\/sanluisinforma.com\/?s={search_term_string}"},"query-input":{"@type":"PropertyValueSpecification","valueRequired":true,"valueName":"search_term_string"}}],"inLanguage":"es"},{"@type":"Organization","@id":"https:\/\/sanluisinforma.com\/#organization","name":"sanluisinforma.com","url":"https:\/\/sanluisinforma.com\/","logo":{"@type":"ImageObject","inLanguage":"es","@id":"https:\/\/sanluisinforma.com\/#\/schema\/logo\/image\/","url":"https:\/\/sanluisinforma.com\/wp-content\/uploads\/2026\/03\/sanluisinforma-V.jpg","contentUrl":"https:\/\/sanluisinforma.com\/wp-content\/uploads\/2026\/03\/sanluisinforma-V.jpg","width":500,"height":156,"caption":"sanluisinforma.com"},"image":{"@id":"https:\/\/sanluisinforma.com\/#\/schema\/logo\/image\/"}},{"@type":"Person","@id":"https:\/\/sanluisinforma.com\/#\/schema\/person\/c30648f71476be533b6f59d092905c8b","name":"sanluisinforma.com","image":{"@type":"ImageObject","inLanguage":"es","@id":"https:\/\/sanluisinforma.com\/#\/schema\/person\/image\/","url":"https:\/\/secure.gravatar.com\/avatar\/86e3114e34a1eecefb963e0a02f0093f93b092dddb2fe1517596343751081a87?s=96&d=mm&r=g","contentUrl":"https:\/\/secure.gravatar.com\/avatar\/86e3114e34a1eecefb963e0a02f0093f93b092dddb2fe1517596343751081a87?s=96&d=mm&r=g","caption":"sanluisinforma.com"},"url":"https:\/\/sanluisinforma.com\/?author=2"}]}},"_links":{"self":[{"href":"https:\/\/sanluisinforma.com\/index.php?rest_route=\/wp\/v2\/posts\/10607","targetHints":{"allow":["GET"]}}],"collection":[{"href":"https:\/\/sanluisinforma.com\/index.php?rest_route=\/wp\/v2\/posts"}],"about":[{"href":"https:\/\/sanluisinforma.com\/index.php?rest_route=\/wp\/v2\/types\/post"}],"author":[{"embeddable":true,"href":"https:\/\/sanluisinforma.com\/index.php?rest_route=\/wp\/v2\/users\/2"}],"replies":[{"embeddable":true,"href":"https:\/\/sanluisinforma.com\/index.php?rest_route=%2Fwp%2Fv2%2Fcomments&post=10607"}],"version-history":[{"count":1,"href":"https:\/\/sanluisinforma.com\/index.php?rest_route=\/wp\/v2\/posts\/10607\/revisions"}],"predecessor-version":[{"id":10609,"href":"https:\/\/sanluisinforma.com\/index.php?rest_route=\/wp\/v2\/posts\/10607\/revisions\/10609"}],"wp:featuredmedia":[{"embeddable":true,"href":"https:\/\/sanluisinforma.com\/index.php?rest_route=\/wp\/v2\/media\/10608"}],"wp:attachment":[{"href":"https:\/\/sanluisinforma.com\/index.php?rest_route=%2Fwp%2Fv2%2Fmedia&parent=10607"}],"wp:term":[{"taxonomy":"category","embeddable":true,"href":"https:\/\/sanluisinforma.com\/index.php?rest_route=%2Fwp%2Fv2%2Fcategories&post=10607"},{"taxonomy":"post_tag","embeddable":true,"href":"https:\/\/sanluisinforma.com\/index.php?rest_route=%2Fwp%2Fv2%2Ftags&post=10607"}],"curies":[{"name":"wp","href":"https:\/\/api.w.org\/{rel}","templated":true}]}}