{"id":10624,"date":"2025-02-25T00:45:00","date_gmt":"2025-02-25T06:45:00","guid":{"rendered":"https:\/\/sanluisinforma.com\/?p=10624"},"modified":"2025-02-24T19:30:00","modified_gmt":"2025-02-25T01:30:00","slug":"gobierno-de-la-capital-rinde-honores-a-nuestro-labaro-patrio","status":"publish","type":"post","link":"https:\/\/sanluisinforma.com\/?p=10624","title":{"rendered":"Gobierno de la Capital rinde honores a nuestro l\u00e1baro patrio"},"content":{"rendered":"\n<p>En este D\u00eda de la Bandera, el Alcalde Enrique Galindo Ceballos encabez\u00f3 la ceremonia en el asta bandera y se\u00f1al\u00f3 que es un s\u00edmbolo de unidad, que nos identifica y nos recuerda en todo lugar y todo momento el honor de ser mexicanos.<\/p>\n\n\n\n<p><\/p>\n\n\n\n<p>Acompa\u00f1ado por representantes de los tres \u00f3rdenes de gobierno, a primera hora de este lunes 24 de febrero, el Alcalde Enrique Galindo encabez\u00f3 este lunes la emotiva ceremonia para conmemorar el D\u00eda de la Bandera Nacional, en la que convoc\u00f3 a refrendar los valores c\u00edvicos y a unir esfuerzos en beneficio de San Luis Potos\u00ed y de todo M\u00e9xico para honrar cada d\u00eda el l\u00e1baro patrio.<\/p>\n\n\n\n<p>La ceremonia inici\u00f3 con el izamiento de la bandera monumental y la colocaci\u00f3n de una ofrenda floral en la plazoleta ubicada en las inmediaciones de la Zona Universitaria. El Alcalde de la Capital, junto a miembros del Cabildo y Gabinete Municipal, as\u00ed como elementos de la Secretar\u00eda de Seguridad y Protecci\u00f3n Ciudadana y alumnos de la escuela secundaria \u201cBenito Ju\u00e1rez\u201d, rindieron el homenaje a nuestro s\u00edmbolo de libertad y lucha.<\/p>\n\n\n\n<p>En su mensaje, el Alcalde Enrique Galindo Ceballos se\u00f1al\u00f3 que nuestra bandera es motivo de orgullo y s\u00edmbolo de unidad, que nos identifica y nos recuerda en todo lugar y todo momento el honor de ser mexicanos.<\/p>\n\n\n\n<p>Luego de que los asistentes entonaran con respeto el Himno Nacional, se realiz\u00f3 el exhorto a los integrantes de la Secretar\u00eda de Seguridad y Protecci\u00f3n Ciudadana, concluyendo as\u00ed la solemne ceremonia.<\/p>\n","protected":false},"excerpt":{"rendered":"<p>En este D\u00eda de la Bandera, el Alcalde Enrique Galindo Ceballos encabez\u00f3 la ceremonia en el asta bandera y se\u00f1al\u00f3<\/p>\n","protected":false},"author":2,"featured_media":10625,"comment_status":"closed","ping_status":"closed","sticky":false,"template":"","format":"standard","meta":{"footnotes":""},"categories":[25,30],"tags":[],"class_list":["post-10624","post","type-post","status-publish","format-standard","has-post-thumbnail","hentry","category-local","category-portada"],"yoast_head":"<!-- This site is optimized with the Yoast SEO plugin v24.1 - https:\/\/yoast.com\/wordpress\/plugins\/seo\/ -->\n<title>Gobierno de la Capital rinde honores a nuestro l\u00e1baro patrio - sanluisinforma.com<\/title>\n<meta name=\"robots\" content=\"index, follow, max-snippet:-1, max-image-preview:large, max-video-preview:-1\" \/>\n<link rel=\"canonical\" href=\"https:\/\/sanluisinforma.com\/?p=10624\" \/>\n<meta property=\"og:locale\" content=\"es_MX\" \/>\n<meta property=\"og:type\" content=\"article\" \/>\n<meta property=\"og:title\" content=\"Gobierno de la Capital rinde honores a nuestro l\u00e1baro patrio - sanluisinforma.com\" \/>\n<meta property=\"og:description\" content=\"En este D\u00eda de la Bandera, el Alcalde Enrique Galindo Ceballos encabez\u00f3 la ceremonia en el asta bandera y se\u00f1al\u00f3\" \/>\n<meta property=\"og:url\" content=\"https:\/\/sanluisinforma.com\/?p=10624\" \/>\n<meta property=\"og:site_name\" content=\"sanluisinforma.com\" \/>\n<meta property=\"article:published_time\" content=\"2025-02-25T06:45:00+00:00\" \/>\n<meta property=\"article:modified_time\" content=\"2025-02-25T01:30:00+00:00\" \/>\n<meta property=\"og:image\" content=\"https:\/\/sanluisinforma.com\/wp-content\/uploads\/2025\/02\/ab82ab7f-2893-4956-937a-fa4bf91c4eb9.jpg\" \/>\n\t<meta property=\"og:image:width\" content=\"480\" \/>\n\t<meta property=\"og:image:height\" content=\"319\" \/>\n\t<meta property=\"og:image:type\" content=\"image\/jpeg\" \/>\n<meta name=\"author\" content=\"sanluisinforma.com\" \/>\n<meta name=\"twitter:card\" content=\"summary_large_image\" \/>\n<meta name=\"twitter:label1\" content=\"Escrito por\" \/>\n\t<meta name=\"twitter:data1\" content=\"sanluisinforma.com\" \/>\n\t<meta name=\"twitter:label2\" content=\"Tiempo de lectura\" \/>\n\t<meta name=\"twitter:data2\" content=\"2 minutos\" \/>\n<script type=\"application\/ld+json\" class=\"yoast-schema-graph\">{\"@context\":\"https:\/\/schema.org\",\"@graph\":[{\"@type\":\"Article\",\"@id\":\"https:\/\/sanluisinforma.com\/?p=10624#article\",\"isPartOf\":{\"@id\":\"https:\/\/sanluisinforma.com\/?p=10624\"},\"author\":{\"name\":\"sanluisinforma.com\",\"@id\":\"https:\/\/sanluisinforma.com\/#\/schema\/person\/c30648f71476be533b6f59d092905c8b\"},\"headline\":\"Gobierno de la Capital rinde honores a nuestro l\u00e1baro patrio\",\"datePublished\":\"2025-02-25T06:45:00+00:00\",\"dateModified\":\"2025-02-25T01:30:00+00:00\",\"mainEntityOfPage\":{\"@id\":\"https:\/\/sanluisinforma.com\/?p=10624\"},\"wordCount\":275,\"publisher\":{\"@id\":\"https:\/\/sanluisinforma.com\/#organization\"},\"image\":{\"@id\":\"https:\/\/sanluisinforma.com\/?p=10624#primaryimage\"},\"thumbnailUrl\":\"https:\/\/sanluisinforma.com\/wp-content\/uploads\/2025\/02\/ab82ab7f-2893-4956-937a-fa4bf91c4eb9.jpg\",\"articleSection\":[\"Local\",\"Portada\"],\"inLanguage\":\"es\"},{\"@type\":\"WebPage\",\"@id\":\"https:\/\/sanluisinforma.com\/?p=10624\",\"url\":\"https:\/\/sanluisinforma.com\/?p=10624\",\"name\":\"Gobierno de la Capital rinde honores a nuestro l\u00e1baro patrio - sanluisinforma.com\",\"isPartOf\":{\"@id\":\"https:\/\/sanluisinforma.com\/#website\"},\"primaryImageOfPage\":{\"@id\":\"https:\/\/sanluisinforma.com\/?p=10624#primaryimage\"},\"image\":{\"@id\":\"https:\/\/sanluisinforma.com\/?p=10624#primaryimage\"},\"thumbnailUrl\":\"https:\/\/sanluisinforma.com\/wp-content\/uploads\/2025\/02\/ab82ab7f-2893-4956-937a-fa4bf91c4eb9.jpg\",\"datePublished\":\"2025-02-25T06:45:00+00:00\",\"dateModified\":\"2025-02-25T01:30:00+00:00\",\"breadcrumb\":{\"@id\":\"https:\/\/sanluisinforma.com\/?p=10624#breadcrumb\"},\"inLanguage\":\"es\",\"potentialAction\":[{\"@type\":\"ReadAction\",\"target\":[\"https:\/\/sanluisinforma.com\/?p=10624\"]}]},{\"@type\":\"ImageObject\",\"inLanguage\":\"es\",\"@id\":\"https:\/\/sanluisinforma.com\/?p=10624#primaryimage\",\"url\":\"https:\/\/sanluisinforma.com\/wp-content\/uploads\/2025\/02\/ab82ab7f-2893-4956-937a-fa4bf91c4eb9.jpg\",\"contentUrl\":\"https:\/\/sanluisinforma.com\/wp-content\/uploads\/2025\/02\/ab82ab7f-2893-4956-937a-fa4bf91c4eb9.jpg\",\"width\":480,\"height\":319},{\"@type\":\"BreadcrumbList\",\"@id\":\"https:\/\/sanluisinforma.com\/?p=10624#breadcrumb\",\"itemListElement\":[{\"@type\":\"ListItem\",\"position\":1,\"name\":\"Inicio\",\"item\":\"https:\/\/sanluisinforma.com\/\"},{\"@type\":\"ListItem\",\"position\":2,\"name\":\"Gobierno de la Capital rinde honores a nuestro l\u00e1baro patrio\"}]},{\"@type\":\"WebSite\",\"@id\":\"https:\/\/sanluisinforma.com\/#website\",\"url\":\"https:\/\/sanluisinforma.com\/\",\"name\":\"sanluisinforma.com\",\"description\":\"Periodico San Luis Informa\",\"publisher\":{\"@id\":\"https:\/\/sanluisinforma.com\/#organization\"},\"potentialAction\":[{\"@type\":\"SearchAction\",\"target\":{\"@type\":\"EntryPoint\",\"urlTemplate\":\"https:\/\/sanluisinforma.com\/?s={search_term_string}\"},\"query-input\":{\"@type\":\"PropertyValueSpecification\",\"valueRequired\":true,\"valueName\":\"search_term_string\"}}],\"inLanguage\":\"es\"},{\"@type\":\"Organization\",\"@id\":\"https:\/\/sanluisinforma.com\/#organization\",\"name\":\"sanluisinforma.com\",\"url\":\"https:\/\/sanluisinforma.com\/\",\"logo\":{\"@type\":\"ImageObject\",\"inLanguage\":\"es\",\"@id\":\"https:\/\/sanluisinforma.com\/#\/schema\/logo\/image\/\",\"url\":\"https:\/\/sanluisinforma.com\/wp-content\/uploads\/2026\/03\/sanluisinforma-V.jpg\",\"contentUrl\":\"https:\/\/sanluisinforma.com\/wp-content\/uploads\/2026\/03\/sanluisinforma-V.jpg\",\"width\":500,\"height\":156,\"caption\":\"sanluisinforma.com\"},\"image\":{\"@id\":\"https:\/\/sanluisinforma.com\/#\/schema\/logo\/image\/\"}},{\"@type\":\"Person\",\"@id\":\"https:\/\/sanluisinforma.com\/#\/schema\/person\/c30648f71476be533b6f59d092905c8b\",\"name\":\"sanluisinforma.com\",\"image\":{\"@type\":\"ImageObject\",\"inLanguage\":\"es\",\"@id\":\"https:\/\/sanluisinforma.com\/#\/schema\/person\/image\/\",\"url\":\"https:\/\/secure.gravatar.com\/avatar\/86e3114e34a1eecefb963e0a02f0093f93b092dddb2fe1517596343751081a87?s=96&d=mm&r=g\",\"contentUrl\":\"https:\/\/secure.gravatar.com\/avatar\/86e3114e34a1eecefb963e0a02f0093f93b092dddb2fe1517596343751081a87?s=96&d=mm&r=g\",\"caption\":\"sanluisinforma.com\"},\"url\":\"https:\/\/sanluisinforma.com\/?author=2\"}]}<\/script>\n<!-- \/ Yoast SEO plugin. -->","yoast_head_json":{"title":"Gobierno de la Capital rinde honores a nuestro l\u00e1baro patrio - sanluisinforma.com","robots":{"index":"index","follow":"follow","max-snippet":"max-snippet:-1","max-image-preview":"max-image-preview:large","max-video-preview":"max-video-preview:-1"},"canonical":"https:\/\/sanluisinforma.com\/?p=10624","og_locale":"es_MX","og_type":"article","og_title":"Gobierno de la Capital rinde honores a nuestro l\u00e1baro patrio - sanluisinforma.com","og_description":"En este D\u00eda de la Bandera, el Alcalde Enrique Galindo Ceballos encabez\u00f3 la ceremonia en el asta bandera y se\u00f1al\u00f3","og_url":"https:\/\/sanluisinforma.com\/?p=10624","og_site_name":"sanluisinforma.com","article_published_time":"2025-02-25T06:45:00+00:00","article_modified_time":"2025-02-25T01:30:00+00:00","og_image":[{"width":480,"height":319,"url":"https:\/\/sanluisinforma.com\/wp-content\/uploads\/2025\/02\/ab82ab7f-2893-4956-937a-fa4bf91c4eb9.jpg","type":"image\/jpeg"}],"author":"sanluisinforma.com","twitter_card":"summary_large_image","twitter_misc":{"Escrito por":"sanluisinforma.com","Tiempo de lectura":"2 minutos"},"schema":{"@context":"https:\/\/schema.org","@graph":[{"@type":"Article","@id":"https:\/\/sanluisinforma.com\/?p=10624#article","isPartOf":{"@id":"https:\/\/sanluisinforma.com\/?p=10624"},"author":{"name":"sanluisinforma.com","@id":"https:\/\/sanluisinforma.com\/#\/schema\/person\/c30648f71476be533b6f59d092905c8b"},"headline":"Gobierno de la Capital rinde honores a nuestro l\u00e1baro patrio","datePublished":"2025-02-25T06:45:00+00:00","dateModified":"2025-02-25T01:30:00+00:00","mainEntityOfPage":{"@id":"https:\/\/sanluisinforma.com\/?p=10624"},"wordCount":275,"publisher":{"@id":"https:\/\/sanluisinforma.com\/#organization"},"image":{"@id":"https:\/\/sanluisinforma.com\/?p=10624#primaryimage"},"thumbnailUrl":"https:\/\/sanluisinforma.com\/wp-content\/uploads\/2025\/02\/ab82ab7f-2893-4956-937a-fa4bf91c4eb9.jpg","articleSection":["Local","Portada"],"inLanguage":"es"},{"@type":"WebPage","@id":"https:\/\/sanluisinforma.com\/?p=10624","url":"https:\/\/sanluisinforma.com\/?p=10624","name":"Gobierno de la Capital rinde honores a nuestro l\u00e1baro patrio - sanluisinforma.com","isPartOf":{"@id":"https:\/\/sanluisinforma.com\/#website"},"primaryImageOfPage":{"@id":"https:\/\/sanluisinforma.com\/?p=10624#primaryimage"},"image":{"@id":"https:\/\/sanluisinforma.com\/?p=10624#primaryimage"},"thumbnailUrl":"https:\/\/sanluisinforma.com\/wp-content\/uploads\/2025\/02\/ab82ab7f-2893-4956-937a-fa4bf91c4eb9.jpg","datePublished":"2025-02-25T06:45:00+00:00","dateModified":"2025-02-25T01:30:00+00:00","breadcrumb":{"@id":"https:\/\/sanluisinforma.com\/?p=10624#breadcrumb"},"inLanguage":"es","potentialAction":[{"@type":"ReadAction","target":["https:\/\/sanluisinforma.com\/?p=10624"]}]},{"@type":"ImageObject","inLanguage":"es","@id":"https:\/\/sanluisinforma.com\/?p=10624#primaryimage","url":"https:\/\/sanluisinforma.com\/wp-content\/uploads\/2025\/02\/ab82ab7f-2893-4956-937a-fa4bf91c4eb9.jpg","contentUrl":"https:\/\/sanluisinforma.com\/wp-content\/uploads\/2025\/02\/ab82ab7f-2893-4956-937a-fa4bf91c4eb9.jpg","width":480,"height":319},{"@type":"BreadcrumbList","@id":"https:\/\/sanluisinforma.com\/?p=10624#breadcrumb","itemListElement":[{"@type":"ListItem","position":1,"name":"Inicio","item":"https:\/\/sanluisinforma.com\/"},{"@type":"ListItem","position":2,"name":"Gobierno de la Capital rinde honores a nuestro l\u00e1baro patrio"}]},{"@type":"WebSite","@id":"https:\/\/sanluisinforma.com\/#website","url":"https:\/\/sanluisinforma.com\/","name":"sanluisinforma.com","description":"Periodico San Luis Informa","publisher":{"@id":"https:\/\/sanluisinforma.com\/#organization"},"potentialAction":[{"@type":"SearchAction","target":{"@type":"EntryPoint","urlTemplate":"https:\/\/sanluisinforma.com\/?s={search_term_string}"},"query-input":{"@type":"PropertyValueSpecification","valueRequired":true,"valueName":"search_term_string"}}],"inLanguage":"es"},{"@type":"Organization","@id":"https:\/\/sanluisinforma.com\/#organization","name":"sanluisinforma.com","url":"https:\/\/sanluisinforma.com\/","logo":{"@type":"ImageObject","inLanguage":"es","@id":"https:\/\/sanluisinforma.com\/#\/schema\/logo\/image\/","url":"https:\/\/sanluisinforma.com\/wp-content\/uploads\/2026\/03\/sanluisinforma-V.jpg","contentUrl":"https:\/\/sanluisinforma.com\/wp-content\/uploads\/2026\/03\/sanluisinforma-V.jpg","width":500,"height":156,"caption":"sanluisinforma.com"},"image":{"@id":"https:\/\/sanluisinforma.com\/#\/schema\/logo\/image\/"}},{"@type":"Person","@id":"https:\/\/sanluisinforma.com\/#\/schema\/person\/c30648f71476be533b6f59d092905c8b","name":"sanluisinforma.com","image":{"@type":"ImageObject","inLanguage":"es","@id":"https:\/\/sanluisinforma.com\/#\/schema\/person\/image\/","url":"https:\/\/secure.gravatar.com\/avatar\/86e3114e34a1eecefb963e0a02f0093f93b092dddb2fe1517596343751081a87?s=96&d=mm&r=g","contentUrl":"https:\/\/secure.gravatar.com\/avatar\/86e3114e34a1eecefb963e0a02f0093f93b092dddb2fe1517596343751081a87?s=96&d=mm&r=g","caption":"sanluisinforma.com"},"url":"https:\/\/sanluisinforma.com\/?author=2"}]}},"_links":{"self":[{"href":"https:\/\/sanluisinforma.com\/index.php?rest_route=\/wp\/v2\/posts\/10624","targetHints":{"allow":["GET"]}}],"collection":[{"href":"https:\/\/sanluisinforma.com\/index.php?rest_route=\/wp\/v2\/posts"}],"about":[{"href":"https:\/\/sanluisinforma.com\/index.php?rest_route=\/wp\/v2\/types\/post"}],"author":[{"embeddable":true,"href":"https:\/\/sanluisinforma.com\/index.php?rest_route=\/wp\/v2\/users\/2"}],"replies":[{"embeddable":true,"href":"https:\/\/sanluisinforma.com\/index.php?rest_route=%2Fwp%2Fv2%2Fcomments&post=10624"}],"version-history":[{"count":1,"href":"https:\/\/sanluisinforma.com\/index.php?rest_route=\/wp\/v2\/posts\/10624\/revisions"}],"predecessor-version":[{"id":10626,"href":"https:\/\/sanluisinforma.com\/index.php?rest_route=\/wp\/v2\/posts\/10624\/revisions\/10626"}],"wp:featuredmedia":[{"embeddable":true,"href":"https:\/\/sanluisinforma.com\/index.php?rest_route=\/wp\/v2\/media\/10625"}],"wp:attachment":[{"href":"https:\/\/sanluisinforma.com\/index.php?rest_route=%2Fwp%2Fv2%2Fmedia&parent=10624"}],"wp:term":[{"taxonomy":"category","embeddable":true,"href":"https:\/\/sanluisinforma.com\/index.php?rest_route=%2Fwp%2Fv2%2Fcategories&post=10624"},{"taxonomy":"post_tag","embeddable":true,"href":"https:\/\/sanluisinforma.com\/index.php?rest_route=%2Fwp%2Fv2%2Ftags&post=10624"}],"curies":[{"name":"wp","href":"https:\/\/api.w.org\/{rel}","templated":true}]}}