{"id":10630,"date":"2025-02-25T01:36:00","date_gmt":"2025-02-25T07:36:00","guid":{"rendered":"https:\/\/sanluisinforma.com\/?p=10630"},"modified":"2025-02-24T19:36:57","modified_gmt":"2025-02-25T01:36:57","slug":"con-la-transformacion-a-mexico-se-le-respeta-no-somos-colonia-de-ningun-pais-presidente-claudia-sheinbaum-en-conmemoracion-el-dia-de-la-bandera","status":"publish","type":"post","link":"https:\/\/sanluisinforma.com\/?p=10630","title":{"rendered":"Con la Transformaci\u00f3n a M\u00e9xico se le Respeta, No Somos Colonia de ning\u00fan Pa\u00eds: Presidente Claudia Sheinbaum en Conmemoraci\u00f3n el D\u00eda de la Bandera"},"content":{"rendered":"\n<p>* \u201cNosotros no traicionamos ni a nuestro pueblo, ni a nuestra patria, ni a nuestra bandera\u201d, asegur\u00f3<\/p>\n\n\n\n<p>* La Jefa del Ejecutivo Federal y Comandanta Suprema de las Fuerzas Armadas abander\u00f3 de manera simult\u00e1nea a mil escoltas de escuelas primarias y secundarias de la Secretar\u00eda de Educaci\u00f3n P\u00fablica de todo el pa\u00eds y a 56 escoltas de las Fuerzas Armadas de M\u00e9xico<\/p>\n\n\n\n<p>Con la llegada de la Cuarta Transformaci\u00f3n se reivindic\u00f3 al pa\u00eds ante los ojos del mundo por lo que ahora a M\u00e9xico se le respeta, ya que no somos colonia ni protectorado de ninguna otra naci\u00f3n, as\u00ed lo asegur\u00f3 la Presidenta de M\u00e9xico, Claudia Sheinbaum Pardo, tras encabezar la ceremonia de conmemoraci\u00f3n del D\u00eda de la Bandera de M\u00e9xico en Campo Marte.<\/p>\n\n\n\n<p>\u201cYa no es como antes, que los gobiernos se arrodillaban ante gobiernos extranjeros o que miraban fuera como ejemplos a seguir. Ahora no, desde que lleg\u00f3 la Transformaci\u00f3n al gobierno, es claro que reivindicamos que a M\u00e9xico se le respeta, que no somos colonia, ni protectorado de ning\u00fan pa\u00eds, porque adem\u00e1s, somos uno solo: gobierno, Fuerzas Armadas y pueblo y nosotros no traicionamos ni a nuestro pueblo, ni a nuestra patria, ni a nuestra bandera. M\u00e9xico es un pa\u00eds grandioso y su pueblo es valeroso, sabemos que cuando nuestro pueblo se une en torno a su historia, su patria y su bandera, no hay fuerza en el mundo que pueda doblegar su esp\u00edritu\u201d, asever\u00f3.<\/p>\n\n\n\n<p>Record\u00f3 que envi\u00f3 una iniciativa al Congreso de la Uni\u00f3n para reforzar la defensa de la soberan\u00eda con la modificaci\u00f3n a los articulos 19 y 40 de la Constituci\u00f3n Pol\u00edtica para implementar la pena m\u00e1xima y prisi\u00f3n preventiva oficiosa a cualquier acto de intervencionismo, tales como Golpes de Estado, injerencia en elecciones o la violaci\u00f3n del territorio mexicano, ya sea por tierra, por mar o espacio a\u00e9ro.<\/p>\n\n\n\n<p>\u201cVale la pena mencionar que en estos momentos, hace unos d\u00edas, envi\u00e9 al Congreso de la Uni\u00f3n una iniciativa de reforma constitucional para recordarle al mundo entero que M\u00e9xico es un pa\u00eds libre, independiente y soberano, y que su pueblo no permite la violaci\u00f3n de su soberan\u00eda\u201d, asever\u00f3.<\/p>\n\n\n\n<p>Agreg\u00f3 que estas reformas tampoco permiten la intromisi\u00f3n en investigaci\u00f3n o persecuci\u00f3n alguna, sin el consentimiento expreso del Gobierno de M\u00e9xico, en el marco de las leyes aplicables.<\/p>\n\n\n\n<p>En la conmemoraci\u00f3n del D\u00eda de la Bandera, la Presidenta y&nbsp; Comandanta Suprema de las Fuerzas Armadas tom\u00f3 protesta a mil escoltas de escuelas primarias y secundarias de la Secretar\u00eda de Educaci\u00f3n P\u00fablica de todo el pa\u00eds, 920 en las 31 entidades federativas y 80 en la Ciudad de M\u00e9xico, as\u00ed como a 56 escoltas de las Fuerzas Armadas de M\u00e9xico; adem\u00e1s de que abander\u00f3 presencialmente a las escoltas de organismos presentes en Campo Marte.<\/p>\n","protected":false},"excerpt":{"rendered":"<p>* \u201cNosotros no traicionamos ni a nuestro pueblo, ni a nuestra patria, ni a nuestra bandera\u201d, asegur\u00f3 * La Jefa<\/p>\n","protected":false},"author":2,"featured_media":0,"comment_status":"closed","ping_status":"closed","sticky":false,"template":"","format":"standard","meta":{"footnotes":""},"categories":[26],"tags":[],"class_list":["post-10630","post","type-post","status-publish","format-standard","hentry","category-nacional"],"yoast_head":"<!-- This site is optimized with the Yoast SEO plugin v24.1 - https:\/\/yoast.com\/wordpress\/plugins\/seo\/ -->\n<title>Con la Transformaci\u00f3n a M\u00e9xico se le Respeta, No Somos Colonia de ning\u00fan Pa\u00eds: Presidente Claudia Sheinbaum en Conmemoraci\u00f3n el D\u00eda de la Bandera - sanluisinforma.com<\/title>\n<meta name=\"robots\" content=\"index, follow, max-snippet:-1, max-image-preview:large, max-video-preview:-1\" \/>\n<link rel=\"canonical\" href=\"https:\/\/sanluisinforma.com\/?p=10630\" \/>\n<meta property=\"og:locale\" content=\"es_MX\" \/>\n<meta property=\"og:type\" content=\"article\" \/>\n<meta property=\"og:title\" content=\"Con la Transformaci\u00f3n a M\u00e9xico se le Respeta, No Somos Colonia de ning\u00fan Pa\u00eds: Presidente Claudia Sheinbaum en Conmemoraci\u00f3n el D\u00eda de la Bandera - sanluisinforma.com\" \/>\n<meta property=\"og:description\" content=\"* \u201cNosotros no traicionamos ni a nuestro pueblo, ni a nuestra patria, ni a nuestra bandera\u201d, asegur\u00f3 * La Jefa\" \/>\n<meta property=\"og:url\" content=\"https:\/\/sanluisinforma.com\/?p=10630\" \/>\n<meta property=\"og:site_name\" content=\"sanluisinforma.com\" \/>\n<meta property=\"article:published_time\" content=\"2025-02-25T07:36:00+00:00\" \/>\n<meta property=\"article:modified_time\" content=\"2025-02-25T01:36:57+00:00\" \/>\n<meta name=\"author\" content=\"sanluisinforma.com\" \/>\n<meta name=\"twitter:card\" content=\"summary_large_image\" \/>\n<meta name=\"twitter:label1\" content=\"Escrito por\" \/>\n\t<meta name=\"twitter:data1\" content=\"sanluisinforma.com\" \/>\n\t<meta name=\"twitter:label2\" content=\"Tiempo de lectura\" \/>\n\t<meta name=\"twitter:data2\" content=\"3 minutos\" \/>\n<script type=\"application\/ld+json\" class=\"yoast-schema-graph\">{\"@context\":\"https:\/\/schema.org\",\"@graph\":[{\"@type\":\"Article\",\"@id\":\"https:\/\/sanluisinforma.com\/?p=10630#article\",\"isPartOf\":{\"@id\":\"https:\/\/sanluisinforma.com\/?p=10630\"},\"author\":{\"name\":\"sanluisinforma.com\",\"@id\":\"https:\/\/sanluisinforma.com\/#\/schema\/person\/c30648f71476be533b6f59d092905c8b\"},\"headline\":\"Con la Transformaci\u00f3n a M\u00e9xico se le Respeta, No Somos Colonia de ning\u00fan Pa\u00eds: Presidente Claudia Sheinbaum en Conmemoraci\u00f3n el D\u00eda de la Bandera\",\"datePublished\":\"2025-02-25T07:36:00+00:00\",\"dateModified\":\"2025-02-25T01:36:57+00:00\",\"mainEntityOfPage\":{\"@id\":\"https:\/\/sanluisinforma.com\/?p=10630\"},\"wordCount\":528,\"publisher\":{\"@id\":\"https:\/\/sanluisinforma.com\/#organization\"},\"articleSection\":[\"Nacional\"],\"inLanguage\":\"es\"},{\"@type\":\"WebPage\",\"@id\":\"https:\/\/sanluisinforma.com\/?p=10630\",\"url\":\"https:\/\/sanluisinforma.com\/?p=10630\",\"name\":\"Con la Transformaci\u00f3n a M\u00e9xico se le Respeta, No Somos Colonia de ning\u00fan Pa\u00eds: Presidente Claudia Sheinbaum en Conmemoraci\u00f3n el D\u00eda de la Bandera - sanluisinforma.com\",\"isPartOf\":{\"@id\":\"https:\/\/sanluisinforma.com\/#website\"},\"datePublished\":\"2025-02-25T07:36:00+00:00\",\"dateModified\":\"2025-02-25T01:36:57+00:00\",\"breadcrumb\":{\"@id\":\"https:\/\/sanluisinforma.com\/?p=10630#breadcrumb\"},\"inLanguage\":\"es\",\"potentialAction\":[{\"@type\":\"ReadAction\",\"target\":[\"https:\/\/sanluisinforma.com\/?p=10630\"]}]},{\"@type\":\"BreadcrumbList\",\"@id\":\"https:\/\/sanluisinforma.com\/?p=10630#breadcrumb\",\"itemListElement\":[{\"@type\":\"ListItem\",\"position\":1,\"name\":\"Inicio\",\"item\":\"https:\/\/sanluisinforma.com\/\"},{\"@type\":\"ListItem\",\"position\":2,\"name\":\"Con la Transformaci\u00f3n a M\u00e9xico se le Respeta, No Somos Colonia de ning\u00fan Pa\u00eds: Presidente Claudia Sheinbaum en Conmemoraci\u00f3n el D\u00eda de la Bandera\"}]},{\"@type\":\"WebSite\",\"@id\":\"https:\/\/sanluisinforma.com\/#website\",\"url\":\"https:\/\/sanluisinforma.com\/\",\"name\":\"sanluisinforma.com\",\"description\":\"Periodico San Luis Informa\",\"publisher\":{\"@id\":\"https:\/\/sanluisinforma.com\/#organization\"},\"potentialAction\":[{\"@type\":\"SearchAction\",\"target\":{\"@type\":\"EntryPoint\",\"urlTemplate\":\"https:\/\/sanluisinforma.com\/?s={search_term_string}\"},\"query-input\":{\"@type\":\"PropertyValueSpecification\",\"valueRequired\":true,\"valueName\":\"search_term_string\"}}],\"inLanguage\":\"es\"},{\"@type\":\"Organization\",\"@id\":\"https:\/\/sanluisinforma.com\/#organization\",\"name\":\"sanluisinforma.com\",\"url\":\"https:\/\/sanluisinforma.com\/\",\"logo\":{\"@type\":\"ImageObject\",\"inLanguage\":\"es\",\"@id\":\"https:\/\/sanluisinforma.com\/#\/schema\/logo\/image\/\",\"url\":\"https:\/\/sanluisinforma.com\/wp-content\/uploads\/2026\/03\/sanluisinforma-V.jpg\",\"contentUrl\":\"https:\/\/sanluisinforma.com\/wp-content\/uploads\/2026\/03\/sanluisinforma-V.jpg\",\"width\":500,\"height\":156,\"caption\":\"sanluisinforma.com\"},\"image\":{\"@id\":\"https:\/\/sanluisinforma.com\/#\/schema\/logo\/image\/\"}},{\"@type\":\"Person\",\"@id\":\"https:\/\/sanluisinforma.com\/#\/schema\/person\/c30648f71476be533b6f59d092905c8b\",\"name\":\"sanluisinforma.com\",\"image\":{\"@type\":\"ImageObject\",\"inLanguage\":\"es\",\"@id\":\"https:\/\/sanluisinforma.com\/#\/schema\/person\/image\/\",\"url\":\"https:\/\/secure.gravatar.com\/avatar\/86e3114e34a1eecefb963e0a02f0093f93b092dddb2fe1517596343751081a87?s=96&d=mm&r=g\",\"contentUrl\":\"https:\/\/secure.gravatar.com\/avatar\/86e3114e34a1eecefb963e0a02f0093f93b092dddb2fe1517596343751081a87?s=96&d=mm&r=g\",\"caption\":\"sanluisinforma.com\"},\"url\":\"https:\/\/sanluisinforma.com\/?author=2\"}]}<\/script>\n<!-- \/ Yoast SEO plugin. -->","yoast_head_json":{"title":"Con la Transformaci\u00f3n a M\u00e9xico se le Respeta, No Somos Colonia de ning\u00fan Pa\u00eds: Presidente Claudia Sheinbaum en Conmemoraci\u00f3n el D\u00eda de la Bandera - sanluisinforma.com","robots":{"index":"index","follow":"follow","max-snippet":"max-snippet:-1","max-image-preview":"max-image-preview:large","max-video-preview":"max-video-preview:-1"},"canonical":"https:\/\/sanluisinforma.com\/?p=10630","og_locale":"es_MX","og_type":"article","og_title":"Con la Transformaci\u00f3n a M\u00e9xico se le Respeta, No Somos Colonia de ning\u00fan Pa\u00eds: Presidente Claudia Sheinbaum en Conmemoraci\u00f3n el D\u00eda de la Bandera - sanluisinforma.com","og_description":"* \u201cNosotros no traicionamos ni a nuestro pueblo, ni a nuestra patria, ni a nuestra bandera\u201d, asegur\u00f3 * La Jefa","og_url":"https:\/\/sanluisinforma.com\/?p=10630","og_site_name":"sanluisinforma.com","article_published_time":"2025-02-25T07:36:00+00:00","article_modified_time":"2025-02-25T01:36:57+00:00","author":"sanluisinforma.com","twitter_card":"summary_large_image","twitter_misc":{"Escrito por":"sanluisinforma.com","Tiempo de lectura":"3 minutos"},"schema":{"@context":"https:\/\/schema.org","@graph":[{"@type":"Article","@id":"https:\/\/sanluisinforma.com\/?p=10630#article","isPartOf":{"@id":"https:\/\/sanluisinforma.com\/?p=10630"},"author":{"name":"sanluisinforma.com","@id":"https:\/\/sanluisinforma.com\/#\/schema\/person\/c30648f71476be533b6f59d092905c8b"},"headline":"Con la Transformaci\u00f3n a M\u00e9xico se le Respeta, No Somos Colonia de ning\u00fan Pa\u00eds: Presidente Claudia Sheinbaum en Conmemoraci\u00f3n el D\u00eda de la Bandera","datePublished":"2025-02-25T07:36:00+00:00","dateModified":"2025-02-25T01:36:57+00:00","mainEntityOfPage":{"@id":"https:\/\/sanluisinforma.com\/?p=10630"},"wordCount":528,"publisher":{"@id":"https:\/\/sanluisinforma.com\/#organization"},"articleSection":["Nacional"],"inLanguage":"es"},{"@type":"WebPage","@id":"https:\/\/sanluisinforma.com\/?p=10630","url":"https:\/\/sanluisinforma.com\/?p=10630","name":"Con la Transformaci\u00f3n a M\u00e9xico se le Respeta, No Somos Colonia de ning\u00fan Pa\u00eds: Presidente Claudia Sheinbaum en Conmemoraci\u00f3n el D\u00eda de la Bandera - sanluisinforma.com","isPartOf":{"@id":"https:\/\/sanluisinforma.com\/#website"},"datePublished":"2025-02-25T07:36:00+00:00","dateModified":"2025-02-25T01:36:57+00:00","breadcrumb":{"@id":"https:\/\/sanluisinforma.com\/?p=10630#breadcrumb"},"inLanguage":"es","potentialAction":[{"@type":"ReadAction","target":["https:\/\/sanluisinforma.com\/?p=10630"]}]},{"@type":"BreadcrumbList","@id":"https:\/\/sanluisinforma.com\/?p=10630#breadcrumb","itemListElement":[{"@type":"ListItem","position":1,"name":"Inicio","item":"https:\/\/sanluisinforma.com\/"},{"@type":"ListItem","position":2,"name":"Con la Transformaci\u00f3n a M\u00e9xico se le Respeta, No Somos Colonia de ning\u00fan Pa\u00eds: Presidente Claudia Sheinbaum en Conmemoraci\u00f3n el D\u00eda de la Bandera"}]},{"@type":"WebSite","@id":"https:\/\/sanluisinforma.com\/#website","url":"https:\/\/sanluisinforma.com\/","name":"sanluisinforma.com","description":"Periodico San Luis Informa","publisher":{"@id":"https:\/\/sanluisinforma.com\/#organization"},"potentialAction":[{"@type":"SearchAction","target":{"@type":"EntryPoint","urlTemplate":"https:\/\/sanluisinforma.com\/?s={search_term_string}"},"query-input":{"@type":"PropertyValueSpecification","valueRequired":true,"valueName":"search_term_string"}}],"inLanguage":"es"},{"@type":"Organization","@id":"https:\/\/sanluisinforma.com\/#organization","name":"sanluisinforma.com","url":"https:\/\/sanluisinforma.com\/","logo":{"@type":"ImageObject","inLanguage":"es","@id":"https:\/\/sanluisinforma.com\/#\/schema\/logo\/image\/","url":"https:\/\/sanluisinforma.com\/wp-content\/uploads\/2026\/03\/sanluisinforma-V.jpg","contentUrl":"https:\/\/sanluisinforma.com\/wp-content\/uploads\/2026\/03\/sanluisinforma-V.jpg","width":500,"height":156,"caption":"sanluisinforma.com"},"image":{"@id":"https:\/\/sanluisinforma.com\/#\/schema\/logo\/image\/"}},{"@type":"Person","@id":"https:\/\/sanluisinforma.com\/#\/schema\/person\/c30648f71476be533b6f59d092905c8b","name":"sanluisinforma.com","image":{"@type":"ImageObject","inLanguage":"es","@id":"https:\/\/sanluisinforma.com\/#\/schema\/person\/image\/","url":"https:\/\/secure.gravatar.com\/avatar\/86e3114e34a1eecefb963e0a02f0093f93b092dddb2fe1517596343751081a87?s=96&d=mm&r=g","contentUrl":"https:\/\/secure.gravatar.com\/avatar\/86e3114e34a1eecefb963e0a02f0093f93b092dddb2fe1517596343751081a87?s=96&d=mm&r=g","caption":"sanluisinforma.com"},"url":"https:\/\/sanluisinforma.com\/?author=2"}]}},"_links":{"self":[{"href":"https:\/\/sanluisinforma.com\/index.php?rest_route=\/wp\/v2\/posts\/10630","targetHints":{"allow":["GET"]}}],"collection":[{"href":"https:\/\/sanluisinforma.com\/index.php?rest_route=\/wp\/v2\/posts"}],"about":[{"href":"https:\/\/sanluisinforma.com\/index.php?rest_route=\/wp\/v2\/types\/post"}],"author":[{"embeddable":true,"href":"https:\/\/sanluisinforma.com\/index.php?rest_route=\/wp\/v2\/users\/2"}],"replies":[{"embeddable":true,"href":"https:\/\/sanluisinforma.com\/index.php?rest_route=%2Fwp%2Fv2%2Fcomments&post=10630"}],"version-history":[{"count":1,"href":"https:\/\/sanluisinforma.com\/index.php?rest_route=\/wp\/v2\/posts\/10630\/revisions"}],"predecessor-version":[{"id":10631,"href":"https:\/\/sanluisinforma.com\/index.php?rest_route=\/wp\/v2\/posts\/10630\/revisions\/10631"}],"wp:attachment":[{"href":"https:\/\/sanluisinforma.com\/index.php?rest_route=%2Fwp%2Fv2%2Fmedia&parent=10630"}],"wp:term":[{"taxonomy":"category","embeddable":true,"href":"https:\/\/sanluisinforma.com\/index.php?rest_route=%2Fwp%2Fv2%2Fcategories&post=10630"},{"taxonomy":"post_tag","embeddable":true,"href":"https:\/\/sanluisinforma.com\/index.php?rest_route=%2Fwp%2Fv2%2Ftags&post=10630"}],"curies":[{"name":"wp","href":"https:\/\/api.w.org\/{rel}","templated":true}]}}