{"id":10638,"date":"2025-02-26T00:50:00","date_gmt":"2025-02-26T06:50:00","guid":{"rendered":"https:\/\/sanluisinforma.com\/?p=10638"},"modified":"2025-02-25T22:09:47","modified_gmt":"2025-02-26T04:09:47","slug":"el-8m-significa-sensibilizarnos-a-favor-de-las-mujeres","status":"publish","type":"post","link":"https:\/\/sanluisinforma.com\/?p=10638","title":{"rendered":"El 8M significa sensibilizarnos a favor de las mujeres"},"content":{"rendered":"\n<ul class=\"wp-block-list\">\n<li>El Gobierno de la Capital presenta el amplio programa para conmemorar el D\u00eda Internacional de la Mujer. La Presidenta del DIF Municipal, Estela Arriaga, en compa\u00f1\u00eda del la Regidora Magdalena Cisneros; la Secretaria T\u00e9cnica, Mar\u00eda Fernanda L\u00f3pez; la titular de la Instancia de las Mujeres, Martha Orta; la Directora de Turismo, Claudia Peralta y la Directora del DIF, Jessica Albarr\u00e1n; dio a conocer las conferencias magistrales con \u00c1ngeles Mastretta, Rigoberta Mench\u00fa, Adriana Mac\u00edas e In\u00e9s S\u00e1inz, que compartir\u00e1n sus experiencias con las potosinas.<\/li>\n<\/ul>\n\n\n\n<p><\/p>\n\n\n\n<p>Al presentar el programa de \u201c8M: Unidas somos m\u00e1s fuertes\u201d, con el que el Gobierno de la Capital conmemora el D\u00eda Internacional de la Mujer, la Presidenta del DIF Capitalino, Estela Arriaga M\u00e1rquez y el Alcalde de San Luis Potos\u00ed, Enrique Galindo Ceballos; resaltaron la relevancia de esta serie de eventos que tienen como objetivo empoderar a las mujeres potosinas y sensibilizar a la poblaci\u00f3n en su favor, con conferencias de personalidades destacadas y con grandes m\u00e9ritos en el \u00e1mbito nacional y mundial.<\/p>\n\n\n\n<p>El programa incluye cuatro conferencias gratuitas, entre las que sobresalen la que dar\u00e1 la periodista y escritora, \u00c1ngeles Mastretta, el 5 de marzo en Palacio Municipal a las 7 de la noche; el s\u00e1bado 8, estar\u00e1 la activista y Premio Nobel de la Paz 1992, Rigoberta Mench\u00fa, a las 11 de la ma\u00f1ana en el Centro Universitario Bicentenario y el s\u00e1bado 15, en ese mismo lugar y mismo horario estar\u00e1 la escritora Adriana Mac\u00edas; mientras que el 22 de marzo estar\u00e1 la periodista deportiva In\u00e9s Sainz en el Teatro de la Paz a las 11 de la ma\u00f1ana.<\/p>\n\n\n\n<p>En su intervenci\u00f3n, la Presidenta del Sistema DIF Municipal, Estela Arriaga M\u00e1rquez, puntualiz\u00f3 que adem\u00e1s de las cuatro conferencias magistrales, se realizar\u00e1 el c\u00edrculo de lectura \u201cMujeres y Palabras\u201d, el 4\u00ba Foro de la Mujer en Turismo, una \u201cExpo Mujeres\u201d en el Jard\u00edn Col\u00f3n, la puesta en escena \u201cLa Planfleter\u00eda\u201d, adem\u00e1s de clases masivas de yoga, spinning y ejercicio funcional, entre otros eventos. Tambi\u00e9n estuvieron en esta presentaci\u00f3n la Regidora que preside la Comisi\u00f3n de Atenci\u00f3n a las Mujeres, Luz Magdalena Cisneros; la Secretaria T\u00e9cnica del Ayuntamiento, Mar\u00eda Fernanda L\u00f3pez Hermosillo; la titular de la Instancia de las Mujeres, Martha Orta; la Directora de Turismo, Claudia Peralta y la Directora del DIF, Jessica Albarr\u00e1n.<\/p>\n\n\n\n<p>El Presidente Municipal Enrique Galindo resalt\u00f3 la coordinaci\u00f3n de diversas dependencias municipales lidereadas por el DIF de la Capital para realizar tambi\u00e9n diversas actividades culturales, deportivas, art\u00edsticas y tur\u00edsticas en eventos de calidad, por lo que hizo la invitaci\u00f3n a todo el p\u00fablico potosino \u201cpara disfrutar de este programa para sensibilizar a todas y todos, adem\u00e1s de sumarnos a la erradicaci\u00f3n de la violencia contra las mujeres con estrategias diarias y transversales\u201d.<\/p>\n","protected":false},"excerpt":{"rendered":"<p>Al presentar el programa de \u201c8M: Unidas somos m\u00e1s fuertes\u201d, con el que el Gobierno de la Capital conmemora el<\/p>\n","protected":false},"author":2,"featured_media":10639,"comment_status":"closed","ping_status":"closed","sticky":false,"template":"","format":"standard","meta":{"footnotes":""},"categories":[25,30],"tags":[],"class_list":["post-10638","post","type-post","status-publish","format-standard","has-post-thumbnail","hentry","category-local","category-portada"],"yoast_head":"<!-- This site is optimized with the Yoast SEO plugin v24.1 - https:\/\/yoast.com\/wordpress\/plugins\/seo\/ -->\n<title>El 8M significa sensibilizarnos a favor de las mujeres - sanluisinforma.com<\/title>\n<meta name=\"robots\" content=\"index, follow, max-snippet:-1, max-image-preview:large, max-video-preview:-1\" \/>\n<link rel=\"canonical\" href=\"https:\/\/sanluisinforma.com\/?p=10638\" \/>\n<meta property=\"og:locale\" content=\"es_MX\" \/>\n<meta property=\"og:type\" content=\"article\" \/>\n<meta property=\"og:title\" content=\"El 8M significa sensibilizarnos a favor de las mujeres - sanluisinforma.com\" \/>\n<meta property=\"og:description\" content=\"Al presentar el programa de \u201c8M: Unidas somos m\u00e1s fuertes\u201d, con el que el Gobierno de la Capital conmemora el\" \/>\n<meta property=\"og:url\" content=\"https:\/\/sanluisinforma.com\/?p=10638\" \/>\n<meta property=\"og:site_name\" content=\"sanluisinforma.com\" \/>\n<meta property=\"article:published_time\" content=\"2025-02-26T06:50:00+00:00\" \/>\n<meta property=\"article:modified_time\" content=\"2025-02-26T04:09:47+00:00\" \/>\n<meta property=\"og:image\" content=\"https:\/\/sanluisinforma.com\/wp-content\/uploads\/2025\/02\/89e70f1d-1a47-44a6-bc76-0e6ad8788ddc.jpg\" \/>\n\t<meta property=\"og:image:width\" content=\"480\" \/>\n\t<meta property=\"og:image:height\" content=\"600\" \/>\n\t<meta property=\"og:image:type\" content=\"image\/jpeg\" \/>\n<meta name=\"author\" content=\"sanluisinforma.com\" \/>\n<meta name=\"twitter:card\" content=\"summary_large_image\" \/>\n<meta name=\"twitter:label1\" content=\"Escrito por\" \/>\n\t<meta name=\"twitter:data1\" content=\"sanluisinforma.com\" \/>\n\t<meta name=\"twitter:label2\" content=\"Tiempo de lectura\" \/>\n\t<meta name=\"twitter:data2\" content=\"3 minutos\" \/>\n<script type=\"application\/ld+json\" class=\"yoast-schema-graph\">{\"@context\":\"https:\/\/schema.org\",\"@graph\":[{\"@type\":\"Article\",\"@id\":\"https:\/\/sanluisinforma.com\/?p=10638#article\",\"isPartOf\":{\"@id\":\"https:\/\/sanluisinforma.com\/?p=10638\"},\"author\":{\"name\":\"sanluisinforma.com\",\"@id\":\"https:\/\/sanluisinforma.com\/#\/schema\/person\/c30648f71476be533b6f59d092905c8b\"},\"headline\":\"El 8M significa sensibilizarnos a favor de las mujeres\",\"datePublished\":\"2025-02-26T06:50:00+00:00\",\"dateModified\":\"2025-02-26T04:09:47+00:00\",\"mainEntityOfPage\":{\"@id\":\"https:\/\/sanluisinforma.com\/?p=10638\"},\"wordCount\":495,\"publisher\":{\"@id\":\"https:\/\/sanluisinforma.com\/#organization\"},\"image\":{\"@id\":\"https:\/\/sanluisinforma.com\/?p=10638#primaryimage\"},\"thumbnailUrl\":\"https:\/\/sanluisinforma.com\/wp-content\/uploads\/2025\/02\/89e70f1d-1a47-44a6-bc76-0e6ad8788ddc.jpg\",\"articleSection\":[\"Local\",\"Portada\"],\"inLanguage\":\"es\"},{\"@type\":\"WebPage\",\"@id\":\"https:\/\/sanluisinforma.com\/?p=10638\",\"url\":\"https:\/\/sanluisinforma.com\/?p=10638\",\"name\":\"El 8M significa sensibilizarnos a favor de las mujeres - sanluisinforma.com\",\"isPartOf\":{\"@id\":\"https:\/\/sanluisinforma.com\/#website\"},\"primaryImageOfPage\":{\"@id\":\"https:\/\/sanluisinforma.com\/?p=10638#primaryimage\"},\"image\":{\"@id\":\"https:\/\/sanluisinforma.com\/?p=10638#primaryimage\"},\"thumbnailUrl\":\"https:\/\/sanluisinforma.com\/wp-content\/uploads\/2025\/02\/89e70f1d-1a47-44a6-bc76-0e6ad8788ddc.jpg\",\"datePublished\":\"2025-02-26T06:50:00+00:00\",\"dateModified\":\"2025-02-26T04:09:47+00:00\",\"breadcrumb\":{\"@id\":\"https:\/\/sanluisinforma.com\/?p=10638#breadcrumb\"},\"inLanguage\":\"es\",\"potentialAction\":[{\"@type\":\"ReadAction\",\"target\":[\"https:\/\/sanluisinforma.com\/?p=10638\"]}]},{\"@type\":\"ImageObject\",\"inLanguage\":\"es\",\"@id\":\"https:\/\/sanluisinforma.com\/?p=10638#primaryimage\",\"url\":\"https:\/\/sanluisinforma.com\/wp-content\/uploads\/2025\/02\/89e70f1d-1a47-44a6-bc76-0e6ad8788ddc.jpg\",\"contentUrl\":\"https:\/\/sanluisinforma.com\/wp-content\/uploads\/2025\/02\/89e70f1d-1a47-44a6-bc76-0e6ad8788ddc.jpg\",\"width\":480,\"height\":600},{\"@type\":\"BreadcrumbList\",\"@id\":\"https:\/\/sanluisinforma.com\/?p=10638#breadcrumb\",\"itemListElement\":[{\"@type\":\"ListItem\",\"position\":1,\"name\":\"Inicio\",\"item\":\"https:\/\/sanluisinforma.com\/\"},{\"@type\":\"ListItem\",\"position\":2,\"name\":\"El 8M significa sensibilizarnos a favor de las mujeres\"}]},{\"@type\":\"WebSite\",\"@id\":\"https:\/\/sanluisinforma.com\/#website\",\"url\":\"https:\/\/sanluisinforma.com\/\",\"name\":\"sanluisinforma.com\",\"description\":\"Periodico San Luis Informa\",\"publisher\":{\"@id\":\"https:\/\/sanluisinforma.com\/#organization\"},\"potentialAction\":[{\"@type\":\"SearchAction\",\"target\":{\"@type\":\"EntryPoint\",\"urlTemplate\":\"https:\/\/sanluisinforma.com\/?s={search_term_string}\"},\"query-input\":{\"@type\":\"PropertyValueSpecification\",\"valueRequired\":true,\"valueName\":\"search_term_string\"}}],\"inLanguage\":\"es\"},{\"@type\":\"Organization\",\"@id\":\"https:\/\/sanluisinforma.com\/#organization\",\"name\":\"sanluisinforma.com\",\"url\":\"https:\/\/sanluisinforma.com\/\",\"logo\":{\"@type\":\"ImageObject\",\"inLanguage\":\"es\",\"@id\":\"https:\/\/sanluisinforma.com\/#\/schema\/logo\/image\/\",\"url\":\"https:\/\/sanluisinforma.com\/wp-content\/uploads\/2026\/03\/sanluisinforma-V.jpg\",\"contentUrl\":\"https:\/\/sanluisinforma.com\/wp-content\/uploads\/2026\/03\/sanluisinforma-V.jpg\",\"width\":500,\"height\":156,\"caption\":\"sanluisinforma.com\"},\"image\":{\"@id\":\"https:\/\/sanluisinforma.com\/#\/schema\/logo\/image\/\"}},{\"@type\":\"Person\",\"@id\":\"https:\/\/sanluisinforma.com\/#\/schema\/person\/c30648f71476be533b6f59d092905c8b\",\"name\":\"sanluisinforma.com\",\"image\":{\"@type\":\"ImageObject\",\"inLanguage\":\"es\",\"@id\":\"https:\/\/sanluisinforma.com\/#\/schema\/person\/image\/\",\"url\":\"https:\/\/secure.gravatar.com\/avatar\/86e3114e34a1eecefb963e0a02f0093f93b092dddb2fe1517596343751081a87?s=96&d=mm&r=g\",\"contentUrl\":\"https:\/\/secure.gravatar.com\/avatar\/86e3114e34a1eecefb963e0a02f0093f93b092dddb2fe1517596343751081a87?s=96&d=mm&r=g\",\"caption\":\"sanluisinforma.com\"},\"url\":\"https:\/\/sanluisinforma.com\/?author=2\"}]}<\/script>\n<!-- \/ Yoast SEO plugin. -->","yoast_head_json":{"title":"El 8M significa sensibilizarnos a favor de las mujeres - sanluisinforma.com","robots":{"index":"index","follow":"follow","max-snippet":"max-snippet:-1","max-image-preview":"max-image-preview:large","max-video-preview":"max-video-preview:-1"},"canonical":"https:\/\/sanluisinforma.com\/?p=10638","og_locale":"es_MX","og_type":"article","og_title":"El 8M significa sensibilizarnos a favor de las mujeres - sanluisinforma.com","og_description":"Al presentar el programa de \u201c8M: Unidas somos m\u00e1s fuertes\u201d, con el que el Gobierno de la Capital conmemora el","og_url":"https:\/\/sanluisinforma.com\/?p=10638","og_site_name":"sanluisinforma.com","article_published_time":"2025-02-26T06:50:00+00:00","article_modified_time":"2025-02-26T04:09:47+00:00","og_image":[{"width":480,"height":600,"url":"https:\/\/sanluisinforma.com\/wp-content\/uploads\/2025\/02\/89e70f1d-1a47-44a6-bc76-0e6ad8788ddc.jpg","type":"image\/jpeg"}],"author":"sanluisinforma.com","twitter_card":"summary_large_image","twitter_misc":{"Escrito por":"sanluisinforma.com","Tiempo de lectura":"3 minutos"},"schema":{"@context":"https:\/\/schema.org","@graph":[{"@type":"Article","@id":"https:\/\/sanluisinforma.com\/?p=10638#article","isPartOf":{"@id":"https:\/\/sanluisinforma.com\/?p=10638"},"author":{"name":"sanluisinforma.com","@id":"https:\/\/sanluisinforma.com\/#\/schema\/person\/c30648f71476be533b6f59d092905c8b"},"headline":"El 8M significa sensibilizarnos a favor de las mujeres","datePublished":"2025-02-26T06:50:00+00:00","dateModified":"2025-02-26T04:09:47+00:00","mainEntityOfPage":{"@id":"https:\/\/sanluisinforma.com\/?p=10638"},"wordCount":495,"publisher":{"@id":"https:\/\/sanluisinforma.com\/#organization"},"image":{"@id":"https:\/\/sanluisinforma.com\/?p=10638#primaryimage"},"thumbnailUrl":"https:\/\/sanluisinforma.com\/wp-content\/uploads\/2025\/02\/89e70f1d-1a47-44a6-bc76-0e6ad8788ddc.jpg","articleSection":["Local","Portada"],"inLanguage":"es"},{"@type":"WebPage","@id":"https:\/\/sanluisinforma.com\/?p=10638","url":"https:\/\/sanluisinforma.com\/?p=10638","name":"El 8M significa sensibilizarnos a favor de las mujeres - sanluisinforma.com","isPartOf":{"@id":"https:\/\/sanluisinforma.com\/#website"},"primaryImageOfPage":{"@id":"https:\/\/sanluisinforma.com\/?p=10638#primaryimage"},"image":{"@id":"https:\/\/sanluisinforma.com\/?p=10638#primaryimage"},"thumbnailUrl":"https:\/\/sanluisinforma.com\/wp-content\/uploads\/2025\/02\/89e70f1d-1a47-44a6-bc76-0e6ad8788ddc.jpg","datePublished":"2025-02-26T06:50:00+00:00","dateModified":"2025-02-26T04:09:47+00:00","breadcrumb":{"@id":"https:\/\/sanluisinforma.com\/?p=10638#breadcrumb"},"inLanguage":"es","potentialAction":[{"@type":"ReadAction","target":["https:\/\/sanluisinforma.com\/?p=10638"]}]},{"@type":"ImageObject","inLanguage":"es","@id":"https:\/\/sanluisinforma.com\/?p=10638#primaryimage","url":"https:\/\/sanluisinforma.com\/wp-content\/uploads\/2025\/02\/89e70f1d-1a47-44a6-bc76-0e6ad8788ddc.jpg","contentUrl":"https:\/\/sanluisinforma.com\/wp-content\/uploads\/2025\/02\/89e70f1d-1a47-44a6-bc76-0e6ad8788ddc.jpg","width":480,"height":600},{"@type":"BreadcrumbList","@id":"https:\/\/sanluisinforma.com\/?p=10638#breadcrumb","itemListElement":[{"@type":"ListItem","position":1,"name":"Inicio","item":"https:\/\/sanluisinforma.com\/"},{"@type":"ListItem","position":2,"name":"El 8M significa sensibilizarnos a favor de las mujeres"}]},{"@type":"WebSite","@id":"https:\/\/sanluisinforma.com\/#website","url":"https:\/\/sanluisinforma.com\/","name":"sanluisinforma.com","description":"Periodico San Luis Informa","publisher":{"@id":"https:\/\/sanluisinforma.com\/#organization"},"potentialAction":[{"@type":"SearchAction","target":{"@type":"EntryPoint","urlTemplate":"https:\/\/sanluisinforma.com\/?s={search_term_string}"},"query-input":{"@type":"PropertyValueSpecification","valueRequired":true,"valueName":"search_term_string"}}],"inLanguage":"es"},{"@type":"Organization","@id":"https:\/\/sanluisinforma.com\/#organization","name":"sanluisinforma.com","url":"https:\/\/sanluisinforma.com\/","logo":{"@type":"ImageObject","inLanguage":"es","@id":"https:\/\/sanluisinforma.com\/#\/schema\/logo\/image\/","url":"https:\/\/sanluisinforma.com\/wp-content\/uploads\/2026\/03\/sanluisinforma-V.jpg","contentUrl":"https:\/\/sanluisinforma.com\/wp-content\/uploads\/2026\/03\/sanluisinforma-V.jpg","width":500,"height":156,"caption":"sanluisinforma.com"},"image":{"@id":"https:\/\/sanluisinforma.com\/#\/schema\/logo\/image\/"}},{"@type":"Person","@id":"https:\/\/sanluisinforma.com\/#\/schema\/person\/c30648f71476be533b6f59d092905c8b","name":"sanluisinforma.com","image":{"@type":"ImageObject","inLanguage":"es","@id":"https:\/\/sanluisinforma.com\/#\/schema\/person\/image\/","url":"https:\/\/secure.gravatar.com\/avatar\/86e3114e34a1eecefb963e0a02f0093f93b092dddb2fe1517596343751081a87?s=96&d=mm&r=g","contentUrl":"https:\/\/secure.gravatar.com\/avatar\/86e3114e34a1eecefb963e0a02f0093f93b092dddb2fe1517596343751081a87?s=96&d=mm&r=g","caption":"sanluisinforma.com"},"url":"https:\/\/sanluisinforma.com\/?author=2"}]}},"_links":{"self":[{"href":"https:\/\/sanluisinforma.com\/index.php?rest_route=\/wp\/v2\/posts\/10638","targetHints":{"allow":["GET"]}}],"collection":[{"href":"https:\/\/sanluisinforma.com\/index.php?rest_route=\/wp\/v2\/posts"}],"about":[{"href":"https:\/\/sanluisinforma.com\/index.php?rest_route=\/wp\/v2\/types\/post"}],"author":[{"embeddable":true,"href":"https:\/\/sanluisinforma.com\/index.php?rest_route=\/wp\/v2\/users\/2"}],"replies":[{"embeddable":true,"href":"https:\/\/sanluisinforma.com\/index.php?rest_route=%2Fwp%2Fv2%2Fcomments&post=10638"}],"version-history":[{"count":1,"href":"https:\/\/sanluisinforma.com\/index.php?rest_route=\/wp\/v2\/posts\/10638\/revisions"}],"predecessor-version":[{"id":10640,"href":"https:\/\/sanluisinforma.com\/index.php?rest_route=\/wp\/v2\/posts\/10638\/revisions\/10640"}],"wp:featuredmedia":[{"embeddable":true,"href":"https:\/\/sanluisinforma.com\/index.php?rest_route=\/wp\/v2\/media\/10639"}],"wp:attachment":[{"href":"https:\/\/sanluisinforma.com\/index.php?rest_route=%2Fwp%2Fv2%2Fmedia&parent=10638"}],"wp:term":[{"taxonomy":"category","embeddable":true,"href":"https:\/\/sanluisinforma.com\/index.php?rest_route=%2Fwp%2Fv2%2Fcategories&post=10638"},{"taxonomy":"post_tag","embeddable":true,"href":"https:\/\/sanluisinforma.com\/index.php?rest_route=%2Fwp%2Fv2%2Ftags&post=10638"}],"curies":[{"name":"wp","href":"https:\/\/api.w.org\/{rel}","templated":true}]}}