{"id":10641,"date":"2025-02-26T00:45:00","date_gmt":"2025-02-26T06:45:00","guid":{"rendered":"https:\/\/sanluisinforma.com\/?p=10641"},"modified":"2025-02-25T22:12:55","modified_gmt":"2025-02-26T04:12:55","slug":"sistema-infantil-municipal-sesiona-en-el-congreso-del-estado","status":"publish","type":"post","link":"https:\/\/sanluisinforma.com\/?p=10641","title":{"rendered":"Sistema Infantil Municipal sesiona en el Congreso del Estado"},"content":{"rendered":"\n<ul class=\"wp-block-list\">\n<li>La Primera Sesi\u00f3n, realizada en el Sal\u00f3n \u201cManuel G\u00f3mez Mor\u00edn\u201d del Poder Legislativo, fue presidida por la Diputada Mireya Vancini, Presidenta de la Comisi\u00f3n de Ni\u00f1ez y Juventud del Congreso Estatal, el Alcalde Enrique Galindo y la Presidenta del DIF, Estela Arriaga.<\/li>\n\n\n\n<li>Los menores de edad que integran Simpinna orientan las pol\u00edticas, las acciones\u00a0 y los programas municipales.<\/li>\n<\/ul>\n\n\n\n<p><\/p>\n\n\n\n<p>SLP.- Este martes, en el auditorio Manuel G\u00f3mez Mor\u00edn del Congreso del Estado, se llev\u00f3 a cabo la primera sesi\u00f3n del Sistema Municipal para la Protecci\u00f3n Integral de Ni\u00f1as, Ni\u00f1os y Adolescentes (Simpinna) de San Luis Potos\u00ed, encabezada por la Diputada Mireya Vancini Villanueva, Presidenta de la Comisi\u00f3n de Ni\u00f1ez, Juventud y Deporte del Poder Legislativo Estatal; el Diputado Marcelino Rivera Hern\u00e1ndez; el Alcalde Enrique Galindo Ceballos y la Presidenta del DIF Capitalino, Estela Arriaga M\u00e1rquez.<\/p>\n\n\n\n<p>Estela Arriaga, Vicepresidenta del Simpinna, llam\u00f3 a los integrantes a trabajar, mediante el di\u00e1logo y la acci\u00f3n para garantizar el bienestar y la protecci\u00f3n de la infancia y adolescencia en la Capital. Por su parte, el Alcalde Enrique Galindo, Presidente de Simpinna, agradeci\u00f3 a las y los ni\u00f1os, ni\u00f1as y adolescentes que participan en este Sistema Municipal como vocales, quienes presentaron ideas muy importantes enfocadas en medio ambiente, seguridad, arte y deporte.<\/p>\n\n\n\n<p>La Diputada Mireya Vancini Villanueva, Presidenta de la Comisi\u00f3n de Ni\u00f1ez y Juventud del Congreso Estatal, destac\u00f3 la importancia de atender a este sector, con normatividad que los proteja y que les permita seguir con bienestar en el desarrollo de su vida.<\/p>\n\n\n\n<p>Durante la sesi\u00f3n se expusieron diez propuestas de ni\u00f1as, ni\u00f1os y adolescentes del Simpinna, enfocadas en los temas primordiales. El Alcalde Enrique Galindo instruy\u00f3 a las instancias municipales involucradas a presentar avances en las propuestas hechas por los vocales menores de edad.<\/p>\n","protected":false},"excerpt":{"rendered":"<p>SLP.- Este martes, en el auditorio Manuel G\u00f3mez Mor\u00edn del Congreso del Estado, se llev\u00f3 a cabo la primera sesi\u00f3n<\/p>\n","protected":false},"author":2,"featured_media":10642,"comment_status":"closed","ping_status":"closed","sticky":false,"template":"","format":"standard","meta":{"footnotes":""},"categories":[25,30],"tags":[],"class_list":["post-10641","post","type-post","status-publish","format-standard","has-post-thumbnail","hentry","category-local","category-portada"],"yoast_head":"<!-- This site is optimized with the Yoast SEO plugin v24.1 - https:\/\/yoast.com\/wordpress\/plugins\/seo\/ -->\n<title>Sistema Infantil Municipal sesiona en el Congreso del Estado - sanluisinforma.com<\/title>\n<meta name=\"robots\" content=\"index, follow, max-snippet:-1, max-image-preview:large, max-video-preview:-1\" \/>\n<link rel=\"canonical\" href=\"https:\/\/sanluisinforma.com\/?p=10641\" \/>\n<meta property=\"og:locale\" content=\"es_MX\" \/>\n<meta property=\"og:type\" content=\"article\" \/>\n<meta property=\"og:title\" content=\"Sistema Infantil Municipal sesiona en el Congreso del Estado - sanluisinforma.com\" \/>\n<meta property=\"og:description\" content=\"SLP.- Este martes, en el auditorio Manuel G\u00f3mez Mor\u00edn del Congreso del Estado, se llev\u00f3 a cabo la primera sesi\u00f3n\" \/>\n<meta property=\"og:url\" content=\"https:\/\/sanluisinforma.com\/?p=10641\" \/>\n<meta property=\"og:site_name\" content=\"sanluisinforma.com\" \/>\n<meta property=\"article:published_time\" content=\"2025-02-26T06:45:00+00:00\" \/>\n<meta property=\"article:modified_time\" content=\"2025-02-26T04:12:55+00:00\" \/>\n<meta property=\"og:image\" content=\"https:\/\/sanluisinforma.com\/wp-content\/uploads\/2025\/02\/c9e845fe-aeee-4495-9904-17b40de6d053.jpg\" \/>\n\t<meta property=\"og:image:width\" content=\"480\" \/>\n\t<meta property=\"og:image:height\" content=\"319\" \/>\n\t<meta property=\"og:image:type\" content=\"image\/jpeg\" \/>\n<meta name=\"author\" content=\"sanluisinforma.com\" \/>\n<meta name=\"twitter:card\" content=\"summary_large_image\" \/>\n<meta name=\"twitter:label1\" content=\"Escrito por\" \/>\n\t<meta name=\"twitter:data1\" content=\"sanluisinforma.com\" \/>\n\t<meta name=\"twitter:label2\" content=\"Tiempo de lectura\" \/>\n\t<meta name=\"twitter:data2\" content=\"2 minutos\" \/>\n<script type=\"application\/ld+json\" class=\"yoast-schema-graph\">{\"@context\":\"https:\/\/schema.org\",\"@graph\":[{\"@type\":\"Article\",\"@id\":\"https:\/\/sanluisinforma.com\/?p=10641#article\",\"isPartOf\":{\"@id\":\"https:\/\/sanluisinforma.com\/?p=10641\"},\"author\":{\"name\":\"sanluisinforma.com\",\"@id\":\"https:\/\/sanluisinforma.com\/#\/schema\/person\/c30648f71476be533b6f59d092905c8b\"},\"headline\":\"Sistema Infantil Municipal sesiona en el Congreso del Estado\",\"datePublished\":\"2025-02-26T06:45:00+00:00\",\"dateModified\":\"2025-02-26T04:12:55+00:00\",\"mainEntityOfPage\":{\"@id\":\"https:\/\/sanluisinforma.com\/?p=10641\"},\"wordCount\":327,\"publisher\":{\"@id\":\"https:\/\/sanluisinforma.com\/#organization\"},\"image\":{\"@id\":\"https:\/\/sanluisinforma.com\/?p=10641#primaryimage\"},\"thumbnailUrl\":\"https:\/\/sanluisinforma.com\/wp-content\/uploads\/2025\/02\/c9e845fe-aeee-4495-9904-17b40de6d053.jpg\",\"articleSection\":[\"Local\",\"Portada\"],\"inLanguage\":\"es\"},{\"@type\":\"WebPage\",\"@id\":\"https:\/\/sanluisinforma.com\/?p=10641\",\"url\":\"https:\/\/sanluisinforma.com\/?p=10641\",\"name\":\"Sistema Infantil Municipal sesiona en el Congreso del Estado - sanluisinforma.com\",\"isPartOf\":{\"@id\":\"https:\/\/sanluisinforma.com\/#website\"},\"primaryImageOfPage\":{\"@id\":\"https:\/\/sanluisinforma.com\/?p=10641#primaryimage\"},\"image\":{\"@id\":\"https:\/\/sanluisinforma.com\/?p=10641#primaryimage\"},\"thumbnailUrl\":\"https:\/\/sanluisinforma.com\/wp-content\/uploads\/2025\/02\/c9e845fe-aeee-4495-9904-17b40de6d053.jpg\",\"datePublished\":\"2025-02-26T06:45:00+00:00\",\"dateModified\":\"2025-02-26T04:12:55+00:00\",\"breadcrumb\":{\"@id\":\"https:\/\/sanluisinforma.com\/?p=10641#breadcrumb\"},\"inLanguage\":\"es\",\"potentialAction\":[{\"@type\":\"ReadAction\",\"target\":[\"https:\/\/sanluisinforma.com\/?p=10641\"]}]},{\"@type\":\"ImageObject\",\"inLanguage\":\"es\",\"@id\":\"https:\/\/sanluisinforma.com\/?p=10641#primaryimage\",\"url\":\"https:\/\/sanluisinforma.com\/wp-content\/uploads\/2025\/02\/c9e845fe-aeee-4495-9904-17b40de6d053.jpg\",\"contentUrl\":\"https:\/\/sanluisinforma.com\/wp-content\/uploads\/2025\/02\/c9e845fe-aeee-4495-9904-17b40de6d053.jpg\",\"width\":480,\"height\":319},{\"@type\":\"BreadcrumbList\",\"@id\":\"https:\/\/sanluisinforma.com\/?p=10641#breadcrumb\",\"itemListElement\":[{\"@type\":\"ListItem\",\"position\":1,\"name\":\"Inicio\",\"item\":\"https:\/\/sanluisinforma.com\/\"},{\"@type\":\"ListItem\",\"position\":2,\"name\":\"Sistema Infantil Municipal sesiona en el Congreso del Estado\"}]},{\"@type\":\"WebSite\",\"@id\":\"https:\/\/sanluisinforma.com\/#website\",\"url\":\"https:\/\/sanluisinforma.com\/\",\"name\":\"sanluisinforma.com\",\"description\":\"Periodico San Luis Informa\",\"publisher\":{\"@id\":\"https:\/\/sanluisinforma.com\/#organization\"},\"potentialAction\":[{\"@type\":\"SearchAction\",\"target\":{\"@type\":\"EntryPoint\",\"urlTemplate\":\"https:\/\/sanluisinforma.com\/?s={search_term_string}\"},\"query-input\":{\"@type\":\"PropertyValueSpecification\",\"valueRequired\":true,\"valueName\":\"search_term_string\"}}],\"inLanguage\":\"es\"},{\"@type\":\"Organization\",\"@id\":\"https:\/\/sanluisinforma.com\/#organization\",\"name\":\"sanluisinforma.com\",\"url\":\"https:\/\/sanluisinforma.com\/\",\"logo\":{\"@type\":\"ImageObject\",\"inLanguage\":\"es\",\"@id\":\"https:\/\/sanluisinforma.com\/#\/schema\/logo\/image\/\",\"url\":\"https:\/\/sanluisinforma.com\/wp-content\/uploads\/2026\/03\/sanluisinforma-V.jpg\",\"contentUrl\":\"https:\/\/sanluisinforma.com\/wp-content\/uploads\/2026\/03\/sanluisinforma-V.jpg\",\"width\":500,\"height\":156,\"caption\":\"sanluisinforma.com\"},\"image\":{\"@id\":\"https:\/\/sanluisinforma.com\/#\/schema\/logo\/image\/\"}},{\"@type\":\"Person\",\"@id\":\"https:\/\/sanluisinforma.com\/#\/schema\/person\/c30648f71476be533b6f59d092905c8b\",\"name\":\"sanluisinforma.com\",\"image\":{\"@type\":\"ImageObject\",\"inLanguage\":\"es\",\"@id\":\"https:\/\/sanluisinforma.com\/#\/schema\/person\/image\/\",\"url\":\"https:\/\/secure.gravatar.com\/avatar\/86e3114e34a1eecefb963e0a02f0093f93b092dddb2fe1517596343751081a87?s=96&d=mm&r=g\",\"contentUrl\":\"https:\/\/secure.gravatar.com\/avatar\/86e3114e34a1eecefb963e0a02f0093f93b092dddb2fe1517596343751081a87?s=96&d=mm&r=g\",\"caption\":\"sanluisinforma.com\"},\"url\":\"https:\/\/sanluisinforma.com\/?author=2\"}]}<\/script>\n<!-- \/ Yoast SEO plugin. -->","yoast_head_json":{"title":"Sistema Infantil Municipal sesiona en el Congreso del Estado - sanluisinforma.com","robots":{"index":"index","follow":"follow","max-snippet":"max-snippet:-1","max-image-preview":"max-image-preview:large","max-video-preview":"max-video-preview:-1"},"canonical":"https:\/\/sanluisinforma.com\/?p=10641","og_locale":"es_MX","og_type":"article","og_title":"Sistema Infantil Municipal sesiona en el Congreso del Estado - sanluisinforma.com","og_description":"SLP.- Este martes, en el auditorio Manuel G\u00f3mez Mor\u00edn del Congreso del Estado, se llev\u00f3 a cabo la primera sesi\u00f3n","og_url":"https:\/\/sanluisinforma.com\/?p=10641","og_site_name":"sanluisinforma.com","article_published_time":"2025-02-26T06:45:00+00:00","article_modified_time":"2025-02-26T04:12:55+00:00","og_image":[{"width":480,"height":319,"url":"https:\/\/sanluisinforma.com\/wp-content\/uploads\/2025\/02\/c9e845fe-aeee-4495-9904-17b40de6d053.jpg","type":"image\/jpeg"}],"author":"sanluisinforma.com","twitter_card":"summary_large_image","twitter_misc":{"Escrito por":"sanluisinforma.com","Tiempo de lectura":"2 minutos"},"schema":{"@context":"https:\/\/schema.org","@graph":[{"@type":"Article","@id":"https:\/\/sanluisinforma.com\/?p=10641#article","isPartOf":{"@id":"https:\/\/sanluisinforma.com\/?p=10641"},"author":{"name":"sanluisinforma.com","@id":"https:\/\/sanluisinforma.com\/#\/schema\/person\/c30648f71476be533b6f59d092905c8b"},"headline":"Sistema Infantil Municipal sesiona en el Congreso del Estado","datePublished":"2025-02-26T06:45:00+00:00","dateModified":"2025-02-26T04:12:55+00:00","mainEntityOfPage":{"@id":"https:\/\/sanluisinforma.com\/?p=10641"},"wordCount":327,"publisher":{"@id":"https:\/\/sanluisinforma.com\/#organization"},"image":{"@id":"https:\/\/sanluisinforma.com\/?p=10641#primaryimage"},"thumbnailUrl":"https:\/\/sanluisinforma.com\/wp-content\/uploads\/2025\/02\/c9e845fe-aeee-4495-9904-17b40de6d053.jpg","articleSection":["Local","Portada"],"inLanguage":"es"},{"@type":"WebPage","@id":"https:\/\/sanluisinforma.com\/?p=10641","url":"https:\/\/sanluisinforma.com\/?p=10641","name":"Sistema Infantil Municipal sesiona en el Congreso del Estado - sanluisinforma.com","isPartOf":{"@id":"https:\/\/sanluisinforma.com\/#website"},"primaryImageOfPage":{"@id":"https:\/\/sanluisinforma.com\/?p=10641#primaryimage"},"image":{"@id":"https:\/\/sanluisinforma.com\/?p=10641#primaryimage"},"thumbnailUrl":"https:\/\/sanluisinforma.com\/wp-content\/uploads\/2025\/02\/c9e845fe-aeee-4495-9904-17b40de6d053.jpg","datePublished":"2025-02-26T06:45:00+00:00","dateModified":"2025-02-26T04:12:55+00:00","breadcrumb":{"@id":"https:\/\/sanluisinforma.com\/?p=10641#breadcrumb"},"inLanguage":"es","potentialAction":[{"@type":"ReadAction","target":["https:\/\/sanluisinforma.com\/?p=10641"]}]},{"@type":"ImageObject","inLanguage":"es","@id":"https:\/\/sanluisinforma.com\/?p=10641#primaryimage","url":"https:\/\/sanluisinforma.com\/wp-content\/uploads\/2025\/02\/c9e845fe-aeee-4495-9904-17b40de6d053.jpg","contentUrl":"https:\/\/sanluisinforma.com\/wp-content\/uploads\/2025\/02\/c9e845fe-aeee-4495-9904-17b40de6d053.jpg","width":480,"height":319},{"@type":"BreadcrumbList","@id":"https:\/\/sanluisinforma.com\/?p=10641#breadcrumb","itemListElement":[{"@type":"ListItem","position":1,"name":"Inicio","item":"https:\/\/sanluisinforma.com\/"},{"@type":"ListItem","position":2,"name":"Sistema Infantil Municipal sesiona en el Congreso del Estado"}]},{"@type":"WebSite","@id":"https:\/\/sanluisinforma.com\/#website","url":"https:\/\/sanluisinforma.com\/","name":"sanluisinforma.com","description":"Periodico San Luis Informa","publisher":{"@id":"https:\/\/sanluisinforma.com\/#organization"},"potentialAction":[{"@type":"SearchAction","target":{"@type":"EntryPoint","urlTemplate":"https:\/\/sanluisinforma.com\/?s={search_term_string}"},"query-input":{"@type":"PropertyValueSpecification","valueRequired":true,"valueName":"search_term_string"}}],"inLanguage":"es"},{"@type":"Organization","@id":"https:\/\/sanluisinforma.com\/#organization","name":"sanluisinforma.com","url":"https:\/\/sanluisinforma.com\/","logo":{"@type":"ImageObject","inLanguage":"es","@id":"https:\/\/sanluisinforma.com\/#\/schema\/logo\/image\/","url":"https:\/\/sanluisinforma.com\/wp-content\/uploads\/2026\/03\/sanluisinforma-V.jpg","contentUrl":"https:\/\/sanluisinforma.com\/wp-content\/uploads\/2026\/03\/sanluisinforma-V.jpg","width":500,"height":156,"caption":"sanluisinforma.com"},"image":{"@id":"https:\/\/sanluisinforma.com\/#\/schema\/logo\/image\/"}},{"@type":"Person","@id":"https:\/\/sanluisinforma.com\/#\/schema\/person\/c30648f71476be533b6f59d092905c8b","name":"sanluisinforma.com","image":{"@type":"ImageObject","inLanguage":"es","@id":"https:\/\/sanluisinforma.com\/#\/schema\/person\/image\/","url":"https:\/\/secure.gravatar.com\/avatar\/86e3114e34a1eecefb963e0a02f0093f93b092dddb2fe1517596343751081a87?s=96&d=mm&r=g","contentUrl":"https:\/\/secure.gravatar.com\/avatar\/86e3114e34a1eecefb963e0a02f0093f93b092dddb2fe1517596343751081a87?s=96&d=mm&r=g","caption":"sanluisinforma.com"},"url":"https:\/\/sanluisinforma.com\/?author=2"}]}},"_links":{"self":[{"href":"https:\/\/sanluisinforma.com\/index.php?rest_route=\/wp\/v2\/posts\/10641","targetHints":{"allow":["GET"]}}],"collection":[{"href":"https:\/\/sanluisinforma.com\/index.php?rest_route=\/wp\/v2\/posts"}],"about":[{"href":"https:\/\/sanluisinforma.com\/index.php?rest_route=\/wp\/v2\/types\/post"}],"author":[{"embeddable":true,"href":"https:\/\/sanluisinforma.com\/index.php?rest_route=\/wp\/v2\/users\/2"}],"replies":[{"embeddable":true,"href":"https:\/\/sanluisinforma.com\/index.php?rest_route=%2Fwp%2Fv2%2Fcomments&post=10641"}],"version-history":[{"count":1,"href":"https:\/\/sanluisinforma.com\/index.php?rest_route=\/wp\/v2\/posts\/10641\/revisions"}],"predecessor-version":[{"id":10643,"href":"https:\/\/sanluisinforma.com\/index.php?rest_route=\/wp\/v2\/posts\/10641\/revisions\/10643"}],"wp:featuredmedia":[{"embeddable":true,"href":"https:\/\/sanluisinforma.com\/index.php?rest_route=\/wp\/v2\/media\/10642"}],"wp:attachment":[{"href":"https:\/\/sanluisinforma.com\/index.php?rest_route=%2Fwp%2Fv2%2Fmedia&parent=10641"}],"wp:term":[{"taxonomy":"category","embeddable":true,"href":"https:\/\/sanluisinforma.com\/index.php?rest_route=%2Fwp%2Fv2%2Fcategories&post=10641"},{"taxonomy":"post_tag","embeddable":true,"href":"https:\/\/sanluisinforma.com\/index.php?rest_route=%2Fwp%2Fv2%2Ftags&post=10641"}],"curies":[{"name":"wp","href":"https:\/\/api.w.org\/{rel}","templated":true}]}}