{"id":10651,"date":"2025-02-27T00:58:00","date_gmt":"2025-02-27T06:58:00","guid":{"rendered":"https:\/\/sanluisinforma.com\/?p=10651"},"modified":"2025-02-26T22:50:26","modified_gmt":"2025-02-27T04:50:26","slug":"ricardo-gallardo-encabeza-ceremonia-de-ampliacion-de-continental-tires-en-slp","status":"publish","type":"post","link":"https:\/\/sanluisinforma.com\/?p=10651","title":{"rendered":"Ricardo Gallardo encabeza Ceremonia de Ampliaci\u00f3n de Continental Tires en SLP"},"content":{"rendered":"\n<p><\/p>\n\n\n\n<p>Gobernador del Estado agradeci\u00f3 la confianza en San Luis Potos\u00ed para la ampliaci\u00f3n de operaciones y la inauguraci\u00f3n de \u00e1reas productivas<\/p>\n\n\n\n<p>Durante el inicio de ampliaci\u00f3n e inauguraci\u00f3n de \u00e1reas productivas de Continental Tires, el Gobernador de San Luis Potos\u00ed, Ricardo Gallardo, resalt\u00f3 la confianza del corporativo en San Luis Potos\u00ed y en la fuerza laboral de las y los potosinos, para seguir creciendo, y contribuir en la consolidaci\u00f3n del Estado como uno de los mayores receptores de Inversi\u00f3n Extranjera Directa (IED), que acerca m\u00e1s apoyo a las familias.<\/p>\n\n\n\n<p>Ante personas trabajadoras y acompa\u00f1ado por directivos de la planta, el Mandatario Estatal dijo que su ampliaci\u00f3n es un reflejo del San Luis Potos\u00ed pujante y competitivo, que, aunado a la confianza de grandes empresas, confirma que va por el camino correcto; y record\u00f3 que, en tres a\u00f1os, el Estado ha recibido inversiones por m\u00e1s de ocho mil 300 millones de d\u00f3lares, lo equivalente a lo de cuatro sexenios anteriores de la herencia maldita.<\/p>\n\n\n\n<p>Agreg\u00f3 que, para acompa\u00f1ar el desarrollo econ\u00f3mico, el Gobierno del Estado promueve la inversi\u00f3n en infraestructura como la v\u00eda alterna, que muy pronto ser\u00e1 una realidad, para que las y los empleados puedan llegar m\u00e1s r\u00e1pido y con m\u00e1s seguridad a sus fuentes de empleo y a sus hogares, adem\u00e1s de la rehabilitaci\u00f3n de las avenidas CFE, Industrias y Seminario, que tambi\u00e9n coadyuvar\u00e1n a la transformaci\u00f3n de la movilidad.<\/p>\n\n\n\n<p>La directora de la planta de Continental Tires, Ina Seterbakken, agradeci\u00f3 el apoyo del Gobierno de Ricardo Gallardo, y destac\u00f3 que con el nuevo proyecto mejorar\u00e1 la eficiencia de la producci\u00f3n, priorizar\u00e1 la econom\u00eda y el bienestar del equipo con una visi\u00f3n de futuro para la satisfacci\u00f3n del cliente y la eficiencia de la sustentabilidad.<\/p>\n\n\n\n<p>La ampliaci\u00f3n de Continental Tire consiste en la construcci\u00f3n de un edificio de dos mil 400 metros cuadrados, con una tecnolog\u00eda de las m\u00e1s avanzadas para optimizar la producci\u00f3n de compuestos clave para la fabricaci\u00f3n de llantas, lo que significar\u00e1 m\u00e1s seguridad, menor ruido en la conducci\u00f3n, durabilidad y eficiencia para clientes finales, con seguridad y bienestar de las y los empleados.<\/p>\n","protected":false},"excerpt":{"rendered":"<p>Gobernador del Estado agradeci\u00f3 la confianza en San Luis Potos\u00ed para la ampliaci\u00f3n de operaciones y la inauguraci\u00f3n de \u00e1reas<\/p>\n","protected":false},"author":2,"featured_media":10652,"comment_status":"closed","ping_status":"closed","sticky":false,"template":"","format":"standard","meta":{"footnotes":""},"categories":[25,30],"tags":[],"class_list":["post-10651","post","type-post","status-publish","format-standard","has-post-thumbnail","hentry","category-local","category-portada"],"yoast_head":"<!-- This site is optimized with the Yoast SEO plugin v24.1 - https:\/\/yoast.com\/wordpress\/plugins\/seo\/ -->\n<title>Ricardo Gallardo encabeza Ceremonia de Ampliaci\u00f3n de Continental Tires en SLP - sanluisinforma.com<\/title>\n<meta name=\"robots\" content=\"index, follow, max-snippet:-1, max-image-preview:large, max-video-preview:-1\" \/>\n<link rel=\"canonical\" href=\"https:\/\/sanluisinforma.com\/?p=10651\" \/>\n<meta property=\"og:locale\" content=\"es_MX\" \/>\n<meta property=\"og:type\" content=\"article\" \/>\n<meta property=\"og:title\" content=\"Ricardo Gallardo encabeza Ceremonia de Ampliaci\u00f3n de Continental Tires en SLP - sanluisinforma.com\" \/>\n<meta property=\"og:description\" content=\"Gobernador del Estado agradeci\u00f3 la confianza en San Luis Potos\u00ed para la ampliaci\u00f3n de operaciones y la inauguraci\u00f3n de \u00e1reas\" \/>\n<meta property=\"og:url\" content=\"https:\/\/sanluisinforma.com\/?p=10651\" \/>\n<meta property=\"og:site_name\" content=\"sanluisinforma.com\" \/>\n<meta property=\"article:published_time\" content=\"2025-02-27T06:58:00+00:00\" \/>\n<meta property=\"article:modified_time\" content=\"2025-02-27T04:50:26+00:00\" \/>\n<meta property=\"og:image\" content=\"https:\/\/sanluisinforma.com\/wp-content\/uploads\/2025\/02\/f2ab877c-4f4b-45a7-b27d-473400f9f361.jpg\" \/>\n\t<meta property=\"og:image:width\" content=\"480\" \/>\n\t<meta property=\"og:image:height\" content=\"319\" \/>\n\t<meta property=\"og:image:type\" content=\"image\/jpeg\" \/>\n<meta name=\"author\" content=\"sanluisinforma.com\" \/>\n<meta name=\"twitter:card\" content=\"summary_large_image\" \/>\n<meta name=\"twitter:label1\" content=\"Escrito por\" \/>\n\t<meta name=\"twitter:data1\" content=\"sanluisinforma.com\" \/>\n\t<meta name=\"twitter:label2\" content=\"Tiempo de lectura\" \/>\n\t<meta name=\"twitter:data2\" content=\"2 minutos\" \/>\n<script type=\"application\/ld+json\" class=\"yoast-schema-graph\">{\"@context\":\"https:\/\/schema.org\",\"@graph\":[{\"@type\":\"Article\",\"@id\":\"https:\/\/sanluisinforma.com\/?p=10651#article\",\"isPartOf\":{\"@id\":\"https:\/\/sanluisinforma.com\/?p=10651\"},\"author\":{\"name\":\"sanluisinforma.com\",\"@id\":\"https:\/\/sanluisinforma.com\/#\/schema\/person\/c30648f71476be533b6f59d092905c8b\"},\"headline\":\"Ricardo Gallardo encabeza Ceremonia de Ampliaci\u00f3n de Continental Tires en SLP\",\"datePublished\":\"2025-02-27T06:58:00+00:00\",\"dateModified\":\"2025-02-27T04:50:26+00:00\",\"mainEntityOfPage\":{\"@id\":\"https:\/\/sanluisinforma.com\/?p=10651\"},\"wordCount\":395,\"publisher\":{\"@id\":\"https:\/\/sanluisinforma.com\/#organization\"},\"image\":{\"@id\":\"https:\/\/sanluisinforma.com\/?p=10651#primaryimage\"},\"thumbnailUrl\":\"https:\/\/sanluisinforma.com\/wp-content\/uploads\/2025\/02\/f2ab877c-4f4b-45a7-b27d-473400f9f361.jpg\",\"articleSection\":[\"Local\",\"Portada\"],\"inLanguage\":\"es\"},{\"@type\":\"WebPage\",\"@id\":\"https:\/\/sanluisinforma.com\/?p=10651\",\"url\":\"https:\/\/sanluisinforma.com\/?p=10651\",\"name\":\"Ricardo Gallardo encabeza Ceremonia de Ampliaci\u00f3n de Continental Tires en SLP - sanluisinforma.com\",\"isPartOf\":{\"@id\":\"https:\/\/sanluisinforma.com\/#website\"},\"primaryImageOfPage\":{\"@id\":\"https:\/\/sanluisinforma.com\/?p=10651#primaryimage\"},\"image\":{\"@id\":\"https:\/\/sanluisinforma.com\/?p=10651#primaryimage\"},\"thumbnailUrl\":\"https:\/\/sanluisinforma.com\/wp-content\/uploads\/2025\/02\/f2ab877c-4f4b-45a7-b27d-473400f9f361.jpg\",\"datePublished\":\"2025-02-27T06:58:00+00:00\",\"dateModified\":\"2025-02-27T04:50:26+00:00\",\"breadcrumb\":{\"@id\":\"https:\/\/sanluisinforma.com\/?p=10651#breadcrumb\"},\"inLanguage\":\"es\",\"potentialAction\":[{\"@type\":\"ReadAction\",\"target\":[\"https:\/\/sanluisinforma.com\/?p=10651\"]}]},{\"@type\":\"ImageObject\",\"inLanguage\":\"es\",\"@id\":\"https:\/\/sanluisinforma.com\/?p=10651#primaryimage\",\"url\":\"https:\/\/sanluisinforma.com\/wp-content\/uploads\/2025\/02\/f2ab877c-4f4b-45a7-b27d-473400f9f361.jpg\",\"contentUrl\":\"https:\/\/sanluisinforma.com\/wp-content\/uploads\/2025\/02\/f2ab877c-4f4b-45a7-b27d-473400f9f361.jpg\",\"width\":480,\"height\":319},{\"@type\":\"BreadcrumbList\",\"@id\":\"https:\/\/sanluisinforma.com\/?p=10651#breadcrumb\",\"itemListElement\":[{\"@type\":\"ListItem\",\"position\":1,\"name\":\"Inicio\",\"item\":\"https:\/\/sanluisinforma.com\/\"},{\"@type\":\"ListItem\",\"position\":2,\"name\":\"Ricardo Gallardo encabeza Ceremonia de Ampliaci\u00f3n de Continental Tires en SLP\"}]},{\"@type\":\"WebSite\",\"@id\":\"https:\/\/sanluisinforma.com\/#website\",\"url\":\"https:\/\/sanluisinforma.com\/\",\"name\":\"sanluisinforma.com\",\"description\":\"Periodico San Luis Informa\",\"publisher\":{\"@id\":\"https:\/\/sanluisinforma.com\/#organization\"},\"potentialAction\":[{\"@type\":\"SearchAction\",\"target\":{\"@type\":\"EntryPoint\",\"urlTemplate\":\"https:\/\/sanluisinforma.com\/?s={search_term_string}\"},\"query-input\":{\"@type\":\"PropertyValueSpecification\",\"valueRequired\":true,\"valueName\":\"search_term_string\"}}],\"inLanguage\":\"es\"},{\"@type\":\"Organization\",\"@id\":\"https:\/\/sanluisinforma.com\/#organization\",\"name\":\"sanluisinforma.com\",\"url\":\"https:\/\/sanluisinforma.com\/\",\"logo\":{\"@type\":\"ImageObject\",\"inLanguage\":\"es\",\"@id\":\"https:\/\/sanluisinforma.com\/#\/schema\/logo\/image\/\",\"url\":\"https:\/\/sanluisinforma.com\/wp-content\/uploads\/2026\/03\/sanluisinforma-V.jpg\",\"contentUrl\":\"https:\/\/sanluisinforma.com\/wp-content\/uploads\/2026\/03\/sanluisinforma-V.jpg\",\"width\":500,\"height\":156,\"caption\":\"sanluisinforma.com\"},\"image\":{\"@id\":\"https:\/\/sanluisinforma.com\/#\/schema\/logo\/image\/\"}},{\"@type\":\"Person\",\"@id\":\"https:\/\/sanluisinforma.com\/#\/schema\/person\/c30648f71476be533b6f59d092905c8b\",\"name\":\"sanluisinforma.com\",\"image\":{\"@type\":\"ImageObject\",\"inLanguage\":\"es\",\"@id\":\"https:\/\/sanluisinforma.com\/#\/schema\/person\/image\/\",\"url\":\"https:\/\/secure.gravatar.com\/avatar\/86e3114e34a1eecefb963e0a02f0093f93b092dddb2fe1517596343751081a87?s=96&d=mm&r=g\",\"contentUrl\":\"https:\/\/secure.gravatar.com\/avatar\/86e3114e34a1eecefb963e0a02f0093f93b092dddb2fe1517596343751081a87?s=96&d=mm&r=g\",\"caption\":\"sanluisinforma.com\"},\"url\":\"https:\/\/sanluisinforma.com\/?author=2\"}]}<\/script>\n<!-- \/ Yoast SEO plugin. -->","yoast_head_json":{"title":"Ricardo Gallardo encabeza Ceremonia de Ampliaci\u00f3n de Continental Tires en SLP - sanluisinforma.com","robots":{"index":"index","follow":"follow","max-snippet":"max-snippet:-1","max-image-preview":"max-image-preview:large","max-video-preview":"max-video-preview:-1"},"canonical":"https:\/\/sanluisinforma.com\/?p=10651","og_locale":"es_MX","og_type":"article","og_title":"Ricardo Gallardo encabeza Ceremonia de Ampliaci\u00f3n de Continental Tires en SLP - sanluisinforma.com","og_description":"Gobernador del Estado agradeci\u00f3 la confianza en San Luis Potos\u00ed para la ampliaci\u00f3n de operaciones y la inauguraci\u00f3n de \u00e1reas","og_url":"https:\/\/sanluisinforma.com\/?p=10651","og_site_name":"sanluisinforma.com","article_published_time":"2025-02-27T06:58:00+00:00","article_modified_time":"2025-02-27T04:50:26+00:00","og_image":[{"width":480,"height":319,"url":"https:\/\/sanluisinforma.com\/wp-content\/uploads\/2025\/02\/f2ab877c-4f4b-45a7-b27d-473400f9f361.jpg","type":"image\/jpeg"}],"author":"sanluisinforma.com","twitter_card":"summary_large_image","twitter_misc":{"Escrito por":"sanluisinforma.com","Tiempo de lectura":"2 minutos"},"schema":{"@context":"https:\/\/schema.org","@graph":[{"@type":"Article","@id":"https:\/\/sanluisinforma.com\/?p=10651#article","isPartOf":{"@id":"https:\/\/sanluisinforma.com\/?p=10651"},"author":{"name":"sanluisinforma.com","@id":"https:\/\/sanluisinforma.com\/#\/schema\/person\/c30648f71476be533b6f59d092905c8b"},"headline":"Ricardo Gallardo encabeza Ceremonia de Ampliaci\u00f3n de Continental Tires en SLP","datePublished":"2025-02-27T06:58:00+00:00","dateModified":"2025-02-27T04:50:26+00:00","mainEntityOfPage":{"@id":"https:\/\/sanluisinforma.com\/?p=10651"},"wordCount":395,"publisher":{"@id":"https:\/\/sanluisinforma.com\/#organization"},"image":{"@id":"https:\/\/sanluisinforma.com\/?p=10651#primaryimage"},"thumbnailUrl":"https:\/\/sanluisinforma.com\/wp-content\/uploads\/2025\/02\/f2ab877c-4f4b-45a7-b27d-473400f9f361.jpg","articleSection":["Local","Portada"],"inLanguage":"es"},{"@type":"WebPage","@id":"https:\/\/sanluisinforma.com\/?p=10651","url":"https:\/\/sanluisinforma.com\/?p=10651","name":"Ricardo Gallardo encabeza Ceremonia de Ampliaci\u00f3n de Continental Tires en SLP - sanluisinforma.com","isPartOf":{"@id":"https:\/\/sanluisinforma.com\/#website"},"primaryImageOfPage":{"@id":"https:\/\/sanluisinforma.com\/?p=10651#primaryimage"},"image":{"@id":"https:\/\/sanluisinforma.com\/?p=10651#primaryimage"},"thumbnailUrl":"https:\/\/sanluisinforma.com\/wp-content\/uploads\/2025\/02\/f2ab877c-4f4b-45a7-b27d-473400f9f361.jpg","datePublished":"2025-02-27T06:58:00+00:00","dateModified":"2025-02-27T04:50:26+00:00","breadcrumb":{"@id":"https:\/\/sanluisinforma.com\/?p=10651#breadcrumb"},"inLanguage":"es","potentialAction":[{"@type":"ReadAction","target":["https:\/\/sanluisinforma.com\/?p=10651"]}]},{"@type":"ImageObject","inLanguage":"es","@id":"https:\/\/sanluisinforma.com\/?p=10651#primaryimage","url":"https:\/\/sanluisinforma.com\/wp-content\/uploads\/2025\/02\/f2ab877c-4f4b-45a7-b27d-473400f9f361.jpg","contentUrl":"https:\/\/sanluisinforma.com\/wp-content\/uploads\/2025\/02\/f2ab877c-4f4b-45a7-b27d-473400f9f361.jpg","width":480,"height":319},{"@type":"BreadcrumbList","@id":"https:\/\/sanluisinforma.com\/?p=10651#breadcrumb","itemListElement":[{"@type":"ListItem","position":1,"name":"Inicio","item":"https:\/\/sanluisinforma.com\/"},{"@type":"ListItem","position":2,"name":"Ricardo Gallardo encabeza Ceremonia de Ampliaci\u00f3n de Continental Tires en SLP"}]},{"@type":"WebSite","@id":"https:\/\/sanluisinforma.com\/#website","url":"https:\/\/sanluisinforma.com\/","name":"sanluisinforma.com","description":"Periodico San Luis Informa","publisher":{"@id":"https:\/\/sanluisinforma.com\/#organization"},"potentialAction":[{"@type":"SearchAction","target":{"@type":"EntryPoint","urlTemplate":"https:\/\/sanluisinforma.com\/?s={search_term_string}"},"query-input":{"@type":"PropertyValueSpecification","valueRequired":true,"valueName":"search_term_string"}}],"inLanguage":"es"},{"@type":"Organization","@id":"https:\/\/sanluisinforma.com\/#organization","name":"sanluisinforma.com","url":"https:\/\/sanluisinforma.com\/","logo":{"@type":"ImageObject","inLanguage":"es","@id":"https:\/\/sanluisinforma.com\/#\/schema\/logo\/image\/","url":"https:\/\/sanluisinforma.com\/wp-content\/uploads\/2026\/03\/sanluisinforma-V.jpg","contentUrl":"https:\/\/sanluisinforma.com\/wp-content\/uploads\/2026\/03\/sanluisinforma-V.jpg","width":500,"height":156,"caption":"sanluisinforma.com"},"image":{"@id":"https:\/\/sanluisinforma.com\/#\/schema\/logo\/image\/"}},{"@type":"Person","@id":"https:\/\/sanluisinforma.com\/#\/schema\/person\/c30648f71476be533b6f59d092905c8b","name":"sanluisinforma.com","image":{"@type":"ImageObject","inLanguage":"es","@id":"https:\/\/sanluisinforma.com\/#\/schema\/person\/image\/","url":"https:\/\/secure.gravatar.com\/avatar\/86e3114e34a1eecefb963e0a02f0093f93b092dddb2fe1517596343751081a87?s=96&d=mm&r=g","contentUrl":"https:\/\/secure.gravatar.com\/avatar\/86e3114e34a1eecefb963e0a02f0093f93b092dddb2fe1517596343751081a87?s=96&d=mm&r=g","caption":"sanluisinforma.com"},"url":"https:\/\/sanluisinforma.com\/?author=2"}]}},"_links":{"self":[{"href":"https:\/\/sanluisinforma.com\/index.php?rest_route=\/wp\/v2\/posts\/10651","targetHints":{"allow":["GET"]}}],"collection":[{"href":"https:\/\/sanluisinforma.com\/index.php?rest_route=\/wp\/v2\/posts"}],"about":[{"href":"https:\/\/sanluisinforma.com\/index.php?rest_route=\/wp\/v2\/types\/post"}],"author":[{"embeddable":true,"href":"https:\/\/sanluisinforma.com\/index.php?rest_route=\/wp\/v2\/users\/2"}],"replies":[{"embeddable":true,"href":"https:\/\/sanluisinforma.com\/index.php?rest_route=%2Fwp%2Fv2%2Fcomments&post=10651"}],"version-history":[{"count":1,"href":"https:\/\/sanluisinforma.com\/index.php?rest_route=\/wp\/v2\/posts\/10651\/revisions"}],"predecessor-version":[{"id":10653,"href":"https:\/\/sanluisinforma.com\/index.php?rest_route=\/wp\/v2\/posts\/10651\/revisions\/10653"}],"wp:featuredmedia":[{"embeddable":true,"href":"https:\/\/sanluisinforma.com\/index.php?rest_route=\/wp\/v2\/media\/10652"}],"wp:attachment":[{"href":"https:\/\/sanluisinforma.com\/index.php?rest_route=%2Fwp%2Fv2%2Fmedia&parent=10651"}],"wp:term":[{"taxonomy":"category","embeddable":true,"href":"https:\/\/sanluisinforma.com\/index.php?rest_route=%2Fwp%2Fv2%2Fcategories&post=10651"},{"taxonomy":"post_tag","embeddable":true,"href":"https:\/\/sanluisinforma.com\/index.php?rest_route=%2Fwp%2Fv2%2Ftags&post=10651"}],"curies":[{"name":"wp","href":"https:\/\/api.w.org\/{rel}","templated":true}]}}