{"id":10657,"date":"2025-02-27T00:50:00","date_gmt":"2025-02-27T06:50:00","guid":{"rendered":"https:\/\/sanluisinforma.com\/?p=10657"},"modified":"2025-02-26T23:04:37","modified_gmt":"2025-02-27T05:04:37","slug":"vuelve-a-la-vida-el-rio-espanita-espacio-deportivo-y-cultural-de-la-capital","status":"publish","type":"post","link":"https:\/\/sanluisinforma.com\/?p=10657","title":{"rendered":"Vuelve a la vida el R\u00edo Espa\u00f1ita, espacio deportivo y cultural de la Capital"},"content":{"rendered":"\n<p>Durante el programa Capital al 100, el Alcalde Enrique Galindo supervis\u00f3 el progreso de los trabajos de limpieza y remozamiento del espacio, que realiza el Ayuntamiento de SLP, para pr\u00e1cticas deportivas y culturales.<\/p>\n\n\n\n<p><\/p>\n\n\n\n<p>En seguimiento a los trabajos de recuperaci\u00f3n del parque lineal del R\u00edo Espa\u00f1ita, que comenzaron el pasado lunes, el Alcalde Enrique Galindo Ceballos, en la edici\u00f3n 181 del programa Capital al 100, supervis\u00f3 el avance de los trabajos de limpieza y remozamiento del espacio dise\u00f1ado para el deporte y la cultura, para lo que destin\u00f3 la intervenci\u00f3n de distintas \u00e1reas municipales.<\/p>\n\n\n\n<p>En el recorrido, desde un costado de la Unidad Administrativa Municipal hasta el Bulevar R\u00edo Espa\u00f1ita, el Presidente Municipal refiri\u00f3 que el sitio existe hace m\u00e1s de 30 a\u00f1os y que fue perdiendo su vocaci\u00f3n con el deterioro de a\u00f1os: \u201cNos propusimos regenerarlo todo, para que sus canchas de futbol r\u00e1pido y de basquetbol recobren vida\u201d, expres\u00f3, acompa\u00f1ado de representantes de vecinas y vecinos del sector, representados por la Junta de Participaci\u00f3n Ciudadana.<\/p>\n\n\n\n<p>El Alcalde Enrique Galindo recalc\u00f3 la necesidad de dise\u00f1ar la ciudad para el deporte en los espacios p\u00fablicos, para que la gente pueda recrearse de manera segura. Constat\u00f3 el cambio del canal\u00f3n que ya presenta un nuevo rostro con el retiro de grafiti, la recuperaci\u00f3n de la cantera original de los puentes, el retiro de grava y tierra abandonada, el embellecimiento de jardineras y poda de \u00e1rboles, adem\u00e1s del aumento del alumbrado p\u00fablico.<\/p>\n\n\n\n<p>El Presidente Municipal anunci\u00f3 que se buscar\u00e1 a las y los j\u00f3venes del sector para que pinten murales que mejoren la imagen del sector. Este espacio quedar\u00e1 al resguardo de la Direcci\u00f3n de Deporte, que realizar\u00e1 eventos deportivos de integraci\u00f3n a la comunidad.<\/p>\n","protected":false},"excerpt":{"rendered":"<p>Durante el programa Capital al 100, el Alcalde Enrique Galindo supervis\u00f3 el progreso de los trabajos de limpieza y remozamiento<\/p>\n","protected":false},"author":2,"featured_media":10658,"comment_status":"closed","ping_status":"closed","sticky":false,"template":"","format":"standard","meta":{"footnotes":""},"categories":[25,30],"tags":[],"class_list":["post-10657","post","type-post","status-publish","format-standard","has-post-thumbnail","hentry","category-local","category-portada"],"yoast_head":"<!-- This site is optimized with the Yoast SEO plugin v24.1 - https:\/\/yoast.com\/wordpress\/plugins\/seo\/ -->\n<title>Vuelve a la vida el R\u00edo Espa\u00f1ita, espacio deportivo y cultural de la Capital - sanluisinforma.com<\/title>\n<meta name=\"robots\" content=\"index, follow, max-snippet:-1, max-image-preview:large, max-video-preview:-1\" \/>\n<link rel=\"canonical\" href=\"https:\/\/sanluisinforma.com\/?p=10657\" \/>\n<meta property=\"og:locale\" content=\"es_MX\" \/>\n<meta property=\"og:type\" content=\"article\" \/>\n<meta property=\"og:title\" content=\"Vuelve a la vida el R\u00edo Espa\u00f1ita, espacio deportivo y cultural de la Capital - sanluisinforma.com\" \/>\n<meta property=\"og:description\" content=\"Durante el programa Capital al 100, el Alcalde Enrique Galindo supervis\u00f3 el progreso de los trabajos de limpieza y remozamiento\" \/>\n<meta property=\"og:url\" content=\"https:\/\/sanluisinforma.com\/?p=10657\" \/>\n<meta property=\"og:site_name\" content=\"sanluisinforma.com\" \/>\n<meta property=\"article:published_time\" content=\"2025-02-27T06:50:00+00:00\" \/>\n<meta property=\"article:modified_time\" content=\"2025-02-27T05:04:37+00:00\" \/>\n<meta property=\"og:image\" content=\"https:\/\/sanluisinforma.com\/wp-content\/uploads\/2025\/02\/8d3f96f1-b948-4e88-9d41-50dfbd8a16d6.jpg\" \/>\n\t<meta property=\"og:image:width\" content=\"480\" \/>\n\t<meta property=\"og:image:height\" content=\"319\" \/>\n\t<meta property=\"og:image:type\" content=\"image\/jpeg\" \/>\n<meta name=\"author\" content=\"sanluisinforma.com\" \/>\n<meta name=\"twitter:card\" content=\"summary_large_image\" \/>\n<meta name=\"twitter:label1\" content=\"Escrito por\" \/>\n\t<meta name=\"twitter:data1\" content=\"sanluisinforma.com\" \/>\n\t<meta name=\"twitter:label2\" content=\"Tiempo de lectura\" \/>\n\t<meta name=\"twitter:data2\" content=\"2 minutos\" \/>\n<script type=\"application\/ld+json\" class=\"yoast-schema-graph\">{\"@context\":\"https:\/\/schema.org\",\"@graph\":[{\"@type\":\"Article\",\"@id\":\"https:\/\/sanluisinforma.com\/?p=10657#article\",\"isPartOf\":{\"@id\":\"https:\/\/sanluisinforma.com\/?p=10657\"},\"author\":{\"name\":\"sanluisinforma.com\",\"@id\":\"https:\/\/sanluisinforma.com\/#\/schema\/person\/c30648f71476be533b6f59d092905c8b\"},\"headline\":\"Vuelve a la vida el R\u00edo Espa\u00f1ita, espacio deportivo y cultural de la Capital\",\"datePublished\":\"2025-02-27T06:50:00+00:00\",\"dateModified\":\"2025-02-27T05:04:37+00:00\",\"mainEntityOfPage\":{\"@id\":\"https:\/\/sanluisinforma.com\/?p=10657\"},\"wordCount\":320,\"publisher\":{\"@id\":\"https:\/\/sanluisinforma.com\/#organization\"},\"image\":{\"@id\":\"https:\/\/sanluisinforma.com\/?p=10657#primaryimage\"},\"thumbnailUrl\":\"https:\/\/sanluisinforma.com\/wp-content\/uploads\/2025\/02\/8d3f96f1-b948-4e88-9d41-50dfbd8a16d6.jpg\",\"articleSection\":[\"Local\",\"Portada\"],\"inLanguage\":\"es\"},{\"@type\":\"WebPage\",\"@id\":\"https:\/\/sanluisinforma.com\/?p=10657\",\"url\":\"https:\/\/sanluisinforma.com\/?p=10657\",\"name\":\"Vuelve a la vida el R\u00edo Espa\u00f1ita, espacio deportivo y cultural de la Capital - sanluisinforma.com\",\"isPartOf\":{\"@id\":\"https:\/\/sanluisinforma.com\/#website\"},\"primaryImageOfPage\":{\"@id\":\"https:\/\/sanluisinforma.com\/?p=10657#primaryimage\"},\"image\":{\"@id\":\"https:\/\/sanluisinforma.com\/?p=10657#primaryimage\"},\"thumbnailUrl\":\"https:\/\/sanluisinforma.com\/wp-content\/uploads\/2025\/02\/8d3f96f1-b948-4e88-9d41-50dfbd8a16d6.jpg\",\"datePublished\":\"2025-02-27T06:50:00+00:00\",\"dateModified\":\"2025-02-27T05:04:37+00:00\",\"breadcrumb\":{\"@id\":\"https:\/\/sanluisinforma.com\/?p=10657#breadcrumb\"},\"inLanguage\":\"es\",\"potentialAction\":[{\"@type\":\"ReadAction\",\"target\":[\"https:\/\/sanluisinforma.com\/?p=10657\"]}]},{\"@type\":\"ImageObject\",\"inLanguage\":\"es\",\"@id\":\"https:\/\/sanluisinforma.com\/?p=10657#primaryimage\",\"url\":\"https:\/\/sanluisinforma.com\/wp-content\/uploads\/2025\/02\/8d3f96f1-b948-4e88-9d41-50dfbd8a16d6.jpg\",\"contentUrl\":\"https:\/\/sanluisinforma.com\/wp-content\/uploads\/2025\/02\/8d3f96f1-b948-4e88-9d41-50dfbd8a16d6.jpg\",\"width\":480,\"height\":319},{\"@type\":\"BreadcrumbList\",\"@id\":\"https:\/\/sanluisinforma.com\/?p=10657#breadcrumb\",\"itemListElement\":[{\"@type\":\"ListItem\",\"position\":1,\"name\":\"Inicio\",\"item\":\"https:\/\/sanluisinforma.com\/\"},{\"@type\":\"ListItem\",\"position\":2,\"name\":\"Vuelve a la vida el R\u00edo Espa\u00f1ita, espacio deportivo y cultural de la Capital\"}]},{\"@type\":\"WebSite\",\"@id\":\"https:\/\/sanluisinforma.com\/#website\",\"url\":\"https:\/\/sanluisinforma.com\/\",\"name\":\"sanluisinforma.com\",\"description\":\"Periodico San Luis Informa\",\"publisher\":{\"@id\":\"https:\/\/sanluisinforma.com\/#organization\"},\"potentialAction\":[{\"@type\":\"SearchAction\",\"target\":{\"@type\":\"EntryPoint\",\"urlTemplate\":\"https:\/\/sanluisinforma.com\/?s={search_term_string}\"},\"query-input\":{\"@type\":\"PropertyValueSpecification\",\"valueRequired\":true,\"valueName\":\"search_term_string\"}}],\"inLanguage\":\"es\"},{\"@type\":\"Organization\",\"@id\":\"https:\/\/sanluisinforma.com\/#organization\",\"name\":\"sanluisinforma.com\",\"url\":\"https:\/\/sanluisinforma.com\/\",\"logo\":{\"@type\":\"ImageObject\",\"inLanguage\":\"es\",\"@id\":\"https:\/\/sanluisinforma.com\/#\/schema\/logo\/image\/\",\"url\":\"https:\/\/sanluisinforma.com\/wp-content\/uploads\/2026\/03\/sanluisinforma-V.jpg\",\"contentUrl\":\"https:\/\/sanluisinforma.com\/wp-content\/uploads\/2026\/03\/sanluisinforma-V.jpg\",\"width\":500,\"height\":156,\"caption\":\"sanluisinforma.com\"},\"image\":{\"@id\":\"https:\/\/sanluisinforma.com\/#\/schema\/logo\/image\/\"}},{\"@type\":\"Person\",\"@id\":\"https:\/\/sanluisinforma.com\/#\/schema\/person\/c30648f71476be533b6f59d092905c8b\",\"name\":\"sanluisinforma.com\",\"image\":{\"@type\":\"ImageObject\",\"inLanguage\":\"es\",\"@id\":\"https:\/\/sanluisinforma.com\/#\/schema\/person\/image\/\",\"url\":\"https:\/\/secure.gravatar.com\/avatar\/86e3114e34a1eecefb963e0a02f0093f93b092dddb2fe1517596343751081a87?s=96&d=mm&r=g\",\"contentUrl\":\"https:\/\/secure.gravatar.com\/avatar\/86e3114e34a1eecefb963e0a02f0093f93b092dddb2fe1517596343751081a87?s=96&d=mm&r=g\",\"caption\":\"sanluisinforma.com\"},\"url\":\"https:\/\/sanluisinforma.com\/?author=2\"}]}<\/script>\n<!-- \/ Yoast SEO plugin. -->","yoast_head_json":{"title":"Vuelve a la vida el R\u00edo Espa\u00f1ita, espacio deportivo y cultural de la Capital - sanluisinforma.com","robots":{"index":"index","follow":"follow","max-snippet":"max-snippet:-1","max-image-preview":"max-image-preview:large","max-video-preview":"max-video-preview:-1"},"canonical":"https:\/\/sanluisinforma.com\/?p=10657","og_locale":"es_MX","og_type":"article","og_title":"Vuelve a la vida el R\u00edo Espa\u00f1ita, espacio deportivo y cultural de la Capital - sanluisinforma.com","og_description":"Durante el programa Capital al 100, el Alcalde Enrique Galindo supervis\u00f3 el progreso de los trabajos de limpieza y remozamiento","og_url":"https:\/\/sanluisinforma.com\/?p=10657","og_site_name":"sanluisinforma.com","article_published_time":"2025-02-27T06:50:00+00:00","article_modified_time":"2025-02-27T05:04:37+00:00","og_image":[{"width":480,"height":319,"url":"https:\/\/sanluisinforma.com\/wp-content\/uploads\/2025\/02\/8d3f96f1-b948-4e88-9d41-50dfbd8a16d6.jpg","type":"image\/jpeg"}],"author":"sanluisinforma.com","twitter_card":"summary_large_image","twitter_misc":{"Escrito por":"sanluisinforma.com","Tiempo de lectura":"2 minutos"},"schema":{"@context":"https:\/\/schema.org","@graph":[{"@type":"Article","@id":"https:\/\/sanluisinforma.com\/?p=10657#article","isPartOf":{"@id":"https:\/\/sanluisinforma.com\/?p=10657"},"author":{"name":"sanluisinforma.com","@id":"https:\/\/sanluisinforma.com\/#\/schema\/person\/c30648f71476be533b6f59d092905c8b"},"headline":"Vuelve a la vida el R\u00edo Espa\u00f1ita, espacio deportivo y cultural de la Capital","datePublished":"2025-02-27T06:50:00+00:00","dateModified":"2025-02-27T05:04:37+00:00","mainEntityOfPage":{"@id":"https:\/\/sanluisinforma.com\/?p=10657"},"wordCount":320,"publisher":{"@id":"https:\/\/sanluisinforma.com\/#organization"},"image":{"@id":"https:\/\/sanluisinforma.com\/?p=10657#primaryimage"},"thumbnailUrl":"https:\/\/sanluisinforma.com\/wp-content\/uploads\/2025\/02\/8d3f96f1-b948-4e88-9d41-50dfbd8a16d6.jpg","articleSection":["Local","Portada"],"inLanguage":"es"},{"@type":"WebPage","@id":"https:\/\/sanluisinforma.com\/?p=10657","url":"https:\/\/sanluisinforma.com\/?p=10657","name":"Vuelve a la vida el R\u00edo Espa\u00f1ita, espacio deportivo y cultural de la Capital - sanluisinforma.com","isPartOf":{"@id":"https:\/\/sanluisinforma.com\/#website"},"primaryImageOfPage":{"@id":"https:\/\/sanluisinforma.com\/?p=10657#primaryimage"},"image":{"@id":"https:\/\/sanluisinforma.com\/?p=10657#primaryimage"},"thumbnailUrl":"https:\/\/sanluisinforma.com\/wp-content\/uploads\/2025\/02\/8d3f96f1-b948-4e88-9d41-50dfbd8a16d6.jpg","datePublished":"2025-02-27T06:50:00+00:00","dateModified":"2025-02-27T05:04:37+00:00","breadcrumb":{"@id":"https:\/\/sanluisinforma.com\/?p=10657#breadcrumb"},"inLanguage":"es","potentialAction":[{"@type":"ReadAction","target":["https:\/\/sanluisinforma.com\/?p=10657"]}]},{"@type":"ImageObject","inLanguage":"es","@id":"https:\/\/sanluisinforma.com\/?p=10657#primaryimage","url":"https:\/\/sanluisinforma.com\/wp-content\/uploads\/2025\/02\/8d3f96f1-b948-4e88-9d41-50dfbd8a16d6.jpg","contentUrl":"https:\/\/sanluisinforma.com\/wp-content\/uploads\/2025\/02\/8d3f96f1-b948-4e88-9d41-50dfbd8a16d6.jpg","width":480,"height":319},{"@type":"BreadcrumbList","@id":"https:\/\/sanluisinforma.com\/?p=10657#breadcrumb","itemListElement":[{"@type":"ListItem","position":1,"name":"Inicio","item":"https:\/\/sanluisinforma.com\/"},{"@type":"ListItem","position":2,"name":"Vuelve a la vida el R\u00edo Espa\u00f1ita, espacio deportivo y cultural de la Capital"}]},{"@type":"WebSite","@id":"https:\/\/sanluisinforma.com\/#website","url":"https:\/\/sanluisinforma.com\/","name":"sanluisinforma.com","description":"Periodico San Luis Informa","publisher":{"@id":"https:\/\/sanluisinforma.com\/#organization"},"potentialAction":[{"@type":"SearchAction","target":{"@type":"EntryPoint","urlTemplate":"https:\/\/sanluisinforma.com\/?s={search_term_string}"},"query-input":{"@type":"PropertyValueSpecification","valueRequired":true,"valueName":"search_term_string"}}],"inLanguage":"es"},{"@type":"Organization","@id":"https:\/\/sanluisinforma.com\/#organization","name":"sanluisinforma.com","url":"https:\/\/sanluisinforma.com\/","logo":{"@type":"ImageObject","inLanguage":"es","@id":"https:\/\/sanluisinforma.com\/#\/schema\/logo\/image\/","url":"https:\/\/sanluisinforma.com\/wp-content\/uploads\/2026\/03\/sanluisinforma-V.jpg","contentUrl":"https:\/\/sanluisinforma.com\/wp-content\/uploads\/2026\/03\/sanluisinforma-V.jpg","width":500,"height":156,"caption":"sanluisinforma.com"},"image":{"@id":"https:\/\/sanluisinforma.com\/#\/schema\/logo\/image\/"}},{"@type":"Person","@id":"https:\/\/sanluisinforma.com\/#\/schema\/person\/c30648f71476be533b6f59d092905c8b","name":"sanluisinforma.com","image":{"@type":"ImageObject","inLanguage":"es","@id":"https:\/\/sanluisinforma.com\/#\/schema\/person\/image\/","url":"https:\/\/secure.gravatar.com\/avatar\/86e3114e34a1eecefb963e0a02f0093f93b092dddb2fe1517596343751081a87?s=96&d=mm&r=g","contentUrl":"https:\/\/secure.gravatar.com\/avatar\/86e3114e34a1eecefb963e0a02f0093f93b092dddb2fe1517596343751081a87?s=96&d=mm&r=g","caption":"sanluisinforma.com"},"url":"https:\/\/sanluisinforma.com\/?author=2"}]}},"_links":{"self":[{"href":"https:\/\/sanluisinforma.com\/index.php?rest_route=\/wp\/v2\/posts\/10657","targetHints":{"allow":["GET"]}}],"collection":[{"href":"https:\/\/sanluisinforma.com\/index.php?rest_route=\/wp\/v2\/posts"}],"about":[{"href":"https:\/\/sanluisinforma.com\/index.php?rest_route=\/wp\/v2\/types\/post"}],"author":[{"embeddable":true,"href":"https:\/\/sanluisinforma.com\/index.php?rest_route=\/wp\/v2\/users\/2"}],"replies":[{"embeddable":true,"href":"https:\/\/sanluisinforma.com\/index.php?rest_route=%2Fwp%2Fv2%2Fcomments&post=10657"}],"version-history":[{"count":1,"href":"https:\/\/sanluisinforma.com\/index.php?rest_route=\/wp\/v2\/posts\/10657\/revisions"}],"predecessor-version":[{"id":10659,"href":"https:\/\/sanluisinforma.com\/index.php?rest_route=\/wp\/v2\/posts\/10657\/revisions\/10659"}],"wp:featuredmedia":[{"embeddable":true,"href":"https:\/\/sanluisinforma.com\/index.php?rest_route=\/wp\/v2\/media\/10658"}],"wp:attachment":[{"href":"https:\/\/sanluisinforma.com\/index.php?rest_route=%2Fwp%2Fv2%2Fmedia&parent=10657"}],"wp:term":[{"taxonomy":"category","embeddable":true,"href":"https:\/\/sanluisinforma.com\/index.php?rest_route=%2Fwp%2Fv2%2Fcategories&post=10657"},{"taxonomy":"post_tag","embeddable":true,"href":"https:\/\/sanluisinforma.com\/index.php?rest_route=%2Fwp%2Fv2%2Ftags&post=10657"}],"curies":[{"name":"wp","href":"https:\/\/api.w.org\/{rel}","templated":true}]}}