{"id":10663,"date":"2025-02-27T00:40:00","date_gmt":"2025-02-27T06:40:00","guid":{"rendered":"https:\/\/sanluisinforma.com\/?p=10663"},"modified":"2025-02-26T23:18:04","modified_gmt":"2025-02-27T05:18:04","slug":"presidenta-claudia-sheinbaum-presenta-programa-nacional-de-infraestructura-carretera-2025-2030-se-intervendran-4-mil-km-para-conectar-zona-vulnerables-y-fortalecer-el-desarrollo-economico","status":"publish","type":"post","link":"https:\/\/sanluisinforma.com\/?p=10663","title":{"rendered":"Presidenta Claudia Sheinbaum Presenta Programa Nacional de Infraestructura Carretera 2025-2030; se intervendr\u00e1n 4 mil KM para conectar Zona Vulnerables \u00a0y Fortalecer el Desarrollo Econ\u00f3mico"},"content":{"rendered":"\n<p><\/p>\n\n\n\n<p>* \u201cSon ampliaci\u00f3n de carreteras y mantenimiento mayor de much\u00edsimas carreteras\u201d, destac\u00f3 y cuya inversi\u00f3n ser\u00e1 de 173 mil millones de pesos<\/p>\n\n\n\n<p>* La Secretar\u00eda de Infraestructura, Comunicaciones y Transportes comprar\u00e1 20 trenes de pavimentaci\u00f3n con una inversi\u00f3n de 850 mdp que permitir\u00e1 disminuir costos al 30%<\/p>\n\n\n\n<p>Ciudad de M\u00e9xico a 26 de febrero de 2025.- La Presidenta de M\u00e9xico, Claudia Sheinbaum Pardo, present\u00f3 el Programa Nacional de Infraestructura Carretera 2025-2030 con el cual se intervendr\u00e1n, en un inicio, 4 mil kil\u00f3metros (km) con una inversi\u00f3n de 173 mil millones de pesos (mdp) para la ampliaci\u00f3n y el mantenimiento mayor de carreteras en todo el pa\u00eds con el objetivo de conectar a las zonas m\u00e1s vulnerables.<\/p>\n\n\n\n<p>\u201cSon ampliaci\u00f3n de carreteras y mantenimiento mayor de much\u00edsimas carreteras que hemos estado visitando, particularmente las zonas m\u00e1s vulnerables del pa\u00eds. Entonces, es un programa muy interesante, important\u00edsimo\u201d, destac\u00f3.<\/p>\n\n\n\n<p>Precis\u00f3 que, con el programa de infraestructura en materia de movilidad se cumple con el principio de \u201cpor el bien de todos, primero los pobres\u201d, ya que se fortalecer\u00e1 el desarrollo econ\u00f3mico y se mejorar\u00e1n las condiciones de vida de quienes m\u00e1s lo necesitan.<\/p>\n\n\n\n<p>\u201cDedicamos muy buena parte del recurso a las zonas m\u00e1s vulnerables, \u2018por el bien de todos primero los pobres\u2019. Entonces el proyecto de infraestructura tiene que ver con conectar al pa\u00eds para fortalecer el desarrollo econ\u00f3mico y mejorar las condiciones de vida de la gente, y al mismo tiempo atender aquellas zonas que tienen mayor necesidad\u201d, puntualiz\u00f3.<\/p>\n\n\n\n<p>El secretario de Infraestructura, Comunicaciones y Transportes, Jes\u00fas Antonio Esteva Medina, precis\u00f3 que para la intervenci\u00f3n de los 4 mil kil\u00f3metros (km) de carreteras se har\u00e1 una inversi\u00f3n de 173 mil millones de pesos (mdp) para realizar 126 km de obras de continuidad; cerca de 3 mil km de carreteras catalogadas como ejes prioritarios; la construcci\u00f3n de 18 puentes y proyectos de inversi\u00f3n mixta bajo el modelo Construcci\u00f3n, Mantenimiento, Rehabilitaci\u00f3n y Operaci\u00f3n (CMRO), donde el Gobierno de M\u00e9xico tiene el mayor porcentaje.<\/p>\n\n\n\n<p>Desglos\u00f3 que las obras de continuidad que se concluir\u00e1n este 2025, son las siguientes:<\/p>\n\n\n\n<p>* Puente Rizo de Oro y La Concordia: 2 km de vialidades; m\u00e1s el puente de 400 km de longitud y se proyecta estar\u00e1 listo para octubre.<\/p>\n\n\n\n<p>* Real del Monte \u2013 Huasca: inauguraci\u00f3n el 11 de marzo.<\/p>\n\n\n\n<p>* Puente Vehicular Nichupt\u00e9: 11.2 km en los cuales se trabaja en frentes de trabajo simult\u00e1neos y se estima sea terminado en agosto.<\/p>\n\n\n\n<p>* San Ignacio &#8211; Tayoltita: cuenta con participaci\u00f3n de la Secretar\u00eda de la Defensa Nacional; se trabaja en 10 frentes de trabajo y ser\u00e1 inaugurado en mayo. Puntualiz\u00f3 que se contemplan 600 licitaciones para obras de conservaci\u00f3n, as\u00ed como para los ejes<\/p>\n\n\n\n<p>prioritarios del Programa Nacional de Infraestructura Carretera 2025-2030, que son los siguientes:<\/p>\n\n\n\n<p>* En abril arrancan las obras en:<\/p>\n\n\n\n<p>1. Cuautla \u2013 Tlapa \u2013Marquelia: modernizaci\u00f3n a dos y cuatro carriles; ya est\u00e1 en proceso de licitaci\u00f3n el tramo Acatlaxala&nbsp; a Chilixtlahuaca.<\/p>\n\n\n\n<p>2. Tamazunchale \u2013 Huejutla &#8211; Pachuca: se construir\u00e1 el libramiento Tamazunchale y una modernizaci\u00f3n a dos carriles.<\/p>\n\n\n\n<p>3. Toluca \u2013 Zihuatanejo: modernizaci\u00f3n a dos carriles.<\/p>\n\n\n\n<p>* En marzo:<\/p>\n\n\n\n<p>1. Bavispe \u2013 Nuevo Casas Grandes: modernizaci\u00f3n al camino alimentador, as\u00ed como obras de conservaci\u00f3n.<\/p>\n\n\n\n<p>2. Circuito Tierra y Libertad: construcci\u00f3n de un libramiento a Cuautla y conservaci\u00f3n.<\/p>\n\n\n\n<p>3. Salina Cruz \u2013 Zihuatanejo: modernizaci\u00f3n a dos carriles y construcci\u00f3n de un libramiento.<\/p>\n\n\n\n<p>4. Macuspana \u2013 Esc\u00e1rcega: modernizaci\u00f3n a cuatro carriles.<\/p>\n\n\n\n<p>* En 2026:<\/p>\n\n\n\n<p>1. Ciudad Valles &#8211; Tampico: modernizaci\u00f3n a dos y cuatro carriles.<\/p>\n\n\n\n<p>2. Saltillo \u2013 Monclova: modernizaci\u00f3n a cuatro carriles.<\/p>\n\n\n\n<p>3. Guaymas \u2013 Esperanza \u2013 Y\u00e9cora \u2013 Chihuahua: modernizaci\u00f3n y construcci\u00f3n a dos carriles.<\/p>\n\n\n\n<p>Destac\u00f3 que este programa de infraestructura tambi\u00e9n contempla un Programa Carretero para el estado de Oaxaca en el que se intervendr\u00e1n cerca de mil km con una inversi\u00f3n de 6 mil mdp, cuyas obras comienzan en abril en las carreteras:<\/p>\n\n\n\n<p>* Huajuapan de Le\u00f3n-Oaxaca: tramo Nochixtl\u00e1n &#8211; Huajuapan, que tiene 88 km.<\/p>\n\n\n\n<p>* Tehuac\u00e1n \u2013 L\u00edm. Edos Pue\/Oax \u2013 Chazumba \u2013 Huajuapan de Le\u00f3n, que contempla 121 km.<\/p>\n\n\n\n<p>* Huajuapan \u2013 Mariscala \u2013 Tamazola \u2013 Silacayoapan, con 167 km.<\/p>\n\n\n\n<p>* Huajuapan \u2013 Tlacotepec \u2013 Juxtlahuaca Santa Mar\u00eda Asunci\u00f3n \u2013 El Carrizal \u2013 Putla de Guerrero, con 131 km.<\/p>\n\n\n\n<p>* Juxtlahuaca &#8211; San Mart\u00edn Peras \u2013 Ahuejutla \u2013 Alcozauca de Guerrero \u2013 Tlapa, con 116 km.<\/p>\n\n\n\n<p>* San Juan Mixtepec \u2013 Juxtlahuaca, con 31 km.<\/p>\n\n\n\n<p>* Putla de Guerrero \u2013 Pinotepa Nacional, con 138 km.<\/p>\n\n\n\n<p>* E. C. (San Mart\u00edn Peras \u2013 Juxtlahuaca) \u2013 Coicoy\u00e1n &#8211; Metlat\u00f3noc \u2013 Chilixtlahuaca, con 40 km.<\/p>\n\n\n\n<p>Mientras que para el Programa Carretero en Guerrero, como parte del Plan \u201cL\u00e1zaro C\u00e1rdenas\u201d, se realizar\u00e1 la reconstrucci\u00f3n de 63 puentes: 14 con afectaciones menores; nueve con ampliaci\u00f3n de claros y 40 nuevos. De estos ya se encuentran establecidos cuatro frentes de trabajo en el puente La Venta; El Pedregal; El Gallinero y Palma Sola.<\/p>\n\n\n\n<p>Adem\u00e1s, inform\u00f3 que el Programa Nacional de Infraestructura Carretera 2025-2030 contempla 18 puentes y viaductos con una inversi\u00f3n de cerca de 12 mil mdp:<\/p>\n\n\n\n<p>* Baja California: Glorieta Fonatur.<\/p>\n\n\n\n<p>* Ciudad de M\u00e9xico y Estado de M\u00e9xico: puentes de Alameda Oriente.<\/p>\n\n\n\n<p>* Colima: El libramiento Arco Sur, Arno Norte, Barrio V, ingreso principal de Manzanillo y el recinto portuario La Flechita.<\/p>\n\n\n\n<p>* Morelos: En Jojutla y el de la Universidad Aut\u00f3noma del estado de Morelos.<\/p>\n\n\n\n<p>* Nayarit: El puente Amado Nervo y Luis Donaldo Colosio\u201d.<\/p>\n\n\n\n<p>* Quer\u00e9taro: El puente de la Avenida de Los Patos.<\/p>\n\n\n\n<p>* Quintana Roo: el puente para librar una falla geol\u00f3gica.<\/p>\n\n\n\n<p>* Sinaloa: el P\u00e9rez Escobosa.<\/p>\n\n\n\n<p>* Tlaxcala: el viaducto Santa Ana.<\/p>\n\n\n\n<p>* Veracruz: Coatzacoalcos I, acceso al Puerto de Veracruz y Paso del Toro.<\/p>\n\n\n\n<p>Mientras que los proyectos de inversi\u00f3n mixta son estos:<\/p>\n\n\n\n<p>* C\u00f3rdoba &#8211; Orizaba: de 45 km estar\u00e1 y que estar\u00e1 lista en tres a\u00f1os.<\/p>\n\n\n\n<p>* Cardel- La Tinaja y Ramal Puerto de Veracruz: de 86 km&nbsp; en tres a\u00f1os.<\/p>\n\n\n\n<p>* Puente Intencionalidad Nuevo Laredo: de 8 km, en dos a\u00f1os.<\/p>\n\n\n\n<p>* Nueva Italia &#8211; L\u00e1zaro C\u00e1rdenas: de 156 km, que se proyecta una ejecuci\u00f3n en cuatro a\u00f1os.<\/p>\n\n\n\n<p>* Bypass Tijuana- Ensenada: de la cual ya se comienzan los estudios y proyectos.<\/p>\n\n\n\n<p><strong>Programa de Conservaci\u00f3n de Carreteras: Bachet\u00f3n<\/strong><\/p>\n\n\n\n<p>Con relaci\u00f3n al programa Bachet\u00f3n, el secretario de Infraestructura, Comunicaciones y Transportes inform\u00f3 las obras de conservaci\u00f3n rutinaria, que consisten en bacheo, mapeo, limpieza de maleza y rehabilitaci\u00f3n de se\u00f1alamiento tienen un 76 por ciento de avance, con 33 mil km atendidos; 162 mil toneladas de asfalto; 140 millones de m2 de desyerbe y m\u00e1s de un mill\u00f3n de m2 de superficie atendida.<\/p>\n\n\n\n<p>Mientras que las obras de conservaci\u00f3n peri\u00f3dica las cuales radican en repavimentaci\u00f3n tienen un progreso del 35 por ciento; con 239 km atendidos en 31 estados de la Rep\u00fablica; con cerca de 400 m\u00e1quinas trabajando y 253 mil toneladas de asfalto utilizadas.<\/p>\n\n\n\n<p>Destac\u00f3 que derivado de la experiencia del Bachet\u00f3n, se ha comenzado a trabajar en el proceso de licitaci\u00f3n para la adquisici\u00f3n de cerca de 20 trenes de pavimentaci\u00f3n con una inversi\u00f3n de 850 mdp y, con ello, tener la maquinaria necesaria para realizar estas obras de manera directa desde la SICT, con lo que se proyecta la reducci\u00f3n del 30 por ciento en los costos de este tipo de obras.<\/p>\n\n\n\n<p><\/p>\n","protected":false},"excerpt":{"rendered":"<p>* \u201cSon ampliaci\u00f3n de carreteras y mantenimiento mayor de much\u00edsimas carreteras\u201d, destac\u00f3 y cuya inversi\u00f3n ser\u00e1 de 173 mil millones<\/p>\n","protected":false},"author":2,"featured_media":10664,"comment_status":"closed","ping_status":"closed","sticky":false,"template":"","format":"standard","meta":{"footnotes":""},"categories":[26],"tags":[],"class_list":["post-10663","post","type-post","status-publish","format-standard","has-post-thumbnail","hentry","category-nacional"],"yoast_head":"<!-- This site is optimized with the Yoast SEO plugin v24.1 - https:\/\/yoast.com\/wordpress\/plugins\/seo\/ -->\n<title>Presidenta Claudia Sheinbaum Presenta Programa Nacional de Infraestructura Carretera 2025-2030; se intervendr\u00e1n 4 mil KM para conectar Zona Vulnerables \u00a0y Fortalecer el Desarrollo Econ\u00f3mico - sanluisinforma.com<\/title>\n<meta name=\"robots\" content=\"index, follow, max-snippet:-1, max-image-preview:large, max-video-preview:-1\" \/>\n<link rel=\"canonical\" href=\"https:\/\/sanluisinforma.com\/?p=10663\" \/>\n<meta property=\"og:locale\" content=\"es_MX\" \/>\n<meta property=\"og:type\" content=\"article\" \/>\n<meta property=\"og:title\" content=\"Presidenta Claudia Sheinbaum Presenta Programa Nacional de Infraestructura Carretera 2025-2030; se intervendr\u00e1n 4 mil KM para conectar Zona Vulnerables \u00a0y Fortalecer el Desarrollo Econ\u00f3mico - sanluisinforma.com\" \/>\n<meta property=\"og:description\" content=\"* \u201cSon ampliaci\u00f3n de carreteras y mantenimiento mayor de much\u00edsimas carreteras\u201d, destac\u00f3 y cuya inversi\u00f3n ser\u00e1 de 173 mil millones\" \/>\n<meta property=\"og:url\" content=\"https:\/\/sanluisinforma.com\/?p=10663\" \/>\n<meta property=\"og:site_name\" content=\"sanluisinforma.com\" \/>\n<meta property=\"article:published_time\" content=\"2025-02-27T06:40:00+00:00\" \/>\n<meta property=\"article:modified_time\" content=\"2025-02-27T05:18:04+00:00\" \/>\n<meta property=\"og:image\" content=\"https:\/\/sanluisinforma.com\/wp-content\/uploads\/2025\/02\/f94add99-9f3a-4d85-9468-4315dd6daee3.jpg\" \/>\n\t<meta property=\"og:image:width\" content=\"480\" \/>\n\t<meta property=\"og:image:height\" content=\"319\" \/>\n\t<meta property=\"og:image:type\" content=\"image\/jpeg\" \/>\n<meta name=\"author\" content=\"sanluisinforma.com\" \/>\n<meta name=\"twitter:card\" content=\"summary_large_image\" \/>\n<meta name=\"twitter:label1\" content=\"Escrito por\" \/>\n\t<meta name=\"twitter:data1\" content=\"sanluisinforma.com\" \/>\n\t<meta name=\"twitter:label2\" content=\"Tiempo de lectura\" \/>\n\t<meta name=\"twitter:data2\" content=\"6 minutos\" \/>\n<script type=\"application\/ld+json\" class=\"yoast-schema-graph\">{\"@context\":\"https:\/\/schema.org\",\"@graph\":[{\"@type\":\"Article\",\"@id\":\"https:\/\/sanluisinforma.com\/?p=10663#article\",\"isPartOf\":{\"@id\":\"https:\/\/sanluisinforma.com\/?p=10663\"},\"author\":{\"name\":\"sanluisinforma.com\",\"@id\":\"https:\/\/sanluisinforma.com\/#\/schema\/person\/c30648f71476be533b6f59d092905c8b\"},\"headline\":\"Presidenta Claudia Sheinbaum Presenta Programa Nacional de Infraestructura Carretera 2025-2030; se intervendr\u00e1n 4 mil KM para conectar Zona Vulnerables \u00a0y Fortalecer el Desarrollo Econ\u00f3mico\",\"datePublished\":\"2025-02-27T06:40:00+00:00\",\"dateModified\":\"2025-02-27T05:18:04+00:00\",\"mainEntityOfPage\":{\"@id\":\"https:\/\/sanluisinforma.com\/?p=10663\"},\"wordCount\":1218,\"publisher\":{\"@id\":\"https:\/\/sanluisinforma.com\/#organization\"},\"image\":{\"@id\":\"https:\/\/sanluisinforma.com\/?p=10663#primaryimage\"},\"thumbnailUrl\":\"https:\/\/sanluisinforma.com\/wp-content\/uploads\/2025\/02\/f94add99-9f3a-4d85-9468-4315dd6daee3.jpg\",\"articleSection\":[\"Nacional\"],\"inLanguage\":\"es\"},{\"@type\":\"WebPage\",\"@id\":\"https:\/\/sanluisinforma.com\/?p=10663\",\"url\":\"https:\/\/sanluisinforma.com\/?p=10663\",\"name\":\"Presidenta Claudia Sheinbaum Presenta Programa Nacional de Infraestructura Carretera 2025-2030; se intervendr\u00e1n 4 mil KM para conectar Zona Vulnerables \u00a0y Fortalecer el Desarrollo Econ\u00f3mico - sanluisinforma.com\",\"isPartOf\":{\"@id\":\"https:\/\/sanluisinforma.com\/#website\"},\"primaryImageOfPage\":{\"@id\":\"https:\/\/sanluisinforma.com\/?p=10663#primaryimage\"},\"image\":{\"@id\":\"https:\/\/sanluisinforma.com\/?p=10663#primaryimage\"},\"thumbnailUrl\":\"https:\/\/sanluisinforma.com\/wp-content\/uploads\/2025\/02\/f94add99-9f3a-4d85-9468-4315dd6daee3.jpg\",\"datePublished\":\"2025-02-27T06:40:00+00:00\",\"dateModified\":\"2025-02-27T05:18:04+00:00\",\"breadcrumb\":{\"@id\":\"https:\/\/sanluisinforma.com\/?p=10663#breadcrumb\"},\"inLanguage\":\"es\",\"potentialAction\":[{\"@type\":\"ReadAction\",\"target\":[\"https:\/\/sanluisinforma.com\/?p=10663\"]}]},{\"@type\":\"ImageObject\",\"inLanguage\":\"es\",\"@id\":\"https:\/\/sanluisinforma.com\/?p=10663#primaryimage\",\"url\":\"https:\/\/sanluisinforma.com\/wp-content\/uploads\/2025\/02\/f94add99-9f3a-4d85-9468-4315dd6daee3.jpg\",\"contentUrl\":\"https:\/\/sanluisinforma.com\/wp-content\/uploads\/2025\/02\/f94add99-9f3a-4d85-9468-4315dd6daee3.jpg\",\"width\":480,\"height\":319},{\"@type\":\"BreadcrumbList\",\"@id\":\"https:\/\/sanluisinforma.com\/?p=10663#breadcrumb\",\"itemListElement\":[{\"@type\":\"ListItem\",\"position\":1,\"name\":\"Inicio\",\"item\":\"https:\/\/sanluisinforma.com\/\"},{\"@type\":\"ListItem\",\"position\":2,\"name\":\"Presidenta Claudia Sheinbaum Presenta Programa Nacional de Infraestructura Carretera 2025-2030; se intervendr\u00e1n 4 mil KM para conectar Zona Vulnerables \u00a0y Fortalecer el Desarrollo Econ\u00f3mico\"}]},{\"@type\":\"WebSite\",\"@id\":\"https:\/\/sanluisinforma.com\/#website\",\"url\":\"https:\/\/sanluisinforma.com\/\",\"name\":\"sanluisinforma.com\",\"description\":\"Periodico San Luis Informa\",\"publisher\":{\"@id\":\"https:\/\/sanluisinforma.com\/#organization\"},\"potentialAction\":[{\"@type\":\"SearchAction\",\"target\":{\"@type\":\"EntryPoint\",\"urlTemplate\":\"https:\/\/sanluisinforma.com\/?s={search_term_string}\"},\"query-input\":{\"@type\":\"PropertyValueSpecification\",\"valueRequired\":true,\"valueName\":\"search_term_string\"}}],\"inLanguage\":\"es\"},{\"@type\":\"Organization\",\"@id\":\"https:\/\/sanluisinforma.com\/#organization\",\"name\":\"sanluisinforma.com\",\"url\":\"https:\/\/sanluisinforma.com\/\",\"logo\":{\"@type\":\"ImageObject\",\"inLanguage\":\"es\",\"@id\":\"https:\/\/sanluisinforma.com\/#\/schema\/logo\/image\/\",\"url\":\"https:\/\/sanluisinforma.com\/wp-content\/uploads\/2026\/03\/sanluisinforma-V.jpg\",\"contentUrl\":\"https:\/\/sanluisinforma.com\/wp-content\/uploads\/2026\/03\/sanluisinforma-V.jpg\",\"width\":500,\"height\":156,\"caption\":\"sanluisinforma.com\"},\"image\":{\"@id\":\"https:\/\/sanluisinforma.com\/#\/schema\/logo\/image\/\"}},{\"@type\":\"Person\",\"@id\":\"https:\/\/sanluisinforma.com\/#\/schema\/person\/c30648f71476be533b6f59d092905c8b\",\"name\":\"sanluisinforma.com\",\"image\":{\"@type\":\"ImageObject\",\"inLanguage\":\"es\",\"@id\":\"https:\/\/sanluisinforma.com\/#\/schema\/person\/image\/\",\"url\":\"https:\/\/secure.gravatar.com\/avatar\/86e3114e34a1eecefb963e0a02f0093f93b092dddb2fe1517596343751081a87?s=96&d=mm&r=g\",\"contentUrl\":\"https:\/\/secure.gravatar.com\/avatar\/86e3114e34a1eecefb963e0a02f0093f93b092dddb2fe1517596343751081a87?s=96&d=mm&r=g\",\"caption\":\"sanluisinforma.com\"},\"url\":\"https:\/\/sanluisinforma.com\/?author=2\"}]}<\/script>\n<!-- \/ Yoast SEO plugin. -->","yoast_head_json":{"title":"Presidenta Claudia Sheinbaum Presenta Programa Nacional de Infraestructura Carretera 2025-2030; se intervendr\u00e1n 4 mil KM para conectar Zona Vulnerables \u00a0y Fortalecer el Desarrollo Econ\u00f3mico - sanluisinforma.com","robots":{"index":"index","follow":"follow","max-snippet":"max-snippet:-1","max-image-preview":"max-image-preview:large","max-video-preview":"max-video-preview:-1"},"canonical":"https:\/\/sanluisinforma.com\/?p=10663","og_locale":"es_MX","og_type":"article","og_title":"Presidenta Claudia Sheinbaum Presenta Programa Nacional de Infraestructura Carretera 2025-2030; se intervendr\u00e1n 4 mil KM para conectar Zona Vulnerables \u00a0y Fortalecer el Desarrollo Econ\u00f3mico - sanluisinforma.com","og_description":"* \u201cSon ampliaci\u00f3n de carreteras y mantenimiento mayor de much\u00edsimas carreteras\u201d, destac\u00f3 y cuya inversi\u00f3n ser\u00e1 de 173 mil millones","og_url":"https:\/\/sanluisinforma.com\/?p=10663","og_site_name":"sanluisinforma.com","article_published_time":"2025-02-27T06:40:00+00:00","article_modified_time":"2025-02-27T05:18:04+00:00","og_image":[{"width":480,"height":319,"url":"https:\/\/sanluisinforma.com\/wp-content\/uploads\/2025\/02\/f94add99-9f3a-4d85-9468-4315dd6daee3.jpg","type":"image\/jpeg"}],"author":"sanluisinforma.com","twitter_card":"summary_large_image","twitter_misc":{"Escrito por":"sanluisinforma.com","Tiempo de lectura":"6 minutos"},"schema":{"@context":"https:\/\/schema.org","@graph":[{"@type":"Article","@id":"https:\/\/sanluisinforma.com\/?p=10663#article","isPartOf":{"@id":"https:\/\/sanluisinforma.com\/?p=10663"},"author":{"name":"sanluisinforma.com","@id":"https:\/\/sanluisinforma.com\/#\/schema\/person\/c30648f71476be533b6f59d092905c8b"},"headline":"Presidenta Claudia Sheinbaum Presenta Programa Nacional de Infraestructura Carretera 2025-2030; se intervendr\u00e1n 4 mil KM para conectar Zona Vulnerables \u00a0y Fortalecer el Desarrollo Econ\u00f3mico","datePublished":"2025-02-27T06:40:00+00:00","dateModified":"2025-02-27T05:18:04+00:00","mainEntityOfPage":{"@id":"https:\/\/sanluisinforma.com\/?p=10663"},"wordCount":1218,"publisher":{"@id":"https:\/\/sanluisinforma.com\/#organization"},"image":{"@id":"https:\/\/sanluisinforma.com\/?p=10663#primaryimage"},"thumbnailUrl":"https:\/\/sanluisinforma.com\/wp-content\/uploads\/2025\/02\/f94add99-9f3a-4d85-9468-4315dd6daee3.jpg","articleSection":["Nacional"],"inLanguage":"es"},{"@type":"WebPage","@id":"https:\/\/sanluisinforma.com\/?p=10663","url":"https:\/\/sanluisinforma.com\/?p=10663","name":"Presidenta Claudia Sheinbaum Presenta Programa Nacional de Infraestructura Carretera 2025-2030; se intervendr\u00e1n 4 mil KM para conectar Zona Vulnerables \u00a0y Fortalecer el Desarrollo Econ\u00f3mico - sanluisinforma.com","isPartOf":{"@id":"https:\/\/sanluisinforma.com\/#website"},"primaryImageOfPage":{"@id":"https:\/\/sanluisinforma.com\/?p=10663#primaryimage"},"image":{"@id":"https:\/\/sanluisinforma.com\/?p=10663#primaryimage"},"thumbnailUrl":"https:\/\/sanluisinforma.com\/wp-content\/uploads\/2025\/02\/f94add99-9f3a-4d85-9468-4315dd6daee3.jpg","datePublished":"2025-02-27T06:40:00+00:00","dateModified":"2025-02-27T05:18:04+00:00","breadcrumb":{"@id":"https:\/\/sanluisinforma.com\/?p=10663#breadcrumb"},"inLanguage":"es","potentialAction":[{"@type":"ReadAction","target":["https:\/\/sanluisinforma.com\/?p=10663"]}]},{"@type":"ImageObject","inLanguage":"es","@id":"https:\/\/sanluisinforma.com\/?p=10663#primaryimage","url":"https:\/\/sanluisinforma.com\/wp-content\/uploads\/2025\/02\/f94add99-9f3a-4d85-9468-4315dd6daee3.jpg","contentUrl":"https:\/\/sanluisinforma.com\/wp-content\/uploads\/2025\/02\/f94add99-9f3a-4d85-9468-4315dd6daee3.jpg","width":480,"height":319},{"@type":"BreadcrumbList","@id":"https:\/\/sanluisinforma.com\/?p=10663#breadcrumb","itemListElement":[{"@type":"ListItem","position":1,"name":"Inicio","item":"https:\/\/sanluisinforma.com\/"},{"@type":"ListItem","position":2,"name":"Presidenta Claudia Sheinbaum Presenta Programa Nacional de Infraestructura Carretera 2025-2030; se intervendr\u00e1n 4 mil KM para conectar Zona Vulnerables \u00a0y Fortalecer el Desarrollo Econ\u00f3mico"}]},{"@type":"WebSite","@id":"https:\/\/sanluisinforma.com\/#website","url":"https:\/\/sanluisinforma.com\/","name":"sanluisinforma.com","description":"Periodico San Luis Informa","publisher":{"@id":"https:\/\/sanluisinforma.com\/#organization"},"potentialAction":[{"@type":"SearchAction","target":{"@type":"EntryPoint","urlTemplate":"https:\/\/sanluisinforma.com\/?s={search_term_string}"},"query-input":{"@type":"PropertyValueSpecification","valueRequired":true,"valueName":"search_term_string"}}],"inLanguage":"es"},{"@type":"Organization","@id":"https:\/\/sanluisinforma.com\/#organization","name":"sanluisinforma.com","url":"https:\/\/sanluisinforma.com\/","logo":{"@type":"ImageObject","inLanguage":"es","@id":"https:\/\/sanluisinforma.com\/#\/schema\/logo\/image\/","url":"https:\/\/sanluisinforma.com\/wp-content\/uploads\/2026\/03\/sanluisinforma-V.jpg","contentUrl":"https:\/\/sanluisinforma.com\/wp-content\/uploads\/2026\/03\/sanluisinforma-V.jpg","width":500,"height":156,"caption":"sanluisinforma.com"},"image":{"@id":"https:\/\/sanluisinforma.com\/#\/schema\/logo\/image\/"}},{"@type":"Person","@id":"https:\/\/sanluisinforma.com\/#\/schema\/person\/c30648f71476be533b6f59d092905c8b","name":"sanluisinforma.com","image":{"@type":"ImageObject","inLanguage":"es","@id":"https:\/\/sanluisinforma.com\/#\/schema\/person\/image\/","url":"https:\/\/secure.gravatar.com\/avatar\/86e3114e34a1eecefb963e0a02f0093f93b092dddb2fe1517596343751081a87?s=96&d=mm&r=g","contentUrl":"https:\/\/secure.gravatar.com\/avatar\/86e3114e34a1eecefb963e0a02f0093f93b092dddb2fe1517596343751081a87?s=96&d=mm&r=g","caption":"sanluisinforma.com"},"url":"https:\/\/sanluisinforma.com\/?author=2"}]}},"_links":{"self":[{"href":"https:\/\/sanluisinforma.com\/index.php?rest_route=\/wp\/v2\/posts\/10663","targetHints":{"allow":["GET"]}}],"collection":[{"href":"https:\/\/sanluisinforma.com\/index.php?rest_route=\/wp\/v2\/posts"}],"about":[{"href":"https:\/\/sanluisinforma.com\/index.php?rest_route=\/wp\/v2\/types\/post"}],"author":[{"embeddable":true,"href":"https:\/\/sanluisinforma.com\/index.php?rest_route=\/wp\/v2\/users\/2"}],"replies":[{"embeddable":true,"href":"https:\/\/sanluisinforma.com\/index.php?rest_route=%2Fwp%2Fv2%2Fcomments&post=10663"}],"version-history":[{"count":1,"href":"https:\/\/sanluisinforma.com\/index.php?rest_route=\/wp\/v2\/posts\/10663\/revisions"}],"predecessor-version":[{"id":10665,"href":"https:\/\/sanluisinforma.com\/index.php?rest_route=\/wp\/v2\/posts\/10663\/revisions\/10665"}],"wp:featuredmedia":[{"embeddable":true,"href":"https:\/\/sanluisinforma.com\/index.php?rest_route=\/wp\/v2\/media\/10664"}],"wp:attachment":[{"href":"https:\/\/sanluisinforma.com\/index.php?rest_route=%2Fwp%2Fv2%2Fmedia&parent=10663"}],"wp:term":[{"taxonomy":"category","embeddable":true,"href":"https:\/\/sanluisinforma.com\/index.php?rest_route=%2Fwp%2Fv2%2Fcategories&post=10663"},{"taxonomy":"post_tag","embeddable":true,"href":"https:\/\/sanluisinforma.com\/index.php?rest_route=%2Fwp%2Fv2%2Ftags&post=10663"}],"curies":[{"name":"wp","href":"https:\/\/api.w.org\/{rel}","templated":true}]}}